{"id":69764,"date":"2026-01-08T14:04:34","date_gmt":"2026-01-08T17:04:34","guid":{"rendered":"https:\/\/redept.com.br\/blogosfera\/apos-ameacas-de-nova-invasao-na-colombia-trump-recua-e-estabelece-dialogo-com-petro\/"},"modified":"2026-01-08T14:04:34","modified_gmt":"2026-01-08T17:04:34","slug":"apos-ameacas-de-nova-invasao-na-colombia-trump-recua-e-estabelece-dialogo-com-petro","status":"publish","type":"post","link":"https:\/\/redept.com.br\/blogosfera\/apos-ameacas-de-nova-invasao-na-colombia-trump-recua-e-estabelece-dialogo-com-petro\/","title":{"rendered":"Ap\u00f3s amea\u00e7as de nova invas\u00e3o na Col\u00f4mbia, Trump recua e estabelece di\u00e1logo com Petro"},"content":{"rendered":"<p><img fetchpriority=\"high\" width=\"1024\" height=\"573\"src=\"https:\/\/redept.com.br\/blogosfera\/wp-content\/uploads\/2026\/01\/Captura-de-Tela-2026-01-08-as-131222.png\" alt=\"\" decoding=\"async\" srcset=\"https:\/\/vermelho.org.br\/wp-content\/uploads\/2026\/01\/Captura-de-Tela-2026-01-08-as-13.12.22-1024x573.png 1024w, https:\/\/vermelho.org.br\/wp-content\/uploads\/2026\/01\/Captura-de-Tela-2026-01-08-as-13.12.22-300x168.png 300w, https:\/\/vermelho.org.br\/wp-content\/uploads\/2026\/01\/Captura-de-Tela-2026-01-08-as-13.12.22-768x430.png 768w, https:\/\/redept.com.br\/blogosfera\/wp-content\/uploads\/2026\/01\/Captura-de-Tela-2026-01-08-as-131222.png 1328w\" sizes=\"(max-width: 1024px) 100vw, 1024px\"><\/p>\n<p>Em um cen\u00e1rio de extrema tens\u00e3o geopol\u00edtica ap\u00f3s a a\u00e7\u00e3o militar dos EUA na Venezuela, a Col\u00f4mbia reafirmou sua soberania por meio da mobiliza\u00e7\u00e3o popular e da diplomacia direta. Na quarta-feira (7), os presidentes Gustavo Petro e Donald Trump tiveram uma conversa telef\u00f4nica de mais de uma hora, o que representou um recuo t\u00e1tico de Washington ap\u00f3s amea\u00e7as expl\u00edcitas de interven\u00e7\u00e3o. Foi o primeiro di\u00e1logo oficial entre os chefes de Estado desde o in\u00edcio do mandato de Trump.<\/p>\n<p><strong>A Escalada de agress\u00f5es<\/strong><\/p>\n<p>A crise escalou segunda-feira (5), quando Trump, a bordo do Air Force One, lan\u00e7ou ataques pessoais contra o l\u00edder colombiano. Sem provas, acusou Petro de ser um \u201chomem doente, que gosta de fazer coca\u00edna e vend\u00ea-la aos Estados Unidos\u201d. Ao ser questionado por jornalistas sobre uma poss\u00edvel opera\u00e7\u00e3o militar na Col\u00f4mbia, semelhante ao sequestro de Nicol\u00e1s Maduro em Caracas, Trump foi categ\u00f3rico: \u201cIsso me soa bem\u201d. E amea\u00e7ou: \u201ca Col\u00f4mbia est\u00e1 muito doente tamb\u00e9m e ele [Petro] n\u00e3o vai fazer isso por muito tempo\u201d.<\/p>\n<p>A resposta de Bogot\u00e1 foi pautada na resist\u00eancia. Petro denunciou que Trump foi enganado por \u201cmafiosos colombianos e elites de Miami\u201d e \u201ccoron\u00e9is da intelig\u00eancia\u201d que repassavam informa\u00e7\u00f5es falsas. Em tom de defesa nacional, Petro declarou que \u201ctodo soldado colombiano recebeu esta ordem: qualquer comandante das for\u00e7as de seguran\u00e7a que prefira os EUA [em detrimento da soberania nacional] deve ser destitu\u00eddo\u201d. O presidente chegou a evocar sua trajet\u00f3ria de luta, afirmando que \u201ctomaria as armas novamente\u201d se fosse necess\u00e1rio para defender o pa\u00eds de um \u201cespet\u00e1culo de morte\u201d como o ocorrido na capital venezuelana.<\/p>\n<p>A for\u00e7a das ruas em Bogot\u00e1: \u201cN\u00e3o nos ajoelhamos\u201d<\/p>\n<p>A virada diplom\u00e1tica n\u00e3o ocorreu no v\u00e1cuo. Na quarta-feira (7), milhares de colombianos ocuparam a Plaza de Bol\u00edvar, sob o grito de \u201csoberania\u201d. No palanque, Petro proferiu um discurso hist\u00f3rico, elevando o tom contra a extors\u00e3o internacional: \u201cDisseram-me que agora eu ia entender por que me colocaram na lista das san\u00e7\u00f5es dos EUA. Eu nunca cedi a propostas mafiosas. Para mim, esse tipo de atitude n\u00e3o passa da express\u00e3o t\u00edpica da m\u00e1fia colombiana dormindo em Miami com seus aliados da extrema direita na Fl\u00f3rida, tentando ajoelhar um presidente. N\u00f3s n\u00e3o nos ajoelhamos. N\u00f3s n\u00e3o vamos dar um passo atr\u00e1s\u201d, afirmou Petro sob aplausos.<\/p>\n<p>O presidente questionou diretamente o desconhecimento de Trump sobre a realidade andina: \u201cO senhor Trump n\u00e3o tem ideia de quem sou eu, nem do que penso, nem da hist\u00f3ria deste pa\u00eds. Nem sequer sabe com clareza onde fica a Col\u00f4mbia\u2026 Ataca o l\u00edder que mais se op\u00f4s ao narcotr\u00e1fico sedento de poder pol\u00edtico e de sangue\u201d.<\/p>\n<p><strong>Soberania contra o \u201cControle Colonial\u201d<\/strong><\/p>\n<p>Petro foi enf\u00e1tico ao classificar a pol\u00edtica externa de Washington como uma forma de domina\u00e7\u00e3o que ignora os avan\u00e7os sociais da Col\u00f4mbia. Ele denunciou que a suposta ajuda militar \u00e9, na verdade, um mecanismo de tutela: <em>\u201c<\/em>A desculpa da luta contra as drogas\u2026 \u00e9, na realidade, um programa de controle colonial sobre os pa\u00edses da Am\u00e9rica Latina, come\u00e7ando pela Col\u00f4mbia. Nos dominam, mas n\u00f3s juramos em nossa hist\u00f3ria ser livres e independentes. Hoje nos colocam diante de uma extors\u00e3o mafiosa proveniente de um governo estrangeiro para decidir se aceitamos de novo outro rei ou se dizemos que n\u00e3o<em>.<\/em> O rei n\u00e3o \u00e9 soberano; o povo \u00e9 o soberano\u201d.<\/p>\n<p><strong>O recuo de Trump\u00a0<\/strong><\/p>\n<p>Ap\u00f3s a demonstra\u00e7\u00e3o de for\u00e7a nas ruas, Trump mudou o tom nas redes sociais, classificando a liga\u00e7\u00e3o como uma \u201cgrande honra\u201d e elogiando o \u201ctom respeitoso\u201d de Petro. Trump convidou o presidente colombiano para uma reuni\u00e3o na Casa Branca para discutir pol\u00edticas antidrogas e uma \u201calian\u00e7a de energia limpa\u201d.<\/p>\n<p>Petro, por sua vez, inseriu na pauta a estabiliza\u00e7\u00e3o da Venezuela, propondo um di\u00e1logo tripartite (Col\u00f4mbia-Venezuela-EUA). O objetivo \u00e9 evitar a perpetua\u00e7\u00e3o da \u201csupervis\u00e3o\u201d militar dos EUA sobre o petr\u00f3leo vizinho. Ao encerrar o dia, Petro enviou uma mensagem de al\u00edvio \u00e0 na\u00e7\u00e3o que, agora, os colombianos podem \u201cdormir tranquilos\u201d.\u00a0 E completou afirmando que \u201co tamanho da grosseria mede inversamente o tamanho do c\u00e9rebro. Aos insultos, respondemos com a dignidade de quem cuida da vida\u201d.<\/p>\n<p>O post <a href=\"https:\/\/vermelho.org.br\/2026\/01\/08\/apos-ameacas-de-nova-invasao-na-colombia-trump-recua-e-estabelece-dialogo-com-petro\/\">Ap\u00f3s amea\u00e7as de nova invas\u00e3o na Col\u00f4mbia, Trump recua e estabelece di\u00e1logo com Petro<\/a> apareceu primeiro em <a href=\"https:\/\/vermelho.org.br\/\">Vermelho<\/a>.<\/p>\n<!-- Begin Yuzo --><div class='yuzo_related_post style-1'  data-version='5.12.89'><!-- without result --><div class='yuzo_clearfixed yuzo__title yuzo__title'><h3>Related Post<\/h3><\/div>\n\t\t\t\t\t\t  <div class=\"relatedthumb \" style=\"width:125px;float:left;overflow:hidden;\">  \n\t\t\t\t\t\t\t  \n\t\t\t\t\t\t\t  <a  href=\"https:\/\/redept.com.br\/blogosfera\/cgu-lanca-plano-de-integridade-e-combate-a-corrupcao\/\"  >\n\t\t\t\t\t\t\t\t\t  <div class=\"yuzo-img-wrap \" style=\"width: 125px;height:90px;\">\n\t\t\t\t\t\t\t\t\t\t\n\t\t\t\t\t\t\t\t\t\t<div class=\"yuzo-img\" style=\"background:url('https:\/\/redept.com.br\/blogosfera\/wp-content\/uploads\/2024\/12\/54211339525_dd25d81f7d_k-150x150.jpg') 50% 50% no-repeat;width: 125px;height:90px;margin-bottom: 5px;background-size: cover; \"><\/div>\n\t\t\t\t\t\t\t\t\t  <\/div>\n\t\t\t\t\t\t\t\t\t  \n\t\t\t\t\t\t\t\t   <span class=\"yuzo__text--title\" style=\"font-size:13px;\">CGU lan\u00e7a Plano de Integridade e Combate \u00e0 Corrup\u00e7...<\/span>\n\t\t\t\t\t\t\t  \n\t\t\t\t\t\t\t  \n\t\t\t\t\t\t\t  <\/a>\n\n\t\t\t\t\t\t  <\/div>\n\t\t\t\t\t\t  <div class=\"relatedthumb \" style=\"width:125px;float:left;overflow:hidden;\">  \n\t\t\t\t\t\t\t  \n\t\t\t\t\t\t\t  <a  href=\"https:\/\/redept.com.br\/blogosfera\/cientista-politico-juarez-guimaraes-explica-o-que-e-o-neoliberalismo-e-como-combate-lo\/\"  >\n\t\t\t\t\t\t\t\t\t  <div class=\"yuzo-img-wrap \" style=\"width: 125px;height:90px;\">\n\t\t\t\t\t\t\t\t\t\t\n\t\t\t\t\t\t\t\t\t\t<div class=\"yuzo-img\" style=\"background:url('https:\/\/redept.org\/blogosfera\/wp-content\/plugins\/yuzo-related-post\/assets\/images\/default.png') 50% 50% no-repeat;width: 125px;height:90px;margin-bottom: 5px;background-size: cover; \"><\/div>\n\t\t\t\t\t\t\t\t\t  <\/div>\n\t\t\t\t\t\t\t\t\t  \n\t\t\t\t\t\t\t\t   <span class=\"yuzo__text--title\" style=\"font-size:13px;\">Cientista pol\u00edtico Juarez Guimar\u00e3es explica o que ...<\/span>\n\t\t\t\t\t\t\t  \n\t\t\t\t\t\t\t  \n\t\t\t\t\t\t\t  <\/a>\n\n\t\t\t\t\t\t  <\/div>\n\t\t\t\t\t\t  <div class=\"relatedthumb \" style=\"width:125px;float:left;overflow:hidden;\">  \n\t\t\t\t\t\t\t  \n\t\t\t\t\t\t\t  <a  href=\"https:\/\/redept.com.br\/blogosfera\/mexico-opositor-agride-presidente-do-senado-apos-debate-sobre-intervencao-dos-eua\/\"  >\n\t\t\t\t\t\t\t\t\t  <div class=\"yuzo-img-wrap \" style=\"width: 125px;height:90px;\">\n\t\t\t\t\t\t\t\t\t\t\n\t\t\t\t\t\t\t\t\t\t<div class=\"yuzo-img\" style=\"background:url('https:\/\/redept.com.br\/blogosfera\/wp-content\/uploads\/2025\/08\/captura-de-tela-2025-08-28-180645-150x150.png') 50% 50% no-repeat;width: 125px;height:90px;margin-bottom: 5px;background-size: cover; \"><\/div>\n\t\t\t\t\t\t\t\t\t  <\/div>\n\t\t\t\t\t\t\t\t\t  \n\t\t\t\t\t\t\t\t   <span class=\"yuzo__text--title\" style=\"font-size:13px;\">M\u00e9xico: opositor agride presidente do Senado ap\u00f3s ...<\/span>\n\t\t\t\t\t\t\t  \n\t\t\t\t\t\t\t  \n\t\t\t\t\t\t\t  <\/a>\n\n\t\t\t\t\t\t  <\/div>\n\t\t\t\t\t\t  <div class=\"relatedthumb \" style=\"width:125px;float:left;overflow:hidden;\">  \n\t\t\t\t\t\t\t  \n\t\t\t\t\t\t\t  <a  href=\"https:\/\/redept.com.br\/blogosfera\/derrota-de-orban-encerra-ciclo-e-redesenha-politica-hungara\/\"  >\n\t\t\t\t\t\t\t\t\t  <div class=\"yuzo-img-wrap \" style=\"width: 125px;height:90px;\">\n\t\t\t\t\t\t\t\t\t\t\n\t\t\t\t\t\t\t\t\t\t<div class=\"yuzo-img\" style=\"background:url('https:\/\/redept.com.br\/blogosfera\/wp-content\/uploads\/2026\/04\/Captura-de-Tela-2026-04-12-as-172754-2048x1404-1-150x150.png') 50% 50% no-repeat;width: 125px;height:90px;margin-bottom: 5px;background-size: cover; \"><\/div>\n\t\t\t\t\t\t\t\t\t  <\/div>\n\t\t\t\t\t\t\t\t\t  \n\t\t\t\t\t\t\t\t   <span class=\"yuzo__text--title\" style=\"font-size:13px;\">Derrota de Orb\u00e1n encerra ciclo e redesenha pol\u00edtic...<\/span>\n\t\t\t\t\t\t\t  \n\t\t\t\t\t\t\t  \n\t\t\t\t\t\t\t  <\/a>\n\n\t\t\t\t\t\t  <\/div>\n<\/div> <script>\n\t\t\t\t\t\t  jQuery(document).ready(function( $ ){\n\t\t\t\t\t\t\t\/\/jQuery('.yuzo_related_post').equalizer({ overflow : 'relatedthumb' });\n\t\t\t\t\t\t\tjQuery('.yuzo_related_post .yuzo_wraps').equalizer({ columns : '> div' });\n\t\t\t\t\t\t   })\n\t\t\t\t\t\t  <\/script> <!-- End Yuzo :) -->","protected":false},"excerpt":{"rendered":"<p>Em um cen\u00e1rio de extrema tens\u00e3o geopol\u00edtica ap\u00f3s a a\u00e7\u00e3o militar dos EUA na Venezuela, a Col\u00f4mbia reafirmou sua soberania por meio da mobiliza\u00e7\u00e3o popular e da diplomacia direta. Na quarta-feira (7), os presidentes Gustavo Petro e Donald Trump tiveram uma conversa telef\u00f4nica de mais de uma hora, o que representou um recuo t\u00e1tico de [&hellip;]<\/p>\n","protected":false},"author":2,"featured_media":0,"comment_status":"open","ping_status":"closed","sticky":false,"template":"","format":"standard","meta":{"fifu_image_url":"","fifu_image_alt":"","footnotes":""},"categories":[347,1787,33011,1023,9,2953,50,33012,1048],"tags":[],"class_list":["post-69764","post","type-post","status-publish","format-standard","hentry","category-america-latina","category-colombia","category-crise-venezuela-2026","category-donald-trump","category-eua","category-gustavo-petro","category-internacional","category-invasao-americana","category-soberania"],"_links":{"self":[{"href":"https:\/\/redept.com.br\/blogosfera\/wp-json\/wp\/v2\/posts\/69764","targetHints":{"allow":["GET"]}}],"collection":[{"href":"https:\/\/redept.com.br\/blogosfera\/wp-json\/wp\/v2\/posts"}],"about":[{"href":"https:\/\/redept.com.br\/blogosfera\/wp-json\/wp\/v2\/types\/post"}],"author":[{"embeddable":true,"href":"https:\/\/redept.com.br\/blogosfera\/wp-json\/wp\/v2\/users\/2"}],"replies":[{"embeddable":true,"href":"https:\/\/redept.com.br\/blogosfera\/wp-json\/wp\/v2\/comments?post=69764"}],"version-history":[{"count":0,"href":"https:\/\/redept.com.br\/blogosfera\/wp-json\/wp\/v2\/posts\/69764\/revisions"}],"wp:attachment":[{"href":"https:\/\/redept.com.br\/blogosfera\/wp-json\/wp\/v2\/media?parent=69764"}],"wp:term":[{"taxonomy":"category","embeddable":true,"href":"https:\/\/redept.com.br\/blogosfera\/wp-json\/wp\/v2\/categories?post=69764"},{"taxonomy":"post_tag","embeddable":true,"href":"https:\/\/redept.com.br\/blogosfera\/wp-json\/wp\/v2\/tags?post=69764"}],"curies":[{"name":"wp","href":"https:\/\/api.w.org\/{rel}","templated":true}]}}