{"id":69771,"date":"2026-01-08T14:05:25","date_gmt":"2026-01-08T17:05:25","guid":{"rendered":"https:\/\/redept.com.br\/blogosfera\/cnh-emitida-no-brasil-passa-a-valer-em-portugal\/"},"modified":"2026-01-08T14:05:25","modified_gmt":"2026-01-08T17:05:25","slug":"cnh-emitida-no-brasil-passa-a-valer-em-portugal","status":"publish","type":"post","link":"https:\/\/redept.com.br\/blogosfera\/cnh-emitida-no-brasil-passa-a-valer-em-portugal\/","title":{"rendered":"CNH emitida no Brasil passa a valer em Portugal"},"content":{"rendered":"<p>A partir de agora os brasileiros em <strong>Portugal<\/strong>\u00a0podem usar a <strong>Carteira Nacional de Habilita\u00e7\u00e3o (CNH)<\/strong> emitida no Brasil sem necessidade de troca do documento. O acordo vale para motocicletas e carros, ou seja, categorias A e B. A reciprocidade entre os dois pa\u00edses foi firmada h\u00e1 dois anos e passou a valer a partir de agora com a assinatura, nessa quarta-feira (7\/1), do presidente de Portugal, Marcelo Rebelo de Sousa, em um decreto que reconhece a CNH brasileira.<\/p>\n<p>Agora, ao dirigir em Portugal, o brasileiro apresenta a sua carteira de motorista, que poder\u00e1 ser usada at\u00e9 a data de validade original. Pelo princ\u00edpio da reciprocidade, a mesma regra ser\u00e1 aplicada aos portugueses que morem em terras brasileiras.<\/p>\n<p>O documento de habilita\u00e7\u00e3o deve ainda ser emitido no Brasil ou em Portugal; ser na vers\u00e3o f\u00edsica ou digital; ter menos de 15 anos de emiss\u00e3o e serve, para condutores com at\u00e9 60 anos.<\/p>\n<p><em>Com <a href=\"https:\/\/agenciabrasil.ebc.com.br\/radioagencia-nacional\/geral\/audio\/2026-01\/cnh-emitida-no-brasil-passa-valer-em-portugal#:~:text=O%20acordo%20vale%20para%20motocicletas,que%20reconhece%20a%20CNH%20brasileira.\" target=\"_blank\" rel=\"noreferrer noopener nofollow\">Ag\u00eancia Brasil<\/a><\/em><\/p>\n<\/p>\n<h2>Leia mais not\u00edcias na TVT News<\/h2>\n<ul>\n<li><a href=\"https:\/\/tvtnews.com.br\/copa-do-brasil-2026-tem-novo-formato-confira\/\">Copa do Brasil 2026 tem novo formato, confira<\/a><\/li>\n<li><a href=\"https:\/\/tvtnews.com.br\/nos-tres-anos-dos-ataques-de-8-de-janeiro-lula-deve-vetar-dosimetria\/\">8 de janeiro: tr\u00eas anos depois dos ataques, Lula deve vetar dosimetria<\/a><\/li>\n<li><a href=\"https:\/\/tvtnews.com.br\/sus-tera-rede-de-hospitais-inteligentes-o-que-sao\/\">SUS ter\u00e1 rede de hospitais inteligentes; entenda o que s\u00e3o<\/a><\/li>\n<\/ul>\n<p>The post <a rel=\"nofollow\" href=\"https:\/\/tvtnews.com.br\/cnh-emitida-brasil-vale-portugal\/\">CNH emitida no Brasil passa a valer em Portugal<\/a> appeared first on <a rel=\"nofollow\" href=\"https:\/\/tvtnews.com.br\/\">TVT News<\/a>.<\/p>\n<!-- Begin Yuzo --><div class='yuzo_related_post style-1'  data-version='5.12.89'><!-- without result --><div class='yuzo_clearfixed yuzo__title yuzo__title'><h3>Related Post<\/h3><\/div>\n\t\t\t\t\t\t  <div class=\"relatedthumb \" style=\"width:125px;float:left;overflow:hidden;\">  \n\t\t\t\t\t\t\t  \n\t\t\t\t\t\t\t  <a  href=\"https:\/\/redept.com.br\/blogosfera\/lula-sobre-2026-se-tudo-estiver-como-eu-estou-pensando-esse-pais-vai-ter-pela-primeira-vez-um-presidente-eleito-quatro-vezes\/\"  >\n\t\t\t\t\t\t\t\t\t  <div class=\"yuzo-img-wrap \" style=\"width: 125px;height:90px;\">\n\t\t\t\t\t\t\t\t\t\t\n\t\t\t\t\t\t\t\t\t\t<div class=\"yuzo-img\" style=\"background:url('https:\/\/redept.org\/blogosfera\/wp-content\/plugins\/yuzo-related-post\/assets\/images\/default.png') 50% 50% no-repeat;width: 125px;height:90px;margin-bottom: 5px;background-size: cover; \"><\/div>\n\t\t\t\t\t\t\t\t\t  <\/div>\n\t\t\t\t\t\t\t\t\t  \n\t\t\t\t\t\t\t\t   <span class=\"yuzo__text--title\" style=\"font-size:13px;\">Lula sobre 2026:  \u201cSe tudo estiver como eu estou p...<\/span>\n\t\t\t\t\t\t\t  \n\t\t\t\t\t\t\t  \n\t\t\t\t\t\t\t  <\/a>\n\n\t\t\t\t\t\t  <\/div>\n\t\t\t\t\t\t  <div class=\"relatedthumb \" style=\"width:125px;float:left;overflow:hidden;\">  \n\t\t\t\t\t\t\t  \n\t\t\t\t\t\t\t  <a  href=\"https:\/\/redept.com.br\/blogosfera\/governo-lula-lanca-primeira-vacina-100-nacional-contra-a-dengue\/\"  >\n\t\t\t\t\t\t\t\t\t  <div class=\"yuzo-img-wrap \" style=\"width: 125px;height:90px;\">\n\t\t\t\t\t\t\t\t\t\t\n\t\t\t\t\t\t\t\t\t\t<div class=\"yuzo-img\" style=\"background:url('https:\/\/redept.org\/blogosfera\/wp-content\/plugins\/yuzo-related-post\/assets\/images\/default.png') 50% 50% no-repeat;width: 125px;height:90px;margin-bottom: 5px;background-size: cover; \"><\/div>\n\t\t\t\t\t\t\t\t\t  <\/div>\n\t\t\t\t\t\t\t\t\t  \n\t\t\t\t\t\t\t\t   <span class=\"yuzo__text--title\" style=\"font-size:13px;\">Governo Lula lan\u00e7a primeira vacina 100% nacional c...<\/span>\n\t\t\t\t\t\t\t  \n\t\t\t\t\t\t\t  \n\t\t\t\t\t\t\t  <\/a>\n\n\t\t\t\t\t\t  <\/div>\n\t\t\t\t\t\t  <div class=\"relatedthumb \" style=\"width:125px;float:left;overflow:hidden;\">  \n\t\t\t\t\t\t\t  \n\t\t\t\t\t\t\t  <a  href=\"https:\/\/redept.com.br\/blogosfera\/pinga-s-f-um-papo-com-o-pai-dos-bebados\/\"  >\n\t\t\t\t\t\t\t\t\t  <div class=\"yuzo-img-wrap \" style=\"width: 125px;height:90px;\">\n\t\t\t\t\t\t\t\t\t\t\n\t\t\t\t\t\t\t\t\t\t<div class=\"yuzo-img\" style=\"background:url('https:\/\/redept.com.br\/blogosfera\/wp-content\/uploads\/2025\/03\/alvorada-1-150x150.png') 50% 50% no-repeat;width: 125px;height:90px;margin-bottom: 5px;background-size: cover; \"><\/div>\n\t\t\t\t\t\t\t\t\t  <\/div>\n\t\t\t\t\t\t\t\t\t  \n\t\t\t\t\t\t\t\t   <span class=\"yuzo__text--title\" style=\"font-size:13px;\">Pinga, s.f. \u2013 um papo com o pai dos b\u00eabados\u00a0<\/span>\n\t\t\t\t\t\t\t  \n\t\t\t\t\t\t\t  \n\t\t\t\t\t\t\t  <\/a>\n\n\t\t\t\t\t\t  <\/div>\n\t\t\t\t\t\t  <div class=\"relatedthumb \" style=\"width:125px;float:left;overflow:hidden;\">  \n\t\t\t\t\t\t\t  \n\t\t\t\t\t\t\t  <a  href=\"https:\/\/redept.com.br\/blogosfera\/como-organizar-a-classe-operaria-nas-fabricas\/\"  >\n\t\t\t\t\t\t\t\t\t  <div class=\"yuzo-img-wrap \" style=\"width: 125px;height:90px;\">\n\t\t\t\t\t\t\t\t\t\t\n\t\t\t\t\t\t\t\t\t\t<div class=\"yuzo-img\" style=\"background:url('https:\/\/redept.com.br\/blogosfera\/wp-content\/uploads\/2026\/02\/P9-_-Stilasp-150x150.jpg') 50% 50% no-repeat;width: 125px;height:90px;margin-bottom: 5px;background-size: cover; \"><\/div>\n\t\t\t\t\t\t\t\t\t  <\/div>\n\t\t\t\t\t\t\t\t\t  \n\t\t\t\t\t\t\t\t   <span class=\"yuzo__text--title\" style=\"font-size:13px;\">Como organizar a classe oper\u00e1ria nas f\u00e1bricas?<\/span>\n\t\t\t\t\t\t\t  \n\t\t\t\t\t\t\t  \n\t\t\t\t\t\t\t  <\/a>\n\n\t\t\t\t\t\t  <\/div>\n<\/div> <script>\n\t\t\t\t\t\t  jQuery(document).ready(function( $ ){\n\t\t\t\t\t\t\t\/\/jQuery('.yuzo_related_post').equalizer({ overflow : 'relatedthumb' });\n\t\t\t\t\t\t\tjQuery('.yuzo_related_post .yuzo_wraps').equalizer({ columns : '> div' });\n\t\t\t\t\t\t   })\n\t\t\t\t\t\t  <\/script> <!-- End Yuzo :) -->","protected":false},"excerpt":{"rendered":"<p>A partir de agora os brasileiros em Portugal\u00a0podem usar a Carteira Nacional de Habilita\u00e7\u00e3o (CNH) emitida no Brasil sem necessidade de troca do documento. O acordo vale para motocicletas e carros, ou seja, categorias A e B. A reciprocidade entre os dois pa\u00edses foi firmada h\u00e1 dois anos e passou a valer a partir de [&hellip;]<\/p>\n","protected":false},"author":2,"featured_media":0,"comment_status":"open","ping_status":"closed","sticky":false,"template":"","format":"standard","meta":{"fifu_image_url":"","fifu_image_alt":"","footnotes":""},"categories":[489,94,505,2921],"tags":[],"class_list":["post-69771","post","type-post","status-publish","format-standard","hentry","category-destaque-pequeno","category-geral","category-portugal","category-transportes"],"_links":{"self":[{"href":"https:\/\/redept.com.br\/blogosfera\/wp-json\/wp\/v2\/posts\/69771","targetHints":{"allow":["GET"]}}],"collection":[{"href":"https:\/\/redept.com.br\/blogosfera\/wp-json\/wp\/v2\/posts"}],"about":[{"href":"https:\/\/redept.com.br\/blogosfera\/wp-json\/wp\/v2\/types\/post"}],"author":[{"embeddable":true,"href":"https:\/\/redept.com.br\/blogosfera\/wp-json\/wp\/v2\/users\/2"}],"replies":[{"embeddable":true,"href":"https:\/\/redept.com.br\/blogosfera\/wp-json\/wp\/v2\/comments?post=69771"}],"version-history":[{"count":0,"href":"https:\/\/redept.com.br\/blogosfera\/wp-json\/wp\/v2\/posts\/69771\/revisions"}],"wp:attachment":[{"href":"https:\/\/redept.com.br\/blogosfera\/wp-json\/wp\/v2\/media?parent=69771"}],"wp:term":[{"taxonomy":"category","embeddable":true,"href":"https:\/\/redept.com.br\/blogosfera\/wp-json\/wp\/v2\/categories?post=69771"},{"taxonomy":"post_tag","embeddable":true,"href":"https:\/\/redept.com.br\/blogosfera\/wp-json\/wp\/v2\/tags?post=69771"}],"curies":[{"name":"wp","href":"https:\/\/api.w.org\/{rel}","templated":true}]}}