{"id":69906,"date":"2026-01-09T14:30:31","date_gmt":"2026-01-09T17:30:31","guid":{"rendered":"https:\/\/redept.com.br\/blogosfera\/ministro-anuncia-renovacoes-automaticas-de-cnh-para-bons-motoristas\/"},"modified":"2026-01-09T14:30:31","modified_gmt":"2026-01-09T17:30:31","slug":"ministro-anuncia-renovacoes-automaticas-de-cnh-para-bons-motoristas","status":"publish","type":"post","link":"https:\/\/redept.com.br\/blogosfera\/ministro-anuncia-renovacoes-automaticas-de-cnh-para-bons-motoristas\/","title":{"rendered":"Ministro anuncia renova\u00e7\u00f5es autom\u00e1ticas de CNH para bons motoristas"},"content":{"rendered":"<p>O Minist\u00e9rio dos Transportes anunciou, nesta sexta-feira (9), o primeiro lote de carteiras nacionais de habilita\u00e7\u00e3o (CNH) renovadas automaticamente para condutores que n\u00e3o cometeram infra\u00e7\u00e3o nos \u00faltimos 12 meses.\u00a0Leia em <strong><a href=\"https:\/\/tvtnews.com.br\/\">TVT News<\/a><\/strong>.<\/p>\n<p>A medida, adotada com o objetivo de beneficiar bons condutores, est\u00e1 prevista em\u00a0<a href=\"https:\/\/www.in.gov.br\/web\/dou\/-\/medida-provisoria-n-1.327-de-9-de-dezembro-de-2025-674194917\" target=\"_blank\" rel=\"noreferrer noopener nofollow\">medida provis\u00f3ria<\/a>\u00a0publicada no dia 10 de dezembro de 2025.<\/p>\n<p><strong>A data de hoje foi escolhida para o an\u00fancio pelo fato de os condutores terem prazo de 30 dias, contatos a partir do vencimento da CNH, para fazer a renova\u00e7\u00e3o do documento.<\/strong><\/p>\n<blockquote>\n<p>\u201cA decis\u00e3o prev\u00ea que condutores respons\u00e1veis no tr\u00e2nsito n\u00e3o precisam realizar exames presenciais, se deslocar aos Detrans ou pagar qualquer taxa adicional para renovar o documento. O processo ser\u00e1 totalmente autom\u00e1tico e digital, pelo sistema da Secretaria Nacional de Tr\u00e2nsito, a Senatran, com a atualiza\u00e7\u00e3o dispon\u00edvel no aplicativo da CNH do Brasil\u201d, informa o minist\u00e9rio.<\/p>\n<figure>\n<div>\n<blockquote data-secret=\"XtAqVYEZiy\"><p><a href=\"https:\/\/tvtnews.com.br\/governo-oficializa-novas-regras-obtencao-cnh\/\">Governo oficializa novas regras para obten\u00e7\u00e3o de CNH<\/a><\/p><\/blockquote>\n<\/div>\n<\/figure>\n<\/blockquote>\n<p><strong>Durante o an\u00fancio do primeiro lote de CNHs renovadas automaticamente, Renan Filho disse que uma mensagem ser\u00e1 enviada, por\u00a0celular, aos bons condutores parabenizando-os pelo feito e concedendo, a eles, um selo..<\/strong><\/p>\n<p>Ele explicou que a gratuidade ser\u00e1 para a carteira digital. Se o condutor desejar a carteira f\u00edsica, basta solicitar ao Detran, mas a\u00ed ter\u00e1 de pagar pelo servi\u00e7o.<\/p>\n<p>Renan Filho lembrou que, h\u00e1 alguns anos, o Brasil permitiu o aumento do n\u00famero de pontos para condutores que cometeram infra\u00e7\u00f5es de tr\u00e2nsito, o que, segundo ele, acabava por beneficiar os infratores.<\/p>\n<blockquote>\n<p>\u201cHoje, o Estado brasileiro est\u00e1 dizendo ao cidad\u00e3o: seja um bom condutor para n\u00e3o pagar taxa nem novos exames. Para n\u00e3o perder o dia de trabalho, nem largar o que est\u00e1 fazendo para, de tempos em tempos, voltar a um guich\u00ea, pegar um papel, pagar por um carimbo, esperar muito e ser mais uma v\u00edtima da burocracia\u201d.<\/p>\n<\/blockquote>\n<p><strong>O cadastro no Registro Nacional Positivo de Condutores (RNPC) pode ser feito por meio do aplicativo da CNH ou por meio do Portal de Servi\u00e7os da Senatran.<\/strong><\/p>\n<p>Condutores com 70 anos ou mais n\u00e3o est\u00e3o aptos a receber o benef\u00edcio. Motoristas com idade a partir de 50 anos receber\u00e3o o benef\u00edcio uma \u00fanica vez.<\/p>\n<blockquote>\n<p>\u201cA renova\u00e7\u00e3o autom\u00e1tica n\u00e3o vale para motoristas que t\u00eam a validade da CNH reduzida por recomenda\u00e7\u00e3o m\u00e9dica, em casos de doen\u00e7as progressivas ou condi\u00e7\u00f5es que exigem acompanhamento de sa\u00fade\u201d, informa o minist\u00e9rio.<\/p>\n<\/blockquote>\n<p><em>Pedro Peduzzi \u2013 Rep\u00f3rter da <a href=\"https:\/\/agenciabrasil.ebc.com.br\/geral\/noticia\/2026-01\/ministro-anuncia-renovacoes-automaticas-de-cnhs-para-bons-motoristas\" target=\"_blank\" rel=\"noopener noreferrer nofollow\">Ag\u00eancia Brasil<\/a><\/em><\/p>\n<p>The post <a rel=\"nofollow\" href=\"https:\/\/tvtnews.com.br\/ministro-anuncia-renovacoes-automaticas-de-cnh-para-bons-motoristas\/\">Ministro anuncia renova\u00e7\u00f5es autom\u00e1ticas de CNH para bons motoristas<\/a> appeared first on <a rel=\"nofollow\" href=\"https:\/\/tvtnews.com.br\/\">TVT News<\/a>.<\/p>\n<!-- Begin Yuzo --><div class='yuzo_related_post style-1'  data-version='5.12.89'><!-- without result --><div class='yuzo_clearfixed yuzo__title yuzo__title'><h3>Related Post<\/h3><\/div>\n\t\t\t\t\t\t  <div class=\"relatedthumb \" style=\"width:125px;float:left;overflow:hidden;\">  \n\t\t\t\t\t\t\t  \n\t\t\t\t\t\t\t  <a  href=\"https:\/\/redept.com.br\/blogosfera\/esconde-esses-peitos-ex-subsecretario-de-claudio-castro-ataca-atriz-que-denunciou-estupro-coletivo\/\"  >\n\t\t\t\t\t\t\t\t\t  <div class=\"yuzo-img-wrap \" style=\"width: 125px;height:90px;\">\n\t\t\t\t\t\t\t\t\t\t\n\t\t\t\t\t\t\t\t\t\t<div class=\"yuzo-img\" style=\"background:url('https:\/\/redept.org\/blogosfera\/wp-content\/plugins\/yuzo-related-post\/assets\/images\/default.png') 50% 50% no-repeat;width: 125px;height:90px;margin-bottom: 5px;background-size: cover; \"><\/div>\n\t\t\t\t\t\t\t\t\t  <\/div>\n\t\t\t\t\t\t\t\t\t  \n\t\t\t\t\t\t\t\t   <span class=\"yuzo__text--title\" style=\"font-size:13px;\">\u201cEsconde esses peitos\u201d: ex-subsecret\u00e1rio de Cl\u00e1udi...<\/span>\n\t\t\t\t\t\t\t  \n\t\t\t\t\t\t\t  \n\t\t\t\t\t\t\t  <\/a>\n\n\t\t\t\t\t\t  <\/div>\n\t\t\t\t\t\t  <div class=\"relatedthumb \" style=\"width:125px;float:left;overflow:hidden;\">  \n\t\t\t\t\t\t\t  \n\t\t\t\t\t\t\t  <a  href=\"https:\/\/redept.com.br\/blogosfera\/justica-fiscal-a-bizarra-desigualdade-no-brasil\/\"  >\n\t\t\t\t\t\t\t\t\t  <div class=\"yuzo-img-wrap \" style=\"width: 125px;height:90px;\">\n\t\t\t\t\t\t\t\t\t\t\n\t\t\t\t\t\t\t\t\t\t<div class=\"yuzo-img\" style=\"background:url('https:\/\/redept.com.br\/blogosfera\/wp-content\/uploads\/2025\/07\/WhatsApp-Image-2025-07-03-at-162950-150x150.jpeg') 50% 50% no-repeat;width: 125px;height:90px;margin-bottom: 5px;background-size: cover; \"><\/div>\n\t\t\t\t\t\t\t\t\t  <\/div>\n\t\t\t\t\t\t\t\t\t  \n\t\t\t\t\t\t\t\t   <span class=\"yuzo__text--title\" style=\"font-size:13px;\">Justi\u00e7a fiscal: A bizarra desigualdade no Brasil<\/span>\n\t\t\t\t\t\t\t  \n\t\t\t\t\t\t\t  \n\t\t\t\t\t\t\t  <\/a>\n\n\t\t\t\t\t\t  <\/div>\n\t\t\t\t\t\t  <div class=\"relatedthumb \" style=\"width:125px;float:left;overflow:hidden;\">  \n\t\t\t\t\t\t\t  \n\t\t\t\t\t\t\t  <a  href=\"https:\/\/redept.com.br\/blogosfera\/pe-de-meia-licenciaturas-oferece-bolsa-de-r-1-050-e-comeca-com-12-mil-vagas\/\"  >\n\t\t\t\t\t\t\t\t\t  <div class=\"yuzo-img-wrap \" style=\"width: 125px;height:90px;\">\n\t\t\t\t\t\t\t\t\t\t\n\t\t\t\t\t\t\t\t\t\t<div class=\"yuzo-img\" style=\"background:url('https:\/\/redept.com.br\/blogosfera\/wp-content\/uploads\/2025\/01\/01-4-150x150.jpg') 50% 50% no-repeat;width: 125px;height:90px;margin-bottom: 5px;background-size: cover; \"><\/div>\n\t\t\t\t\t\t\t\t\t  <\/div>\n\t\t\t\t\t\t\t\t\t  \n\t\t\t\t\t\t\t\t   <span class=\"yuzo__text--title\" style=\"font-size:13px;\">P\u00e9-de-Meia Licenciaturas oferece bolsa de R$ 1.050...<\/span>\n\t\t\t\t\t\t\t  \n\t\t\t\t\t\t\t  \n\t\t\t\t\t\t\t  <\/a>\n\n\t\t\t\t\t\t  <\/div>\n\t\t\t\t\t\t  <div class=\"relatedthumb \" style=\"width:125px;float:left;overflow:hidden;\">  \n\t\t\t\t\t\t\t  \n\t\t\t\t\t\t\t  <a  href=\"https:\/\/redept.com.br\/blogosfera\/bolsonaro-denunciado-por-tentativa-de-golpe-politicos-repercutem\/\"  >\n\t\t\t\t\t\t\t\t\t  <div class=\"yuzo-img-wrap \" style=\"width: 125px;height:90px;\">\n\t\t\t\t\t\t\t\t\t\t\n\t\t\t\t\t\t\t\t\t\t<div class=\"yuzo-img\" style=\"background:url('https:\/\/redept.org\/blogosfera\/wp-content\/plugins\/yuzo-related-post\/assets\/images\/default.png') 50% 50% no-repeat;width: 125px;height:90px;margin-bottom: 5px;background-size: cover; \"><\/div>\n\t\t\t\t\t\t\t\t\t  <\/div>\n\t\t\t\t\t\t\t\t\t  \n\t\t\t\t\t\t\t\t   <span class=\"yuzo__text--title\" style=\"font-size:13px;\">Bolsonaro denunciado por tentativa de golpe: pol\u00edt...<\/span>\n\t\t\t\t\t\t\t  \n\t\t\t\t\t\t\t  \n\t\t\t\t\t\t\t  <\/a>\n\n\t\t\t\t\t\t  <\/div>\n<\/div> <script>\n\t\t\t\t\t\t  jQuery(document).ready(function( $ ){\n\t\t\t\t\t\t\t\/\/jQuery('.yuzo_related_post').equalizer({ overflow : 'relatedthumb' });\n\t\t\t\t\t\t\tjQuery('.yuzo_related_post .yuzo_wraps').equalizer({ columns : '> div' });\n\t\t\t\t\t\t   })\n\t\t\t\t\t\t  <\/script> <!-- End Yuzo :) -->","protected":false},"excerpt":{"rendered":"<p>O Minist\u00e9rio dos Transportes anunciou, nesta sexta-feira (9), o primeiro lote de carteiras nacionais de habilita\u00e7\u00e3o (CNH) renovadas automaticamente para condutores que n\u00e3o cometeram infra\u00e7\u00e3o nos \u00faltimos 12 meses.\u00a0Leia em TVT News. A medida, adotada com o objetivo de beneficiar bons condutores, est\u00e1 prevista em\u00a0medida provis\u00f3ria\u00a0publicada no dia 10 de dezembro de 2025. A data [&hellip;]<\/p>\n","protected":false},"author":2,"featured_media":0,"comment_status":"open","ping_status":"closed","sticky":false,"template":"","format":"standard","meta":{"fifu_image_url":"","fifu_image_alt":"","footnotes":""},"categories":[473,94,2921],"tags":[],"class_list":["post-69906","post","type-post","status-publish","format-standard","hentry","category-destaque-medio","category-geral","category-transportes"],"_links":{"self":[{"href":"https:\/\/redept.com.br\/blogosfera\/wp-json\/wp\/v2\/posts\/69906","targetHints":{"allow":["GET"]}}],"collection":[{"href":"https:\/\/redept.com.br\/blogosfera\/wp-json\/wp\/v2\/posts"}],"about":[{"href":"https:\/\/redept.com.br\/blogosfera\/wp-json\/wp\/v2\/types\/post"}],"author":[{"embeddable":true,"href":"https:\/\/redept.com.br\/blogosfera\/wp-json\/wp\/v2\/users\/2"}],"replies":[{"embeddable":true,"href":"https:\/\/redept.com.br\/blogosfera\/wp-json\/wp\/v2\/comments?post=69906"}],"version-history":[{"count":0,"href":"https:\/\/redept.com.br\/blogosfera\/wp-json\/wp\/v2\/posts\/69906\/revisions"}],"wp:attachment":[{"href":"https:\/\/redept.com.br\/blogosfera\/wp-json\/wp\/v2\/media?parent=69906"}],"wp:term":[{"taxonomy":"category","embeddable":true,"href":"https:\/\/redept.com.br\/blogosfera\/wp-json\/wp\/v2\/categories?post=69906"},{"taxonomy":"post_tag","embeddable":true,"href":"https:\/\/redept.com.br\/blogosfera\/wp-json\/wp\/v2\/tags?post=69906"}],"curies":[{"name":"wp","href":"https:\/\/api.w.org\/{rel}","templated":true}]}}