{"id":69912,"date":"2026-01-09T15:47:47","date_gmt":"2026-01-09T18:47:47","guid":{"rendered":"https:\/\/redept.com.br\/blogosfera\/8o-congresso-do-pt-acesse-o-compilado-de-resolucoes-de-encontros-e-congressos-1980-a-2025\/"},"modified":"2026-01-09T15:47:47","modified_gmt":"2026-01-09T18:47:47","slug":"8o-congresso-do-pt-acesse-o-compilado-de-resolucoes-de-encontros-e-congressos-1980-a-2025","status":"publish","type":"post","link":"https:\/\/redept.com.br\/blogosfera\/8o-congresso-do-pt-acesse-o-compilado-de-resolucoes-de-encontros-e-congressos-1980-a-2025\/","title":{"rendered":"8\u00ba Congresso do PT: acesse o compilado de resolu\u00e7\u00f5es de encontros e congressos 1980 a 2025"},"content":{"rendered":"<p>O Diret\u00f3rio Nacional do Partido dos Trabalhadores, reunido no dia 6 de dezembro de 2025, convocou o <strong>8\u00ba Congresso Nacional do PT <\/strong>para o \u00faltimo final de semana de abril de 2026.<\/p>\n<p>O 8\u00ba Congresso deve <strong>atualizar o programa do Partido<\/strong> e <strong>revisar nosso estatuto<\/strong>, assim como <strong>aprovar a t\u00e1tica eleitoral <\/strong>para <strong>2026 <\/strong>e as <strong>diretrizes de programa de governo<\/strong> referentes ao mandato presidencial 2027-2030.<\/p>\n<p>A coordena\u00e7\u00e3o do processo ser\u00e1 liderada pelo companheiro Jilmar Tatto. Foram constitu\u00eddos quatro subgrupos de trabalho, a cargo de Jos\u00e9 Dirceu (programa partid\u00e1rio), Valter Pomar (organiza\u00e7\u00e3o e estatuto), Cristiano Silveira (programa de governo) e Anne Moura (conjuntura e t\u00e1tica eleitoral).<\/p>\n<p>O subgrupo que tratar\u00e1 de <strong>organiza\u00e7\u00e3o<\/strong> e <strong>estatuto <\/strong>pretende apresentar, at\u00e9 o dia 6 de fevereiro de 2026, v\u00e1rios subs\u00eddios para o debate, entre os quais: <\/p>\n<p>1.Um diagn\u00f3stico da atual situa\u00e7\u00e3o organizativa do Partido; <\/p>\n<p>2. Uma an\u00e1lise dos cen\u00e1rios em que o Partido atuar\u00e1 no pr\u00f3ximo per\u00edodo; <\/p>\n<p>3. Um estudo sobre experi\u00eancias partid\u00e1rias em outros pa\u00edses; <\/p>\n<p>4. Uma pesquisa das opini\u00f5es de dirigentes e militantes sobre a organiza\u00e7\u00e3o partid\u00e1ria; <\/p>\n<p>5. Uma sistematiza\u00e7\u00e3o das propostas de altera\u00e7\u00e3o estatut\u00e1ria e de funcionamento organizativo;<\/p>\n<p>6.<strong> Um compilado<\/strong> de todas as resolu\u00e7\u00f5es de encontros e congressos nacionais do Partido sobre <strong>organiza\u00e7\u00e3o e estatuto<\/strong>, entre 1980 e 2025.<\/p>\n<p>A presente publica\u00e7\u00e3o cont\u00e9m o <strong>referido compilado<\/strong>, organizado pela companheira Alana Gon\u00e7alves de Souza. Pretendemos incluir, na vers\u00e3o impressa deste compilado, um estudo anal\u00edtico das citadas resolu\u00e7\u00f5es organizativas e estatut\u00e1rias.<\/p>\n<p>Boa leitura! <\/p>\n<p>Valter Pomar, 8 de janeiro de 2026<\/p>\n<div data-wp-interactive=\"core\/file\"><a href=\"https:\/\/fpabramo.org.br\/wp-content\/uploads\/2026\/01\/Organizacao-Partidaria.pdf\"><strong>Cole\u00e7\u00e3o Organiza\u00e7\u00e3o Partid\u00e1ria<\/strong><\/a><a href=\"https:\/\/fpabramo.org.br\/wp-content\/uploads\/2026\/01\/Organizacao-Partidaria.pdf\" download aria-describedby=\"wp-block-file--media-f4d4ec6f-3a08-4813-9661-0f16df389a7a\">Baixar<\/a><\/div>\n<\/p>\n<p>The post <a rel=\"nofollow\" href=\"https:\/\/fpabramo.org.br\/2026\/01\/09\/8o-congresso-do-pt-acesse-o-compilado-de-resolucoes-de-encontros-e-congressos-1980-a-2025\/\">8\u00ba Congresso do PT: acesse o compilado de resolu\u00e7\u00f5es de encontros e congressos 1980 a 2025<\/a> appeared first on <a rel=\"nofollow\" href=\"https:\/\/fpabramo.org.br\/\">Funda\u00e7\u00e3o Perseu Abramo<\/a>.<\/p>\n<!-- Begin Yuzo --><div class='yuzo_related_post style-1'  data-version='5.12.89'><!-- without result --><div class='yuzo_clearfixed yuzo__title yuzo__title'><h3>Related Post<\/h3><\/div>\n\t\t\t\t\t\t  <div class=\"relatedthumb \" style=\"width:125px;float:left;overflow:hidden;\">  \n\t\t\t\t\t\t\t  \n\t\t\t\t\t\t\t  <a  href=\"https:\/\/redept.com.br\/blogosfera\/comissao-aprova-parecer-de-projeto-de-ze-neto-que-capacita-professores-em-ia-e-cultura-digital-na-educacao-publica\/\"  >\n\t\t\t\t\t\t\t\t\t  <div class=\"yuzo-img-wrap \" style=\"width: 125px;height:90px;\">\n\t\t\t\t\t\t\t\t\t\t\n\t\t\t\t\t\t\t\t\t\t<div class=\"yuzo-img\" style=\"background:url('https:\/\/redept.org\/blogosfera\/wp-content\/plugins\/yuzo-related-post\/assets\/images\/default.png') 50% 50% no-repeat;width: 125px;height:90px;margin-bottom: 5px;background-size: cover; \"><\/div>\n\t\t\t\t\t\t\t\t\t  <\/div>\n\t\t\t\t\t\t\t\t\t  \n\t\t\t\t\t\t\t\t   <span class=\"yuzo__text--title\" style=\"font-size:13px;\">Comiss\u00e3o aprova parecer de projeto de Z\u00e9 Neto que ...<\/span>\n\t\t\t\t\t\t\t  \n\t\t\t\t\t\t\t  \n\t\t\t\t\t\t\t  <\/a>\n\n\t\t\t\t\t\t  <\/div>\n\t\t\t\t\t\t  <div class=\"relatedthumb \" style=\"width:125px;float:left;overflow:hidden;\">  \n\t\t\t\t\t\t\t  \n\t\t\t\t\t\t\t  <a  href=\"https:\/\/redept.com.br\/blogosfera\/lula-lamenta-morte-do-amigo-que-o-presenteou-com-o-cristo-crucificado-objeto-da-obsessao-de-dallagnol-entenda\/\"  >\n\t\t\t\t\t\t\t\t\t  <div class=\"yuzo-img-wrap \" style=\"width: 125px;height:90px;\">\n\t\t\t\t\t\t\t\t\t\t\n\t\t\t\t\t\t\t\t\t\t<div class=\"yuzo-img\" style=\"background:url('https:\/\/redept.org\/blogosfera\/wp-content\/plugins\/yuzo-related-post\/assets\/images\/default.png') 50% 50% no-repeat;width: 125px;height:90px;margin-bottom: 5px;background-size: cover; \"><\/div>\n\t\t\t\t\t\t\t\t\t  <\/div>\n\t\t\t\t\t\t\t\t\t  \n\t\t\t\t\t\t\t\t   <span class=\"yuzo__text--title\" style=\"font-size:13px;\">Lula lamenta morte do amigo que o presenteou com o...<\/span>\n\t\t\t\t\t\t\t  \n\t\t\t\t\t\t\t  \n\t\t\t\t\t\t\t  <\/a>\n\n\t\t\t\t\t\t  <\/div>\n\t\t\t\t\t\t  <div class=\"relatedthumb \" style=\"width:125px;float:left;overflow:hidden;\">  \n\t\t\t\t\t\t\t  \n\t\t\t\t\t\t\t  <a  href=\"https:\/\/redept.com.br\/blogosfera\/e-hora-de-construir-uma-democracia-onde-o-povo-governa-afirma-maduro\/\"  >\n\t\t\t\t\t\t\t\t\t  <div class=\"yuzo-img-wrap \" style=\"width: 125px;height:90px;\">\n\t\t\t\t\t\t\t\t\t\t\n\t\t\t\t\t\t\t\t\t\t<div class=\"yuzo-img\" style=\"background:url('https:\/\/redept.com.br\/blogosfera\/wp-content\/uploads\/2025\/07\/psuv-maduro-eleicao-telegram-150x150.jpg') 50% 50% no-repeat;width: 125px;height:90px;margin-bottom: 5px;background-size: cover; \"><\/div>\n\t\t\t\t\t\t\t\t\t  <\/div>\n\t\t\t\t\t\t\t\t\t  \n\t\t\t\t\t\t\t\t   <span class=\"yuzo__text--title\" style=\"font-size:13px;\">\u2018\u00c9 hora de construir uma democracia onde o povo go...<\/span>\n\t\t\t\t\t\t\t  \n\t\t\t\t\t\t\t  \n\t\t\t\t\t\t\t  <\/a>\n\n\t\t\t\t\t\t  <\/div>\n\t\t\t\t\t\t  <div class=\"relatedthumb \" style=\"width:125px;float:left;overflow:hidden;\">  \n\t\t\t\t\t\t\t  \n\t\t\t\t\t\t\t  <a  href=\"https:\/\/redept.com.br\/blogosfera\/a-guerra-quimica-no-campo\/\"  >\n\t\t\t\t\t\t\t\t\t  <div class=\"yuzo-img-wrap \" style=\"width: 125px;height:90px;\">\n\t\t\t\t\t\t\t\t\t\t\n\t\t\t\t\t\t\t\t\t\t<div class=\"yuzo-img\" style=\"background:url('https:\/\/redept.org\/blogosfera\/wp-content\/plugins\/yuzo-related-post\/assets\/images\/default.png') 50% 50% no-repeat;width: 125px;height:90px;margin-bottom: 5px;background-size: cover; \"><\/div>\n\t\t\t\t\t\t\t\t\t  <\/div>\n\t\t\t\t\t\t\t\t\t  \n\t\t\t\t\t\t\t\t   <span class=\"yuzo__text--title\" style=\"font-size:13px;\">A guerra qu\u00edmica no campo<\/span>\n\t\t\t\t\t\t\t  \n\t\t\t\t\t\t\t  \n\t\t\t\t\t\t\t  <\/a>\n\n\t\t\t\t\t\t  <\/div>\n<\/div> <script>\n\t\t\t\t\t\t  jQuery(document).ready(function( $ ){\n\t\t\t\t\t\t\t\/\/jQuery('.yuzo_related_post').equalizer({ overflow : 'relatedthumb' });\n\t\t\t\t\t\t\tjQuery('.yuzo_related_post .yuzo_wraps').equalizer({ columns : '> div' });\n\t\t\t\t\t\t   })\n\t\t\t\t\t\t  <\/script> <!-- End Yuzo :) -->","protected":false},"excerpt":{"rendered":"<p>O Diret\u00f3rio Nacional do Partido dos Trabalhadores, reunido no dia 6 de dezembro de 2025, convocou o 8\u00ba Congresso Nacional do PT para o \u00faltimo final de semana de abril de 2026. O 8\u00ba Congresso deve atualizar o programa do Partido e revisar nosso estatuto, assim como aprovar a t\u00e1tica eleitoral para 2026 e as [&hellip;]<\/p>\n","protected":false},"author":2,"featured_media":0,"comment_status":"open","ping_status":"closed","sticky":false,"template":"","format":"standard","meta":{"fifu_image_url":"","fifu_image_alt":"","footnotes":""},"categories":[33055,33056,33057,132,1059],"tags":[],"class_list":["post-69912","post","type-post","status-publish","format-standard","hentry","category-8o-congresso-do-pt","category-estatuto","category-organizacao-partidaria","category-politica","category-pt"],"_links":{"self":[{"href":"https:\/\/redept.com.br\/blogosfera\/wp-json\/wp\/v2\/posts\/69912","targetHints":{"allow":["GET"]}}],"collection":[{"href":"https:\/\/redept.com.br\/blogosfera\/wp-json\/wp\/v2\/posts"}],"about":[{"href":"https:\/\/redept.com.br\/blogosfera\/wp-json\/wp\/v2\/types\/post"}],"author":[{"embeddable":true,"href":"https:\/\/redept.com.br\/blogosfera\/wp-json\/wp\/v2\/users\/2"}],"replies":[{"embeddable":true,"href":"https:\/\/redept.com.br\/blogosfera\/wp-json\/wp\/v2\/comments?post=69912"}],"version-history":[{"count":0,"href":"https:\/\/redept.com.br\/blogosfera\/wp-json\/wp\/v2\/posts\/69912\/revisions"}],"wp:attachment":[{"href":"https:\/\/redept.com.br\/blogosfera\/wp-json\/wp\/v2\/media?parent=69912"}],"wp:term":[{"taxonomy":"category","embeddable":true,"href":"https:\/\/redept.com.br\/blogosfera\/wp-json\/wp\/v2\/categories?post=69912"},{"taxonomy":"post_tag","embeddable":true,"href":"https:\/\/redept.com.br\/blogosfera\/wp-json\/wp\/v2\/tags?post=69912"}],"curies":[{"name":"wp","href":"https:\/\/api.w.org\/{rel}","templated":true}]}}