{"id":70103,"date":"2026-01-12T12:16:25","date_gmt":"2026-01-12T15:16:25","guid":{"rendered":"https:\/\/redept.com.br\/blogosfera\/em-tom-de-deboche-trump-tripudia-da-soberania-venezuelana\/"},"modified":"2026-01-12T12:16:25","modified_gmt":"2026-01-12T15:16:25","slug":"em-tom-de-deboche-trump-tripudia-da-soberania-venezuelana","status":"publish","type":"post","link":"https:\/\/redept.com.br\/blogosfera\/em-tom-de-deboche-trump-tripudia-da-soberania-venezuelana\/","title":{"rendered":"Em tom de deboche, Trump tripudia da soberania venezuelana."},"content":{"rendered":"<p><img loading=\"lazy\" width=\"1024\" height=\"576\"src=\"https:\/\/redept.com.br\/blogosfera\/wp-content\/uploads\/2026\/01\/trumpseautoproclamapresidente-da-venezuela.jpg\" alt=\"\" decoding=\"async\" loading=\"lazy\" srcset=\"https:\/\/vermelho.org.br\/wp-content\/uploads\/2026\/01\/trumpseautoproclamapresidente-da-venezuela-1024x576.jpg 1024w, https:\/\/vermelho.org.br\/wp-content\/uploads\/2026\/01\/trumpseautoproclamapresidente-da-venezuela-300x169.jpg 300w, https:\/\/vermelho.org.br\/wp-content\/uploads\/2026\/01\/trumpseautoproclamapresidente-da-venezuela-768x432.jpg 768w, https:\/\/redept.com.br\/blogosfera\/wp-content\/uploads\/2026\/01\/trumpseautoproclamapresidente-da-venezuela.jpg 1120w\" sizes=\"auto, (max-width: 1024px) 100vw, 1024px\"><\/p>\n<p>A face mais abjeta do imperialismo estadunidense ganhou  contornos de deboche e desrespeito ao direito internacional nesta semana. Em um gesto que mistura arrog\u00e2ncia colonial e espet\u00e1culo midi\u00e1tico, o presidente Donald Trump utilizou sua rede social, <em>Truth Social<\/em>, para tripudiar sobre a atual trag\u00e9dia pol\u00edtica e humanit\u00e1ria imposta \u00e0 Venezuela. <\/p>\n<p>Trump compartilhou uma montagem que imita o layout da enciclop\u00e9dia virtual Wikip\u00e9dia, apresentando-o como \u201cpresidente interino da Venezuela, em exerc\u00edcio, janeiro de 2026\u201d. Na pe\u00e7a de propaganda, o cargo de governante do pa\u00eds sul-americano aparece acima de sua fun\u00e7\u00e3o como chefe da Casa Branca, sinalizando que, para a atual administra\u00e7\u00e3o norte-americana, tem desprezo pela soberania da Venezuela e pela regras da democracia. <\/p>\n<p><strong>A interven\u00e7\u00e3o como entretenimento<\/strong><\/p>\n<p>O gesto n\u00e3o \u00e9 apenas uma \u201cbrincadeira\u201d de redes sociais, mas um esc\u00e1rnio planejado. Tem a fun\u00e7\u00e3o de, ao provocar o rep\u00fadio das redes sociais,  alavancar a exposi\u00e7\u00e3o da pr\u00f3pria postagem. A publica\u00e7\u00e3o foi feita apenas uma semana ap\u00f3s a invas\u00e3o militar de Caracas por tropas norte-americanas, que resultou na deposi\u00e7\u00e3o e sequestro do presidente eleito Nicol\u00e1s Maduro e da ex-primeira-dama Cilia Flores. Ambos foram levados para uma pris\u00e3o em Nova Iorque sob o pretexto de acusa\u00e7\u00f5es de \u201cnarcoterrorismo\u201d \u2014 um roteiro repetido por Washington para justificar interven\u00e7\u00f5es cir\u00fargicas e golpes de Estado.\u00a0<\/p>\n<p>Enquanto a comunidade internacional assiste com apreens\u00e3o \u00e0 tutela expl\u00edcita dos EUA sobre a Venezuela, Trump transforma a viol\u00eancia da ocupa\u00e7\u00e3o em deboche para entreter a base eleitoral. O presidente tem divulgado imagens de Maduro como trof\u00e9u de guerra a bordo do navio <em>USS Iwo Jima<\/em>, tratando a pol\u00edtica externa como um <em>reality show<\/em> sangrento.<\/p>\n<p><strong>O saque das riquezas: petr\u00f3leo sob ordens de Washington<\/strong><\/p>\n<p>Por tr\u00e1s da cortina de fuma\u00e7a dos memes e das provoca\u00e7\u00f5es digitais, o objetivo central da interven\u00e7\u00e3o revela-se sem disfarces: o controle dos recursos naturais. Ap\u00f3s alegar que colocou o governo interino de Delcy Rodr\u00edguez sob sua tutela direta, a Casa Branca foi enf\u00e1tica ao declarar que as decis\u00f5es da autoridade provis\u00f3ria venezuelana s\u00e3o, agora, \u201cditadas\u201d a partir de Washington.<\/p>\n<p>Reuni\u00f5es com executivos de gigantes do setor petroleiro j\u00e1 definem os \u201cpr\u00f3ximos passos\u201d para a extra\u00e7\u00e3o e venda do petr\u00f3leo venezuelano. A imagem de Trump como \u201cpresidente interino\u201d \u00e9 a tradu\u00e7\u00e3o visual de uma realidade de administra\u00e7\u00e3o estrangeira direta sobre a maior reserva de petr\u00f3leo do mundo.<\/p>\n<p><strong>A amea\u00e7a se estende \u00e0 regi\u00e3o<\/strong><\/p>\n<p>O del\u00edrio expansionista e o tom de chacota n\u00e3o param na Venezuela. Trump sinalizou que o alvo seguinte \u00e9 a Revolu\u00e7\u00e3o Cubana, afirmando que a ilha \u201cest\u00e1 pronta para cair\u201d ap\u00f3s o bloqueio total do acesso ao petr\u00f3leo venezuelano. Em mais um momento de desrespeito diplom\u00e1tico, o mandat\u00e1rio endossou montagens que sugerem o secret\u00e1rio de Estado, Marco Rubio, como futuro \u201cpresidente\u201d de Cuba.<\/p>\n<p>Para os analistas, a postura de Trump busca normalizar a interven\u00e7\u00e3o militar e a quebra da ordem democr\u00e1tica como algo trivial. Ao rir de uma na\u00e7\u00e3o cuja soberania foi violada e cujos l\u00edderes foram encarcerados, o governo dos EUA reafirma a face covarde de uma pot\u00eancia que se sente autorizada a desenhar e redesenhar o mapa pol\u00edtico da Am\u00e9rica Latina de acordo com os interesses comerciais e caprichos ideol\u00f3gicos pr\u00f3prios.<\/p>\n<p>O post <a href=\"https:\/\/vermelho.org.br\/2026\/01\/12\/em-tom-de-deboche-trump-tripudia-da-soberania-venezuelana\/\">Em tom de deboche, Trump tripudia da soberania venezuelana.<\/a> apareceu primeiro em <a href=\"https:\/\/vermelho.org.br\/\">Vermelho<\/a>.<\/p>\n<!-- Begin Yuzo --><div class='yuzo_related_post style-1'  data-version='5.12.89'><!-- without result --><div class='yuzo_clearfixed yuzo__title yuzo__title'><h3>Related Post<\/h3><\/div>\n\t\t\t\t\t\t  <div class=\"relatedthumb \" style=\"width:125px;float:left;overflow:hidden;\">  \n\t\t\t\t\t\t\t  \n\t\t\t\t\t\t\t  <a  href=\"https:\/\/sul21.com.br\/opiniao\/2025\/10\/durazno-sangrando-memorias-de-hoje-coluna-da-appoa\/\"  >\n\t\t\t\t\t\t\t\t\t  <div class=\"yuzo-img-wrap \" style=\"width: 125px;height:90px;\">\n\t\t\t\t\t\t\t\t\t\t\n\t\t\t\t\t\t\t\t\t\t<div class=\"yuzo-img\" style=\"background:url('https:\/\/redept.org\/blogosfera\/wp-content\/plugins\/yuzo-related-post\/assets\/images\/default.png') 50% 50% no-repeat;width: 125px;height:90px;margin-bottom: 5px;background-size: cover; \"><\/div>\n\t\t\t\t\t\t\t\t\t  <\/div>\n\t\t\t\t\t\t\t\t\t  \n\t\t\t\t\t\t\t\t   <span class=\"yuzo__text--title\" style=\"font-size:13px;\">Durazno Sangrando \u2013 Mem\u00f3rias de hoje (Coluna da Ap...<\/span>\n\t\t\t\t\t\t\t  \n\t\t\t\t\t\t\t  \n\t\t\t\t\t\t\t  <\/a>\n\n\t\t\t\t\t\t  <\/div>\n\t\t\t\t\t\t  <div class=\"relatedthumb \" style=\"width:125px;float:left;overflow:hidden;\">  \n\t\t\t\t\t\t\t  \n\t\t\t\t\t\t\t  <a  href=\"https:\/\/redept.com.br\/blogosfera\/xamas-peruanos-teriam-previsto-sequestro-de-maduro-na-venezuela-em-2026\/\"  >\n\t\t\t\t\t\t\t\t\t  <div class=\"yuzo-img-wrap \" style=\"width: 125px;height:90px;\">\n\t\t\t\t\t\t\t\t\t\t\n\t\t\t\t\t\t\t\t\t\t<div class=\"yuzo-img\" style=\"background:url('https:\/\/redept.org\/blogosfera\/wp-content\/plugins\/yuzo-related-post\/assets\/images\/default.png') 50% 50% no-repeat;width: 125px;height:90px;margin-bottom: 5px;background-size: cover; \"><\/div>\n\t\t\t\t\t\t\t\t\t  <\/div>\n\t\t\t\t\t\t\t\t\t  \n\t\t\t\t\t\t\t\t   <span class=\"yuzo__text--title\" style=\"font-size:13px;\">Xam\u00e3s peruanos teriam previsto sequestro de Maduro...<\/span>\n\t\t\t\t\t\t\t  \n\t\t\t\t\t\t\t  \n\t\t\t\t\t\t\t  <\/a>\n\n\t\t\t\t\t\t  <\/div>\n\t\t\t\t\t\t  <div class=\"relatedthumb \" style=\"width:125px;float:left;overflow:hidden;\">  \n\t\t\t\t\t\t\t  \n\t\t\t\t\t\t\t  <a  href=\"https:\/\/redept.com.br\/blogosfera\/puxadas-pelo-agro-emissoes-de-gases-de-efeito-estufa-sobem-6-no-brasil-aponta-observatorio-do-clima\/\"  >\n\t\t\t\t\t\t\t\t\t  <div class=\"yuzo-img-wrap \" style=\"width: 125px;height:90px;\">\n\t\t\t\t\t\t\t\t\t\t\n\t\t\t\t\t\t\t\t\t\t<div class=\"yuzo-img\" style=\"background:url('https:\/\/redept.org\/blogosfera\/wp-content\/plugins\/yuzo-related-post\/assets\/images\/default.png') 50% 50% no-repeat;width: 125px;height:90px;margin-bottom: 5px;background-size: cover; \"><\/div>\n\t\t\t\t\t\t\t\t\t  <\/div>\n\t\t\t\t\t\t\t\t\t  \n\t\t\t\t\t\t\t\t   <span class=\"yuzo__text--title\" style=\"font-size:13px;\">Puxadas pelo agro, emiss\u00f5es de gases de efeito est...<\/span>\n\t\t\t\t\t\t\t  \n\t\t\t\t\t\t\t  \n\t\t\t\t\t\t\t  <\/a>\n\n\t\t\t\t\t\t  <\/div>\n\t\t\t\t\t\t  <div class=\"relatedthumb \" style=\"width:125px;float:left;overflow:hidden;\">  \n\t\t\t\t\t\t\t  \n\t\t\t\t\t\t\t  <a  href=\"https:\/\/sul21.com.br\/noticias\/cultura\/2025\/09\/sonhar-com-os-leoes-e-dormir-de-olhos-abertos-ficam-mais-uma-semana-em-cartaz-no-cinebancarios\/\"  >\n\t\t\t\t\t\t\t\t\t  <div class=\"yuzo-img-wrap \" style=\"width: 125px;height:90px;\">\n\t\t\t\t\t\t\t\t\t\t\n\t\t\t\t\t\t\t\t\t\t<div class=\"yuzo-img\" style=\"background:url('https:\/\/redept.org\/blogosfera\/wp-content\/plugins\/yuzo-related-post\/assets\/images\/default.png') 50% 50% no-repeat;width: 125px;height:90px;margin-bottom: 5px;background-size: cover; \"><\/div>\n\t\t\t\t\t\t\t\t\t  <\/div>\n\t\t\t\t\t\t\t\t\t  \n\t\t\t\t\t\t\t\t   <span class=\"yuzo__text--title\" style=\"font-size:13px;\">\u2018Sonhar com os Le\u00f5es\u2019 e \u2018Dormir de Olhos Abertos\u2019 ...<\/span>\n\t\t\t\t\t\t\t  \n\t\t\t\t\t\t\t  \n\t\t\t\t\t\t\t  <\/a>\n\n\t\t\t\t\t\t  <\/div>\n<\/div> <script>\n\t\t\t\t\t\t  jQuery(document).ready(function( $ ){\n\t\t\t\t\t\t\t\/\/jQuery('.yuzo_related_post').equalizer({ overflow : 'relatedthumb' });\n\t\t\t\t\t\t\tjQuery('.yuzo_related_post .yuzo_wraps').equalizer({ columns : '> div' });\n\t\t\t\t\t\t   })\n\t\t\t\t\t\t  <\/script> <!-- End Yuzo :) -->","protected":false},"excerpt":{"rendered":"<p>A face mais abjeta do imperialismo estadunidense ganhou contornos de deboche e desrespeito ao direito internacional nesta semana. Em um gesto que mistura arrog\u00e2ncia colonial e espet\u00e1culo midi\u00e1tico, o presidente Donald Trump utilizou sua rede social, Truth Social, para tripudiar sobre a atual trag\u00e9dia pol\u00edtica e humanit\u00e1ria imposta \u00e0 Venezuela. Trump compartilhou uma montagem que [&hellip;]<\/p>\n","protected":false},"author":2,"featured_media":0,"comment_status":"open","ping_status":"closed","sticky":false,"template":"","format":"standard","meta":{"fifu_image_url":"","fifu_image_alt":"","footnotes":""},"categories":[347,1793,1185,1125,1023,9,1312,1115,50,7645,13555,2328,18630,1048,4993,1049],"tags":[],"class_list":["post-70103","post","type-post","status-publish","format-standard","hentry","category-america-latina","category-casa-branca","category-cuba","category-direito-internacional","category-donald-trump","category-eua","category-geopolitica","category-imperialismo","category-internacional","category-intervencao-militar","category-neocolonialismo","category-nicolas-maduro","category-petroleo-venezuelano","category-soberania","category-truth-social","category-venezuela"],"_links":{"self":[{"href":"https:\/\/redept.com.br\/blogosfera\/wp-json\/wp\/v2\/posts\/70103","targetHints":{"allow":["GET"]}}],"collection":[{"href":"https:\/\/redept.com.br\/blogosfera\/wp-json\/wp\/v2\/posts"}],"about":[{"href":"https:\/\/redept.com.br\/blogosfera\/wp-json\/wp\/v2\/types\/post"}],"author":[{"embeddable":true,"href":"https:\/\/redept.com.br\/blogosfera\/wp-json\/wp\/v2\/users\/2"}],"replies":[{"embeddable":true,"href":"https:\/\/redept.com.br\/blogosfera\/wp-json\/wp\/v2\/comments?post=70103"}],"version-history":[{"count":0,"href":"https:\/\/redept.com.br\/blogosfera\/wp-json\/wp\/v2\/posts\/70103\/revisions"}],"wp:attachment":[{"href":"https:\/\/redept.com.br\/blogosfera\/wp-json\/wp\/v2\/media?parent=70103"}],"wp:term":[{"taxonomy":"category","embeddable":true,"href":"https:\/\/redept.com.br\/blogosfera\/wp-json\/wp\/v2\/categories?post=70103"},{"taxonomy":"post_tag","embeddable":true,"href":"https:\/\/redept.com.br\/blogosfera\/wp-json\/wp\/v2\/tags?post=70103"}],"curies":[{"name":"wp","href":"https:\/\/api.w.org\/{rel}","templated":true}]}}