{"id":70269,"date":"2026-01-13T12:33:05","date_gmt":"2026-01-13T15:33:05","guid":{"rendered":"https:\/\/redept.com.br\/blogosfera\/financiamento-de-veiculos-fecha-2025-com-73-milhoes-de-unidades\/"},"modified":"2026-01-13T12:33:05","modified_gmt":"2026-01-13T15:33:05","slug":"financiamento-de-veiculos-fecha-2025-com-73-milhoes-de-unidades","status":"publish","type":"post","link":"https:\/\/redept.com.br\/blogosfera\/financiamento-de-veiculos-fecha-2025-com-73-milhoes-de-unidades\/","title":{"rendered":"Financiamento de ve\u00edculos fecha 2025 com 7,3 milh\u00f5es de unidades"},"content":{"rendered":"<p><strong>Levantamento realizado no Sistema Nacional de Gravames (SNG), operado pela B3 e que registra as opera\u00e7\u00f5es de financiamento de compras de ve\u00edculos automotivos no pa\u00eds, demonstra\u00a0que 2025 teve alta de 2% nos financiamentos para esses itens, com um total de 7,3 milh\u00f5es de unidades financiadas<\/strong>. O levantamento mostra que\u00a0\u00e9 a\u00a0terceira alta seguida, o que indica tend\u00eancia de alta consolidada, al\u00e9m do melhor resultado em unidades desde 2011. Leia em <strong><a href=\"https:\/\/tvtnews.com.br\/\">TVT News<\/a><\/strong>. <\/p>\n<p><strong>Os estados do Nordeste e do Norte tiveram aumento, respectivamente, de 12,3% e 9,8%, o que foi determinante para o resultado positivo.<\/strong>\u00a0Entre os financiamentos, ve\u00edculos novos foram 2,6 milh\u00f5es de unidades, mais de 50% do total de vendas, que at\u00e9 novembro foram 4,6 milh\u00f5es de unidades, segundo a Fenabrave, associa\u00e7\u00e3o de empresas do setor. Os usados foram 4,6 milh\u00f5es de unidades, mas o pa\u00eds carece de dado p\u00fablico consolidado sobre o\u00a0total de vendas para esse tipo de ve\u00edculo, em 2025.<\/p>\n<p><strong>O levantamento da B3 indica ainda que, entre os ve\u00edculos financiados no ano passado, 41,9% foram comercializados na Regi\u00e3o Sudeste, incluindo novos e usados<\/strong>. Na sequ\u00eancia est\u00e3o as regi\u00f5es Sul, com 20,2%, Nordeste, com 19,5%, Centro-Oeste, com 10,6%, e Norte, com 7,9% do total de financiamentos.<\/p>\n<p><em>Guilherme Jeronymo \u2013 Rep\u00f3rter da <a href=\"https:\/\/agenciabrasil.ebc.com.br\/economia\/noticia\/2026-01\/financiamento-de-veiculos-fecha-2025-com-73-milhoes-de-unidades\" target=\"_blank\" rel=\"noopener noreferrer nofollow\">Ag\u00eancia Brasil<\/a><\/em><\/p>\n<p>The post <a rel=\"nofollow\" href=\"https:\/\/tvtnews.com.br\/financiamento-de-veiculos-fecha-2025-com-73-milhoes-de-unidades\/\">Financiamento de ve\u00edculos fecha 2025 com 7,3 milh\u00f5es de unidades<\/a> appeared first on <a rel=\"nofollow\" href=\"https:\/\/tvtnews.com.br\/\">TVT News<\/a>.<\/p>\n<!-- Begin Yuzo --><div class='yuzo_related_post style-1'  data-version='5.12.89'><!-- without result --><div class='yuzo_clearfixed yuzo__title yuzo__title'><h3>Related Post<\/h3><\/div>\n\t\t\t\t\t\t  <div class=\"relatedthumb \" style=\"width:125px;float:left;overflow:hidden;\">  \n\t\t\t\t\t\t\t  \n\t\t\t\t\t\t\t  <a  href=\"https:\/\/redept.com.br\/blogosfera\/ataques-no-caribe-sao-questao-de-politica-domestica-dos-eua-diz-cientista-politica\/\"  >\n\t\t\t\t\t\t\t\t\t  <div class=\"yuzo-img-wrap \" style=\"width: 125px;height:90px;\">\n\t\t\t\t\t\t\t\t\t\t\n\t\t\t\t\t\t\t\t\t\t<div class=\"yuzo-img\" style=\"background:url('https:\/\/redept.org\/blogosfera\/wp-content\/plugins\/yuzo-related-post\/assets\/images\/default.png') 50% 50% no-repeat;width: 125px;height:90px;margin-bottom: 5px;background-size: cover; \"><\/div>\n\t\t\t\t\t\t\t\t\t  <\/div>\n\t\t\t\t\t\t\t\t\t  \n\t\t\t\t\t\t\t\t   <span class=\"yuzo__text--title\" style=\"font-size:13px;\">Ataques no Caribe s\u00e3o \u2018quest\u00e3o de pol\u00edtica dom\u00e9sti...<\/span>\n\t\t\t\t\t\t\t  \n\t\t\t\t\t\t\t  \n\t\t\t\t\t\t\t  <\/a>\n\n\t\t\t\t\t\t  <\/div>\n\t\t\t\t\t\t  <div class=\"relatedthumb \" style=\"width:125px;float:left;overflow:hidden;\">  \n\t\t\t\t\t\t\t  \n\t\t\t\t\t\t\t  <a  href=\"https:\/\/redept.com.br\/blogosfera\/pgr-pede-condenacao-de-reus-do-nucleo-4-da-trama-golpista\/\"  >\n\t\t\t\t\t\t\t\t\t  <div class=\"yuzo-img-wrap \" style=\"width: 125px;height:90px;\">\n\t\t\t\t\t\t\t\t\t\t\n\t\t\t\t\t\t\t\t\t\t<div class=\"yuzo-img\" style=\"background:url('https:\/\/redept.org\/blogosfera\/wp-content\/plugins\/yuzo-related-post\/assets\/images\/default.png') 50% 50% no-repeat;width: 125px;height:90px;margin-bottom: 5px;background-size: cover; \"><\/div>\n\t\t\t\t\t\t\t\t\t  <\/div>\n\t\t\t\t\t\t\t\t\t  \n\t\t\t\t\t\t\t\t   <span class=\"yuzo__text--title\" style=\"font-size:13px;\">PGR pede condena\u00e7\u00e3o de r\u00e9us do N\u00facleo 4 da trama g...<\/span>\n\t\t\t\t\t\t\t  \n\t\t\t\t\t\t\t  \n\t\t\t\t\t\t\t  <\/a>\n\n\t\t\t\t\t\t  <\/div>\n\t\t\t\t\t\t  <div class=\"relatedthumb \" style=\"width:125px;float:left;overflow:hidden;\">  \n\t\t\t\t\t\t\t  \n\t\t\t\t\t\t\t  <a  href=\"https:\/\/redept.com.br\/blogosfera\/veja-como-declarar-premios-de-loteria-e-de-bets-no-ir-2025\/\"  >\n\t\t\t\t\t\t\t\t\t  <div class=\"yuzo-img-wrap \" style=\"width: 125px;height:90px;\">\n\t\t\t\t\t\t\t\t\t\t\n\t\t\t\t\t\t\t\t\t\t<div class=\"yuzo-img\" style=\"background:url('https:\/\/redept.org\/blogosfera\/wp-content\/plugins\/yuzo-related-post\/assets\/images\/default.png') 50% 50% no-repeat;width: 125px;height:90px;margin-bottom: 5px;background-size: cover; \"><\/div>\n\t\t\t\t\t\t\t\t\t  <\/div>\n\t\t\t\t\t\t\t\t\t  \n\t\t\t\t\t\t\t\t   <span class=\"yuzo__text--title\" style=\"font-size:13px;\">Veja como declarar pr\u00eamios de loteria e de bets no...<\/span>\n\t\t\t\t\t\t\t  \n\t\t\t\t\t\t\t  \n\t\t\t\t\t\t\t  <\/a>\n\n\t\t\t\t\t\t  <\/div>\n\t\t\t\t\t\t  <div class=\"relatedthumb \" style=\"width:125px;float:left;overflow:hidden;\">  \n\t\t\t\t\t\t\t  \n\t\t\t\t\t\t\t  <a  href=\"https:\/\/redept.com.br\/blogosfera\/a-contradicao-do-sistema-socioeducativo-brasileiro-entre-a-protecao-integral-prevista-na-lei-e-a-realidade\/\"  >\n\t\t\t\t\t\t\t\t\t  <div class=\"yuzo-img-wrap \" style=\"width: 125px;height:90px;\">\n\t\t\t\t\t\t\t\t\t\t\n\t\t\t\t\t\t\t\t\t\t<div class=\"yuzo-img\" style=\"background:url('https:\/\/redept.org\/blogosfera\/wp-content\/plugins\/yuzo-related-post\/assets\/images\/default.png') 50% 50% no-repeat;width: 125px;height:90px;margin-bottom: 5px;background-size: cover; \"><\/div>\n\t\t\t\t\t\t\t\t\t  <\/div>\n\t\t\t\t\t\t\t\t\t  \n\t\t\t\t\t\t\t\t   <span class=\"yuzo__text--title\" style=\"font-size:13px;\">A contradi\u00e7\u00e3o do sistema socioeducativo brasileiro...<\/span>\n\t\t\t\t\t\t\t  \n\t\t\t\t\t\t\t  \n\t\t\t\t\t\t\t  <\/a>\n\n\t\t\t\t\t\t  <\/div>\n<\/div> <script>\n\t\t\t\t\t\t  jQuery(document).ready(function( $ ){\n\t\t\t\t\t\t\t\/\/jQuery('.yuzo_related_post').equalizer({ overflow : 'relatedthumb' });\n\t\t\t\t\t\t\tjQuery('.yuzo_related_post .yuzo_wraps').equalizer({ columns : '> div' });\n\t\t\t\t\t\t   })\n\t\t\t\t\t\t  <\/script> <!-- End Yuzo :) -->","protected":false},"excerpt":{"rendered":"<p>Levantamento realizado no Sistema Nacional de Gravames (SNG), operado pela B3 e que registra as opera\u00e7\u00f5es de financiamento de compras de ve\u00edculos automotivos no pa\u00eds, demonstra\u00a0que 2025 teve alta de 2% nos financiamentos para esses itens, com um total de 7,3 milh\u00f5es de unidades financiadas. O levantamento mostra que\u00a0\u00e9 a\u00a0terceira alta seguida, o que indica [&hellip;]<\/p>\n","protected":false},"author":2,"featured_media":0,"comment_status":"open","ping_status":"closed","sticky":false,"template":"","format":"standard","meta":{"fifu_image_url":"","fifu_image_alt":"","footnotes":""},"categories":[489,221,1776,2921],"tags":[],"class_list":["post-70269","post","type-post","status-publish","format-standard","hentry","category-destaque-pequeno","category-economia","category-metalurgicos","category-transportes"],"_links":{"self":[{"href":"https:\/\/redept.com.br\/blogosfera\/wp-json\/wp\/v2\/posts\/70269","targetHints":{"allow":["GET"]}}],"collection":[{"href":"https:\/\/redept.com.br\/blogosfera\/wp-json\/wp\/v2\/posts"}],"about":[{"href":"https:\/\/redept.com.br\/blogosfera\/wp-json\/wp\/v2\/types\/post"}],"author":[{"embeddable":true,"href":"https:\/\/redept.com.br\/blogosfera\/wp-json\/wp\/v2\/users\/2"}],"replies":[{"embeddable":true,"href":"https:\/\/redept.com.br\/blogosfera\/wp-json\/wp\/v2\/comments?post=70269"}],"version-history":[{"count":0,"href":"https:\/\/redept.com.br\/blogosfera\/wp-json\/wp\/v2\/posts\/70269\/revisions"}],"wp:attachment":[{"href":"https:\/\/redept.com.br\/blogosfera\/wp-json\/wp\/v2\/media?parent=70269"}],"wp:term":[{"taxonomy":"category","embeddable":true,"href":"https:\/\/redept.com.br\/blogosfera\/wp-json\/wp\/v2\/categories?post=70269"},{"taxonomy":"post_tag","embeddable":true,"href":"https:\/\/redept.com.br\/blogosfera\/wp-json\/wp\/v2\/tags?post=70269"}],"curies":[{"name":"wp","href":"https:\/\/api.w.org\/{rel}","templated":true}]}}