{"id":70270,"date":"2026-01-13T12:47:42","date_gmt":"2026-01-13T15:47:42","guid":{"rendered":"https:\/\/redept.com.br\/blogosfera\/venda-de-automoveis-e-comerciais-leves-cresce-258-em-2025\/"},"modified":"2026-01-13T12:47:42","modified_gmt":"2026-01-13T15:47:42","slug":"venda-de-automoveis-e-comerciais-leves-cresce-258-em-2025","status":"publish","type":"post","link":"https:\/\/redept.com.br\/blogosfera\/venda-de-automoveis-e-comerciais-leves-cresce-258-em-2025\/","title":{"rendered":"Venda de autom\u00f3veis e comerciais leves cresce 2,58% em 2025"},"content":{"rendered":"<p><strong>As vendas de novos autom\u00f3veis e comerciais leves, como picapes e furg\u00f5es, apresentaram, em 2025, desempenho positivo com crescimento de 2,58 % em rela\u00e7\u00e3o a 2024. Ao todo, foram emplacadas 2.549.462 unidades.\u00a0<\/strong>O balan\u00e7o foi divulgado nesta ter\u00e7a-feira (13), em S\u00e3o Paulo, pela Federa\u00e7\u00e3o Nacional da Distribui\u00e7\u00e3o de Ve\u00edculos Automotores (Fenabrave). Leia em <a href=\"https:\/\/tvtnews.com.br\/\">TVT News<\/a>.<\/p>\n<p>Somando-se a venda de \u00f4nibus e caminh\u00f5es com a de comerciais leves, o resultado tamb\u00e9m foi positivo, com o emplacamento de 2.689.179 unidades, o que representou aumento de 2,08% comparada a 2024.<\/p>\n<p>J\u00e1 quando se considera o emplacamento de todos os segmentos somados (autom\u00f3veis, comerciais leves, caminh\u00f5es, \u00f4nibus, motocicletas, implementos rodovi\u00e1rios e outros ve\u00edculos), o crescimento foi 8,02% no per\u00edodo, com a comercializa\u00e7\u00e3o de 5.124.544 unidades.<\/p>\n<h2>Dezembro<\/h2>\n<p>Em dezembro, a venda de autom\u00f3veis e comerciais leves cresceu 17,59% em rela\u00e7\u00e3o a novembro e 9,60% na compara\u00e7\u00e3o com dezembro de 2024, totalizando 267.117 unidades emplacadas.<\/p>\n<p>Considerando-se o emplacamento de todos os segmentos em dezembro, o setor apresentou crescimento de 12,28% em rela\u00e7\u00e3o a novembro e de 14,97% em rela\u00e7\u00e3o a dezembro de 2024, somando 492.468 ve\u00edculos.<\/p>\n<p><em>Elaine Patricia Cruz \u2013 Rep\u00f3rter da <a href=\"https:\/\/agenciabrasil.ebc.com.br\/economia\/noticia\/2026-01\/venda-de-automoveis-e-comerciais-leves-cresce-258-em-2025\" target=\"_blank\" rel=\"noopener noreferrer nofollow\">Ag\u00eancia Brasil<\/a><\/em><\/p>\n<p>The post <a rel=\"nofollow\" href=\"https:\/\/tvtnews.com.br\/venda-de-automoveis-e-comerciais-leves-cresce-258-em-2025\/\">Venda de autom\u00f3veis e comerciais leves cresce 2,58% em 2025<\/a> appeared first on <a rel=\"nofollow\" href=\"https:\/\/tvtnews.com.br\/\">TVT News<\/a>.<\/p>\n<!-- Begin Yuzo --><div class='yuzo_related_post style-1'  data-version='5.12.89'><!-- without result --><div class='yuzo_clearfixed yuzo__title yuzo__title'><h3>Related Post<\/h3><\/div>\n\t\t\t\t\t\t  <div class=\"relatedthumb \" style=\"width:125px;float:left;overflow:hidden;\">  \n\t\t\t\t\t\t\t  \n\t\t\t\t\t\t\t  <a  href=\"https:\/\/redept.com.br\/blogosfera\/o-rio-sangra-sob-o-comando-de-claudio-castro\/\"  >\n\t\t\t\t\t\t\t\t\t  <div class=\"yuzo-img-wrap \" style=\"width: 125px;height:90px;\">\n\t\t\t\t\t\t\t\t\t\t\n\t\t\t\t\t\t\t\t\t\t<div class=\"yuzo-img\" style=\"background:url('https:\/\/redept.com.br\/blogosfera\/wp-content\/uploads\/2025\/10\/toms9661-150x150.webp') 50% 50% no-repeat;width: 125px;height:90px;margin-bottom: 5px;background-size: cover; \"><\/div>\n\t\t\t\t\t\t\t\t\t  <\/div>\n\t\t\t\t\t\t\t\t\t  \n\t\t\t\t\t\t\t\t   <span class=\"yuzo__text--title\" style=\"font-size:13px;\">O Rio sangra sob o comando de Cl\u00e1udio Castro<\/span>\n\t\t\t\t\t\t\t  \n\t\t\t\t\t\t\t  \n\t\t\t\t\t\t\t  <\/a>\n\n\t\t\t\t\t\t  <\/div>\n\t\t\t\t\t\t  <div class=\"relatedthumb \" style=\"width:125px;float:left;overflow:hidden;\">  \n\t\t\t\t\t\t\t  \n\t\t\t\t\t\t\t  <a  href=\"https:\/\/redept.com.br\/blogosfera\/laudo-da-pf-confirma-que-bolsonaro-pode-continuar-preso-na-papudinha\/\"  >\n\t\t\t\t\t\t\t\t\t  <div class=\"yuzo-img-wrap \" style=\"width: 125px;height:90px;\">\n\t\t\t\t\t\t\t\t\t\t\n\t\t\t\t\t\t\t\t\t\t<div class=\"yuzo-img\" style=\"background:url('https:\/\/redept.com.br\/blogosfera\/wp-content\/uploads\/2026\/02\/BOLSONARO-REPRODUCAO-STF-150x150.webp') 50% 50% no-repeat;width: 125px;height:90px;margin-bottom: 5px;background-size: cover; \"><\/div>\n\t\t\t\t\t\t\t\t\t  <\/div>\n\t\t\t\t\t\t\t\t\t  \n\t\t\t\t\t\t\t\t   <span class=\"yuzo__text--title\" style=\"font-size:13px;\">Laudo da PF confirma que Bolsonaro pode continuar ...<\/span>\n\t\t\t\t\t\t\t  \n\t\t\t\t\t\t\t  \n\t\t\t\t\t\t\t  <\/a>\n\n\t\t\t\t\t\t  <\/div>\n\t\t\t\t\t\t  <div class=\"relatedthumb \" style=\"width:125px;float:left;overflow:hidden;\">  \n\t\t\t\t\t\t\t  \n\t\t\t\t\t\t\t  <a  href=\"https:\/\/redept.com.br\/blogosfera\/flotilha-de-ajuda-humanitaria-com-greta-thumberg-e-thiago-avilla-se-aproxima-de-gaza\/\"  >\n\t\t\t\t\t\t\t\t\t  <div class=\"yuzo-img-wrap \" style=\"width: 125px;height:90px;\">\n\t\t\t\t\t\t\t\t\t\t\n\t\t\t\t\t\t\t\t\t\t<div class=\"yuzo-img\" style=\"background:url('https:\/\/redept.org\/blogosfera\/wp-content\/plugins\/yuzo-related-post\/assets\/images\/default.png') 50% 50% no-repeat;width: 125px;height:90px;margin-bottom: 5px;background-size: cover; \"><\/div>\n\t\t\t\t\t\t\t\t\t  <\/div>\n\t\t\t\t\t\t\t\t\t  \n\t\t\t\t\t\t\t\t   <span class=\"yuzo__text--title\" style=\"font-size:13px;\">Flotilha de ajuda humanit\u00e1ria com Greta Thumberg e...<\/span>\n\t\t\t\t\t\t\t  \n\t\t\t\t\t\t\t  \n\t\t\t\t\t\t\t  <\/a>\n\n\t\t\t\t\t\t  <\/div>\n\t\t\t\t\t\t  <div class=\"relatedthumb \" style=\"width:125px;float:left;overflow:hidden;\">  \n\t\t\t\t\t\t\t  \n\t\t\t\t\t\t\t  <a  href=\"https:\/\/redept.com.br\/blogosfera\/prazo-para-imposto-de-renda-comecou-nesta-segunda-feira-17\/\"  >\n\t\t\t\t\t\t\t\t\t  <div class=\"yuzo-img-wrap \" style=\"width: 125px;height:90px;\">\n\t\t\t\t\t\t\t\t\t\t\n\t\t\t\t\t\t\t\t\t\t<div class=\"yuzo-img\" style=\"background:url('https:\/\/redept.org\/blogosfera\/wp-content\/plugins\/yuzo-related-post\/assets\/images\/default.png') 50% 50% no-repeat;width: 125px;height:90px;margin-bottom: 5px;background-size: cover; \"><\/div>\n\t\t\t\t\t\t\t\t\t  <\/div>\n\t\t\t\t\t\t\t\t\t  \n\t\t\t\t\t\t\t\t   <span class=\"yuzo__text--title\" style=\"font-size:13px;\">Prazo para Imposto de Renda come\u00e7ou nesta segunda-...<\/span>\n\t\t\t\t\t\t\t  \n\t\t\t\t\t\t\t  \n\t\t\t\t\t\t\t  <\/a>\n\n\t\t\t\t\t\t  <\/div>\n<\/div> <script>\n\t\t\t\t\t\t  jQuery(document).ready(function( $ ){\n\t\t\t\t\t\t\t\/\/jQuery('.yuzo_related_post').equalizer({ overflow : 'relatedthumb' });\n\t\t\t\t\t\t\tjQuery('.yuzo_related_post .yuzo_wraps').equalizer({ columns : '> div' });\n\t\t\t\t\t\t   })\n\t\t\t\t\t\t  <\/script> <!-- End Yuzo :) -->","protected":false},"excerpt":{"rendered":"<p>As vendas de novos autom\u00f3veis e comerciais leves, como picapes e furg\u00f5es, apresentaram, em 2025, desempenho positivo com crescimento de 2,58 % em rela\u00e7\u00e3o a 2024. Ao todo, foram emplacadas 2.549.462 unidades.\u00a0O balan\u00e7o foi divulgado nesta ter\u00e7a-feira (13), em S\u00e3o Paulo, pela Federa\u00e7\u00e3o Nacional da Distribui\u00e7\u00e3o de Ve\u00edculos Automotores (Fenabrave). Leia em TVT News. Somando-se [&hellip;]<\/p>\n","protected":false},"author":2,"featured_media":0,"comment_status":"open","ping_status":"closed","sticky":false,"template":"","format":"standard","meta":{"fifu_image_url":"","fifu_image_alt":"","footnotes":""},"categories":[489,221,1776,2921],"tags":[],"class_list":["post-70270","post","type-post","status-publish","format-standard","hentry","category-destaque-pequeno","category-economia","category-metalurgicos","category-transportes"],"_links":{"self":[{"href":"https:\/\/redept.com.br\/blogosfera\/wp-json\/wp\/v2\/posts\/70270","targetHints":{"allow":["GET"]}}],"collection":[{"href":"https:\/\/redept.com.br\/blogosfera\/wp-json\/wp\/v2\/posts"}],"about":[{"href":"https:\/\/redept.com.br\/blogosfera\/wp-json\/wp\/v2\/types\/post"}],"author":[{"embeddable":true,"href":"https:\/\/redept.com.br\/blogosfera\/wp-json\/wp\/v2\/users\/2"}],"replies":[{"embeddable":true,"href":"https:\/\/redept.com.br\/blogosfera\/wp-json\/wp\/v2\/comments?post=70270"}],"version-history":[{"count":0,"href":"https:\/\/redept.com.br\/blogosfera\/wp-json\/wp\/v2\/posts\/70270\/revisions"}],"wp:attachment":[{"href":"https:\/\/redept.com.br\/blogosfera\/wp-json\/wp\/v2\/media?parent=70270"}],"wp:term":[{"taxonomy":"category","embeddable":true,"href":"https:\/\/redept.com.br\/blogosfera\/wp-json\/wp\/v2\/categories?post=70270"},{"taxonomy":"post_tag","embeddable":true,"href":"https:\/\/redept.com.br\/blogosfera\/wp-json\/wp\/v2\/tags?post=70270"}],"curies":[{"name":"wp","href":"https:\/\/api.w.org\/{rel}","templated":true}]}}