{"id":70282,"date":"2026-01-13T13:47:53","date_gmt":"2026-01-13T16:47:53","guid":{"rendered":"https:\/\/redept.com.br\/blogosfera\/tarifa-zero-amplia-direito-a-cidade-e-combate-desigualdades-diz-vereador\/"},"modified":"2026-01-13T13:47:53","modified_gmt":"2026-01-13T16:47:53","slug":"tarifa-zero-amplia-direito-a-cidade-e-combate-desigualdades-diz-vereador","status":"publish","type":"post","link":"https:\/\/redept.com.br\/blogosfera\/tarifa-zero-amplia-direito-a-cidade-e-combate-desigualdades-diz-vereador\/","title":{"rendered":"Tarifa Zero amplia direito a cidade e combate desigualdades, diz vereador"},"content":{"rendered":"<p>A TVT volta a exibir a s\u00e9rie especial de quatro epis\u00f3dios dedicada ao debate sobre a tarifa zero no transporte p\u00fablico, iniciativa do F\u00f3rum Nacional de Parlamentares pela Tarifa Zero, movimento suprapartid\u00e1rio que articula representantes de diferentes regi\u00f5es do pa\u00eds em torno da defesa da mobilidade urbana como direito social. Para comentar a import\u00e2ncia da iniciativa e os caminhos para garantir o transporte p\u00fablico gratuito, o <em><a href=\"https:\/\/www.youtube.com\/watch?v=ROxzNyvpZ1c\" target=\"_blank\" rel=\"noopener noreferrer nofollow\">Jornal TVT News Primeira Edi\u00e7\u00e3o<\/a><\/em> recebeu o vereador de Embu das Artes Uriel Biazin (PT), integrante ativo do f\u00f3rum. Leia em <a href=\"https:\/\/tvtnews.com.br\/\"><strong>TVT News<\/strong><\/a>. <\/p>\n<figure>\n<div>\n<\/div>\n<\/figure>\n<p>Durante a entrevista, Biazin destacou a relev\u00e2ncia de a TVT abrir espa\u00e7o para um tema que, segundo ele, vem ganhando centralidade no debate p\u00fablico, inclusive entre vereadores e prefeitos. \u201c\u00c9 uma felicidade participar desse f\u00f3rum t\u00e3o importante, com parlamentares de todo o Brasil mobilizados em torno da tarifa zero. \u00c9 fundamental ressaltar o papel dos vereadores, que est\u00e3o na ponta, em contato direto com a popula\u00e7\u00e3o\u201d, afirmou. O parlamentar tamb\u00e9m fez refer\u00eancia ao vereador Cl\u00f3vis Girard (PT) de Santo Andr\u00e9, um dos articuladores do movimento, ressaltando sua atua\u00e7\u00e3o na qualifica\u00e7\u00e3o do debate.<\/p>\n<p>Um dos principais momentos da conversa foi a rea\u00e7\u00e3o de Biazin a um artigo publicado recentemente na grande imprensa que criticava a tarifa zero, sob o argumento de que a gratuidade beneficiaria pessoas ricas e desviaria recursos de pol\u00edticas sociais voltadas ao combate \u00e0 fome e \u00e0 mis\u00e9ria. Para o vereador, a tese inverte a realidade. \u201cQuem utiliza o transporte p\u00fablico cotidianamente \u00e9 a classe trabalhadora. A tarifa zero promove acesso \u00e0 cidade e evita que a popula\u00e7\u00e3o pague duas vezes: primeiro por meio dos impostos e depois na catraca\u201d, rebateu.<\/p>\n<p>Biazin ressaltou ainda que, na maior parte dos casos, o transporte coletivo \u00e9 usado para deslocamentos essenciais, como trabalho e estudo, e que o custo da passagem acaba limitando oportunidades e direitos. Ele tamb\u00e9m destacou os impactos ambientais positivos da pol\u00edtica. \u201cDados mostram que, onde a tarifa zero \u00e9 implementada, h\u00e1 aumento da demanda pelo transporte p\u00fablico e redu\u00e7\u00e3o do uso de carros, o que diminui congestionamentos e emiss\u00f5es de carbono\u201d, explicou.<\/p>\n<figure>\n<div>\n<blockquote data-secret=\"OfbtsbG0uZ\"><p><a href=\"https:\/\/tvtnews.com.br\/tvt-exibe-ultimo-episodio-da-serie-tarifa-zero\/\">TVT exibe \u00faltimo epis\u00f3dio da s\u00e9rie Tarifa Zero<\/a><\/p><\/blockquote>\n<\/div>\n<\/figure>\n<p>O vereador reconheceu que ainda existe preconceito e desinforma\u00e7\u00e3o sobre o tema, mas lembrou que o Brasil j\u00e1 conta com mais de 138 cidades que adotaram a tarifa zero, com resultados positivos. Segundo ele, o pa\u00eds \u00e9 hoje o que possui o maior n\u00famero de munic\u00edpios com essa pol\u00edtica, o que demonstra sua viabilidade em diferentes contextos.<\/p>\n<p>Na avalia\u00e7\u00e3o de Biazin, o debate avan\u00e7ou nos \u00faltimos anos. \u201cAs pessoas j\u00e1 sabem o que \u00e9 tarifa zero. Agora estamos na fase do \u2018como fazer\u2019. E \u00e9 a\u00ed que entram os modelos j\u00e1 existentes, que podem ser adaptados \u00e0s realidades locais\u201d, afirmou. Ele tamb\u00e9m citou o papel do governo federal, lembrando que o presidente Lula solicitou estudos para a implementa\u00e7\u00e3o da tarifa zero em \u00e2mbito nacional, refor\u00e7ando a necessidade de que o tema seja discutido nos n\u00edveis municipal, estadual e federal.<\/p>\n<p>Ao final, o parlamentar convidou outros vereadores e vereadoras, inclusive aqueles que atuam na oposi\u00e7\u00e3o em suas cidades, a conhecerem o f\u00f3rum e os modelos apresentados. \u201c\u00c9 poss\u00edvel implementar. Estamos mostrando isso ao poder executivo em Embu das Artes e em v\u00e1rias outras cidades\u201d, concluiu.<\/p>\n<p>A s\u00e9rie especial da TVT segue aprofundando o debate e apresentando experi\u00eancias concretas logo ap\u00f3s o <em>TVT News \u2013 Primeira Edi\u00e7\u00e3o<\/em>, ampliando a discuss\u00e3o sobre mobilidade, justi\u00e7a social e direito \u00e0 cidade.<\/p>\n<p>The post <a rel=\"nofollow\" href=\"https:\/\/tvtnews.com.br\/tarifa-zero-amplia-direito-a-cidade-e-combate-desigualdades-diz-vereador\/\">Tarifa Zero amplia direito a cidade e combate desigualdades, diz vereador<\/a> appeared first on <a rel=\"nofollow\" href=\"https:\/\/tvtnews.com.br\/\">TVT News<\/a>.<\/p>\n<!-- Begin Yuzo --><div class='yuzo_related_post style-1'  data-version='5.12.89'><!-- without result --><div class='yuzo_clearfixed yuzo__title yuzo__title'><h3>Related Post<\/h3><\/div>\n\t\t\t\t\t\t  <div class=\"relatedthumb \" style=\"width:125px;float:left;overflow:hidden;\">  \n\t\t\t\t\t\t\t  \n\t\t\t\t\t\t\t  <a  href=\"https:\/\/redept.com.br\/blogosfera\/ipea-acompanha-bc-e-reduz-projecao-de-inflacao-para-48-em-2025\/\"  >\n\t\t\t\t\t\t\t\t\t  <div class=\"yuzo-img-wrap \" style=\"width: 125px;height:90px;\">\n\t\t\t\t\t\t\t\t\t\t\n\t\t\t\t\t\t\t\t\t\t<div class=\"yuzo-img\" style=\"background:url('https:\/\/redept.org\/blogosfera\/wp-content\/plugins\/yuzo-related-post\/assets\/images\/default.png') 50% 50% no-repeat;width: 125px;height:90px;margin-bottom: 5px;background-size: cover; \"><\/div>\n\t\t\t\t\t\t\t\t\t  <\/div>\n\t\t\t\t\t\t\t\t\t  \n\t\t\t\t\t\t\t\t   <span class=\"yuzo__text--title\" style=\"font-size:13px;\">Ipea acompanha BC e reduz proje\u00e7\u00e3o de infla\u00e7\u00e3o par...<\/span>\n\t\t\t\t\t\t\t  \n\t\t\t\t\t\t\t  \n\t\t\t\t\t\t\t  <\/a>\n\n\t\t\t\t\t\t  <\/div>\n\t\t\t\t\t\t  <div class=\"relatedthumb \" style=\"width:125px;float:left;overflow:hidden;\">  \n\t\t\t\t\t\t\t  \n\t\t\t\t\t\t\t  <a  href=\"https:\/\/redept.com.br\/blogosfera\/populacao-desaprova-emendas-parlamentares-82-considera-que-sao-alvo-de-corrupcao-aponta-quaest\/\"  >\n\t\t\t\t\t\t\t\t\t  <div class=\"yuzo-img-wrap \" style=\"width: 125px;height:90px;\">\n\t\t\t\t\t\t\t\t\t\t\n\t\t\t\t\t\t\t\t\t\t<div class=\"yuzo-img\" style=\"background:url('https:\/\/redept.org\/blogosfera\/wp-content\/plugins\/yuzo-related-post\/assets\/images\/default.png') 50% 50% no-repeat;width: 125px;height:90px;margin-bottom: 5px;background-size: cover; \"><\/div>\n\t\t\t\t\t\t\t\t\t  <\/div>\n\t\t\t\t\t\t\t\t\t  \n\t\t\t\t\t\t\t\t   <span class=\"yuzo__text--title\" style=\"font-size:13px;\">Popula\u00e7\u00e3o desaprova emendas parlamentares: 82% con...<\/span>\n\t\t\t\t\t\t\t  \n\t\t\t\t\t\t\t  \n\t\t\t\t\t\t\t  <\/a>\n\n\t\t\t\t\t\t  <\/div>\n\t\t\t\t\t\t  <div class=\"relatedthumb \" style=\"width:125px;float:left;overflow:hidden;\">  \n\t\t\t\t\t\t\t  \n\t\t\t\t\t\t\t  <a  href=\"https:\/\/redept.com.br\/blogosfera\/governo-lula-lanca-r-10-bi-em-credito-para-renovar-frota-de-caminhoes\/\"  >\n\t\t\t\t\t\t\t\t\t  <div class=\"yuzo-img-wrap \" style=\"width: 125px;height:90px;\">\n\t\t\t\t\t\t\t\t\t\t\n\t\t\t\t\t\t\t\t\t\t<div class=\"yuzo-img\" style=\"background:url('https:\/\/redept.com.br\/blogosfera\/wp-content\/uploads\/2026\/01\/55031126370_ae9208848e_k-150x150.jpg') 50% 50% no-repeat;width: 125px;height:90px;margin-bottom: 5px;background-size: cover; \"><\/div>\n\t\t\t\t\t\t\t\t\t  <\/div>\n\t\t\t\t\t\t\t\t\t  \n\t\t\t\t\t\t\t\t   <span class=\"yuzo__text--title\" style=\"font-size:13px;\">Governo Lula lan\u00e7a R$ 10 bi em cr\u00e9dito para renova...<\/span>\n\t\t\t\t\t\t\t  \n\t\t\t\t\t\t\t  \n\t\t\t\t\t\t\t  <\/a>\n\n\t\t\t\t\t\t  <\/div>\n\t\t\t\t\t\t  <div class=\"relatedthumb \" style=\"width:125px;float:left;overflow:hidden;\">  \n\t\t\t\t\t\t\t  \n\t\t\t\t\t\t\t  <a  href=\"https:\/\/redept.com.br\/blogosfera\/movimentos-sociais-ocupam-o-cais-embarcadero-em-porto-alegre\/\"  >\n\t\t\t\t\t\t\t\t\t  <div class=\"yuzo-img-wrap \" style=\"width: 125px;height:90px;\">\n\t\t\t\t\t\t\t\t\t\t\n\t\t\t\t\t\t\t\t\t\t<div class=\"yuzo-img\" style=\"background:url('https:\/\/redept.com.br\/blogosfera\/wp-content\/uploads\/2025\/05\/image-1024x128-1-30-150x128.png') 50% 50% no-repeat;width: 125px;height:90px;margin-bottom: 5px;background-size: cover; \"><\/div>\n\t\t\t\t\t\t\t\t\t  <\/div>\n\t\t\t\t\t\t\t\t\t  \n\t\t\t\t\t\t\t\t   <span class=\"yuzo__text--title\" style=\"font-size:13px;\">Movimentos sociais ocupam o Cais Embarcadero em Po...<\/span>\n\t\t\t\t\t\t\t  \n\t\t\t\t\t\t\t  \n\t\t\t\t\t\t\t  <\/a>\n\n\t\t\t\t\t\t  <\/div>\n<\/div> <script>\n\t\t\t\t\t\t  jQuery(document).ready(function( $ ){\n\t\t\t\t\t\t\t\/\/jQuery('.yuzo_related_post').equalizer({ overflow : 'relatedthumb' });\n\t\t\t\t\t\t\tjQuery('.yuzo_related_post .yuzo_wraps').equalizer({ columns : '> div' });\n\t\t\t\t\t\t   })\n\t\t\t\t\t\t  <\/script> <!-- End Yuzo :) -->","protected":false},"excerpt":{"rendered":"<p>A TVT volta a exibir a s\u00e9rie especial de quatro epis\u00f3dios dedicada ao debate sobre a tarifa zero no transporte p\u00fablico, iniciativa do F\u00f3rum Nacional de Parlamentares pela Tarifa Zero, movimento suprapartid\u00e1rio que articula representantes de diferentes regi\u00f5es do pa\u00eds em torno da defesa da mobilidade urbana como direito social. Para comentar a import\u00e2ncia da [&hellip;]<\/p>\n","protected":false},"author":2,"featured_media":0,"comment_status":"open","ping_status":"closed","sticky":false,"template":"","format":"standard","meta":{"fifu_image_url":"","fifu_image_alt":"","footnotes":""},"categories":[264,489,663,2921,2709],"tags":[],"class_list":["post-70282","post","type-post","status-publish","format-standard","hentry","category-cidadania","category-destaque-pequeno","category-tarifa-zero","category-transportes","category-tvt"],"_links":{"self":[{"href":"https:\/\/redept.com.br\/blogosfera\/wp-json\/wp\/v2\/posts\/70282","targetHints":{"allow":["GET"]}}],"collection":[{"href":"https:\/\/redept.com.br\/blogosfera\/wp-json\/wp\/v2\/posts"}],"about":[{"href":"https:\/\/redept.com.br\/blogosfera\/wp-json\/wp\/v2\/types\/post"}],"author":[{"embeddable":true,"href":"https:\/\/redept.com.br\/blogosfera\/wp-json\/wp\/v2\/users\/2"}],"replies":[{"embeddable":true,"href":"https:\/\/redept.com.br\/blogosfera\/wp-json\/wp\/v2\/comments?post=70282"}],"version-history":[{"count":0,"href":"https:\/\/redept.com.br\/blogosfera\/wp-json\/wp\/v2\/posts\/70282\/revisions"}],"wp:attachment":[{"href":"https:\/\/redept.com.br\/blogosfera\/wp-json\/wp\/v2\/media?parent=70282"}],"wp:term":[{"taxonomy":"category","embeddable":true,"href":"https:\/\/redept.com.br\/blogosfera\/wp-json\/wp\/v2\/categories?post=70282"},{"taxonomy":"post_tag","embeddable":true,"href":"https:\/\/redept.com.br\/blogosfera\/wp-json\/wp\/v2\/tags?post=70282"}],"curies":[{"name":"wp","href":"https:\/\/api.w.org\/{rel}","templated":true}]}}