{"id":70512,"date":"2026-01-14T14:10:22","date_gmt":"2026-01-14T17:10:22","guid":{"rendered":"https:\/\/redept.com.br\/blogosfera\/denuncia-contra-trump-por-sequestro-de-maduro-rende-multa-no-uzbequistao\/"},"modified":"2026-01-14T14:10:22","modified_gmt":"2026-01-14T17:10:22","slug":"denuncia-contra-trump-por-sequestro-de-maduro-rende-multa-no-uzbequistao","status":"publish","type":"post","link":"https:\/\/redept.com.br\/blogosfera\/denuncia-contra-trump-por-sequestro-de-maduro-rende-multa-no-uzbequistao\/","title":{"rendered":"Den\u00fancia contra Trump por sequestro de Maduro rende multa no Uzbequist\u00e3o"},"content":{"rendered":"<p>Um tribunal em Tashkent, capital do Uzbequist\u00e3o, imp\u00f4s uma multa de 1,23 milh\u00e3o de somes (cerca de RS$ 500) a um morador local que chamou a pol\u00edcia para apresentar uma queixa contra o presidente dos EUA, Donald Trump, por supostamente ter sequestrado o presidente venezuelano, Nicol\u00e1s Maduro.<\/p>\n<p>Segundo a decis\u00e3o, \u00e0 qual a m\u00eddia teve acesso, o homem foi sancionado nos termos do Artigo 199 do C\u00f3digo de Responsabilidade Administrativa do Uzbequist\u00e3o, que pune o fornecimento deliberado de informa\u00e7\u00f5es falsas a servi\u00e7os especializados.<\/p>\n<p>Segundo o processo, o homem, que estava embriagado, ligou para o Departamento de Assuntos Internos da Pol\u00edcia de Tashkent e solicitou que sua queixa contra Trump fosse oficialmente aceita. Os policiais disseram a ele que deveria ir \u00e0 delegacia mais pr\u00f3xima para registrar a queixa, mas ele nunca apareceu.<\/p>\n<p>Na audi\u00eancia judicial, o r\u00e9u admitiu sua culpa e declarou que estava embriagado no momento da liga\u00e7\u00e3o, que n\u00e3o se lembrava do conte\u00fado exato da mensagem e que desconhecia as poss\u00edveis consequ\u00eancias de seus atos.<\/p>\n<h3>Sequestro de Maduro<\/h3>\n<p>Sob o pretexto de combater o narcoterrorismo, os EUA lan\u00e7aram uma grande agress\u00e3o militar em territ\u00f3rio venezuelano em 3 de janeiro. A opera\u00e7\u00e3o terminou com o sequestro de Nicol\u00e1s Maduro e sua esposa, Cilia Flores.<\/p>\n<p>Caracas descreveu as a\u00e7\u00f5es de Washington como uma \u201cagress\u00e3o militar muito grave\u201d e alertou que o objetivo dos ataques \u201cn\u00e3o \u00e9 outro sen\u00e3o o de se apoderar dos recursos estrat\u00e9gicos da Venezuela\u201d.<\/p>\n<p>Diversos pa\u00edses ao redor do mundo, incluindo a R\u00fassia, condenaram as a\u00e7\u00f5es dos EUA. Moscou repudiou o ataque e declarou que a Venezuela deve ter o direito de decidir seu pr\u00f3prio destino sem qualquer tipo de interven\u00e7\u00e3o externa.<\/p>\n<p>O post Den\u00fancia contra Trump por sequestro de Maduro rende multa no Uzbequist\u00e3o apareceu primeiro em Opera Mundi.<\/p>\n<!-- Begin Yuzo --><div class='yuzo_related_post style-1'  data-version='5.12.89'><!-- without result --><div class='yuzo_clearfixed yuzo__title yuzo__title'><h3>Related Post<\/h3><\/div>\n\t\t\t\t\t\t  <div class=\"relatedthumb \" style=\"width:125px;float:left;overflow:hidden;\">  \n\t\t\t\t\t\t\t  \n\t\t\t\t\t\t\t  <a  href=\"https:\/\/redept.com.br\/blogosfera\/extrema-direita-supera-socialistas-e-vira-segunda-maior-forca-politica-de-portugal\/\"  >\n\t\t\t\t\t\t\t\t\t  <div class=\"yuzo-img-wrap \" style=\"width: 125px;height:90px;\">\n\t\t\t\t\t\t\t\t\t\t\n\t\t\t\t\t\t\t\t\t\t<div class=\"yuzo-img\" style=\"background:url('https:\/\/redept.org\/blogosfera\/wp-content\/plugins\/yuzo-related-post\/assets\/images\/default.png') 50% 50% no-repeat;width: 125px;height:90px;margin-bottom: 5px;background-size: cover; \"><\/div>\n\t\t\t\t\t\t\t\t\t  <\/div>\n\t\t\t\t\t\t\t\t\t  \n\t\t\t\t\t\t\t\t   <span class=\"yuzo__text--title\" style=\"font-size:13px;\">Extrema direita supera socialistas e vira segunda ...<\/span>\n\t\t\t\t\t\t\t  \n\t\t\t\t\t\t\t  \n\t\t\t\t\t\t\t  <\/a>\n\n\t\t\t\t\t\t  <\/div>\n\t\t\t\t\t\t  <div class=\"relatedthumb \" style=\"width:125px;float:left;overflow:hidden;\">  \n\t\t\t\t\t\t\t  \n\t\t\t\t\t\t\t  <a  href=\"https:\/\/redept.com.br\/blogosfera\/ministerio-publico-federal-abre-inquerito-para-apurar-causas-e-impactos-socioambientais-de-queda-de-ponte-entre-tocantins-e-maranhao\/\"  >\n\t\t\t\t\t\t\t\t\t  <div class=\"yuzo-img-wrap \" style=\"width: 125px;height:90px;\">\n\t\t\t\t\t\t\t\t\t\t\n\t\t\t\t\t\t\t\t\t\t<div class=\"yuzo-img\" style=\"background:url('https:\/\/redept.org\/blogosfera\/wp-content\/plugins\/yuzo-related-post\/assets\/images\/default.png') 50% 50% no-repeat;width: 125px;height:90px;margin-bottom: 5px;background-size: cover; \"><\/div>\n\t\t\t\t\t\t\t\t\t  <\/div>\n\t\t\t\t\t\t\t\t\t  \n\t\t\t\t\t\t\t\t   <span class=\"yuzo__text--title\" style=\"font-size:13px;\">Minist\u00e9rio P\u00fablico Federal abre inqu\u00e9rito para apu...<\/span>\n\t\t\t\t\t\t\t  \n\t\t\t\t\t\t\t  \n\t\t\t\t\t\t\t  <\/a>\n\n\t\t\t\t\t\t  <\/div>\n\t\t\t\t\t\t  <div class=\"relatedthumb \" style=\"width:125px;float:left;overflow:hidden;\">  \n\t\t\t\t\t\t\t  \n\t\t\t\t\t\t\t  <a  href=\"https:\/\/redept.com.br\/blogosfera\/avos-da-praca-de-maio-encontram-novo-neto-sequestrado-na-ditadura-argentina\/\"  >\n\t\t\t\t\t\t\t\t\t  <div class=\"yuzo-img-wrap \" style=\"width: 125px;height:90px;\">\n\t\t\t\t\t\t\t\t\t\t\n\t\t\t\t\t\t\t\t\t\t<div class=\"yuzo-img\" style=\"background:url('https:\/\/redept.com.br\/blogosfera\/wp-content\/uploads\/2025\/07\/140-150x150.jpg') 50% 50% no-repeat;width: 125px;height:90px;margin-bottom: 5px;background-size: cover; \"><\/div>\n\t\t\t\t\t\t\t\t\t  <\/div>\n\t\t\t\t\t\t\t\t\t  \n\t\t\t\t\t\t\t\t   <span class=\"yuzo__text--title\" style=\"font-size:13px;\">Av\u00f3s da Pra\u00e7a de Maio encontram novo neto sequestr...<\/span>\n\t\t\t\t\t\t\t  \n\t\t\t\t\t\t\t  \n\t\t\t\t\t\t\t  <\/a>\n\n\t\t\t\t\t\t  <\/div>\n\t\t\t\t\t\t  <div class=\"relatedthumb \" style=\"width:125px;float:left;overflow:hidden;\">  \n\t\t\t\t\t\t\t  \n\t\t\t\t\t\t\t  <a  href=\"https:\/\/redept.com.br\/blogosfera\/cinema-o-carnaval-do-fim-do-mundo\/\"  >\n\t\t\t\t\t\t\t\t\t  <div class=\"yuzo-img-wrap \" style=\"width: 125px;height:90px;\">\n\t\t\t\t\t\t\t\t\t\t\n\t\t\t\t\t\t\t\t\t\t<div class=\"yuzo-img\" style=\"background:url('https:\/\/redept.com.br\/blogosfera\/wp-content\/uploads\/2026\/04\/daniel-enquadramento-capa-2026-02-13t184505614-150x150.jpg') 50% 50% no-repeat;width: 125px;height:90px;margin-bottom: 5px;background-size: cover; \"><\/div>\n\t\t\t\t\t\t\t\t\t  <\/div>\n\t\t\t\t\t\t\t\t\t  \n\t\t\t\t\t\t\t\t   <span class=\"yuzo__text--title\" style=\"font-size:13px;\">Cinema: O carnaval do fim do mundo<\/span>\n\t\t\t\t\t\t\t  \n\t\t\t\t\t\t\t  \n\t\t\t\t\t\t\t  <\/a>\n\n\t\t\t\t\t\t  <\/div>\n<\/div> <script>\n\t\t\t\t\t\t  jQuery(document).ready(function( $ ){\n\t\t\t\t\t\t\t\/\/jQuery('.yuzo_related_post').equalizer({ overflow : 'relatedthumb' });\n\t\t\t\t\t\t\tjQuery('.yuzo_related_post .yuzo_wraps').equalizer({ columns : '> div' });\n\t\t\t\t\t\t   })\n\t\t\t\t\t\t  <\/script> <!-- End Yuzo :) -->","protected":false},"excerpt":{"rendered":"<p>Um tribunal em Tashkent, capital do Uzbequist\u00e3o, imp\u00f4s uma multa de 1,23 milh\u00e3o de somes (cerca de RS$ 500) a um morador local que chamou a pol\u00edcia para apresentar uma queixa contra o presidente dos EUA, Donald Trump, por supostamente ter sequestrado o presidente venezuelano, Nicol\u00e1s Maduro. Segundo a decis\u00e3o, \u00e0 qual a m\u00eddia teve [\u2026]<\/p>\n<p>O post <a href=\"https:\/\/operamundi.uol.com.br\/conflito-eua-e-venezuela\/denuncia-contra-trump-por-sequestro-de-maduro-rende-multa-no-uzbequistao\/\">Den\u00fancia contra Trump por sequestro de Maduro rende multa no Uzbequist\u00e3o<\/a> apareceu primeiro em <a href=\"https:\/\/operamundi.uol.com.br\/\">Opera Mundi<\/a>.<\/p>\n","protected":false},"author":2,"featured_media":0,"comment_status":"closed","ping_status":"closed","sticky":false,"template":"","format":"standard","meta":{"fifu_image_url":"","fifu_image_alt":"","footnotes":""},"categories":[32825,30954,1023,9,4618,2328,3751,9289,1049],"tags":[],"class_list":["post-70512","post","type-post","status-publish","format-standard","hentry","category-agressao-militar","category-conflito-eua-x-venezuela","category-donald-trump","category-eua","category-multa","category-nicolas-maduro","category-sequestro","category-uzbequistao","category-venezuela"],"_links":{"self":[{"href":"https:\/\/redept.com.br\/blogosfera\/wp-json\/wp\/v2\/posts\/70512","targetHints":{"allow":["GET"]}}],"collection":[{"href":"https:\/\/redept.com.br\/blogosfera\/wp-json\/wp\/v2\/posts"}],"about":[{"href":"https:\/\/redept.com.br\/blogosfera\/wp-json\/wp\/v2\/types\/post"}],"author":[{"embeddable":true,"href":"https:\/\/redept.com.br\/blogosfera\/wp-json\/wp\/v2\/users\/2"}],"replies":[{"embeddable":true,"href":"https:\/\/redept.com.br\/blogosfera\/wp-json\/wp\/v2\/comments?post=70512"}],"version-history":[{"count":0,"href":"https:\/\/redept.com.br\/blogosfera\/wp-json\/wp\/v2\/posts\/70512\/revisions"}],"wp:attachment":[{"href":"https:\/\/redept.com.br\/blogosfera\/wp-json\/wp\/v2\/media?parent=70512"}],"wp:term":[{"taxonomy":"category","embeddable":true,"href":"https:\/\/redept.com.br\/blogosfera\/wp-json\/wp\/v2\/categories?post=70512"},{"taxonomy":"post_tag","embeddable":true,"href":"https:\/\/redept.com.br\/blogosfera\/wp-json\/wp\/v2\/tags?post=70512"}],"curies":[{"name":"wp","href":"https:\/\/api.w.org\/{rel}","templated":true}]}}