{"id":70513,"date":"2026-01-14T14:37:54","date_gmt":"2026-01-14T17:37:54","guid":{"rendered":"https:\/\/redept.com.br\/blogosfera\/eua-podem-atacar-o-ira-dentro-de-24-horas-diz-agencia\/"},"modified":"2026-01-14T14:37:54","modified_gmt":"2026-01-14T17:37:54","slug":"eua-podem-atacar-o-ira-dentro-de-24-horas-diz-agencia","status":"publish","type":"post","link":"https:\/\/redept.com.br\/blogosfera\/eua-podem-atacar-o-ira-dentro-de-24-horas-diz-agencia\/","title":{"rendered":"EUA podem atacar o Ir\u00e3 \u2018dentro de 24 horas\u2019, diz ag\u00eancia"},"content":{"rendered":"<p><span>Os Estados Unidos est\u00e3o retirando funcion\u00e1rios de suas bases instaladas no Oriente M\u00e9dio por \u201cprecau\u00e7\u00e3o\u201d ap\u00f3s o Ir\u00e3 alertar os pa\u00edses vizinhos de que as estruturas seriam atacadas em caso de interven\u00e7\u00e3o estrangeira, conforme uma fonte norte-americana informou nesta quarta-feira (14\/01) \u00e0 ag\u00eancia <em>Reuters<\/em>. Nos \u00faltimos dias, o presidente Donald Trump amea\u00e7ou Teer\u00e3 de \u201ca\u00e7\u00f5es muito fortes\u201d caso houvesse registros de manifestantes mortos nos protestos em curso no pa\u00eds persa.<\/span><\/p>\n<p><span>Ao ve\u00edculo, dois oficiais europeus admitiram que uma interven\u00e7\u00e3o militar norte-americana parecia prov\u00e1vel. Um deles, por sua vez, alertou que um eventual ataque poderia ocorrer \u201cnas pr\u00f3ximas 24 horas\u201d. Ainda segundo a <em>Reuters<\/em>, um funcion\u00e1rio israelense indicou que \u201cparecia que Trump havia tomado a decis\u00e3o de intervir\u201d.<\/span><\/p>\n<p>Na Base A\u00e9rea de Al Udeid, no Catar, a maior dos Estados Unidos na regi\u00e3o, o governo catari confirmou em comunicado que as evacua\u00e7\u00f5es \u201cest\u00e3o sendo realizadas em resposta \u00e0s atuais tens\u00f5es regionais\u201d, embora o Comando Central do Pent\u00e1gono n\u00e3o tenha feito nenhum an\u00fancio p\u00fablico de imediato.<\/p>\n<p><span>Os protestos massivos no territ\u00f3rio iraniano come\u00e7aram em 29 de dezembro. De car\u00e1ter pac\u00edfico, os manifestantes, em sua maioria comerciantes, reivindicavam melhoria na situa\u00e7\u00e3o econ\u00f4mica nacional \u2013 que incluem problemas como desvaloriza\u00e7\u00e3o do rial (moeda local) e infla\u00e7\u00e3o, decorrentes das san\u00e7\u00f5es impostas pelo Ocidente.\u00a0<\/span><\/p>\n<p><span>No entanto, ao longo dos dias, os protestos se tornaram violentos, com registros de vandalismo e assassinatos, no que as autoridades locais denunciaram as manobras imperialistas de Washington e Tel Aviv (via servi\u00e7o do Mossad), argumentando que ambos estavam orquestrando a participa\u00e7\u00e3o de grupos armados infiltrados para gerar caos e, assim, servir de pretexto para interven\u00e7\u00f5es armadas.<\/span><\/p>\n<p><span>Recentemente, o presidente norte-americano publicou em suas redes sociais uma declara\u00e7\u00e3o que incitava uma interven\u00e7\u00e3o militar no Ir\u00e3, e pediu para que os manifestantes locais, a quem os chamou de \u201cpatriotas\u201d, continuassem nas ruas para \u201ctomar as institui\u00e7\u00f5es\u201d. Al\u00e9m disso, o republicano anunciou a imposi\u00e7\u00e3o de uma tarifa de 25% para parceiros comerciais do pa\u00eds persa, como medida punitiva contra Teer\u00e3.<\/span><\/p>\n<figure aria-describedby=\"caption-attachment-243449\"><img loading=\"lazy\" loading=\"lazy\" decoding=\"async\"src=\"https:\/\/redept.com.br\/blogosfera\/wp-content\/uploads\/2026\/01\/fc3b7de7-c2d3-4bb2-9cba-f94431e85e66-55037673789-63f79659f6-k-1.webp\" alt=\"\" width=\"800\" height=\"533\" srcset=\"https:\/\/redept.com.br\/blogosfera\/wp-content\/uploads\/2026\/01\/fc3b7de7-c2d3-4bb2-9cba-f94431e85e66-55037673789-63f79659f6-k-1.webp 800w, https:\/\/operamundi.uol.com.br\/wp-content\/uploads\/2026\/01\/fc3b7de7-c2d3-4bb2-9cba-f94431e85e66-55037673789-63f79659f6-k-1-300x200.webp 300w, https:\/\/operamundi.uol.com.br\/wp-content\/uploads\/2026\/01\/fc3b7de7-c2d3-4bb2-9cba-f94431e85e66-55037673789-63f79659f6-k-1-768x512.webp 768w, https:\/\/operamundi.uol.com.br\/wp-content\/uploads\/2026\/01\/fc3b7de7-c2d3-4bb2-9cba-f94431e85e66-55037673789-63f79659f6-k-1-150x100.webp 150w, https:\/\/operamundi.uol.com.br\/wp-content\/uploads\/2026\/01\/fc3b7de7-c2d3-4bb2-9cba-f94431e85e66-55037673789-63f79659f6-k-1-750x500.webp 750w\" sizes=\"auto, (max-width: 800px) 100vw, 800px\"><figcaption>Fontes da Casa Branca especulam ataque norte-americano ao Ir\u00e3 nas pr\u00f3ximas horas <br \/>Fotos P\u00fablicas\/Molly Riley<\/figcaption><\/figure>\n<h3><span>Pent\u00e1gono apresentou a Trump op\u00e7\u00f5es para alvos no Ir\u00e3<\/span><\/h3>\n<p><span>De acordo com a apura\u00e7\u00e3o do jornal <em>New York Times<\/em>, o Pent\u00e1gono apresentou uma ampla gama de op\u00e7\u00f5es a Trump para alvos no Ir\u00e3, incluindo o programa nuclear iraniano e os locais de m\u00edsseis bal\u00edsticos. O ve\u00edculo tamb\u00e9m informou que outras op\u00e7\u00f5es, contudo, n\u00e3o est\u00e3o descartadas, como por exemplo um ciberataque ou um ataque contra o aparato de seguran\u00e7a interna do Ir\u00e3.\u00a0<\/span><\/p>\n<p><span>\u201cUm ataque est\u00e1 a pelo menos alguns dias de dist\u00e2ncia e pode provocar uma retalia\u00e7\u00e3o vigorosa do Ir\u00e3\u201d, afirmou uma fonte ao <em>NYT<\/em>.\u00a0<\/span><\/p>\n<p><span>Segundo as autoridades do Pent\u00e1gono, a Marinha dos Estados Unidos possui atualmente tr\u00eas contratorpedeiros lan\u00e7adores de m\u00edsseis na regi\u00e3o do Oriente M\u00e9dio, incluindo o Roosevelt, que nos \u00faltimos dias entrou no Mar Vermelho. Al\u00e9m disso, a Marinha tamb\u00e9m possui pelo menos um submarino lan\u00e7ador de m\u00edsseis na regi\u00e3o.<\/span><\/p>\n<h3><span>Ataque pode ser \u2018maior erro\u2019 dos EUA<\/span><\/h3>\n<p><span>O presidente do Comit\u00ea de Assuntos Internacionais da c\u00e2mara baixa do Parlamento da R\u00fassia, Leonid Slutsky, afirmou que uma interven\u00e7\u00e3o militar norte-americana no Ir\u00e3 teria potencial de desestabilizar toda a regi\u00e3o.<\/span><\/p>\n<p><span>\u201cSe a Casa Branca decidir por uma agress\u00e3o contra Teer\u00e3, ser\u00e1 o maior erro de Washington\u201d, disse Slutsky, em coment\u00e1rio publicado pela ag\u00eancia estatal russa <em>TASS<\/em>. Tamb\u00e9m criticou que os protestos no Ir\u00e3 est\u00e3o sendo alimentados por pot\u00eancias estrangeiras. \u201cPol\u00edticos ocidentais efetivamente aprovaram isso ao pedir aos manifestantes que continuem os confrontos de rua e derrubem as autoridades legalmente eleitas\u201d.<\/span><\/p>\n<p>O post EUA podem atacar o Ir\u00e3 \u2018dentro de 24 horas\u2019, diz ag\u00eancia apareceu primeiro em Opera Mundi.<\/p>\n<!-- Begin Yuzo --><div class='yuzo_related_post style-1'  data-version='5.12.89'><!-- without result --><div class='yuzo_clearfixed yuzo__title yuzo__title'><h3>Related Post<\/h3><\/div>\n\t\t\t\t\t\t  <div class=\"relatedthumb \" style=\"width:125px;float:left;overflow:hidden;\">  \n\t\t\t\t\t\t\t  \n\t\t\t\t\t\t\t  <a  href=\"https:\/\/redept.com.br\/blogosfera\/economia-esta-no-rumo-certo-mas-o-andar-de-cima-precisa-contribuir-mais-diz-haddad\/\"  >\n\t\t\t\t\t\t\t\t\t  <div class=\"yuzo-img-wrap \" style=\"width: 125px;height:90px;\">\n\t\t\t\t\t\t\t\t\t\t\n\t\t\t\t\t\t\t\t\t\t<div class=\"yuzo-img\" style=\"background:url('https:\/\/redept.org\/blogosfera\/wp-content\/plugins\/yuzo-related-post\/assets\/images\/default.png') 50% 50% no-repeat;width: 125px;height:90px;margin-bottom: 5px;background-size: cover; \"><\/div>\n\t\t\t\t\t\t\t\t\t  <\/div>\n\t\t\t\t\t\t\t\t\t  \n\t\t\t\t\t\t\t\t   <span class=\"yuzo__text--title\" style=\"font-size:13px;\">\u201cEconomia est\u00e1 no rumo certo, mas o \u2018andar de cima...<\/span>\n\t\t\t\t\t\t\t  \n\t\t\t\t\t\t\t  \n\t\t\t\t\t\t\t  <\/a>\n\n\t\t\t\t\t\t  <\/div>\n\t\t\t\t\t\t  <div class=\"relatedthumb \" style=\"width:125px;float:left;overflow:hidden;\">  \n\t\t\t\t\t\t\t  \n\t\t\t\t\t\t\t  <a  href=\"https:\/\/redept.com.br\/blogosfera\/datasenado-85-das-mulheres-negras-vitimas-de-violencia-vivem-com-agressor\/\"  >\n\t\t\t\t\t\t\t\t\t  <div class=\"yuzo-img-wrap \" style=\"width: 125px;height:90px;\">\n\t\t\t\t\t\t\t\t\t\t\n\t\t\t\t\t\t\t\t\t\t<div class=\"yuzo-img\" style=\"background:url('https:\/\/redept.com.br\/blogosfera\/wp-content\/uploads\/2024\/11\/marcelo-casal-agencia-br-150x150.png') 50% 50% no-repeat;width: 125px;height:90px;margin-bottom: 5px;background-size: cover; \"><\/div>\n\t\t\t\t\t\t\t\t\t  <\/div>\n\t\t\t\t\t\t\t\t\t  \n\t\t\t\t\t\t\t\t   <span class=\"yuzo__text--title\" style=\"font-size:13px;\">DataSenado: 85% das mulheres negras v\u00edtimas de vio...<\/span>\n\t\t\t\t\t\t\t  \n\t\t\t\t\t\t\t  \n\t\t\t\t\t\t\t  <\/a>\n\n\t\t\t\t\t\t  <\/div>\n\t\t\t\t\t\t  <div class=\"relatedthumb \" style=\"width:125px;float:left;overflow:hidden;\">  \n\t\t\t\t\t\t\t  \n\t\t\t\t\t\t\t  <a  href=\"https:\/\/redept.com.br\/blogosfera\/aprovada-em-comissao-proposta-do-novo-codigo-eleitoral-vai-ao-plenario\/\"  >\n\t\t\t\t\t\t\t\t\t  <div class=\"yuzo-img-wrap \" style=\"width: 125px;height:90px;\">\n\t\t\t\t\t\t\t\t\t\t\n\t\t\t\t\t\t\t\t\t\t<div class=\"yuzo-img\" style=\"background:url('https:\/\/redept.org\/blogosfera\/wp-content\/plugins\/yuzo-related-post\/assets\/images\/default.png') 50% 50% no-repeat;width: 125px;height:90px;margin-bottom: 5px;background-size: cover; \"><\/div>\n\t\t\t\t\t\t\t\t\t  <\/div>\n\t\t\t\t\t\t\t\t\t  \n\t\t\t\t\t\t\t\t   <span class=\"yuzo__text--title\" style=\"font-size:13px;\">Aprovada em comiss\u00e3o, proposta do novo C\u00f3digo Elei...<\/span>\n\t\t\t\t\t\t\t  \n\t\t\t\t\t\t\t  \n\t\t\t\t\t\t\t  <\/a>\n\n\t\t\t\t\t\t  <\/div>\n\t\t\t\t\t\t  <div class=\"relatedthumb \" style=\"width:125px;float:left;overflow:hidden;\">  \n\t\t\t\t\t\t\t  \n\t\t\t\t\t\t\t  <a  href=\"https:\/\/redept.com.br\/blogosfera\/instituto-vladimir-herzog-repudia-agressao-do-deputado-paulo-bilynskyj-contra-guga-noblat\/\"  >\n\t\t\t\t\t\t\t\t\t  <div class=\"yuzo-img-wrap \" style=\"width: 125px;height:90px;\">\n\t\t\t\t\t\t\t\t\t\t\n\t\t\t\t\t\t\t\t\t\t<div class=\"yuzo-img\" style=\"background:url('https:\/\/redept.org\/blogosfera\/wp-content\/plugins\/yuzo-related-post\/assets\/images\/default.png') 50% 50% no-repeat;width: 125px;height:90px;margin-bottom: 5px;background-size: cover; \"><\/div>\n\t\t\t\t\t\t\t\t\t  <\/div>\n\t\t\t\t\t\t\t\t\t  \n\t\t\t\t\t\t\t\t   <span class=\"yuzo__text--title\" style=\"font-size:13px;\">Instituto Vladimir Herzog repudia agress\u00e3o do depu...<\/span>\n\t\t\t\t\t\t\t  \n\t\t\t\t\t\t\t  \n\t\t\t\t\t\t\t  <\/a>\n\n\t\t\t\t\t\t  <\/div>\n<\/div> <script>\n\t\t\t\t\t\t  jQuery(document).ready(function( $ ){\n\t\t\t\t\t\t\t\/\/jQuery('.yuzo_related_post').equalizer({ overflow : 'relatedthumb' });\n\t\t\t\t\t\t\tjQuery('.yuzo_related_post .yuzo_wraps').equalizer({ columns : '> div' });\n\t\t\t\t\t\t   })\n\t\t\t\t\t\t  <\/script> <!-- End Yuzo :) -->","protected":false},"excerpt":{"rendered":"<p>Os Estados Unidos est\u00e3o retirando funcion\u00e1rios de suas bases instaladas no Oriente M\u00e9dio por \u201cprecau\u00e7\u00e3o\u201d ap\u00f3s o Ir\u00e3 alertar os pa\u00edses vizinhos de que as estruturas seriam atacadas em caso de interven\u00e7\u00e3o estrangeira, conforme uma fonte norte-americana informou nesta quarta-feira (14\/01) \u00e0 ag\u00eancia Reuters. Nos \u00faltimos dias, o presidente Donald Trump amea\u00e7ou Teer\u00e3 de \u201ca\u00e7\u00f5es [\u2026]<\/p>\n<p>O post <a href=\"https:\/\/operamundi.uol.com.br\/oriente-medio\/eua-podem-atacar-o-ira-dentro-de-24-horas-diz-agencia\/\">EUA podem atacar o Ir\u00e3 \u2018dentro de 24 horas\u2019, diz ag\u00eancia<\/a> apareceu primeiro em <a href=\"https:\/\/operamundi.uol.com.br\/\">Opera Mundi<\/a>.<\/p>\n","protected":false},"author":2,"featured_media":70514,"comment_status":"closed","ping_status":"closed","sticky":false,"template":"","format":"standard","meta":{"fifu_image_url":"","fifu_image_alt":"","footnotes":""},"categories":[6901,33419,1023,9,7655,16839,41,238,4492,3645,1572],"tags":[],"class_list":["post-70513","post","type-post","status-publish","format-standard","has-post-thumbnail","hentry","category-ataque","category-base","category-donald-trump","category-eua","category-evacuacao","category-intervencao","category-ira","category-oriente-medio","category-pentagono","category-protestos","category-teera"],"_links":{"self":[{"href":"https:\/\/redept.com.br\/blogosfera\/wp-json\/wp\/v2\/posts\/70513","targetHints":{"allow":["GET"]}}],"collection":[{"href":"https:\/\/redept.com.br\/blogosfera\/wp-json\/wp\/v2\/posts"}],"about":[{"href":"https:\/\/redept.com.br\/blogosfera\/wp-json\/wp\/v2\/types\/post"}],"author":[{"embeddable":true,"href":"https:\/\/redept.com.br\/blogosfera\/wp-json\/wp\/v2\/users\/2"}],"replies":[{"embeddable":true,"href":"https:\/\/redept.com.br\/blogosfera\/wp-json\/wp\/v2\/comments?post=70513"}],"version-history":[{"count":0,"href":"https:\/\/redept.com.br\/blogosfera\/wp-json\/wp\/v2\/posts\/70513\/revisions"}],"wp:featuredmedia":[{"embeddable":true,"href":"https:\/\/redept.com.br\/blogosfera\/wp-json\/wp\/v2\/media\/70514"}],"wp:attachment":[{"href":"https:\/\/redept.com.br\/blogosfera\/wp-json\/wp\/v2\/media?parent=70513"}],"wp:term":[{"taxonomy":"category","embeddable":true,"href":"https:\/\/redept.com.br\/blogosfera\/wp-json\/wp\/v2\/categories?post=70513"},{"taxonomy":"post_tag","embeddable":true,"href":"https:\/\/redept.com.br\/blogosfera\/wp-json\/wp\/v2\/tags?post=70513"}],"curies":[{"name":"wp","href":"https:\/\/api.w.org\/{rel}","templated":true}]}}