{"id":70542,"date":"2026-01-15T08:50:15","date_gmt":"2026-01-15T11:50:15","guid":{"rendered":"https:\/\/redept.com.br\/blogosfera\/dinamarca-desembarca-tropas-na-groenlandia-e-europa-amplia-resposta-aos-eua\/"},"modified":"2026-01-15T08:50:15","modified_gmt":"2026-01-15T11:50:15","slug":"dinamarca-desembarca-tropas-na-groenlandia-e-europa-amplia-resposta-aos-eua","status":"publish","type":"post","link":"https:\/\/redept.com.br\/blogosfera\/dinamarca-desembarca-tropas-na-groenlandia-e-europa-amplia-resposta-aos-eua\/","title":{"rendered":"Dinamarca desembarca tropas na Groenl\u00e2ndia e Europa amplia resposta aos EUA"},"content":{"rendered":"<p><img fetchpriority=\"high\" width=\"864\" height=\"487\"src=\"https:\/\/redept.com.br\/blogosfera\/wp-content\/uploads\/2026\/01\/thumbs_b_c_e2f4938eee23c56b454e392ba36c828a.jpg\" alt=\"\" decoding=\"async\" srcset=\"https:\/\/redept.com.br\/blogosfera\/wp-content\/uploads\/2026\/01\/thumbs_b_c_e2f4938eee23c56b454e392ba36c828a.jpg 864w, https:\/\/vermelho.org.br\/wp-content\/uploads\/2026\/01\/thumbs_b_c_e2f4938eee23c56b454e392ba36c828a-300x169.jpg 300w, https:\/\/vermelho.org.br\/wp-content\/uploads\/2026\/01\/thumbs_b_c_e2f4938eee23c56b454e392ba36c828a-768x433.jpg 768w\" sizes=\"(max-width: 864px) 100vw, 864px\"><\/p>\n<p>A Dinamarca desembarcou nesta quarta-feira (14) as primeiras tropas militares na Groenl\u00e2ndia, em meio \u00e0 press\u00e3o do governo dos Estados Unidos sobre o territ\u00f3rio, ap\u00f3s amea\u00e7as do presidente Donald Trump de assumir o controle da ilha.<\/p>\n<p>Fran\u00e7a, Alemanha, Su\u00e9cia e Noruega tamb\u00e9m anunciaram o envio de tropas para exerc\u00edcios e miss\u00f5es de reconhecimento, ampliando a resposta europeia diante da escalada norte-americana.<\/p>\n<p>Um avi\u00e3o da For\u00e7a A\u00e9rea Real da Dinamarca pousou no aeroporto de Nuuk, capital da Groenl\u00e2ndia, no fim da noite de quarta-feira, desembarcando militares que devem preparar a chegada de novas tropas e apoiar exerc\u00edcios na regi\u00e3o, segundo o Comando \u00c1rtico Conjunto.<\/p>\n<p>Em comunicado divulgado na quarta-feira (14), o ministro da Defesa da Dinamarca, Troels Lund Poulsen, afirmou que \u201ca seguran\u00e7a no \u00c1rtico \u00e9 de import\u00e2ncia crucial para o Reino da Dinamarca e para nossos aliados\u201d e que, diante do cen\u00e1rio atual, o pa\u00eds decidiu \u201cfortalecer, em estreita coopera\u00e7\u00e3o com aliados, a capacidade de operar na regi\u00e3o\u201d.<\/p>\n<p>O desembarque ocorre no dia seguinte \u00e0 reuni\u00e3o realizada na Casa Branca entre representantes dos Estados Unidos, da Dinamarca e da Groenl\u00e2ndia, conduzida pelo vice-presidente norte-americano JD Vance e pelo secret\u00e1rio de Estado Marco Rubio, que terminou sem acordo diante da exig\u00eancia de Washington de assumir o controle da ilha.<\/p>\n<p>Em comunicado divulgado na quarta-feira (14), o ministro da Defesa da Dinamarca, Troels Lund Poulsen, afirmou que o refor\u00e7o militar responde a um cen\u00e1rio de crescente tens\u00e3o no \u00c1rtico.\u00a0<\/p>\n<p>\u201cA seguran\u00e7a no \u00c1rtico \u00e9 de import\u00e2ncia crucial para o Reino da Dinamarca e para nossos aliados \u00e1rticos, e \u00e9 por isso que, em estreita coopera\u00e7\u00e3o com aliados, \u00e9 importante fortalecer ainda mais nossa capacidade de operar na regi\u00e3o\u201d, declarou.<\/p>\n<p>\u201cComo uma extens\u00e3o natural desses esfor\u00e7os, continuaremos e ampliaremos a coopera\u00e7\u00e3o em 2026. As For\u00e7as Armadas dinamarquesas, juntamente com v\u00e1rios aliados \u00e1rticos e europeus, explorar\u00e3o nas pr\u00f3ximas semanas como um aumento da presen\u00e7a e da atividade de exerc\u00edcios no \u00c1rtico pode ser implementado na pr\u00e1tica\u201d, afirmou Poulsen.<\/p>\n<p><strong>Aliados europeus tamb\u00e9m enviam tropas\u00a0<\/strong><\/p>\n<p>Alemanha, Fran\u00e7a, Su\u00e9cia e Noruega tamb\u00e9m anunciaram nesta quarta-feira o envio de militares \u00e0 Groenl\u00e2ndia.<\/p>\n<p>Segundo o governo alem\u00e3o, um grupo de militares de reconhecimento foi deslocado para Nuuk a pedido da Dinamarca, com a miss\u00e3o de avaliar poss\u00edveis contribui\u00e7\u00f5es militares e refor\u00e7ar a seguran\u00e7a na regi\u00e3o.\u00a0<\/p>\n<p>O minist\u00e9rio da Defesa da Alemanha afirmou que o envio integra uma a\u00e7\u00e3o coordenada com aliados europeus diante do agravamento das tens\u00f5es no \u00c1rtico.<\/p>\n<p>O presidente da Fran\u00e7a, Emmanuel Macron, confirmou que tropas francesas participar\u00e3o de exerc\u00edcios militares organizados pela Dinamarca.\u00a0<\/p>\n<p>\u201cOs primeiros militares franceses j\u00e1 est\u00e3o a caminho. Outros seguir\u00e3o\u201d, afirmou Macron, ao anunciar a participa\u00e7\u00e3o da Fran\u00e7a na opera\u00e7\u00e3o denominada Resist\u00eancia \u00c1rtica.<\/p>\n<p>A Su\u00e9cia tamb\u00e9m confirmou o envio de militares, ap\u00f3s solicita\u00e7\u00e3o formal de Copenhague. O primeiro-ministro sueco, Ulf Kristersson, afirmou que oficiais das For\u00e7as Armadas suecas participar\u00e3o de uma for\u00e7a multinacional destinada a preparar as pr\u00f3ximas fases do exerc\u00edcio Operation Arctic Endurance.<\/p>\n<p>A Noruega, por sua vez, informou que enviar\u00e1 pessoal militar para integrar as miss\u00f5es de coopera\u00e7\u00e3o e treinamento na Groenl\u00e2ndia. Autoridades norueguesas destacaram que a presen\u00e7a ocorre em coordena\u00e7\u00e3o com a Dinamarca e outros aliados europeus, em resposta ao cen\u00e1rio de instabilidade criado pelas amea\u00e7as norte-americanas.<\/p>\n<p>Os an\u00fancios ocorreram no mesmo dia em que autoridades da Dinamarca e da Groenl\u00e2ndia se reuniram em Washington com o vice-presidente dos Estados Unidos, JD Vance, e o secret\u00e1rio de Estado, Marco Rubio, encontro que terminou sem acordo e com a manuten\u00e7\u00e3o do que Copenhague classificou como um \u201cdesacordo fundamental\u201d sobre o futuro da ilha.<\/p>\n<p>O post <a href=\"https:\/\/vermelho.org.br\/2026\/01\/15\/dinamarca-desembarca-tropas-na-groenlandia-e-europa-amplia-resposta-aos-eua\/\">Dinamarca desembarca tropas na Groenl\u00e2ndia e Europa amplia resposta aos EUA<\/a> apareceu primeiro em <a href=\"https:\/\/vermelho.org.br\/\">Vermelho<\/a>.<\/p>\n<!-- Begin Yuzo --><div class='yuzo_related_post style-1'  data-version='5.12.89'><!-- without result --><div class='yuzo_clearfixed yuzo__title yuzo__title'><h3>Related Post<\/h3><\/div>\n\t\t\t\t\t\t  <div class=\"relatedthumb \" style=\"width:125px;float:left;overflow:hidden;\">  \n\t\t\t\t\t\t\t  \n\t\t\t\t\t\t\t  <a  href=\"https:\/\/redept.com.br\/blogosfera\/apos-pressao-da-greve-gdf-exonera-reitora-da-undf-e-nomeia-nova-gestora\/\"  >\n\t\t\t\t\t\t\t\t\t  <div class=\"yuzo-img-wrap \" style=\"width: 125px;height:90px;\">\n\t\t\t\t\t\t\t\t\t\t\n\t\t\t\t\t\t\t\t\t\t<div class=\"yuzo-img\" style=\"background:url('https:\/\/redept.org\/blogosfera\/wp-content\/plugins\/yuzo-related-post\/assets\/images\/default.png') 50% 50% no-repeat;width: 125px;height:90px;margin-bottom: 5px;background-size: cover; \"><\/div>\n\t\t\t\t\t\t\t\t\t  <\/div>\n\t\t\t\t\t\t\t\t\t  \n\t\t\t\t\t\t\t\t   <span class=\"yuzo__text--title\" style=\"font-size:13px;\">Ap\u00f3s press\u00e3o da greve, GDF exonera reitora da UnDF...<\/span>\n\t\t\t\t\t\t\t  \n\t\t\t\t\t\t\t  \n\t\t\t\t\t\t\t  <\/a>\n\n\t\t\t\t\t\t  <\/div>\n\t\t\t\t\t\t  <div class=\"relatedthumb \" style=\"width:125px;float:left;overflow:hidden;\">  \n\t\t\t\t\t\t\t  \n\t\t\t\t\t\t\t  <a  href=\"https:\/\/redept.com.br\/blogosfera\/grande-potencia-aeronautica-china-elogia-embraer-em-meio-a-rumores-sobre-suspensao-de-compra-de-avioes-da-boeing-dos-eua\/\"  >\n\t\t\t\t\t\t\t\t\t  <div class=\"yuzo-img-wrap \" style=\"width: 125px;height:90px;\">\n\t\t\t\t\t\t\t\t\t\t\n\t\t\t\t\t\t\t\t\t\t<div class=\"yuzo-img\" style=\"background:url('https:\/\/redept.org\/blogosfera\/wp-content\/plugins\/yuzo-related-post\/assets\/images\/default.png') 50% 50% no-repeat;width: 125px;height:90px;margin-bottom: 5px;background-size: cover; \"><\/div>\n\t\t\t\t\t\t\t\t\t  <\/div>\n\t\t\t\t\t\t\t\t\t  \n\t\t\t\t\t\t\t\t   <span class=\"yuzo__text--title\" style=\"font-size:13px;\">\u2018Grande pot\u00eancia aeron\u00e1utica\u2019: China elogia Embrae...<\/span>\n\t\t\t\t\t\t\t  \n\t\t\t\t\t\t\t  \n\t\t\t\t\t\t\t  <\/a>\n\n\t\t\t\t\t\t  <\/div>\n\t\t\t\t\t\t  <div class=\"relatedthumb \" style=\"width:125px;float:left;overflow:hidden;\">  \n\t\t\t\t\t\t\t  \n\t\t\t\t\t\t\t  <a  href=\"https:\/\/redept.com.br\/blogosfera\/tres-pessoas-em-situacao-de-rua-morrem-de-frio-no-rio-grande-do-sul\/\"  >\n\t\t\t\t\t\t\t\t\t  <div class=\"yuzo-img-wrap \" style=\"width: 125px;height:90px;\">\n\t\t\t\t\t\t\t\t\t\t\n\t\t\t\t\t\t\t\t\t\t<div class=\"yuzo-img\" style=\"background:url('https:\/\/redept.com.br\/blogosfera\/wp-content\/uploads\/2025\/05\/prfefeitgo-Foto-Alex-Rocha-150x150.jpg') 50% 50% no-repeat;width: 125px;height:90px;margin-bottom: 5px;background-size: cover; \"><\/div>\n\t\t\t\t\t\t\t\t\t  <\/div>\n\t\t\t\t\t\t\t\t\t  \n\t\t\t\t\t\t\t\t   <span class=\"yuzo__text--title\" style=\"font-size:13px;\">Tr\u00eas pessoas em situa\u00e7\u00e3o de rua morrem de frio no ...<\/span>\n\t\t\t\t\t\t\t  \n\t\t\t\t\t\t\t  \n\t\t\t\t\t\t\t  <\/a>\n\n\t\t\t\t\t\t  <\/div>\n\t\t\t\t\t\t  <div class=\"relatedthumb \" style=\"width:125px;float:left;overflow:hidden;\">  \n\t\t\t\t\t\t\t  \n\t\t\t\t\t\t\t  <a  href=\"https:\/\/redept.com.br\/blogosfera\/plano-dos-eua-para-gaza-preve-controle-do-territorio-por-10-anos-diz-washington-post\/\"  >\n\t\t\t\t\t\t\t\t\t  <div class=\"yuzo-img-wrap \" style=\"width: 125px;height:90px;\">\n\t\t\t\t\t\t\t\t\t\t\n\t\t\t\t\t\t\t\t\t\t<div class=\"yuzo-img\" style=\"background:url('https:\/\/redept.com.br\/blogosfera\/wp-content\/uploads\/2025\/09\/54437654628_ca67fd1197_c-150x150.jpg') 50% 50% no-repeat;width: 125px;height:90px;margin-bottom: 5px;background-size: cover; \"><\/div>\n\t\t\t\t\t\t\t\t\t  <\/div>\n\t\t\t\t\t\t\t\t\t  \n\t\t\t\t\t\t\t\t   <span class=\"yuzo__text--title\" style=\"font-size:13px;\">Plano dos EUA para Gaza prev\u00ea controle do territ\u00f3r...<\/span>\n\t\t\t\t\t\t\t  \n\t\t\t\t\t\t\t  \n\t\t\t\t\t\t\t  <\/a>\n\n\t\t\t\t\t\t  <\/div>\n<\/div> <script>\n\t\t\t\t\t\t  jQuery(document).ready(function( $ ){\n\t\t\t\t\t\t\t\/\/jQuery('.yuzo_related_post').equalizer({ overflow : 'relatedthumb' });\n\t\t\t\t\t\t\tjQuery('.yuzo_related_post .yuzo_wraps').equalizer({ columns : '> div' });\n\t\t\t\t\t\t   })\n\t\t\t\t\t\t  <\/script> <!-- End Yuzo :) -->","protected":false},"excerpt":{"rendered":"<p>A Dinamarca desembarcou nesta quarta-feira (14) as primeiras tropas militares na Groenl\u00e2ndia, em meio \u00e0 press\u00e3o do governo dos Estados Unidos sobre o territ\u00f3rio, ap\u00f3s amea\u00e7as do presidente Donald Trump de assumir o controle da ilha. Fran\u00e7a, Alemanha, Su\u00e9cia e Noruega tamb\u00e9m anunciaram o envio de tropas para exerc\u00edcios e miss\u00f5es de reconhecimento, ampliando a [&hellip;]<\/p>\n","protected":false},"author":2,"featured_media":0,"comment_status":"open","ping_status":"closed","sticky":false,"template":"","format":"standard","meta":{"fifu_image_url":"","fifu_image_alt":"","footnotes":""},"categories":[18898,3425,1023,1312,4094,33083,50,3735,2148],"tags":[],"class_list":["post-70542","post","type-post","status-publish","format-standard","hentry","category-artico","category-dinamarca","category-donald-trump","category-geopolitica","category-groenlandia","category-imperialismo-dos-eua","category-internacional","category-militarizacao","category-otan"],"_links":{"self":[{"href":"https:\/\/redept.com.br\/blogosfera\/wp-json\/wp\/v2\/posts\/70542","targetHints":{"allow":["GET"]}}],"collection":[{"href":"https:\/\/redept.com.br\/blogosfera\/wp-json\/wp\/v2\/posts"}],"about":[{"href":"https:\/\/redept.com.br\/blogosfera\/wp-json\/wp\/v2\/types\/post"}],"author":[{"embeddable":true,"href":"https:\/\/redept.com.br\/blogosfera\/wp-json\/wp\/v2\/users\/2"}],"replies":[{"embeddable":true,"href":"https:\/\/redept.com.br\/blogosfera\/wp-json\/wp\/v2\/comments?post=70542"}],"version-history":[{"count":0,"href":"https:\/\/redept.com.br\/blogosfera\/wp-json\/wp\/v2\/posts\/70542\/revisions"}],"wp:attachment":[{"href":"https:\/\/redept.com.br\/blogosfera\/wp-json\/wp\/v2\/media?parent=70542"}],"wp:term":[{"taxonomy":"category","embeddable":true,"href":"https:\/\/redept.com.br\/blogosfera\/wp-json\/wp\/v2\/categories?post=70542"},{"taxonomy":"post_tag","embeddable":true,"href":"https:\/\/redept.com.br\/blogosfera\/wp-json\/wp\/v2\/tags?post=70542"}],"curies":[{"name":"wp","href":"https:\/\/api.w.org\/{rel}","templated":true}]}}