{"id":70618,"date":"2026-01-15T15:37:55","date_gmt":"2026-01-15T18:37:55","guid":{"rendered":"https:\/\/redept.com.br\/blogosfera\/mais-de-3234-mil-motoristas-de-todo-o-brasil-ja-tiveram-cnh-renovada-automaticamente\/"},"modified":"2026-01-15T15:37:55","modified_gmt":"2026-01-15T18:37:55","slug":"mais-de-3234-mil-motoristas-de-todo-o-brasil-ja-tiveram-cnh-renovada-automaticamente","status":"publish","type":"post","link":"https:\/\/redept.com.br\/blogosfera\/mais-de-3234-mil-motoristas-de-todo-o-brasil-ja-tiveram-cnh-renovada-automaticamente\/","title":{"rendered":"Mais de 323,4 mil motoristas de todo o Brasil j\u00e1 tiveram CNH renovada automaticamente"},"content":{"rendered":"<p>Os motoristas que dirigem de forma respons\u00e1vel j\u00e1 come\u00e7aram a ser beneficiados pelo bom comportamento no tr\u00e2nsito. Desde a implementa\u00e7\u00e3o da Medida Provis\u00f3ria do Bom Condutor, 323.459 condutores j\u00e1 tiveram a <strong>Carteira Nacional de Habilita\u00e7\u00e3o (CNH)<\/strong> renovada automaticamente em todo o pa\u00eds. Saiba mais na <strong><a href=\"https:\/\/tvtnews.com.br\/\">TVT News<\/a><\/strong>.<\/p>\n<p>Al\u00e9m da desburocratiza\u00e7\u00e3o, a renova\u00e7\u00e3o autom\u00e1tica da CNH representa um al\u00edvio no bolso da popula\u00e7\u00e3o. A soma do valor economizado por essas renova\u00e7\u00f5es chega a R$226 milh\u00f5es, recursos que antes eram destinados a taxas, exames e procedimentos administrativos.<\/p>\n<p>Entre os condutores beneficiados, a maioria pertence \u00e0 categoria B, destinada a carros (52%), seguida pela AB, que inclui carros e motocicletas (45%), e pela A, exclusiva para motos (3%).<\/p>\n<p>A distribui\u00e7\u00e3o regional mostra que o alcance da pol\u00edtica \u00e9 nacional, com maior concentra\u00e7\u00e3o de renova\u00e7\u00f5es no Sudeste. S\u00e3o Paulo lidera o ranking nacional, com 86.770 CNHs renovadas, seguido por Minas Gerais (35.771), Rio de Janeiro (29.343) e Esp\u00edrito Santo (7.825).<\/p>\n<p>No Nordeste, mais de 64 mil condutores foram contemplados. A Bahia aparece \u00e0 frente, com 15.226 renova\u00e7\u00f5es, seguida por Pernambuco (12.927) e Cear\u00e1 (11.798). Estados como Rio Grande do Norte, Maranh\u00e3o, Alagoas, Para\u00edba, Sergipe e Piau\u00ed tamb\u00e9m registraram ades\u00e3o significativa ao programa.<\/p>\n<p>A regi\u00e3o Sul soma mais de 53 mil renova\u00e7\u00f5es, com Paran\u00e1 (22.119), Rio Grande do Sul (18.239) e Santa Catarina (13.230). No Centro-Oeste, foram registradas 26.929 renova\u00e7\u00f5es autom\u00e1ticas, com destaque para Goi\u00e1s (12.213) e o Distrito Federal (7.206).J\u00e1 no Norte, o total chega a 18.257 renova\u00e7\u00f5es, lideradas pelo Par\u00e1 (6.510) e pelo Amazonas (3.768).<\/p>\n<p>No grupo dos condutores profissionais, predominam as categorias AD, que incluem motocicletas e \u00f4nibus ou micro-\u00f4nibus, com 44% dos beneficiados. Em seguida aparecem as categorias D (20%) e AE (18%). As categorias E, voltada a ve\u00edculos pesados, e AC, que inclui motos e caminh\u00f5es, representam 7% do total.<\/p>\n<h2>Como funciona a renova\u00e7\u00e3o autom\u00e1tica da CNH?<\/h2>\n<p>A renova\u00e7\u00e3o autom\u00e1tica da CNH \u00e9 destinada aos motoristas inscritos no Registro Nacional Positivo de Condutores (RNPC), que re\u00fane condutores sem infra\u00e7\u00f5es de tr\u00e2nsito nos \u00faltimos 12 meses.<\/p>\n<p>Para esse grupo, a renova\u00e7\u00e3o ocorre automaticamente no sistema quando a CNH vence, sem custos adicionais. A ades\u00e3o ao RNPC pode ser feita pelo aplicativo da CNH Digital ou pelo Portal de Servi\u00e7os da Secretaria Nacional de Tr\u00e2nsito (Senatran).<\/p>\n<p>O benef\u00edcio, no entanto, n\u00e3o se aplica a todos os condutores. Motoristas com 70 anos ou mais n\u00e3o est\u00e3o aptos \u00e0 medida, enquanto condutores a partir dos 50 anos podem utilizar a renova\u00e7\u00e3o autom\u00e1tica apenas uma vez, no vencimento do documento, sem cobran\u00e7a de taxas ou exig\u00eancia de exames presenciais. O benef\u00edcio \u00e9 individual e n\u00e3o pode ser reutilizado.<\/p>\n<p>Tamb\u00e9m n\u00e3o se enquadram na regra os motoristas que tiveram a validade da CNH reduzida por recomenda\u00e7\u00e3o m\u00e9dica, em casos de doen\u00e7as progressivas ou condi\u00e7\u00f5es que demandem acompanhamento cont\u00ednuo de sa\u00fade, al\u00e9m daqueles com o documento vencido h\u00e1 mais de 30 dias, conforme estabelece a legisla\u00e7\u00e3o de tr\u00e2nsito.<\/p>\n<p><em>Com <a href=\"https:\/\/www.gov.br\/secom\/pt-br\/assuntos\/noticias\/2026\/01\/mais-de-323-4-mil-motoristas-de-todo-o-brasil-ja-tiveram-cnh-renovada-automaticamente-com-economia-de-r-226-milhoes\" target=\"_blank\" rel=\"noreferrer noopener nofollow\">Secom<\/a><\/em><\/p>\n<\/p>\n<h2>Leia mais not\u00edcias na TVT News<\/h2>\n<ul>\n<li><a href=\"https:\/\/tvtnews.com.br\/resultado-vestibulinho-etec-2026\/\">Resultado Vestibulinho Etec 2026: confira aprovados e calend\u00e1rio de matr\u00edcula<\/a><\/li>\n<li><a href=\"https:\/\/tvtnews.com.br\/quaest-brasileiros-neutralidade-sobre-venezuela\/\">Pesquisa Quaest mostra que brasileiros defendem neutralidade sobre a Venezuela<\/a><\/li>\n<li><a href=\"https:\/\/tvtnews.com.br\/quem-e-fabiano-zettel-preso-preventivamente-pela-pf\/\">Quem \u00e9 Fabiano Zettel, preso preventivamente pela PF<\/a><\/li>\n<\/ul>\n<p>The post <a rel=\"nofollow\" href=\"https:\/\/tvtnews.com.br\/323-mil-motoristas-cnh-renovacao-automatica\/\">Mais de 323,4 mil motoristas de todo o Brasil j\u00e1 tiveram CNH renovada automaticamente<\/a> appeared first on <a rel=\"nofollow\" href=\"https:\/\/tvtnews.com.br\/\">TVT News<\/a>.<\/p>\n<!-- Begin Yuzo --><div class='yuzo_related_post style-1'  data-version='5.12.89'><!-- without result --><div class='yuzo_clearfixed yuzo__title yuzo__title'><h3>Related Post<\/h3><\/div>\n\t\t\t\t\t\t  <div class=\"relatedthumb \" style=\"width:125px;float:left;overflow:hidden;\">  \n\t\t\t\t\t\t\t  \n\t\t\t\t\t\t\t  <a  href=\"https:\/\/redept.com.br\/blogosfera\/lula-da-posse-a-boulos-que-critica-escala-6x1\/\"  >\n\t\t\t\t\t\t\t\t\t  <div class=\"yuzo-img-wrap \" style=\"width: 125px;height:90px;\">\n\t\t\t\t\t\t\t\t\t\t\n\t\t\t\t\t\t\t\t\t\t<div class=\"yuzo-img\" style=\"background:url('https:\/\/redept.org\/blogosfera\/wp-content\/plugins\/yuzo-related-post\/assets\/images\/default.png') 50% 50% no-repeat;width: 125px;height:90px;margin-bottom: 5px;background-size: cover; \"><\/div>\n\t\t\t\t\t\t\t\t\t  <\/div>\n\t\t\t\t\t\t\t\t\t  \n\t\t\t\t\t\t\t\t   <span class=\"yuzo__text--title\" style=\"font-size:13px;\">Lula d\u00e1 posse a Boulos, que critica escala 6\u00d71<\/span>\n\t\t\t\t\t\t\t  \n\t\t\t\t\t\t\t  \n\t\t\t\t\t\t\t  <\/a>\n\n\t\t\t\t\t\t  <\/div>\n\t\t\t\t\t\t  <div class=\"relatedthumb \" style=\"width:125px;float:left;overflow:hidden;\">  \n\t\t\t\t\t\t\t  \n\t\t\t\t\t\t\t  <a  href=\"https:\/\/redept.com.br\/blogosfera\/lula-quer-reduzir-aliquotas-dos-produtos-para-baixar-precos-dos-alimentos\/\"  >\n\t\t\t\t\t\t\t\t\t  <div class=\"yuzo-img-wrap \" style=\"width: 125px;height:90px;\">\n\t\t\t\t\t\t\t\t\t\t\n\t\t\t\t\t\t\t\t\t\t<div class=\"yuzo-img\" style=\"background:url('https:\/\/redept.com.br\/blogosfera\/wp-content\/uploads\/2025\/01\/Rui-Costa-150x150.jpg') 50% 50% no-repeat;width: 125px;height:90px;margin-bottom: 5px;background-size: cover; \"><\/div>\n\t\t\t\t\t\t\t\t\t  <\/div>\n\t\t\t\t\t\t\t\t\t  \n\t\t\t\t\t\t\t\t   <span class=\"yuzo__text--title\" style=\"font-size:13px;\">Lula quer reduzir al\u00edquotas dos produtos para baix...<\/span>\n\t\t\t\t\t\t\t  \n\t\t\t\t\t\t\t  \n\t\t\t\t\t\t\t  <\/a>\n\n\t\t\t\t\t\t  <\/div>\n\t\t\t\t\t\t  <div class=\"relatedthumb \" style=\"width:125px;float:left;overflow:hidden;\">  \n\t\t\t\t\t\t\t  \n\t\t\t\t\t\t\t  <a  href=\"https:\/\/redept.com.br\/blogosfera\/brasil-nao-quer-ser-feito-de-refem-diz-lula-em-entrevista-a-tv-dos-eua\/\"  >\n\t\t\t\t\t\t\t\t\t  <div class=\"yuzo-img-wrap \" style=\"width: 125px;height:90px;\">\n\t\t\t\t\t\t\t\t\t\t\n\t\t\t\t\t\t\t\t\t\t<div class=\"yuzo-img\" style=\"background:url('https:\/\/redept.org\/blogosfera\/wp-content\/plugins\/yuzo-related-post\/assets\/images\/default.png') 50% 50% no-repeat;width: 125px;height:90px;margin-bottom: 5px;background-size: cover; \"><\/div>\n\t\t\t\t\t\t\t\t\t  <\/div>\n\t\t\t\t\t\t\t\t\t  \n\t\t\t\t\t\t\t\t   <span class=\"yuzo__text--title\" style=\"font-size:13px;\">Brasil \u2018n\u00e3o quer ser feito de ref\u00e9m\u2019, diz Lula em ...<\/span>\n\t\t\t\t\t\t\t  \n\t\t\t\t\t\t\t  \n\t\t\t\t\t\t\t  <\/a>\n\n\t\t\t\t\t\t  <\/div>\n\t\t\t\t\t\t  <div class=\"relatedthumb \" style=\"width:125px;float:left;overflow:hidden;\">  \n\t\t\t\t\t\t\t  \n\t\t\t\t\t\t\t  <a  href=\"https:\/\/redept.com.br\/blogosfera\/dino-manda-pf-investigar-92-parlamentares-por-suspeita-de-desvio-de-emendas-e-perfis-citam-nomes\/\"  >\n\t\t\t\t\t\t\t\t\t  <div class=\"yuzo-img-wrap \" style=\"width: 125px;height:90px;\">\n\t\t\t\t\t\t\t\t\t\t\n\t\t\t\t\t\t\t\t\t\t<div class=\"yuzo-img\" style=\"background:url('https:\/\/redept.org\/blogosfera\/wp-content\/plugins\/yuzo-related-post\/assets\/images\/default.png') 50% 50% no-repeat;width: 125px;height:90px;margin-bottom: 5px;background-size: cover; \"><\/div>\n\t\t\t\t\t\t\t\t\t  <\/div>\n\t\t\t\t\t\t\t\t\t  \n\t\t\t\t\t\t\t\t   <span class=\"yuzo__text--title\" style=\"font-size:13px;\">Dino manda PF investigar 92 parlamentares por susp...<\/span>\n\t\t\t\t\t\t\t  \n\t\t\t\t\t\t\t  \n\t\t\t\t\t\t\t  <\/a>\n\n\t\t\t\t\t\t  <\/div>\n<\/div> <script>\n\t\t\t\t\t\t  jQuery(document).ready(function( $ ){\n\t\t\t\t\t\t\t\/\/jQuery('.yuzo_related_post').equalizer({ overflow : 'relatedthumb' });\n\t\t\t\t\t\t\tjQuery('.yuzo_related_post .yuzo_wraps').equalizer({ columns : '> div' });\n\t\t\t\t\t\t   })\n\t\t\t\t\t\t  <\/script> <!-- End Yuzo :) -->","protected":false},"excerpt":{"rendered":"<p>Os motoristas que dirigem de forma respons\u00e1vel j\u00e1 come\u00e7aram a ser beneficiados pelo bom comportamento no tr\u00e2nsito. Desde a implementa\u00e7\u00e3o da Medida Provis\u00f3ria do Bom Condutor, 323.459 condutores j\u00e1 tiveram a Carteira Nacional de Habilita\u00e7\u00e3o (CNH) renovada automaticamente em todo o pa\u00eds. Saiba mais na TVT News. Al\u00e9m da desburocratiza\u00e7\u00e3o, a renova\u00e7\u00e3o autom\u00e1tica da CNH [&hellip;]<\/p>\n","protected":false},"author":2,"featured_media":0,"comment_status":"open","ping_status":"closed","sticky":false,"template":"","format":"standard","meta":{"fifu_image_url":"","fifu_image_alt":"","footnotes":""},"categories":[264,489,17,2921],"tags":[],"class_list":["post-70618","post","type-post","status-publish","format-standard","hentry","category-cidadania","category-destaque-pequeno","category-governo-lula","category-transportes"],"_links":{"self":[{"href":"https:\/\/redept.com.br\/blogosfera\/wp-json\/wp\/v2\/posts\/70618","targetHints":{"allow":["GET"]}}],"collection":[{"href":"https:\/\/redept.com.br\/blogosfera\/wp-json\/wp\/v2\/posts"}],"about":[{"href":"https:\/\/redept.com.br\/blogosfera\/wp-json\/wp\/v2\/types\/post"}],"author":[{"embeddable":true,"href":"https:\/\/redept.com.br\/blogosfera\/wp-json\/wp\/v2\/users\/2"}],"replies":[{"embeddable":true,"href":"https:\/\/redept.com.br\/blogosfera\/wp-json\/wp\/v2\/comments?post=70618"}],"version-history":[{"count":0,"href":"https:\/\/redept.com.br\/blogosfera\/wp-json\/wp\/v2\/posts\/70618\/revisions"}],"wp:attachment":[{"href":"https:\/\/redept.com.br\/blogosfera\/wp-json\/wp\/v2\/media?parent=70618"}],"wp:term":[{"taxonomy":"category","embeddable":true,"href":"https:\/\/redept.com.br\/blogosfera\/wp-json\/wp\/v2\/categories?post=70618"},{"taxonomy":"post_tag","embeddable":true,"href":"https:\/\/redept.com.br\/blogosfera\/wp-json\/wp\/v2\/tags?post=70618"}],"curies":[{"name":"wp","href":"https:\/\/api.w.org\/{rel}","templated":true}]}}