{"id":7063,"date":"2024-12-03T12:07:39","date_gmt":"2024-12-03T15:07:39","guid":{"rendered":"https:\/\/redept.org\/blogosfera\/dia-da-pessoa-com-deficiencia-acessibilidade-amplia-inclusao\/"},"modified":"2024-12-03T12:07:39","modified_gmt":"2024-12-03T15:07:39","slug":"dia-da-pessoa-com-deficiencia-acessibilidade-amplia-inclusao","status":"publish","type":"post","link":"https:\/\/redept.com.br\/blogosfera\/dia-da-pessoa-com-deficiencia-acessibilidade-amplia-inclusao\/","title":{"rendered":"Dia da pessoa com defici\u00eancia: acessibilidade amplia inclus\u00e3o"},"content":{"rendered":"<p>Levantamento feito pelo <a href=\"https:\/\/ilocomotiva.com.br\/\" target=\"_blank\" data-type=\"link\" data-id=\"https:\/\/ilocomotiva.com.br\/\" rel=\"noreferrer noopener nofollow\">Instituto Locomotiva<\/a>, em conjunto com a <strong>Semana da Acessibilidade Surda<\/strong>, mostra que o Brasil tem 10,7 milh\u00f5es de pessoas com algum tipo de <strong>defici\u00eancia auditiva<\/strong>. Esse tipo de defici\u00eancia \u00e9 classificado de acordo com a incapacidade de detectar determinada quantidade de decibeis, sendo considerada surda a pessoa que apresenta perda profunda ou completa de audi\u00e7\u00e3o.<\/p>\n<p>No <strong>Dia Internacional da Pessoa com Defici\u00eancia<\/strong>, celebrado nesta ter\u00e7a-feira (3), a <a href=\"https:\/\/agenciabrasil.ebc.com.br\/direitos-humanos\/noticia\/2024-12\/acessibilidade-amplia-inclusao-de-pessoas-com-deficiencia\" data-type=\"link\" data-id=\"https:\/\/agenciabrasil.ebc.com.br\/direitos-humanos\/noticia\/2024-12\/acessibilidade-amplia-inclusao-de-pessoas-com-deficiencia\" target=\"_blank\" rel=\"noreferrer noopener nofollow\">Ag\u00eancia Brasil<\/a> conversou com pessoas com defici\u00eancia, que falam sobre seus desafios e a TVT News republicou o texto. A data foi institu\u00edda pela Organiza\u00e7\u00e3o das Na\u00e7\u00f5es Unidas (ONU) em 1992, com o objetivo de garantir direitos e acesso \u00e0s pessoas com defici\u00eancia. Para que a inclus\u00e3o possa ocorrer, s\u00e3o necess\u00e1rias condi\u00e7\u00f5es como a inser\u00e7\u00e3o e perman\u00eancia dessas pessoas no mercado de trabalho.<\/p>\n<p>Leia tamb\u00e9m: <a href=\"https:\/\/tvtnews.com.br\/em-decisao-historica-unicamp-adota-cotas-para-pessoas-com-deficiencia\/\" target=\"_blank\" data-type=\"link\" data-id=\"https:\/\/tvtnews.com.br\/em-decisao-historica-unicamp-adota-cotas-para-pessoas-com-deficiencia\/\" rel=\"noreferrer noopener\">Unicamp adota cotas para pessoas com defici\u00eancia<\/a><\/p>\n<p>J\u00fanior Teles (51) \u00e9 contador no <strong>Tribunal Superior Eleitoral<\/strong> (TSE) e tem defici\u00eancia auditiva neurossensorial bilateral descendente, caracterizada pela dificuldade em entender conversas paralelas e sons agudos. Ele usa <strong>Aparelhos de Amplifica\u00e7\u00e3o Sonora Individual<\/strong> (AASI) e faz leitura labial ao conversar com outras pessoas. J\u00fanior conta que comunicar que tem defici\u00eancia auditiva tem facilitado a intera\u00e7\u00e3o com os colegas.<\/p>\n<p>\u201cPassei a usar aparelhos auditivos e essa acessibilidade tem me ajudado muito, embora n\u00e3o resolva 100%. Ent\u00e3o, como sabem que eu tenho perda, mas tamb\u00e9m sou bem oralizado (n\u00e3o uso Libras), venho me adaptando bem aos ambientes de trabalho, desde que n\u00e3o sejam locais ruidosos e com muitas pessoas falando ao mesmo tempo.\u201d<\/p>\n<p>Amarildo Jo\u00e3o Espindola \u00e9 surdo, professor universit\u00e1rio e conduz o projeto Libras em Cena, que oferece atividades que incentivam a integra\u00e7\u00e3o entre surdos e ouvintes, promovendo a inclus\u00e3o e a capacita\u00e7\u00e3o art\u00edstica por meio de oficinas.<\/p>\n<p>Leia tamb\u00e9m: <a href=\"https:\/\/tvtnews.com.br\/concursos-publicos-como-comprovar-deficiencia-em-lista-especial\/\" target=\"_blank\" data-type=\"link\" data-id=\"https:\/\/tvtnews.com.br\/concursos-publicos-como-comprovar-deficiencia-em-lista-especial\/\" rel=\"noreferrer noopener\">Concursos p\u00fablicos: como comprovar defici\u00eancia em lista especial<\/a><\/p>\n<p>\u201cTodas as vezes que chegamos em qualquer ambiente que n\u00e3o tem int\u00e9rprete de Libras ou qualquer outro profissional fluente nessa l\u00edngua, enfrentamos limita\u00e7\u00f5es, barreiras. E no mercado de trabalho n\u00e3o \u00e9 diferente.\u201d<\/p>\n<p>Ele conta como as rela\u00e7\u00f5es de trabalho podem ser impactadas pela falta de acessibilidade para pessoas com defici\u00eancia auditiva.<\/p>\n<p>\u201cA quest\u00e3o \u00e9 que trabalhar n\u00e3o est\u00e1 focado apenas nas atividades diretamente realizadas, mas, em todo o contexto em que a pessoa est\u00e1 inserida: desde o momento em que entra no local de trabalho, quando precisa resolver alguma coisa administrativa, ou at\u00e9 mesmo de intera\u00e7\u00e3o com os demais colegas.\u201d<\/p>\n<p>A advogada trabalhista Iara Neves explica como a falta de integra\u00e7\u00e3o adequada do empregado com defici\u00eancia auditiva na empresa pode afetar o conv\u00edvio social desse profissional.<\/p>\n<p>\u201cA falta de integra\u00e7\u00e3o adequada do empregado surdo pode resultar em seu isolamento do conv\u00edvio social e esvaziamento da autonomia para executar as atividades, ocorrendo, at\u00e9 mesmo, a subutiliza\u00e7\u00e3o das suas habilidades, ao atribuir fun\u00e7\u00f5es de baixa visibilidade e com poucas chances de desenvolvimento profissional.\u201d<\/p>\n<p>Caso os direitos dos trabalhadores surdos n\u00e3o sejam cumpridos, existem alternativas para contornar o problema, como conversar com os empregadores ou com o setor de Recursos Humanos da empresa. A advogada sugere como os funcion\u00e1rios surdos podem agir.<\/p>\n<p>\u201cCaso as tentativas de di\u00e1logo n\u00e3o sejam eficazes, o empregado pode ingressar com uma a\u00e7\u00e3o na Justi\u00e7a do Trabalho. Se n\u00e3o tiver condi\u00e7\u00f5es de contratar um advogado para ajuizamento de reclama\u00e7\u00e3o trabalhista, ele poder\u00e1 reclamar pessoalmente perante a Justi\u00e7a e acompanhar as suas reclama\u00e7\u00f5es at\u00e9 o final, na condi\u00e7\u00e3o de jus postulandi (sem a ajuda de um advogado), prevista no artigo 791 da CLT.\u201d<\/p>\n<h3>Estrat\u00e9gias de inclus\u00e3o<\/h3>\n<p>Para o professor Amarildo Jo\u00e3o, estrat\u00e9gias de acessibilidade poderiam ser implementadas para ampliar a inclus\u00e3o de pessoas surda.<\/p>\n<p>\u201c\u00c9 preciso a capacita\u00e7\u00e3o das pessoas (ouvintes) em Libras e na cultura surda, a fim de aproximar o mundo ouvinte do mundo surdo. Tamb\u00e9m \u00e9 preciso que se contrate ou que haja concursos para profissionais fluentes em Libras, como tradutores e int\u00e9rpretes, professores, advogados, m\u00e9dicos, secret\u00e1rios, recepcionistas, porteiros, entre outros.\u201d<\/p>\n<p>As pr\u00e1ticas a seguir tamb\u00e9m podem promover a inclus\u00e3o de pessoas com diferentes tipos de defici\u00eancias auditivas:<\/p>\n<p>Falar com clareza e pausadamente (facilita o entendimento da pessoa com surdez parcial).<\/p>\n<p>Dirigir-se diretamente \u00e0 pessoa com defici\u00eancia auditiva, possibilitando a leitura labial.<\/p>\n<p>Instalar pain\u00e9is e alarmes com aviso luminoso em locais de atendimento ao p\u00fablico, facilitando a visualiza\u00e7\u00e3o de informa\u00e7\u00f5es escritas.<\/p>\n<p>Por Ana Carolina Alli Marques para a Ag\u00eancia Brasil<\/p>\n<p>The post <a rel=\"nofollow\" href=\"https:\/\/tvtnews.com.br\/acessibilidade-inclusao-pessoas-com-deficiencia\/\">Dia da pessoa com defici\u00eancia: acessibilidade amplia inclus\u00e3o<\/a> appeared first on <a rel=\"nofollow\" href=\"https:\/\/tvtnews.com.br\/\">TVT News<\/a>.<\/p>\n<!-- Begin Yuzo --><div class='yuzo_related_post style-1'  data-version='5.12.89'><!-- without result --><div class='yuzo_clearfixed yuzo__title yuzo__title'><h3>Related Post<\/h3><\/div>\n\t\t\t\t\t\t  <div class=\"relatedthumb \" style=\"width:125px;float:left;overflow:hidden;\">  \n\t\t\t\t\t\t\t  \n\t\t\t\t\t\t\t  <a  href=\"https:\/\/redept.com.br\/blogosfera\/quase-r-350-milhoes-compras-de-kits-escolares-pela-gestao-zema-em-mg-pode-ter-irregularidades\/\"  >\n\t\t\t\t\t\t\t\t\t  <div class=\"yuzo-img-wrap \" style=\"width: 125px;height:90px;\">\n\t\t\t\t\t\t\t\t\t\t\n\t\t\t\t\t\t\t\t\t\t<div class=\"yuzo-img\" style=\"background:url('https:\/\/redept.org\/blogosfera\/wp-content\/plugins\/yuzo-related-post\/assets\/images\/default.png') 50% 50% no-repeat;width: 125px;height:90px;margin-bottom: 5px;background-size: cover; \"><\/div>\n\t\t\t\t\t\t\t\t\t  <\/div>\n\t\t\t\t\t\t\t\t\t  \n\t\t\t\t\t\t\t\t   <span class=\"yuzo__text--title\" style=\"font-size:13px;\">Quase R$ 350 milh\u00f5es: compras de kits escolares pe...<\/span>\n\t\t\t\t\t\t\t  \n\t\t\t\t\t\t\t  \n\t\t\t\t\t\t\t  <\/a>\n\n\t\t\t\t\t\t  <\/div>\n\t\t\t\t\t\t  <div class=\"relatedthumb \" style=\"width:125px;float:left;overflow:hidden;\">  \n\t\t\t\t\t\t\t  \n\t\t\t\t\t\t\t  <a  href=\"https:\/\/sul21.com.br\/noticias\/politica\/2025\/08\/defesa-de-bolsonaro-se-diz-surpreendida-com-indiciamento-da-policia-federal\/\"  >\n\t\t\t\t\t\t\t\t\t  <div class=\"yuzo-img-wrap \" style=\"width: 125px;height:90px;\">\n\t\t\t\t\t\t\t\t\t\t\n\t\t\t\t\t\t\t\t\t\t<div class=\"yuzo-img\" style=\"background:url('https:\/\/agenciabrasil.ebc.com.br\/ebc.png?id=1655284&amp;o=node') 50% 50% no-repeat;width: 125px;height:90px;margin-bottom: 5px;background-size: cover; \"><\/div>\n\t\t\t\t\t\t\t\t\t  <\/div>\n\t\t\t\t\t\t\t\t\t  \n\t\t\t\t\t\t\t\t   <span class=\"yuzo__text--title\" style=\"font-size:13px;\">Defesa de Bolsonaro se diz surpreendida com indici...<\/span>\n\t\t\t\t\t\t\t  \n\t\t\t\t\t\t\t  \n\t\t\t\t\t\t\t  <\/a>\n\n\t\t\t\t\t\t  <\/div>\n\t\t\t\t\t\t  <div class=\"relatedthumb \" style=\"width:125px;float:left;overflow:hidden;\">  \n\t\t\t\t\t\t\t  \n\t\t\t\t\t\t\t  <a  href=\"https:\/\/redept.com.br\/blogosfera\/lula-diz-que-africa-do-sul-nao-pode-ser-vetada-do-g20\/\"  >\n\t\t\t\t\t\t\t\t\t  <div class=\"yuzo-img-wrap \" style=\"width: 125px;height:90px;\">\n\t\t\t\t\t\t\t\t\t\t\n\t\t\t\t\t\t\t\t\t\t<div class=\"yuzo-img\" style=\"background:url('https:\/\/redept.org\/blogosfera\/wp-content\/plugins\/yuzo-related-post\/assets\/images\/default.png') 50% 50% no-repeat;width: 125px;height:90px;margin-bottom: 5px;background-size: cover; \"><\/div>\n\t\t\t\t\t\t\t\t\t  <\/div>\n\t\t\t\t\t\t\t\t\t  \n\t\t\t\t\t\t\t\t   <span class=\"yuzo__text--title\" style=\"font-size:13px;\">Lula diz que \u00c1frica do Sul n\u00e3o pode ser vetada do ...<\/span>\n\t\t\t\t\t\t\t  \n\t\t\t\t\t\t\t  \n\t\t\t\t\t\t\t  <\/a>\n\n\t\t\t\t\t\t  <\/div>\n\t\t\t\t\t\t  <div class=\"relatedthumb \" style=\"width:125px;float:left;overflow:hidden;\">  \n\t\t\t\t\t\t\t  \n\t\t\t\t\t\t\t  <a  href=\"https:\/\/redept.com.br\/blogosfera\/assalto-a-moncada-conheca-a-mulher-que-participou-da-acao-armada-que-moldou-a-revolucao-cubana\/\"  >\n\t\t\t\t\t\t\t\t\t  <div class=\"yuzo-img-wrap \" style=\"width: 125px;height:90px;\">\n\t\t\t\t\t\t\t\t\t\t\n\t\t\t\t\t\t\t\t\t\t<div class=\"yuzo-img\" style=\"background:url('https:\/\/redept.org\/blogosfera\/wp-content\/plugins\/yuzo-related-post\/assets\/images\/default.png') 50% 50% no-repeat;width: 125px;height:90px;margin-bottom: 5px;background-size: cover; \"><\/div>\n\t\t\t\t\t\t\t\t\t  <\/div>\n\t\t\t\t\t\t\t\t\t  \n\t\t\t\t\t\t\t\t   <span class=\"yuzo__text--title\" style=\"font-size:13px;\">Assalto a Moncada: conhe\u00e7a a mulher que participou...<\/span>\n\t\t\t\t\t\t\t  \n\t\t\t\t\t\t\t  \n\t\t\t\t\t\t\t  <\/a>\n\n\t\t\t\t\t\t  <\/div>\n<\/div> <script>\n\t\t\t\t\t\t  jQuery(document).ready(function( $ ){\n\t\t\t\t\t\t\t\/\/jQuery('.yuzo_related_post').equalizer({ overflow : 'relatedthumb' });\n\t\t\t\t\t\t\tjQuery('.yuzo_related_post .yuzo_wraps').equalizer({ columns : '> div' });\n\t\t\t\t\t\t   })\n\t\t\t\t\t\t  <\/script> <!-- End Yuzo :) -->","protected":false},"excerpt":{"rendered":"<p>Levantamento feito pelo Instituto Locomotiva, em conjunto com a Semana da Acessibilidade Surda, mostra que o Brasil tem 10,7 milh\u00f5es de pessoas com algum tipo de defici\u00eancia auditiva. Esse tipo de defici\u00eancia \u00e9 classificado de acordo com a incapacidade de detectar determinada quantidade de decibeis, sendo considerada surda a pessoa que apresenta perda profunda ou [&hellip;]<\/p>\n","protected":false},"author":2,"featured_media":0,"comment_status":"closed","ping_status":"closed","sticky":false,"template":"","format":"standard","meta":{"fifu_image_url":"","fifu_image_alt":"","footnotes":""},"categories":[264,472,2448,377],"tags":[],"class_list":["post-7063","post","type-post","status-publish","format-standard","hentry","category-cidadania","category-destaque-ahome","category-pcd","category-trabalho"],"_links":{"self":[{"href":"https:\/\/redept.com.br\/blogosfera\/wp-json\/wp\/v2\/posts\/7063","targetHints":{"allow":["GET"]}}],"collection":[{"href":"https:\/\/redept.com.br\/blogosfera\/wp-json\/wp\/v2\/posts"}],"about":[{"href":"https:\/\/redept.com.br\/blogosfera\/wp-json\/wp\/v2\/types\/post"}],"author":[{"embeddable":true,"href":"https:\/\/redept.com.br\/blogosfera\/wp-json\/wp\/v2\/users\/2"}],"replies":[{"embeddable":true,"href":"https:\/\/redept.com.br\/blogosfera\/wp-json\/wp\/v2\/comments?post=7063"}],"version-history":[{"count":0,"href":"https:\/\/redept.com.br\/blogosfera\/wp-json\/wp\/v2\/posts\/7063\/revisions"}],"wp:attachment":[{"href":"https:\/\/redept.com.br\/blogosfera\/wp-json\/wp\/v2\/media?parent=7063"}],"wp:term":[{"taxonomy":"category","embeddable":true,"href":"https:\/\/redept.com.br\/blogosfera\/wp-json\/wp\/v2\/categories?post=7063"},{"taxonomy":"post_tag","embeddable":true,"href":"https:\/\/redept.com.br\/blogosfera\/wp-json\/wp\/v2\/tags?post=7063"}],"curies":[{"name":"wp","href":"https:\/\/api.w.org\/{rel}","templated":true}]}}