{"id":70695,"date":"2026-01-15T17:40:43","date_gmt":"2026-01-15T20:40:43","guid":{"rendered":"https:\/\/redept.com.br\/blogosfera\/apos-incitar-manifestantes-eua-anunciam-sancoes-contra-autoridades-do-ira\/"},"modified":"2026-01-15T17:40:43","modified_gmt":"2026-01-15T20:40:43","slug":"apos-incitar-manifestantes-eua-anunciam-sancoes-contra-autoridades-do-ira","status":"publish","type":"post","link":"https:\/\/redept.com.br\/blogosfera\/apos-incitar-manifestantes-eua-anunciam-sancoes-contra-autoridades-do-ira\/","title":{"rendered":"Ap\u00f3s incitar manifestantes, EUA anunciam san\u00e7\u00f5es contra autoridades do Ir\u00e3"},"content":{"rendered":"<p>O Departamento do Tesouro dos Estados Unidos divulgou nesta quinta-feira (15\/01) uma lista de autoridades do Ir\u00e3 que passam a estar sancionadas em fun\u00e7\u00e3o de sua participa\u00e7\u00e3o na rea\u00e7\u00e3o repressiva aos protestos registrados no pa\u00eds este ano.<\/p>\n<p>A medida bloqueia todos os bens e ativos dos cerca de 23 sancionados sob jurisdi\u00e7\u00e3o norte-americana e pro\u00edbe transa\u00e7\u00f5es deles com cidad\u00e3os e residentes dos Estados Unidos.<\/p>\n<p>Em comunicado, o governo norte-americano classificou as autoridades listadas como \u201carquitetos da brutal repress\u00e3o do regime iraniano contra manifestantes pac\u00edficos\u201d.<\/p>\n<p>Washington tamb\u00e9m disse que a medida visa desarticular \u201credes banc\u00e1rias paralelas que permitem \u00e0 elite iraniana roubar e lavar a receita gerada pelos recursos naturais do pa\u00eds\u201d.<\/p>\n<p><strong>Quem s\u00e3o os sancionados<\/strong><\/p>\n<p>Entre os oficiais de seguran\u00e7a que sofreram a puni\u00e7\u00e3o de Washington est\u00e1 Ali Larijani, secret\u00e1rio do Conselho Supremo de Seguran\u00e7a Nacional (CSSN), \u00f3rg\u00e3o de aconselhamento da principal autoridade do pa\u00eds, o aiatol\u00e1 Ali Khamenei.<\/p>\n<p>Segundo a nota do governo norte-americano, \u201cLarijani foi um dos primeiros l\u00edderes iranianos a incitar a viol\u00eancia em resposta \u00e0s demandas leg\u00edtimas do povo\u201d.<\/p>\n<p>Outros nomes destacados da lista s\u00e3o os de Mohammad Reza Hashemifar e Azizollah Maleki, comandantes das for\u00e7as policiais da Rep\u00fablica Isl\u00e2mica nas prov\u00edncias do Lorest\u00e3o e de Fars, al\u00e9m de Nematollah Bagheri e Yadollah Buali, comandantes da Guarda Revolucion\u00e1ria nas respectivas regi\u00f5es, nas quais os Estados Unidos consideram que \u201cforam cometidas m\u00faltiplas atrocidades contra civis\u201d.<\/p>\n<p>Al\u00e9m deles, foram punidas outras 18 pessoas e entidades que \u201cdesempenham pap\u00e9is cruciais na lavagem de dinheiro proveniente da venda de petr\u00f3leo e produtos petroqu\u00edmicos iranianos para mercados estrangeiros\u201d.<\/p>\n<figure aria-describedby=\"caption-attachment-243571\"><img fetchpriority=\"high\" decoding=\"async\"src=\"https:\/\/redept.com.br\/blogosfera\/wp-content\/uploads\/2026\/01\/irna.jpg\" alt=\"\" width=\"800\" height=\"531\" srcset=\"https:\/\/redept.com.br\/blogosfera\/wp-content\/uploads\/2026\/01\/irna.jpg 800w, https:\/\/operamundi.uol.com.br\/wp-content\/uploads\/2026\/01\/irna-300x199.jpg 300w, https:\/\/operamundi.uol.com.br\/wp-content\/uploads\/2026\/01\/irna-768x510.jpg 768w, https:\/\/operamundi.uol.com.br\/wp-content\/uploads\/2026\/01\/irna-150x100.jpg 150w, https:\/\/operamundi.uol.com.br\/wp-content\/uploads\/2026\/01\/irna-750x498.jpg 750w\" sizes=\"(max-width: 800px) 100vw, 800px\"><figcaption>Autoridades do Ir\u00e3 entraram em lista de san\u00e7\u00f5es aplicadas pelos EUA <br \/>IRNA<\/figcaption><\/figure>\n<h3>Apoio dos EUA aos protestos<\/h3>\n<p>Em declara\u00e7\u00e3o feita em simult\u00e2neo \u00e0 apresenta\u00e7\u00e3o da lista, o secret\u00e1rio do Tesouro norte-americano, Scortt Bessent, disse que \u201cos Estados Unidos apoiam firmemente o povo iraniano em seu chamado por liberdade e justi\u00e7a\u201d.<\/p>\n<p>\u201cO Tesouro usar\u00e1 todas as ferramentas dispon\u00edveis para atingir aqueles que est\u00e3o por tr\u00e1s da tir\u00e2nica opress\u00e3o dos direitos humanos promovida pelo regime\u201d, acrescentou.<\/p>\n<p>Os protestos no Ir\u00e3 por conta dos problemas econ\u00f4micos do pa\u00eds t\u00eam sido incentivados pelo governo dos Estados Unidos e o pr\u00f3prio presidente Donald Trump tem feito diversas declara\u00e7\u00f5es p\u00fablicas nesse sentido.<\/p>\n<p>Al\u00e9m de estimular as manifesta\u00e7\u00f5es, Trump tem feito amea\u00e7as ao Ir\u00e3, chegando a prometer bombardeios contra o pa\u00eds caso a repress\u00e3o aos atos continuasse.<\/p>\n<p>Com informa\u00e7\u00f5es de <em>ANSA<\/em>.<\/p>\n<p>O post Ap\u00f3s incitar manifestantes, EUA anunciam san\u00e7\u00f5es contra autoridades do Ir\u00e3 apareceu primeiro em Opera Mundi.<\/p>\n<!-- Begin Yuzo --><div class='yuzo_related_post style-1'  data-version='5.12.89'><!-- without result --><div class='yuzo_clearfixed yuzo__title yuzo__title'><h3>Related Post<\/h3><\/div>\n\t\t\t\t\t\t  <div class=\"relatedthumb \" style=\"width:125px;float:left;overflow:hidden;\">  \n\t\t\t\t\t\t\t  \n\t\t\t\t\t\t\t  <a  href=\"https:\/\/redept.com.br\/blogosfera\/brasil-de-fato-se-une-a-acao-internacional-pela-liberdade-de-imprensa-em-gaza\/\"  >\n\t\t\t\t\t\t\t\t\t  <div class=\"yuzo-img-wrap \" style=\"width: 125px;height:90px;\">\n\t\t\t\t\t\t\t\t\t\t\n\t\t\t\t\t\t\t\t\t\t<div class=\"yuzo-img\" style=\"background:url('https:\/\/redept.org\/blogosfera\/wp-content\/plugins\/yuzo-related-post\/assets\/images\/default.png') 50% 50% no-repeat;width: 125px;height:90px;margin-bottom: 5px;background-size: cover; \"><\/div>\n\t\t\t\t\t\t\t\t\t  <\/div>\n\t\t\t\t\t\t\t\t\t  \n\t\t\t\t\t\t\t\t   <span class=\"yuzo__text--title\" style=\"font-size:13px;\">Brasil de Fato se une \u00e0 a\u00e7\u00e3o internacional pela li...<\/span>\n\t\t\t\t\t\t\t  \n\t\t\t\t\t\t\t  \n\t\t\t\t\t\t\t  <\/a>\n\n\t\t\t\t\t\t  <\/div>\n\t\t\t\t\t\t  <div class=\"relatedthumb \" style=\"width:125px;float:left;overflow:hidden;\">  \n\t\t\t\t\t\t\t  \n\t\t\t\t\t\t\t  <a  href=\"https:\/\/redept.com.br\/blogosfera\/entidades-contestam-revisao-do-plano-diretor-de-porto-alegre\/\"  >\n\t\t\t\t\t\t\t\t\t  <div class=\"yuzo-img-wrap \" style=\"width: 125px;height:90px;\">\n\t\t\t\t\t\t\t\t\t\t\n\t\t\t\t\t\t\t\t\t\t<div class=\"yuzo-img\" style=\"background:url('https:\/\/redept.com.br\/blogosfera\/wp-content\/uploads\/2025\/08\/image-1-52-150x150.png') 50% 50% no-repeat;width: 125px;height:90px;margin-bottom: 5px;background-size: cover; \"><\/div>\n\t\t\t\t\t\t\t\t\t  <\/div>\n\t\t\t\t\t\t\t\t\t  \n\t\t\t\t\t\t\t\t   <span class=\"yuzo__text--title\" style=\"font-size:13px;\">Entidades contestam revis\u00e3o do Plano Diretor de Po...<\/span>\n\t\t\t\t\t\t\t  \n\t\t\t\t\t\t\t  \n\t\t\t\t\t\t\t  <\/a>\n\n\t\t\t\t\t\t  <\/div>\n\t\t\t\t\t\t  <div class=\"relatedthumb \" style=\"width:125px;float:left;overflow:hidden;\">  \n\t\t\t\t\t\t\t  \n\t\t\t\t\t\t\t  <a  href=\"https:\/\/redept.com.br\/blogosfera\/energia-eolica-offshore-e-hidrogenio-verde-no-brasil-nao-beneficiam-a-populacao-e-destroem-vidas-e-territorios-marinhos\/\"  >\n\t\t\t\t\t\t\t\t\t  <div class=\"yuzo-img-wrap \" style=\"width: 125px;height:90px;\">\n\t\t\t\t\t\t\t\t\t\t\n\t\t\t\t\t\t\t\t\t\t<div class=\"yuzo-img\" style=\"background:url('https:\/\/redept.org\/blogosfera\/wp-content\/plugins\/yuzo-related-post\/assets\/images\/default.png') 50% 50% no-repeat;width: 125px;height:90px;margin-bottom: 5px;background-size: cover; \"><\/div>\n\t\t\t\t\t\t\t\t\t  <\/div>\n\t\t\t\t\t\t\t\t\t  \n\t\t\t\t\t\t\t\t   <span class=\"yuzo__text--title\" style=\"font-size:13px;\">Energia e\u00f3lica offshore e hidrog\u00eanio verde no Bras...<\/span>\n\t\t\t\t\t\t\t  \n\t\t\t\t\t\t\t  \n\t\t\t\t\t\t\t  <\/a>\n\n\t\t\t\t\t\t  <\/div>\n\t\t\t\t\t\t  <div class=\"relatedthumb \" style=\"width:125px;float:left;overflow:hidden;\">  \n\t\t\t\t\t\t\t  \n\t\t\t\t\t\t\t  <a  href=\"https:\/\/redept.com.br\/blogosfera\/alta-dos-combustiveis-apos-guerra-no-ira-leva-irlanda-as-ruas-e-expoe-tensao-social\/\"  >\n\t\t\t\t\t\t\t\t\t  <div class=\"yuzo-img-wrap \" style=\"width: 125px;height:90px;\">\n\t\t\t\t\t\t\t\t\t\t\n\t\t\t\t\t\t\t\t\t\t<div class=\"yuzo-img\" style=\"background:url('https:\/\/redept.org\/blogosfera\/wp-content\/plugins\/yuzo-related-post\/assets\/images\/default.png') 50% 50% no-repeat;width: 125px;height:90px;margin-bottom: 5px;background-size: cover; \"><\/div>\n\t\t\t\t\t\t\t\t\t  <\/div>\n\t\t\t\t\t\t\t\t\t  \n\t\t\t\t\t\t\t\t   <span class=\"yuzo__text--title\" style=\"font-size:13px;\">Alta dos combust\u00edveis ap\u00f3s guerra no Ir\u00e3 leva Irla...<\/span>\n\t\t\t\t\t\t\t  \n\t\t\t\t\t\t\t  \n\t\t\t\t\t\t\t  <\/a>\n\n\t\t\t\t\t\t  <\/div>\n<\/div> <script>\n\t\t\t\t\t\t  jQuery(document).ready(function( $ ){\n\t\t\t\t\t\t\t\/\/jQuery('.yuzo_related_post').equalizer({ overflow : 'relatedthumb' });\n\t\t\t\t\t\t\tjQuery('.yuzo_related_post .yuzo_wraps').equalizer({ columns : '> div' });\n\t\t\t\t\t\t   })\n\t\t\t\t\t\t  <\/script> <!-- End Yuzo :) -->","protected":false},"excerpt":{"rendered":"<p>O Departamento do Tesouro dos Estados Unidos divulgou nesta quinta-feira (15\/01) uma lista de autoridades do Ir\u00e3 que passam a estar sancionadas em fun\u00e7\u00e3o de sua participa\u00e7\u00e3o na rea\u00e7\u00e3o repressiva aos protestos registrados no pa\u00eds este ano. A medida bloqueia todos os bens e ativos dos cerca de 23 sancionados sob jurisdi\u00e7\u00e3o norte-americana e pro\u00edbe [\u2026]<\/p>\n<p>O post <a href=\"https:\/\/operamundi.uol.com.br\/oriente-medio\/apos-incitar-manifestantes-eua-anunciam-sancoes-contra-autoridade-do-ira\/\">Ap\u00f3s incitar manifestantes, EUA anunciam san\u00e7\u00f5es contra autoridades do Ir\u00e3<\/a> apareceu primeiro em <a href=\"https:\/\/operamundi.uol.com.br\/\">Opera Mundi<\/a>.<\/p>\n","protected":false},"author":2,"featured_media":70696,"comment_status":"closed","ping_status":"closed","sticky":false,"template":"","format":"standard","meta":{"fifu_image_url":"","fifu_image_alt":"","footnotes":""},"categories":[33496,33497,394,9,33498,41,6770,238,3645,33499,294,12643,1453],"tags":[],"class_list":["post-70695","post","type-post","status-publish","format-standard","has-post-thumbnail","hentry","category-cssn","category-departamento-do-tesouro","category-estados-unidos","category-eua","category-guarda-revolucionaria","category-ira","category-lista","category-oriente-medio","category-protestos","category-republica-islamica","category-sancoes","category-scott-bessent","category-trump"],"_links":{"self":[{"href":"https:\/\/redept.com.br\/blogosfera\/wp-json\/wp\/v2\/posts\/70695","targetHints":{"allow":["GET"]}}],"collection":[{"href":"https:\/\/redept.com.br\/blogosfera\/wp-json\/wp\/v2\/posts"}],"about":[{"href":"https:\/\/redept.com.br\/blogosfera\/wp-json\/wp\/v2\/types\/post"}],"author":[{"embeddable":true,"href":"https:\/\/redept.com.br\/blogosfera\/wp-json\/wp\/v2\/users\/2"}],"replies":[{"embeddable":true,"href":"https:\/\/redept.com.br\/blogosfera\/wp-json\/wp\/v2\/comments?post=70695"}],"version-history":[{"count":0,"href":"https:\/\/redept.com.br\/blogosfera\/wp-json\/wp\/v2\/posts\/70695\/revisions"}],"wp:featuredmedia":[{"embeddable":true,"href":"https:\/\/redept.com.br\/blogosfera\/wp-json\/wp\/v2\/media\/70696"}],"wp:attachment":[{"href":"https:\/\/redept.com.br\/blogosfera\/wp-json\/wp\/v2\/media?parent=70695"}],"wp:term":[{"taxonomy":"category","embeddable":true,"href":"https:\/\/redept.com.br\/blogosfera\/wp-json\/wp\/v2\/categories?post=70695"},{"taxonomy":"post_tag","embeddable":true,"href":"https:\/\/redept.com.br\/blogosfera\/wp-json\/wp\/v2\/tags?post=70695"}],"curies":[{"name":"wp","href":"https:\/\/api.w.org\/{rel}","templated":true}]}}