{"id":70699,"date":"2026-01-15T19:40:22","date_gmt":"2026-01-15T22:40:22","guid":{"rendered":"https:\/\/redept.com.br\/blogosfera\/moraes-determina-transferencia-de-bolsonaro-para-a-papudinha\/"},"modified":"2026-01-15T19:40:22","modified_gmt":"2026-01-15T22:40:22","slug":"moraes-determina-transferencia-de-bolsonaro-para-a-papudinha","status":"publish","type":"post","link":"https:\/\/redept.com.br\/blogosfera\/moraes-determina-transferencia-de-bolsonaro-para-a-papudinha\/","title":{"rendered":"Moraes determina transfer\u00eancia de Bolsonaro para a \u2018Papudinha\u2019"},"content":{"rendered":"<p>O ministro do Supremo Tribunal Federal (STF) Alexandre de Moraes determinou nesta quinta-feira (15\/01) a imediata transfer\u00eancia do ex-presidente Jair Messias Bolsonaro da Superintend\u00eancia da Pol\u00edcia Federal para a Sala de Estado Maior do 19\u00ba Batalh\u00e3o da Pol\u00edcia Militar do Distrito Federal (PMDF), no Complexo Penitenci\u00e1rio da Papuda, em Bras\u00edlia.<\/p>\n<p>No local, mais conhecido como \u201cPapudinha\u201d, Bolsonaro dever\u00e1 cumprir a pena de 27 anos e tr\u00eas meses de pris\u00e3o por liderar tentativa de golpe de Estado.<\/p>\n<p>Na decis\u00e3o desta quinta, Moraes definiu tamb\u00e9m que o ex-presidente seja submetido imediatamente a uma junta m\u00e9dica oficial, composta por m\u00e9dicos da Pol\u00edcia Federal, para avalia\u00e7\u00e3o do quadro cl\u00ednico, das necessidades para o cumprimento da pena e da eventual necessidade de transfer\u00eancia para hospital penitenci\u00e1rio.<\/p>\n<p>O laudo dever\u00e1 ser apresentado em at\u00e9 dez dias. A defesa e a Procuradoria-Geral da Rep\u00fablica (PGR) poder\u00e3o indicar assistentes t\u00e9cnicos e apresentar quesitos no prazo de 24 horas.<\/p>\n<figure aria-describedby=\"caption-attachment-243584\"><img fetchpriority=\"high\" fetchpriority=\"high\" decoding=\"async\"src=\"https:\/\/redept.com.br\/blogosfera\/wp-content\/uploads\/2026\/01\/xand.jpg\" alt=\"\" width=\"1024\" height=\"696\" srcset=\"https:\/\/redept.com.br\/blogosfera\/wp-content\/uploads\/2026\/01\/xand.jpg 1024w, https:\/\/operamundi.uol.com.br\/wp-content\/uploads\/2026\/01\/xand-300x204.jpg 300w, https:\/\/operamundi.uol.com.br\/wp-content\/uploads\/2026\/01\/xand-768x522.jpg 768w, https:\/\/operamundi.uol.com.br\/wp-content\/uploads\/2026\/01\/xand-150x102.jpg 150w, https:\/\/operamundi.uol.com.br\/wp-content\/uploads\/2026\/01\/xand-750x510.jpg 750w\" sizes=\"(max-width: 1024px) 100vw, 1024px\"><figcaption>Transfer\u00eancia de Bolsonaro, determinada por Alexandre de Moraes, foi realizada nesta mesma quinta-feira (15\/01) <br \/>Fabio Rodrigues-Pozzebom \/ Ag\u00eancia Brasil<\/figcaption><\/figure>\n<h3>Assist\u00eancia M\u00e9dica<\/h3>\n<p>Na mesma decis\u00e3o, o ministro autorizou uma s\u00e9rie de medidas relacionadas \u00e0 sa\u00fade e \u00e0s condi\u00e7\u00f5es de cust\u00f3dia do ex-presidente. Entre elas, est\u00e1 a assist\u00eancia m\u00e9dica integral, 24 horas por dia, tanto por profissionais do sistema penitenci\u00e1rio quanto por m\u00e9dicos particulares previamente cadastrados, sem necessidade de comunica\u00e7\u00e3o pr\u00e9via ao Judici\u00e1rio.<\/p>\n<p>Tamb\u00e9m foi autorizado o deslocamento imediato para hospitais em casos de urg\u00eancia, com posterior comunica\u00e7\u00e3o ao STF no prazo de at\u00e9 24 horas.<\/p>\n<p>Bolsonaro poder\u00e1 realizar sess\u00f5es de fisioterapia nos dias e hor\u00e1rios indicados por seus m\u00e9dicos, mediante cadastramento do profissional e comunica\u00e7\u00e3o ao ju\u00edzo respons\u00e1vel.<\/p>\n<p>A defesa foi autorizada ainda a providenciar a entrega di\u00e1ria de alimenta\u00e7\u00e3o especial, devendo indicar, no prazo de 24 horas, a pessoa respons\u00e1vel. Equipamentos de fisioterapia, como esteira e bicicleta, al\u00e9m da instala\u00e7\u00e3o de grades de prote\u00e7\u00e3o e barras de apoio nas acomoda\u00e7\u00f5es, poder\u00e3o ser instalados a crit\u00e9rio da defesa, conforme recomenda\u00e7\u00e3o m\u00e9dica.<\/p>\n<p>O post Moraes determina transfer\u00eancia de Bolsonaro para a \u2018Papudinha\u2019 apareceu primeiro em Opera Mundi.<\/p>\n<!-- Begin Yuzo --><div class='yuzo_related_post style-1'  data-version='5.12.89'><!-- without result --><div class='yuzo_clearfixed yuzo__title yuzo__title'><h3>Related Post<\/h3><\/div>\n\t\t\t\t\t\t  <div class=\"relatedthumb \" style=\"width:125px;float:left;overflow:hidden;\">  \n\t\t\t\t\t\t\t  \n\t\t\t\t\t\t\t  <a  href=\"https:\/\/sul21.com.br\/noticias\/geral\/2025\/09\/rs-pode-ter-chuva-raios-granizo-e-rajadas-de-vento-intensas-no-final-de-semana\/\"  >\n\t\t\t\t\t\t\t\t\t  <div class=\"yuzo-img-wrap \" style=\"width: 125px;height:90px;\">\n\t\t\t\t\t\t\t\t\t\t\n\t\t\t\t\t\t\t\t\t\t<div class=\"yuzo-img\" style=\"background:url('https:\/\/sul21.com.br\/wp-content\/uploads\/2025\/09\/18150903_2213631_GDO.png') 50% 50% no-repeat;width: 125px;height:90px;margin-bottom: 5px;background-size: cover; \"><\/div>\n\t\t\t\t\t\t\t\t\t  <\/div>\n\t\t\t\t\t\t\t\t\t  \n\t\t\t\t\t\t\t\t   <span class=\"yuzo__text--title\" style=\"font-size:13px;\">RS pode ter chuva, raios, granizo e rajadas de ven...<\/span>\n\t\t\t\t\t\t\t  \n\t\t\t\t\t\t\t  \n\t\t\t\t\t\t\t  <\/a>\n\n\t\t\t\t\t\t  <\/div>\n\t\t\t\t\t\t  <div class=\"relatedthumb \" style=\"width:125px;float:left;overflow:hidden;\">  \n\t\t\t\t\t\t\t  \n\t\t\t\t\t\t\t  <a  href=\"https:\/\/redept.com.br\/blogosfera\/sus-amplia-protecao-contra-meningite-para-criancas-de-12-meses\/\"  >\n\t\t\t\t\t\t\t\t\t  <div class=\"yuzo-img-wrap \" style=\"width: 125px;height:90px;\">\n\t\t\t\t\t\t\t\t\t\t\n\t\t\t\t\t\t\t\t\t\t<div class=\"yuzo-img\" style=\"background:url('https:\/\/redept.org\/blogosfera\/wp-content\/plugins\/yuzo-related-post\/assets\/images\/default.png') 50% 50% no-repeat;width: 125px;height:90px;margin-bottom: 5px;background-size: cover; \"><\/div>\n\t\t\t\t\t\t\t\t\t  <\/div>\n\t\t\t\t\t\t\t\t\t  \n\t\t\t\t\t\t\t\t   <span class=\"yuzo__text--title\" style=\"font-size:13px;\">SUS amplia prote\u00e7\u00e3o contra meningite para crian\u00e7as...<\/span>\n\t\t\t\t\t\t\t  \n\t\t\t\t\t\t\t  \n\t\t\t\t\t\t\t  <\/a>\n\n\t\t\t\t\t\t  <\/div>\n\t\t\t\t\t\t  <div class=\"relatedthumb \" style=\"width:125px;float:left;overflow:hidden;\">  \n\t\t\t\t\t\t\t  \n\t\t\t\t\t\t\t  <a  href=\"https:\/\/redept.com.br\/blogosfera\/justica-barra-estrada-em-sao-goncalo-do-bacao-mg-por-falhas-ambientais-ligadas-a-terminal-de-minerio\/\"  >\n\t\t\t\t\t\t\t\t\t  <div class=\"yuzo-img-wrap \" style=\"width: 125px;height:90px;\">\n\t\t\t\t\t\t\t\t\t\t\n\t\t\t\t\t\t\t\t\t\t<div class=\"yuzo-img\" style=\"background:url('https:\/\/redept.org\/blogosfera\/wp-content\/plugins\/yuzo-related-post\/assets\/images\/default.png') 50% 50% no-repeat;width: 125px;height:90px;margin-bottom: 5px;background-size: cover; \"><\/div>\n\t\t\t\t\t\t\t\t\t  <\/div>\n\t\t\t\t\t\t\t\t\t  \n\t\t\t\t\t\t\t\t   <span class=\"yuzo__text--title\" style=\"font-size:13px;\">Justi\u00e7a barra estrada em S\u00e3o Gon\u00e7alo do Ba\u00e7\u00e3o (MG)...<\/span>\n\t\t\t\t\t\t\t  \n\t\t\t\t\t\t\t  \n\t\t\t\t\t\t\t  <\/a>\n\n\t\t\t\t\t\t  <\/div>\n\t\t\t\t\t\t  <div class=\"relatedthumb \" style=\"width:125px;float:left;overflow:hidden;\">  \n\t\t\t\t\t\t\t  \n\t\t\t\t\t\t\t  <a  href=\"https:\/\/redept.com.br\/blogosfera\/programa-de-formacao-paul-singer-sera-lancado-em-porto-alegre-no-dia-28-de-julho\/\"  >\n\t\t\t\t\t\t\t\t\t  <div class=\"yuzo-img-wrap \" style=\"width: 125px;height:90px;\">\n\t\t\t\t\t\t\t\t\t\t\n\t\t\t\t\t\t\t\t\t\t<div class=\"yuzo-img\" style=\"background:url('https:\/\/redept.com.br\/blogosfera\/wp-content\/uploads\/2025\/07\/238bbb7f5224bf3f2c5cee6f4a148fff-9-150x92.jpg') 50% 50% no-repeat;width: 125px;height:90px;margin-bottom: 5px;background-size: cover; \"><\/div>\n\t\t\t\t\t\t\t\t\t  <\/div>\n\t\t\t\t\t\t\t\t\t  \n\t\t\t\t\t\t\t\t   <span class=\"yuzo__text--title\" style=\"font-size:13px;\">Programa de Forma\u00e7\u00e3o Paul Singer ser\u00e1 lan\u00e7ado em P...<\/span>\n\t\t\t\t\t\t\t  \n\t\t\t\t\t\t\t  \n\t\t\t\t\t\t\t  <\/a>\n\n\t\t\t\t\t\t  <\/div>\n<\/div> <script>\n\t\t\t\t\t\t  jQuery(document).ready(function( $ ){\n\t\t\t\t\t\t\t\/\/jQuery('.yuzo_related_post').equalizer({ overflow : 'relatedthumb' });\n\t\t\t\t\t\t\tjQuery('.yuzo_related_post .yuzo_wraps').equalizer({ columns : '> div' });\n\t\t\t\t\t\t   })\n\t\t\t\t\t\t  <\/script> <!-- End Yuzo :) -->","protected":false},"excerpt":{"rendered":"<p>O ministro do Supremo Tribunal Federal (STF) Alexandre de Moraes determinou nesta quinta-feira (15\/01) a imediata transfer\u00eancia do ex-presidente Jair Messias Bolsonaro da Superintend\u00eancia da Pol\u00edcia Federal para a Sala de Estado Maior do 19\u00ba Batalh\u00e3o da Pol\u00edcia Militar do Distrito Federal (PMDF), no Complexo Penitenci\u00e1rio da Papuda, em Bras\u00edlia. No local, mais conhecido como [\u2026]<\/p>\n<p>O post <a href=\"https:\/\/operamundi.uol.com.br\/brasil\/moraes-determina-transferencia-de-bolsonaro-para-a-papudinha\/\">Moraes determina transfer\u00eancia de Bolsonaro para a \u2018Papudinha\u2019<\/a> apareceu primeiro em <a href=\"https:\/\/operamundi.uol.com.br\/\">Opera Mundi<\/a>.<\/p>\n","protected":false},"author":2,"featured_media":70700,"comment_status":"closed","ping_status":"closed","sticky":false,"template":"","format":"standard","meta":{"fifu_image_url":"","fifu_image_alt":"","footnotes":""},"categories":[1261,33500,1390,45,33501,2129,29861,1200,1570,1764,260,32373],"tags":[],"class_list":["post-70699","post","type-post","status-publish","format-standard","has-post-thumbnail","hentry","category-alexandre-de-moraes","category-assistencia-medica","category-bolsonaro","category-brasil","category-fisioterapia","category-golpe-de-estado","category-papudinha","category-pf","category-pgr","category-policia-federal","category-stf","category-xandao"],"_links":{"self":[{"href":"https:\/\/redept.com.br\/blogosfera\/wp-json\/wp\/v2\/posts\/70699","targetHints":{"allow":["GET"]}}],"collection":[{"href":"https:\/\/redept.com.br\/blogosfera\/wp-json\/wp\/v2\/posts"}],"about":[{"href":"https:\/\/redept.com.br\/blogosfera\/wp-json\/wp\/v2\/types\/post"}],"author":[{"embeddable":true,"href":"https:\/\/redept.com.br\/blogosfera\/wp-json\/wp\/v2\/users\/2"}],"replies":[{"embeddable":true,"href":"https:\/\/redept.com.br\/blogosfera\/wp-json\/wp\/v2\/comments?post=70699"}],"version-history":[{"count":0,"href":"https:\/\/redept.com.br\/blogosfera\/wp-json\/wp\/v2\/posts\/70699\/revisions"}],"wp:featuredmedia":[{"embeddable":true,"href":"https:\/\/redept.com.br\/blogosfera\/wp-json\/wp\/v2\/media\/70700"}],"wp:attachment":[{"href":"https:\/\/redept.com.br\/blogosfera\/wp-json\/wp\/v2\/media?parent=70699"}],"wp:term":[{"taxonomy":"category","embeddable":true,"href":"https:\/\/redept.com.br\/blogosfera\/wp-json\/wp\/v2\/categories?post=70699"},{"taxonomy":"post_tag","embeddable":true,"href":"https:\/\/redept.com.br\/blogosfera\/wp-json\/wp\/v2\/tags?post=70699"}],"curies":[{"name":"wp","href":"https:\/\/api.w.org\/{rel}","templated":true}]}}