{"id":70836,"date":"2026-01-16T13:50:02","date_gmt":"2026-01-16T16:50:02","guid":{"rendered":"https:\/\/redept.com.br\/blogosfera\/cuba-realiza-ato-multitudinario-em-homenagem-aos-32-soldados-mortos-na-venezuela\/"},"modified":"2026-01-16T13:50:02","modified_gmt":"2026-01-16T16:50:02","slug":"cuba-realiza-ato-multitudinario-em-homenagem-aos-32-soldados-mortos-na-venezuela","status":"publish","type":"post","link":"https:\/\/redept.com.br\/blogosfera\/cuba-realiza-ato-multitudinario-em-homenagem-aos-32-soldados-mortos-na-venezuela\/","title":{"rendered":"Cuba realiza ato multitudin\u00e1rio em homenagem aos 32 soldados mortos na Venezuela"},"content":{"rendered":"<p>O presidente de Cuba, Miguel D\u00edaz-Canel, encabe\u00e7ou nesta quinta-feira (15\/01), em Havana, uma cerim\u00f4nia em homenagem aos 32 soldados cubanos que morreram em combate contra as for\u00e7as militares dos Estados Unidos no \u00faltimo dia 3 de janeiro, em operativo na Venezuela que terminou com o sequestro do presidente bolivariano Nicol\u00e1s Maduro e sua esposa Cilia Flores.<\/p>\n<p>O ato contou com a assist\u00eancia de dezenas de milhares de pessoas, segundo o canal <em>TeleSur<\/em>, que se reuniram em torno da Tribuna Anti-Imperialista, pr\u00f3xima \u00e0 sede da miss\u00e3o dos Estados Unidos na capital cubana.<\/p>\n<p>Em seu discurso, D\u00edaz-Canel enfatizou que os 32 soldados \u201cdemonstraram possuir todas as qualidades que distinguem os her\u00f3is\u201d.<\/p>\n<p>\u201cOs nomes destes 32 combatentes entraram para a hist\u00f3ria do pa\u00eds, por defenderem de forma valente a soberania de uma na\u00e7\u00e3o irm\u00e3, incorporando todas as qualidades que distinguem os her\u00f3is. Todos eles s\u00e3o verdadeiros her\u00f3is cubanos\u201d, expressou o mandat\u00e1rio.<\/p>\n<p>O presidente cubano tamb\u00e9m disse que os combatentes \u201chonraram o legado dos comandantes Fidel Castro e Hugo Ch\u00e1vez\u201d, e completou dizendo que \u201ceste epis\u00f3dio demonstra o quanto os cubanos e venezuelanos s\u00e3o irm\u00e3os, capazes de dar a vida pelo outro\u201d.<\/p>\n<p>\u201cDar a vida por outro povo pode parecer estranho para alguns, mas n\u00e3o para os cubanos\u201d, ressaltou D\u00edaz-Canel, em seu pronunciamento.<\/p>\n<p>A cerim\u00f4nia em Havana foi conclu\u00edda com o sepultamento da maioria dos corpos no Pante\u00e3o dos Ca\u00eddos em Defesa da P\u00e1tria.<\/p>\n<p>Atos similares foram realizados em outros munic\u00edpios do pa\u00eds, onde os demais soldados foram sepultados, no Pante\u00e3o dos Ca\u00eddos de suas respectivas cidades natais.<\/p>\n<figure aria-describedby=\"caption-attachment-243649\"><img loading=\"lazy\" loading=\"lazy\" decoding=\"async\"src=\"https:\/\/redept.com.br\/blogosfera\/wp-content\/uploads\/2026\/01\/granma.jpg\" alt=\"\" width=\"800\" height=\"441\" srcset=\"https:\/\/redept.com.br\/blogosfera\/wp-content\/uploads\/2026\/01\/granma.jpg 800w, https:\/\/operamundi.uol.com.br\/wp-content\/uploads\/2026\/01\/granma-300x165.jpg 300w, https:\/\/operamundi.uol.com.br\/wp-content\/uploads\/2026\/01\/granma-768x423.jpg 768w, https:\/\/operamundi.uol.com.br\/wp-content\/uploads\/2026\/01\/granma-150x83.jpg 150w, https:\/\/operamundi.uol.com.br\/wp-content\/uploads\/2026\/01\/granma-750x413.jpg 750w\" sizes=\"auto, (max-width: 800px) 100vw, 800px\"><figcaption>Multid\u00e3o lotou centro de Havana para homenagear soldados mortos em combate <br \/>Granma<\/figcaption><\/figure>\n<h3>Amea\u00e7as dos EUA<\/h3>\n<p>Em outro momento do discurso, D\u00edaz-Canel criticou as amea\u00e7as feitas a Cuba pelo presidente dos Estados Unidos, Donald Trump, e pelo secret\u00e1rio de Estado norte-americano, Marco Rubio.<\/p>\n<p>O presidente cubano citou um jarg\u00e3o usado por Ernesto \u201cChe\u201d Guevara, her\u00f3i da Revolu\u00e7\u00e3o Cubana, ao dizer que: \u201cao imperialismo, n\u00e3o se pode ceder nem um tantinho\u201d.<\/p>\n<p>No \u00faltimo domingo, Trump publicou mensagem nas redes sociais dizendo que pretende interromper qualquer fornecimento de petr\u00f3leo e recursos financeiros que Cuba receba por meio da Venezuela. \u201cN\u00e3o haver\u00e1 mais petr\u00f3leo nem dinheiro para Cuba, sugiro fortemente que fa\u00e7a, um acordo, antes que seja tarde demais\u201d, comentou.<\/p>\n<p>Na ocasi\u00e3o, o chanceler cubano, Bruno Rodr\u00edguez Parrilla, respondeu dizendo que \u201ccomo qualquer pa\u00eds, Cuba tem o direito absoluto de importar combust\u00edvel dos mercados dispostos a export\u00e1-lo e que exer\u00e7am seu direito de desenvolver suas rela\u00e7\u00f5es comerciais sem interfer\u00eancia ou subordina\u00e7\u00e3o a medidas coercitivas unilaterais dos Estados Unidos\u201d.<\/p>\n<p>Com informa\u00e7\u00f5es de <em>TeleSur<\/em>.<\/p>\n<p>O post Cuba realiza ato multitudin\u00e1rio em homenagem aos 32 soldados mortos na Venezuela apareceu primeiro em Opera Mundi.<\/p>\n<!-- Begin Yuzo --><div class='yuzo_related_post style-1'  data-version='5.12.89'><!-- without result --><div class='yuzo_clearfixed yuzo__title yuzo__title'><h3>Related Post<\/h3><\/div>\n\t\t\t\t\t\t  <div class=\"relatedthumb \" style=\"width:125px;float:left;overflow:hidden;\">  \n\t\t\t\t\t\t\t  \n\t\t\t\t\t\t\t  <a  href=\"https:\/\/redept.com.br\/blogosfera\/bolsas-mundiais-caem-apos-previsao-de-novas-tarifas-de-trump\/\"  >\n\t\t\t\t\t\t\t\t\t  <div class=\"yuzo-img-wrap \" style=\"width: 125px;height:90px;\">\n\t\t\t\t\t\t\t\t\t\t\n\t\t\t\t\t\t\t\t\t\t<div class=\"yuzo-img\" style=\"background:url('https:\/\/redept.com.br\/blogosfera\/wp-content\/uploads\/2025\/04\/pexels-jakubzerdzicki-20232209-150x150.jpg') 50% 50% no-repeat;width: 125px;height:90px;margin-bottom: 5px;background-size: cover; \"><\/div>\n\t\t\t\t\t\t\t\t\t  <\/div>\n\t\t\t\t\t\t\t\t\t  \n\t\t\t\t\t\t\t\t   <span class=\"yuzo__text--title\" style=\"font-size:13px;\">Bolsas mundiais caem ap\u00f3s previs\u00e3o de novas tarifa...<\/span>\n\t\t\t\t\t\t\t  \n\t\t\t\t\t\t\t  \n\t\t\t\t\t\t\t  <\/a>\n\n\t\t\t\t\t\t  <\/div>\n\t\t\t\t\t\t  <div class=\"relatedthumb \" style=\"width:125px;float:left;overflow:hidden;\">  \n\t\t\t\t\t\t\t  \n\t\t\t\t\t\t\t  <a  href=\"https:\/\/redept.com.br\/blogosfera\/imigrantes-algemados-as-violacoes-da-politica-de-trump\/\"  >\n\t\t\t\t\t\t\t\t\t  <div class=\"yuzo-img-wrap \" style=\"width: 125px;height:90px;\">\n\t\t\t\t\t\t\t\t\t\t\n\t\t\t\t\t\t\t\t\t\t<div class=\"yuzo-img\" style=\"background:url('https:\/\/redept.org\/blogosfera\/wp-content\/plugins\/yuzo-related-post\/assets\/images\/default.png') 50% 50% no-repeat;width: 125px;height:90px;margin-bottom: 5px;background-size: cover; \"><\/div>\n\t\t\t\t\t\t\t\t\t  <\/div>\n\t\t\t\t\t\t\t\t\t  \n\t\t\t\t\t\t\t\t   <span class=\"yuzo__text--title\" style=\"font-size:13px;\">Imigrantes algemados: as viola\u00e7\u00f5es da pol\u00edtica de ...<\/span>\n\t\t\t\t\t\t\t  \n\t\t\t\t\t\t\t  \n\t\t\t\t\t\t\t  <\/a>\n\n\t\t\t\t\t\t  <\/div>\n\t\t\t\t\t\t  <div class=\"relatedthumb \" style=\"width:125px;float:left;overflow:hidden;\">  \n\t\t\t\t\t\t\t  \n\t\t\t\t\t\t\t  <a  href=\"https:\/\/redept.com.br\/blogosfera\/submundo-da-sapucai-trabalho-precario-afeta-empregados-das-escolas-de-samba-da-serie-b-do-rj\/\"  >\n\t\t\t\t\t\t\t\t\t  <div class=\"yuzo-img-wrap \" style=\"width: 125px;height:90px;\">\n\t\t\t\t\t\t\t\t\t\t\n\t\t\t\t\t\t\t\t\t\t<div class=\"yuzo-img\" style=\"background:url('https:\/\/redept.org\/blogosfera\/wp-content\/plugins\/yuzo-related-post\/assets\/images\/default.png') 50% 50% no-repeat;width: 125px;height:90px;margin-bottom: 5px;background-size: cover; \"><\/div>\n\t\t\t\t\t\t\t\t\t  <\/div>\n\t\t\t\t\t\t\t\t\t  \n\t\t\t\t\t\t\t\t   <span class=\"yuzo__text--title\" style=\"font-size:13px;\">Submundo da Sapuca\u00ed: trabalho prec\u00e1rio afeta empre...<\/span>\n\t\t\t\t\t\t\t  \n\t\t\t\t\t\t\t  \n\t\t\t\t\t\t\t  <\/a>\n\n\t\t\t\t\t\t  <\/div>\n\t\t\t\t\t\t  <div class=\"relatedthumb \" style=\"width:125px;float:left;overflow:hidden;\">  \n\t\t\t\t\t\t\t  \n\t\t\t\t\t\t\t  <a  href=\"https:\/\/redept.com.br\/blogosfera\/lula-sanciona-19-de-agosto-como-o-dia-da-luta-da-populacao-em-situacao-de-rua\/\"  >\n\t\t\t\t\t\t\t\t\t  <div class=\"yuzo-img-wrap \" style=\"width: 125px;height:90px;\">\n\t\t\t\t\t\t\t\t\t\t\n\t\t\t\t\t\t\t\t\t\t<div class=\"yuzo-img\" style=\"background:url('https:\/\/redept.org\/blogosfera\/wp-content\/plugins\/yuzo-related-post\/assets\/images\/default.png') 50% 50% no-repeat;width: 125px;height:90px;margin-bottom: 5px;background-size: cover; \"><\/div>\n\t\t\t\t\t\t\t\t\t  <\/div>\n\t\t\t\t\t\t\t\t\t  \n\t\t\t\t\t\t\t\t   <span class=\"yuzo__text--title\" style=\"font-size:13px;\">Lula sanciona 19 de agosto como o Dia da Luta da P...<\/span>\n\t\t\t\t\t\t\t  \n\t\t\t\t\t\t\t  \n\t\t\t\t\t\t\t  <\/a>\n\n\t\t\t\t\t\t  <\/div>\n<\/div> <script>\n\t\t\t\t\t\t  jQuery(document).ready(function( $ ){\n\t\t\t\t\t\t\t\/\/jQuery('.yuzo_related_post').equalizer({ overflow : 'relatedthumb' });\n\t\t\t\t\t\t\tjQuery('.yuzo_related_post .yuzo_wraps').equalizer({ columns : '> div' });\n\t\t\t\t\t\t   })\n\t\t\t\t\t\t  <\/script> <!-- End Yuzo :) -->","protected":false},"excerpt":{"rendered":"<p>O presidente de Cuba, Miguel D\u00edaz-Canel, encabe\u00e7ou nesta quinta-feira (15\/01), em Havana, uma cerim\u00f4nia em homenagem aos 32 soldados cubanos que morreram em combate contra as for\u00e7as militares dos Estados Unidos no \u00faltimo dia 3 de janeiro, em operativo na Venezuela que terminou com o sequestro do presidente bolivariano Nicol\u00e1s Maduro e sua esposa Cilia [\u2026]<\/p>\n<p>O post <a href=\"https:\/\/operamundi.uol.com.br\/america-latina\/cuba-realiza-ato-multitudinario-em-homenagem-aos-32-soldados-mortos-na-venezuela\/\">Cuba realiza ato multitudin\u00e1rio em homenagem aos 32 soldados mortos na Venezuela<\/a> apareceu primeiro em <a href=\"https:\/\/operamundi.uol.com.br\/\">Opera Mundi<\/a>.<\/p>\n","protected":false},"author":2,"featured_media":70837,"comment_status":"closed","ping_status":"closed","sticky":false,"template":"","format":"standard","meta":{"fifu_image_url":"","fifu_image_alt":"","footnotes":""},"categories":[347,32910,33538,10157,1185,9,33539,5521,3508,1876,1453,1049],"tags":[],"class_list":["post-70836","post","type-post","status-publish","format-standard","has-post-thumbnail","hentry","category-america-latina","category-chavez","category-che","category-cilia-flores","category-cuba","category-eua","category-fidel","category-maduro","category-marco-rubio","category-miguel-diaz-canel","category-trump","category-venezuela"],"_links":{"self":[{"href":"https:\/\/redept.com.br\/blogosfera\/wp-json\/wp\/v2\/posts\/70836","targetHints":{"allow":["GET"]}}],"collection":[{"href":"https:\/\/redept.com.br\/blogosfera\/wp-json\/wp\/v2\/posts"}],"about":[{"href":"https:\/\/redept.com.br\/blogosfera\/wp-json\/wp\/v2\/types\/post"}],"author":[{"embeddable":true,"href":"https:\/\/redept.com.br\/blogosfera\/wp-json\/wp\/v2\/users\/2"}],"replies":[{"embeddable":true,"href":"https:\/\/redept.com.br\/blogosfera\/wp-json\/wp\/v2\/comments?post=70836"}],"version-history":[{"count":0,"href":"https:\/\/redept.com.br\/blogosfera\/wp-json\/wp\/v2\/posts\/70836\/revisions"}],"wp:featuredmedia":[{"embeddable":true,"href":"https:\/\/redept.com.br\/blogosfera\/wp-json\/wp\/v2\/media\/70837"}],"wp:attachment":[{"href":"https:\/\/redept.com.br\/blogosfera\/wp-json\/wp\/v2\/media?parent=70836"}],"wp:term":[{"taxonomy":"category","embeddable":true,"href":"https:\/\/redept.com.br\/blogosfera\/wp-json\/wp\/v2\/categories?post=70836"},{"taxonomy":"post_tag","embeddable":true,"href":"https:\/\/redept.com.br\/blogosfera\/wp-json\/wp\/v2\/tags?post=70836"}],"curies":[{"name":"wp","href":"https:\/\/api.w.org\/{rel}","templated":true}]}}