{"id":70843,"date":"2026-01-16T16:16:38","date_gmt":"2026-01-16T19:16:38","guid":{"rendered":"https:\/\/redept.com.br\/blogosfera\/em-meio-a-incendios-na-patagonia-governo-milei-criminaliza-indigenas-mapuche-que-pedem-ajuda\/"},"modified":"2026-01-16T16:16:38","modified_gmt":"2026-01-16T19:16:38","slug":"em-meio-a-incendios-na-patagonia-governo-milei-criminaliza-indigenas-mapuche-que-pedem-ajuda","status":"publish","type":"post","link":"https:\/\/redept.com.br\/blogosfera\/em-meio-a-incendios-na-patagonia-governo-milei-criminaliza-indigenas-mapuche-que-pedem-ajuda\/","title":{"rendered":"Em meio a inc\u00eandios na Patag\u00f4nia, governo Milei criminaliza ind\u00edgenas mapuche, que pedem ajuda"},"content":{"rendered":"<p>Mais de 12 mil hectares j\u00e1 foram consumidos pelo fogo em \u00e1reas de floresta, pastagens, propriedades rurais e infraestrutura na Patag\u00f4nia argentina. O inc\u00eandio come\u00e7ou h\u00e1 mais de uma semana na regi\u00e3o de Puerto Patriada, em Chubut, e segue ativo, atingindo tamb\u00e9m as localidades de El Hoyo e Epuy\u00e9n. O avan\u00e7o das chamas \u00e9 impulsionado pelas altas temperaturas, ventos intensos e aus\u00eancia de chuvas \u2013 o que levou ao bloqueio de trechos da Rota Nacional 40 e \u00e0 ado\u00e7\u00e3o de medidas de emerg\u00eancia.<\/p>\n<p>Diante da devasta\u00e7\u00e3o do pior desastre ambiental nos \u00faltimos 20 anos na regi\u00e3o, o governo do presidente Javier Milei e aliados locais, como o governador Ignacio Torres, da prov\u00edncia de Chubut, passaram a sugerir publicamente que comunidades mapuche estariam envolvidas em a\u00e7\u00f5es criminosas ligadas aos inc\u00eandios.<\/p>\n<p>Em nota oficial, o Minist\u00e9rio da Seguran\u00e7a, comandado por Patricia Bullrich, afirmou que os focos poderiam estar relacionados \u00e0 a\u00e7\u00e3o de \u201cgrupos violentos\u201d e prometeu \u201cinvestigar poss\u00edveis v\u00ednculos com organiza\u00e7\u00f5es extremistas\u201d. A acusa\u00e7\u00e3o, no entanto, foi rebatida pelo fiscal \u00c1lvaro Ya\u00f1ez, que afirmou \u00e0 imprensa local n\u00e3o haver qualquer ind\u00edcio que relacione os povos origin\u00e1rios ao in\u00edcio dos inc\u00eandios.<\/p>\n<p>Organiza\u00e7\u00f5es populares e lideran\u00e7as ind\u00edgenas denunciam que a ofensiva faz parte de um projeto mais amplo de despojo territorial. O objetivo, segundo denunciam, seria fragilizar a presen\u00e7a dos povos origin\u00e1rios em regi\u00f5es estrat\u00e9gicas, onde avan\u00e7am interesses ligados \u00e0 minera\u00e7\u00e3o, ao fracking de petr\u00f3leo e g\u00e1s, \u00e0 especula\u00e7\u00e3o fundi\u00e1ria e \u00e0 privatiza\u00e7\u00e3o de recursos naturais como a \u00e1gua.<\/p>\n<p>Em meio \u00e0 destrui\u00e7\u00e3o ambiental e \u00e0 repress\u00e3o, comunidades mapuche t\u00eam atuado na linha de frente do combate ao fogo. Al\u00e9m de ajudar a conter as chamas, s\u00e3o tamb\u00e9m respons\u00e1veis por organizar redes de apoio e assist\u00eancia \u00e0s fam\u00edlias atingidas, enquanto enfrentam o racismo, a viol\u00eancia institucional e a estigmatiza\u00e7\u00e3o nos discursos oficiais.<\/p>\n<p>\u201cO que estamos vendo \u00e9 a tentativa de apagar n\u00e3o s\u00f3 a floresta, mas tamb\u00e9m a nossa forma de vida\u201d, denuncia a lideran\u00e7a mapuche Moira Mill\u00e1n, uma das principais vozes da resist\u00eancia na regi\u00e3o, moradora da comunidade Pilla\u00f1 Mawiza. \u201cN\u00e3o podemos permitir que avance tanta morte. Vamos seguir defendendo a vida de todas as maneiras poss\u00edveis.\u201d<\/p>\n<h3>Criminaliza\u00e7\u00e3o e ofensiva sobre os povos origin\u00e1rios<\/h3>\n<p>Enquanto brigadistas e moradores lutam para conter as chamas, mesmo sem provas o governo de Javier Milei e o governador de Chubut, Ignacio \u201cNacho\u201d Torres, passaram a responsabilizar grupos supostamente ligados aos povos origin\u00e1rios. Mesmo j\u00e1 tendo sido desmentidos por autoridades locais, as declara\u00e7\u00f5es alimentaram o processo de estigmatiza\u00e7\u00e3o do povo origin\u00e1rio que habita a regi\u00e3o h\u00e1 milhares de anos e que h\u00e1 d\u00e9cadas protagoniza a resist\u00eancia \u00e0 explora\u00e7\u00e3o econ\u00f4mica da Patag\u00f4nia.<\/p>\n<p>Apesar da aus\u00eancia de provas, a ret\u00f3rica punitivista tem servido de justificativa para opera\u00e7\u00f5es policiais e a\u00e7\u00f5es judiciais contra comunidades ind\u00edgenas na regi\u00e3o. \u201cDuas comunidades perderam tudo. Animais, casas, tudo virou cinza. E mesmo assim, em vez de apoio, o que recebem \u00e9 repress\u00e3o. Ontem uma delas sofreu uma opera\u00e7\u00e3o policial ordenada pela Justi\u00e7a\u201d, contou a ativista mapuche Moira Mill\u00e1n. Ela se refere \u00e0 comunidade Pulgar Huentuquidel, uma das afetadas diretamente pelo fogo e, em seguida, alvo de uma opera\u00e7\u00e3o judicial com apreens\u00e3o de celulares e documentos.<\/p>\n<p>\u201cH\u00e1 racismo, persegui\u00e7\u00e3o e propaganda racista. O governo quer apagar nossa presen\u00e7a da Patag\u00f4nia para abrir caminho a um modelo econ\u00f4mico baseado na explora\u00e7\u00e3o\u201d, disse em entrevista ao <em>Brasil de Fato<\/em>.<\/p>\n<p>Para os povos origin\u00e1rios, a devasta\u00e7\u00e3o tem um significado que vai al\u00e9m da perda material. \u201cS\u00e3o territ\u00f3rios que nosso povo preserva h\u00e1 milhares de anos. Nossas formas de vida, espiritualidade e alimenta\u00e7\u00e3o se constroem a partir da rela\u00e7\u00e3o com essas florestas. A dor \u00e9 imensa\u201d, afirmou Mill\u00e1n.<\/p>\n<h3>Resist\u00eancia e solidariedade em meio \u00e0s chamas<\/h3>\n<p>Na contram\u00e3o das acusa\u00e7\u00f5es, comunidades mapuche e moradores da regi\u00e3o t\u00eam sido protagonistas no combate ao fogo. Sem estrutura suficiente por parte do Estado \u2013 que cortou drasticamente os recursos para preven\u00e7\u00e3o e combate a inc\u00eandios \u2013 s\u00e3o vizinhos, brigadistas volunt\u00e1rios e integrantes de povos origin\u00e1rios que formam redes de solidariedade para salvar casas, animais e reservas naturais.<\/p>\n<p>Desde 2024, o governo de Javier Milei tem promovido cortes nos fundos previstos em lei para os bombeiros volunt\u00e1rios e para o sistema de monitoramento e alertas. O or\u00e7amento aprovado para este ano prev\u00ea um corte de aproximadamente 69% nos recursos ambientais em rela\u00e7\u00e3o a 2023 e de 53,6% em compara\u00e7\u00e3o com 2025, segundo estudos do Centro de Econom\u00eda Pol\u00edtica Argentina (CEPA).<\/p>\n<p>\u201cQuem est\u00e1 apagando o fogo somos n\u00f3s\u201d, resume o eletricista Adri\u00e1n de Gracia, morador da zona rural de El Bols\u00f3n, que perdeu a pr\u00f3pria casa num inc\u00eandio em 2025, mas segue atuando como brigadista volunt\u00e1rio. Agora a casa de amigos onde est\u00e1 morando tamb\u00e9m est\u00e1 amea\u00e7ada pelas chamas.<\/p>\n<p>\u201cSomos vizinhos ajudando vizinhos. Os mapuche est\u00e3o sempre nos lugares mais afastados, onde o fogo chega primeiro. Est\u00e3o salvando os territ\u00f3rios com as pr\u00f3prias m\u00e3os\u201d, contou Adri\u00e1n.<\/p>\n<p>Segundo ele, a acusa\u00e7\u00e3o contra os povos origin\u00e1rios \u00e9 insustent\u00e1vel. \u201cEst\u00e3o perdendo tudo tamb\u00e9m. N\u00e3o t\u00eam nada a ganhar com isso. J\u00e1 culparam at\u00e9 brigadistas no passado. Sempre procuram uma desculpa para n\u00e3o investigar as verdadeiras causas\u201d, afirmou.<\/p>\n<figure aria-describedby=\"caption-attachment-243665\"><img fetchpriority=\"high\" decoding=\"async\"src=\"https:\/\/redept.com.br\/blogosfera\/wp-content\/uploads\/2026\/01\/captura-de-tela-2026-01-16-160740.png\" alt=\"\" width=\"1124\" height=\"595\" srcset=\"https:\/\/redept.com.br\/blogosfera\/wp-content\/uploads\/2026\/01\/captura-de-tela-2026-01-16-160740.png 1124w, https:\/\/operamundi.uol.com.br\/wp-content\/uploads\/2026\/01\/captura-de-tela-2026-01-16-160740-300x159.png 300w, https:\/\/operamundi.uol.com.br\/wp-content\/uploads\/2026\/01\/captura-de-tela-2026-01-16-160740-1024x542.png 1024w, https:\/\/operamundi.uol.com.br\/wp-content\/uploads\/2026\/01\/captura-de-tela-2026-01-16-160740-768x407.png 768w, https:\/\/operamundi.uol.com.br\/wp-content\/uploads\/2026\/01\/captura-de-tela-2026-01-16-160740-150x79.png 150w, https:\/\/operamundi.uol.com.br\/wp-content\/uploads\/2026\/01\/captura-de-tela-2026-01-16-160740-750x397.png 750w\" sizes=\"(max-width: 1124px) 100vw, 1124px\"><figcaption>Inc\u00eandio segue atingindo as localidades de El Hoyo e Epuy\u00e9n <br \/>Governo da Argentina<\/figcaption><\/figure>\n<h3>Press\u00e3o econ\u00f4mica e disputa territorial<\/h3>\n<p>Para Moira Mill\u00e1n, a criminaliza\u00e7\u00e3o dos povos origin\u00e1rios serve a um objetivo claro: abrir caminho para um novo ciclo de espolia\u00e7\u00e3o da Patag\u00f4nia. \u201cEst\u00e3o tentando apagar a vida para plantar a morte\u201d, afirma. Segundo ela, os inc\u00eandios fazem parte de um projeto que combina destrui\u00e7\u00e3o ambiental, repress\u00e3o e flexibiliza\u00e7\u00e3o de leis para facilitar a venda de terras.<\/p>\n<p>No territ\u00f3rio argentino, a Patag\u00f4nia aparece como uma fronteira estrat\u00e9gica do extrativismo, cobi\u00e7ada por projetos de minera\u00e7\u00e3o, energia e grandes empreendimentos, em um cen\u00e1rio no qual o Estado reduz sua capacidade de regula\u00e7\u00e3o, fiscaliza\u00e7\u00e3o e resposta a desastres ambientais.<\/p>\n<p>E, 2023, por decreto, Javier Milei revogou a Lei de Terras de 2011, eliminando limites \u00e0 propriedade rural por estrangeiros. O caso foi parar na Justi\u00e7a, que suspendeu preventivamente o decreto, mas ainda n\u00e3o tomou decis\u00e3o definitiva. A Lei de Bosques Nativos, instrumento jur\u00eddico semelhante ao C\u00f3digo Florestal no Brasil, permanece em vigor, mas teve sua aplica\u00e7\u00e3o comprometida com o desfinanciamento de mecanismos centrais de conserva\u00e7\u00e3o. Recentemente, o colocou em tramita\u00e7\u00e3o no Congresso uma proposta de reforma da Lei de Glaciares, que, se aprovada, pode reduzir \u00e1reas protegidas e ampliar a margem para atividades extrativas em ambientes glaciais e periglaciais \u2014 muitos deles localizados justamente na Patag\u00f4nia.<\/p>\n<p>\u201cQuerem que n\u00e3o haja mais nenhum mapuche na Patag\u00f4nia, e encontram eco em setores racistas e supremacistas que preferem acreditar nessa narrativa\u201d, denuncia Mill\u00e1n.<\/p>\n<p>Levantamento do jornalista Alejandro Pairone, do <em>El Tiempo Argentino<\/em>, revela que apenas quatro grupos estrangeiros \u2013 com capitais do Qatar, Emirados \u00c1rabes, B\u00e9lgica e Reino Unido \u2013 j\u00e1 concentram cerca de 110 mil hectares entre Bariloche e El Bols\u00f3n, o equivalente a quase seis vezes a \u00e1rea da cidade de Buenos Aires.<\/p>\n<p>Esses conglomerados controlam plan\u00edcies, montanhas, florestas nativas, rios e glaciares. Em meio \u00e0 paisagem preservada, instalaram centros de esqui exclusivos, lodges de luxo, cotos de ca\u00e7a e mans\u00f5es com acesso restrito. Boa parte dessas terras foi adquirida por meio de testas de ferro, triangula\u00e7\u00f5es e fideicomissos, numa l\u00f3gica de ocultamento da titularidade real.<\/p>\n<p>Em alguns casos, os empreendimentos invadem territ\u00f3rios reconhecidos judicialmente como ancestrais de comunidades mapuche, como Cayunao e Kom Ki\u00f1\u00e9 Mu. Uma dessas \u00e1reas foi transformada em um coto de ca\u00e7a de luxo que hoje est\u00e1 no centro de um lit\u00edgio judicial. \u201cA criminaliza\u00e7\u00e3o dos mapuche ocorre justamente onde h\u00e1 projetos de urbaniza\u00e7\u00e3o de elite e especula\u00e7\u00e3o fundi\u00e1ria\u201d, aponta o jornalista, em entrevista ao <em>Brasil de Fato<\/em>.<\/p>\n<p>\u201cA constru\u00e7\u00e3o do inimigo interno \u00e9 deliberada. Primeiro lan\u00e7am discursos vagos, depois colocam nome: \u2018os mapuche\u2019. E, por fim, v\u00eam as a\u00e7\u00f5es policiais. Isso \u00e9 parte de um projeto mais amplo que busca erradicar toda forma de organiza\u00e7\u00e3o social que resista ao modelo de reconvers\u00e3o econ\u00f4mica imposto pelos grandes capitais\u201d, analisa.<\/p>\n<p>De acordo com Pairone, os territ\u00f3rios da cordilheira patag\u00f4nica s\u00e3o hoje alvo de disputas intensas: de um lado, comunidades e organiza\u00e7\u00f5es populares que buscam preservar a biodiversidade; do outro, megaprojetos de minera\u00e7\u00e3o, fracking e turismo de luxo que avan\u00e7am com apoio de governos provinciais e do Executivo nacional.<\/p>\n<h3>\u201cNunca mais ser\u00e1 como antes\u201d<\/h3>\n<p>Mais do que casas e florestas, os inc\u00eandios destroem territ\u00f3rios sagrados. Para o povo mapuche, a liga\u00e7\u00e3o com a terra \u00e9 espiritual, profunda e milenar. \u201cL\u00e1 busc\u00e1vamos nosso lawen, a medicina que sustenta a sa\u00fade f\u00edsica e espiritual. Hoje, tudo isso foi arrasado\u201d, lamenta Mill\u00e1n. Segundo ela, a devasta\u00e7\u00e3o n\u00e3o \u00e9 s\u00f3 ambiental: \u00e9 tamb\u00e9m cultural, simb\u00f3lica e civilizat\u00f3ria.<\/p>\n<p>O Parque Nacional Los Alerces, uma das \u00e1reas atingidas, abriga alerces milenares e vegeta\u00e7\u00e3o considerada patrim\u00f4nio da humanidade pela Unesco. \u201cNunca mais vai voltar a ser o que foi\u201d, diz Mill\u00e1n. A recupera\u00e7\u00e3o dos ecossistemas, mesmo que parcial, deve levar s\u00e9culos. \u201cS\u00f3 conseguiremos regenerar se tivermos o direito de viver em nossos territ\u00f3rios e se acabarmos com esse modelo de governo que promove o terric\u00eddio.\u201d<\/p>\n<p>Apesar da dor e das perdas, Mill\u00e1n insiste que os povos origin\u00e1rios seguem firmes na defesa da vida. \u201cN\u00e3o temos medo do fascismo argentino ou chileno. Temos medo de n\u00e3o cumprir o mandato dos nossos ancestrais: proteger o territ\u00f3rio.\u201d E faz um apelo \u00e0 solidariedade internacional: \u201cA Patag\u00f4nia \u00e9 t\u00e3o importante quanto a Amaz\u00f4nia. Um atentado contra ela \u00e9 um atentado contra toda a humanidade.\u201d<\/p>\n<p>O post Em meio a inc\u00eandios na Patag\u00f4nia, governo Milei criminaliza ind\u00edgenas mapuche, que pedem ajuda apareceu primeiro em Opera Mundi.<\/p>\n<!-- Begin Yuzo --><div class='yuzo_related_post style-1'  data-version='5.12.89'><!-- without result --><div class='yuzo_clearfixed yuzo__title yuzo__title'><h3>Related Post<\/h3><\/div>\n\t\t\t\t\t\t  <div class=\"relatedthumb \" style=\"width:125px;float:left;overflow:hidden;\">  \n\t\t\t\t\t\t\t  \n\t\t\t\t\t\t\t  <a  href=\"https:\/\/redept.com.br\/blogosfera\/eua-e-israel-atacam-principal-universidade-de-tecnologia-do-ira\/\"  >\n\t\t\t\t\t\t\t\t\t  <div class=\"yuzo-img-wrap \" style=\"width: 125px;height:90px;\">\n\t\t\t\t\t\t\t\t\t\t\n\t\t\t\t\t\t\t\t\t\t<div class=\"yuzo-img\" style=\"background:url('https:\/\/redept.org\/blogosfera\/wp-content\/plugins\/yuzo-related-post\/assets\/images\/default.png') 50% 50% no-repeat;width: 125px;height:90px;margin-bottom: 5px;background-size: cover; \"><\/div>\n\t\t\t\t\t\t\t\t\t  <\/div>\n\t\t\t\t\t\t\t\t\t  \n\t\t\t\t\t\t\t\t   <span class=\"yuzo__text--title\" style=\"font-size:13px;\">EUA e Israel atacam principal universidade de tecn...<\/span>\n\t\t\t\t\t\t\t  \n\t\t\t\t\t\t\t  \n\t\t\t\t\t\t\t  <\/a>\n\n\t\t\t\t\t\t  <\/div>\n\t\t\t\t\t\t  <div class=\"relatedthumb \" style=\"width:125px;float:left;overflow:hidden;\">  \n\t\t\t\t\t\t\t  \n\t\t\t\t\t\t\t  <a  href=\"https:\/\/redept.com.br\/blogosfera\/china-reage-rapido-e-neutraliza-sobretaxa-de-trump-sobre-chips-da-nvidia\/\"  >\n\t\t\t\t\t\t\t\t\t  <div class=\"yuzo-img-wrap \" style=\"width: 125px;height:90px;\">\n\t\t\t\t\t\t\t\t\t\t\n\t\t\t\t\t\t\t\t\t\t<div class=\"yuzo-img\" style=\"background:url('https:\/\/redept.com.br\/blogosfera\/wp-content\/uploads\/2025\/08\/GettyImages-1258356137-c7f8b16457384533ae504c0364173114-1-150x150.jpg') 50% 50% no-repeat;width: 125px;height:90px;margin-bottom: 5px;background-size: cover; \"><\/div>\n\t\t\t\t\t\t\t\t\t  <\/div>\n\t\t\t\t\t\t\t\t\t  \n\t\t\t\t\t\t\t\t   <span class=\"yuzo__text--title\" style=\"font-size:13px;\">China reage r\u00e1pido e neutraliza sobretaxa de Trump...<\/span>\n\t\t\t\t\t\t\t  \n\t\t\t\t\t\t\t  \n\t\t\t\t\t\t\t  <\/a>\n\n\t\t\t\t\t\t  <\/div>\n\t\t\t\t\t\t  <div class=\"relatedthumb \" style=\"width:125px;float:left;overflow:hidden;\">  \n\t\t\t\t\t\t\t  \n\t\t\t\t\t\t\t  <a  href=\"https:\/\/redept.com.br\/blogosfera\/esquerda-tenta-consolidar-lideranca-enquanto-direita-disputa-vaga-no-chile\/\"  >\n\t\t\t\t\t\t\t\t\t  <div class=\"yuzo-img-wrap \" style=\"width: 125px;height:90px;\">\n\t\t\t\t\t\t\t\t\t\t\n\t\t\t\t\t\t\t\t\t\t<div class=\"yuzo-img\" style=\"background:url('https:\/\/redept.com.br\/blogosfera\/wp-content\/uploads\/2025\/11\/Candidatos-del-Partido-Nacional-Libertario-Johannes-Kaiser-y-del-Partido-Republicano-Jose-Antonio-Kast-150x150.jpg') 50% 50% no-repeat;width: 125px;height:90px;margin-bottom: 5px;background-size: cover; \"><\/div>\n\t\t\t\t\t\t\t\t\t  <\/div>\n\t\t\t\t\t\t\t\t\t  \n\t\t\t\t\t\t\t\t   <span class=\"yuzo__text--title\" style=\"font-size:13px;\">Esquerda tenta consolidar lideran\u00e7a enquanto direi...<\/span>\n\t\t\t\t\t\t\t  \n\t\t\t\t\t\t\t  \n\t\t\t\t\t\t\t  <\/a>\n\n\t\t\t\t\t\t  <\/div>\n\t\t\t\t\t\t  <div class=\"relatedthumb \" style=\"width:125px;float:left;overflow:hidden;\">  \n\t\t\t\t\t\t\t  \n\t\t\t\t\t\t\t  <a  href=\"https:\/\/redept.com.br\/blogosfera\/governo-autoriza-obras-do-complexo-hospitalar-universitario-em-sergipe\/\"  >\n\t\t\t\t\t\t\t\t\t  <div class=\"yuzo-img-wrap \" style=\"width: 125px;height:90px;\">\n\t\t\t\t\t\t\t\t\t\t\n\t\t\t\t\t\t\t\t\t\t<div class=\"yuzo-img\" style=\"background:url('https:\/\/redept.org\/blogosfera\/wp-content\/plugins\/yuzo-related-post\/assets\/images\/default.png') 50% 50% no-repeat;width: 125px;height:90px;margin-bottom: 5px;background-size: cover; \"><\/div>\n\t\t\t\t\t\t\t\t\t  <\/div>\n\t\t\t\t\t\t\t\t\t  \n\t\t\t\t\t\t\t\t   <span class=\"yuzo__text--title\" style=\"font-size:13px;\">Governo autoriza obras do complexo hospitalar univ...<\/span>\n\t\t\t\t\t\t\t  \n\t\t\t\t\t\t\t  \n\t\t\t\t\t\t\t  <\/a>\n\n\t\t\t\t\t\t  <\/div>\n<\/div> <script>\n\t\t\t\t\t\t  jQuery(document).ready(function( $ ){\n\t\t\t\t\t\t\t\/\/jQuery('.yuzo_related_post').equalizer({ overflow : 'relatedthumb' });\n\t\t\t\t\t\t\tjQuery('.yuzo_related_post .yuzo_wraps').equalizer({ columns : '> div' });\n\t\t\t\t\t\t   })\n\t\t\t\t\t\t  <\/script> <!-- End Yuzo :) -->","protected":false},"excerpt":{"rendered":"<p>Mais de 12 mil hectares j\u00e1 foram consumidos pelo fogo em \u00e1reas de floresta, pastagens, propriedades rurais e infraestrutura na Patag\u00f4nia argentina. O inc\u00eandio come\u00e7ou h\u00e1 mais de uma semana na regi\u00e3o de Puerto Patriada, em Chubut, e segue ativo, atingindo tamb\u00e9m as localidades de El Hoyo e Epuy\u00e9n. O avan\u00e7o das chamas \u00e9 impulsionado [\u2026]<\/p>\n<p>O post <a href=\"https:\/\/operamundi.uol.com.br\/meio-ambiente\/em-meio-a-incendios-na-patagonia-governo-milei-criminaliza-indigenas-mapuche-que-pedem-ajuda\/\">Em meio a inc\u00eandios na Patag\u00f4nia, governo Milei criminaliza ind\u00edgenas mapuche, que pedem ajuda<\/a> apareceu primeiro em <a href=\"https:\/\/operamundi.uol.com.br\/\">Opera Mundi<\/a>.<\/p>\n","protected":false},"author":2,"featured_media":70844,"comment_status":"closed","ping_status":"closed","sticky":false,"template":"","format":"standard","meta":{"fifu_image_url":"","fifu_image_alt":"","footnotes":""},"categories":[347,593,272,23518,8725,761,18,2161,33546],"tags":[],"class_list":["post-70843","post","type-post","status-publish","format-standard","has-post-thumbnail","hentry","category-america-latina","category-aquecimento-global","category-argentina","category-florestas","category-fogo","category-indigenas","category-meio-ambiente","category-milei","category-patagonia"],"_links":{"self":[{"href":"https:\/\/redept.com.br\/blogosfera\/wp-json\/wp\/v2\/posts\/70843","targetHints":{"allow":["GET"]}}],"collection":[{"href":"https:\/\/redept.com.br\/blogosfera\/wp-json\/wp\/v2\/posts"}],"about":[{"href":"https:\/\/redept.com.br\/blogosfera\/wp-json\/wp\/v2\/types\/post"}],"author":[{"embeddable":true,"href":"https:\/\/redept.com.br\/blogosfera\/wp-json\/wp\/v2\/users\/2"}],"replies":[{"embeddable":true,"href":"https:\/\/redept.com.br\/blogosfera\/wp-json\/wp\/v2\/comments?post=70843"}],"version-history":[{"count":0,"href":"https:\/\/redept.com.br\/blogosfera\/wp-json\/wp\/v2\/posts\/70843\/revisions"}],"wp:featuredmedia":[{"embeddable":true,"href":"https:\/\/redept.com.br\/blogosfera\/wp-json\/wp\/v2\/media\/70844"}],"wp:attachment":[{"href":"https:\/\/redept.com.br\/blogosfera\/wp-json\/wp\/v2\/media?parent=70843"}],"wp:term":[{"taxonomy":"category","embeddable":true,"href":"https:\/\/redept.com.br\/blogosfera\/wp-json\/wp\/v2\/categories?post=70843"},{"taxonomy":"post_tag","embeddable":true,"href":"https:\/\/redept.com.br\/blogosfera\/wp-json\/wp\/v2\/tags?post=70843"}],"curies":[{"name":"wp","href":"https:\/\/api.w.org\/{rel}","templated":true}]}}