{"id":70940,"date":"2026-01-18T13:07:30","date_gmt":"2026-01-18T16:07:30","guid":{"rendered":"https:\/\/redept.com.br\/blogosfera\/vietna-aceita-convite-e-integra-conselho-da-paz-de-trump-para-gaza\/"},"modified":"2026-01-18T13:07:30","modified_gmt":"2026-01-18T16:07:30","slug":"vietna-aceita-convite-e-integra-conselho-da-paz-de-trump-para-gaza","status":"publish","type":"post","link":"https:\/\/redept.com.br\/blogosfera\/vietna-aceita-convite-e-integra-conselho-da-paz-de-trump-para-gaza\/","title":{"rendered":"Viet\u00f1a aceita convite e integra \u2018Conselho da Paz\u2019 de Trump para Gaza"},"content":{"rendered":"<p>O Secret\u00e1rio-Geral do Partido Comunista do Vietn\u00e3, To Lam, afirmou a disponibilidade do Vietn\u00e3 para participar como membro fundador do \u201cConselho da Paz\u201d de Gaza, iniciativa liderada pelos EUA. O governo vietnamita confirmou o convite neste domingo (18\/01). A decis\u00e3o coloca o pa\u00eds asi\u00e1tico ao lado de outras na\u00e7\u00f5es convidadas por Trump em uma iniciativa cuja governan\u00e7a e objetivos finais ainda s\u00e3o alvo de ceticismo por parte de movimentos palestinos.<\/p>\n<p>Assim como fez com os presidentes Lula da Silva (Brasil), Javier Milei (Argentina) e Recep Tayyip Erdo\u011fan (Turquia), o presidente Donald Trump enviou uma carta a To Lam, convidando o Vietn\u00e3 a integrar o grupo como um dos estados-membros fundadores, com o objetivo declarado de promover uma solu\u00e7\u00e3o pac\u00edfica e sustent\u00e1vel para o conflito entre Israel e Palestina na Faixa de Gaza.<\/p>\n<p>Em sua resposta, Lam enfatizou a posi\u00e7\u00e3o consistente do Vietn\u00e3 de resolver conflitos por meios pac\u00edficos e em conformidade com o direito internacional. O pa\u00eds, disse ele, est\u00e1 pronto para contribuir com os esfor\u00e7os da comunidade internacional, respeitando os direitos fundamentais das partes envolvidas.<\/p>\n<p>O Vietn\u00e3 justificou sua decis\u00e3o afirmando que o estabelecimento do conselho \u00e9 um passo para implementar o plano de paz para Gaza adotado pelo Conselho de Seguran\u00e7a da ONU (Resolu\u00e7\u00e3o 2803, de novembro de 2025). A resolu\u00e7\u00e3o, no entanto, n\u00e3o especifica a estrutura de poder do conselho, hoje dominada por figuras pr\u00f3ximas a Trump e a Israel.<\/p>\n<blockquote>\n<p dir=\"ltr\" lang=\"en\">General Secretary To Lam has affirmed Viet Nam\u2019s readiness to participate as a founding member state of the Gaza Peace Councilhttps:\/\/t.co\/giLj38lj3J@UN @Rubio<\/p>\n<p>\u2014 Viet Nam Government Portal (@VNGovtPortal) January 18, 2026<\/p>\n<\/blockquote>\n<p>A resolu\u00e7\u00e3o convida os Estados-membros das Na\u00e7\u00f5es Unidas a participarem do Conselho da Paz para promover a consolida\u00e7\u00e3o da paz, a assist\u00eancia humanit\u00e1ria e a reconstru\u00e7\u00e3o da Faixa de Gaza.<\/p>\n<p>Dessa forma, o l\u00edder vietnamita aceitou o convite e afirmou a prontid\u00e3o do Vietn\u00e3 em participar como membro fundador do \u201cConselho da Paz\u201d, trabalhando em conjunto com os EUA e a comunidade internacional para dar contribui\u00e7\u00f5es positivas rumo a uma solu\u00e7\u00e3o abrangente e de longo prazo para o processo de paz no Oriente M\u00e9dio, incluindo o estabelecimento de um Estado palestino que viva pacificamente ao lado do Estado de Israel.<\/p>\n<p>Em sua carta, Lam tamb\u00e9m prop\u00f4s que os dois pa\u00edses fortale\u00e7am sua Parceria Estrat\u00e9gica Abrangente, expandindo a colabora\u00e7\u00e3o com base no respeito m\u00fatuo e em interesses comuns.<\/p>\n<p>O post Viet\u00f1a aceita convite e integra \u2018Conselho da Paz\u2019 de Trump para Gaza apareceu primeiro em Opera Mundi.<\/p>\n<!-- Begin Yuzo --><div class='yuzo_related_post style-1'  data-version='5.12.89'><!-- without result --><div class='yuzo_clearfixed yuzo__title yuzo__title'><h3>Related Post<\/h3><\/div>\n\t\t\t\t\t\t  <div class=\"relatedthumb \" style=\"width:125px;float:left;overflow:hidden;\">  \n\t\t\t\t\t\t\t  \n\t\t\t\t\t\t\t  <a  href=\"https:\/\/redept.com.br\/blogosfera\/glauber-braga-inicia-greve-de-fome-contra-cassacao-golpista-do-mandato\/\"  >\n\t\t\t\t\t\t\t\t\t  <div class=\"yuzo-img-wrap \" style=\"width: 125px;height:90px;\">\n\t\t\t\t\t\t\t\t\t\t\n\t\t\t\t\t\t\t\t\t\t<div class=\"yuzo-img\" style=\"background:url('https:\/\/redept.com.br\/blogosfera\/wp-content\/uploads\/2025\/04\/5168347478758632998-150x150.jpg') 50% 50% no-repeat;width: 125px;height:90px;margin-bottom: 5px;background-size: cover; \"><\/div>\n\t\t\t\t\t\t\t\t\t  <\/div>\n\t\t\t\t\t\t\t\t\t  \n\t\t\t\t\t\t\t\t   <span class=\"yuzo__text--title\" style=\"font-size:13px;\">Glauber Braga inicia greve de fome contra cassa\u00e7\u00e3o...<\/span>\n\t\t\t\t\t\t\t  \n\t\t\t\t\t\t\t  \n\t\t\t\t\t\t\t  <\/a>\n\n\t\t\t\t\t\t  <\/div>\n\t\t\t\t\t\t  <div class=\"relatedthumb \" style=\"width:125px;float:left;overflow:hidden;\">  \n\t\t\t\t\t\t\t  \n\t\t\t\t\t\t\t  <a  href=\"https:\/\/redept.com.br\/blogosfera\/sem-terra-sao-despejados-de-local-onde-vivem-ha-dez-anos-na-bahia-sob-ameacas-vao-botar-fogo-nos-barracos\/\"  >\n\t\t\t\t\t\t\t\t\t  <div class=\"yuzo-img-wrap \" style=\"width: 125px;height:90px;\">\n\t\t\t\t\t\t\t\t\t\t\n\t\t\t\t\t\t\t\t\t\t<div class=\"yuzo-img\" style=\"background:url('https:\/\/redept.com.br\/blogosfera\/wp-content\/uploads\/2025\/08\/mst-bahia-150x150.jpeg') 50% 50% no-repeat;width: 125px;height:90px;margin-bottom: 5px;background-size: cover; \"><\/div>\n\t\t\t\t\t\t\t\t\t  <\/div>\n\t\t\t\t\t\t\t\t\t  \n\t\t\t\t\t\t\t\t   <span class=\"yuzo__text--title\" style=\"font-size:13px;\">Sem-terra s\u00e3o despejados de local onde vivem h\u00e1 de...<\/span>\n\t\t\t\t\t\t\t  \n\t\t\t\t\t\t\t  \n\t\t\t\t\t\t\t  <\/a>\n\n\t\t\t\t\t\t  <\/div>\n\t\t\t\t\t\t  <div class=\"relatedthumb \" style=\"width:125px;float:left;overflow:hidden;\">  \n\t\t\t\t\t\t\t  \n\t\t\t\t\t\t\t  <a  href=\"https:\/\/redept.com.br\/blogosfera\/brasil-impulsiona-cooperacao-internacional-em-ciencia-e-inovacao-no-brics\/\"  >\n\t\t\t\t\t\t\t\t\t  <div class=\"yuzo-img-wrap \" style=\"width: 125px;height:90px;\">\n\t\t\t\t\t\t\t\t\t\t\n\t\t\t\t\t\t\t\t\t\t<div class=\"yuzo-img\" style=\"background:url('https:\/\/redept.com.br\/blogosfera\/wp-content\/uploads\/2025\/06\/0d9a3250-2048x1365-1-150x150.jpg') 50% 50% no-repeat;width: 125px;height:90px;margin-bottom: 5px;background-size: cover; \"><\/div>\n\t\t\t\t\t\t\t\t\t  <\/div>\n\t\t\t\t\t\t\t\t\t  \n\t\t\t\t\t\t\t\t   <span class=\"yuzo__text--title\" style=\"font-size:13px;\">Brasil impulsiona coopera\u00e7\u00e3o internacional em ci\u00ean...<\/span>\n\t\t\t\t\t\t\t  \n\t\t\t\t\t\t\t  \n\t\t\t\t\t\t\t  <\/a>\n\n\t\t\t\t\t\t  <\/div>\n\t\t\t\t\t\t  <div class=\"relatedthumb \" style=\"width:125px;float:left;overflow:hidden;\">  \n\t\t\t\t\t\t\t  \n\t\t\t\t\t\t\t  <a  href=\"https:\/\/redept.com.br\/blogosfera\/gleisi-diz-que-governo-e-terminantemente-contra-projeto-que-equipara-faccoes-a-terroristas\/\"  >\n\t\t\t\t\t\t\t\t\t  <div class=\"yuzo-img-wrap \" style=\"width: 125px;height:90px;\">\n\t\t\t\t\t\t\t\t\t\t\n\t\t\t\t\t\t\t\t\t\t<div class=\"yuzo-img\" style=\"background:url('https:\/\/redept.com.br\/blogosfera\/wp-content\/uploads\/2025\/11\/0d9a8688_1-150x150.webp') 50% 50% no-repeat;width: 125px;height:90px;margin-bottom: 5px;background-size: cover; \"><\/div>\n\t\t\t\t\t\t\t\t\t  <\/div>\n\t\t\t\t\t\t\t\t\t  \n\t\t\t\t\t\t\t\t   <span class=\"yuzo__text--title\" style=\"font-size:13px;\">Gleisi diz que governo \u00e9 \u2018terminantemente contra\u2019 ...<\/span>\n\t\t\t\t\t\t\t  \n\t\t\t\t\t\t\t  \n\t\t\t\t\t\t\t  <\/a>\n\n\t\t\t\t\t\t  <\/div>\n<\/div> <script>\n\t\t\t\t\t\t  jQuery(document).ready(function( $ ){\n\t\t\t\t\t\t\t\/\/jQuery('.yuzo_related_post').equalizer({ overflow : 'relatedthumb' });\n\t\t\t\t\t\t\tjQuery('.yuzo_related_post .yuzo_wraps').equalizer({ columns : '> div' });\n\t\t\t\t\t\t   })\n\t\t\t\t\t\t  <\/script> <!-- End Yuzo :) -->","protected":false},"excerpt":{"rendered":"<p>O Secret\u00e1rio-Geral do Partido Comunista do Vietn\u00e3, To Lam, afirmou a disponibilidade do Vietn\u00e3 para participar como membro fundador do \u201cConselho da Paz\u201d de Gaza, iniciativa liderada pelos EUA. O governo vietnamita confirmou o convite neste domingo (18\/01). A decis\u00e3o coloca o pa\u00eds asi\u00e1tico ao lado de outras na\u00e7\u00f5es convidadas por Trump em uma iniciativa [\u2026]<\/p>\n<p>O post <a href=\"https:\/\/operamundi.uol.com.br\/guerra-israel-x-palestina\/vietna-aceita-convite-e-integra-conselho-da-paz-de-trump-para-gaza\/\">Viet\u00f1a aceita convite e integra \u2018Conselho da Paz\u2019 de Trump para Gaza<\/a> apareceu primeiro em <a href=\"https:\/\/operamundi.uol.com.br\/\">Opera Mundi<\/a>.<\/p>\n","protected":false},"author":2,"featured_media":0,"comment_status":"closed","ping_status":"closed","sticky":false,"template":"","format":"standard","meta":{"fifu_image_url":"","fifu_image_alt":"","footnotes":""},"categories":[22413,1023,394,402,23,3938,25,54,4226,1485],"tags":[],"class_list":["post-70940","post","type-post","status-publish","format-standard","hentry","category-conselho-da-paz","category-donald-trump","category-estados-unidos","category-faixa-de-gaza","category-guerra","category-guerra-israel-x-palestina","category-israel","category-palestina","category-to-lam","category-vietna"],"_links":{"self":[{"href":"https:\/\/redept.com.br\/blogosfera\/wp-json\/wp\/v2\/posts\/70940","targetHints":{"allow":["GET"]}}],"collection":[{"href":"https:\/\/redept.com.br\/blogosfera\/wp-json\/wp\/v2\/posts"}],"about":[{"href":"https:\/\/redept.com.br\/blogosfera\/wp-json\/wp\/v2\/types\/post"}],"author":[{"embeddable":true,"href":"https:\/\/redept.com.br\/blogosfera\/wp-json\/wp\/v2\/users\/2"}],"replies":[{"embeddable":true,"href":"https:\/\/redept.com.br\/blogosfera\/wp-json\/wp\/v2\/comments?post=70940"}],"version-history":[{"count":0,"href":"https:\/\/redept.com.br\/blogosfera\/wp-json\/wp\/v2\/posts\/70940\/revisions"}],"wp:attachment":[{"href":"https:\/\/redept.com.br\/blogosfera\/wp-json\/wp\/v2\/media?parent=70940"}],"wp:term":[{"taxonomy":"category","embeddable":true,"href":"https:\/\/redept.com.br\/blogosfera\/wp-json\/wp\/v2\/categories?post=70940"},{"taxonomy":"post_tag","embeddable":true,"href":"https:\/\/redept.com.br\/blogosfera\/wp-json\/wp\/v2\/tags?post=70940"}],"curies":[{"name":"wp","href":"https:\/\/api.w.org\/{rel}","templated":true}]}}