{"id":7109,"date":"2024-12-03T15:02:08","date_gmt":"2024-12-03T18:02:08","guid":{"rendered":"https:\/\/redept.org\/blogosfera\/pgr-avalia-pedido-de-extincao-do-pl-por-ligacao-com-atos-golpistas\/"},"modified":"2024-12-03T15:02:08","modified_gmt":"2024-12-03T18:02:08","slug":"pgr-avalia-pedido-de-extincao-do-pl-por-ligacao-com-atos-golpistas","status":"publish","type":"post","link":"https:\/\/redept.com.br\/blogosfera\/pgr-avalia-pedido-de-extincao-do-pl-por-ligacao-com-atos-golpistas\/","title":{"rendered":"PGR avalia pedido de extin\u00e7\u00e3o do PL por liga\u00e7\u00e3o com atos golpistas"},"content":{"rendered":"<p><img fetchpriority=\"high\" width=\"1024\" height=\"682\"src=\"https:\/\/redept.org\/blogosfera\/wp-content\/uploads\/2024\/12\/Captura-de-Tela-2024-12-03-as-14.58.10.png\" alt=\"\" decoding=\"async\" srcset=\"https:\/\/vermelho.org.br\/wp-content\/uploads\/2024\/12\/Captura-de-Tela-2024-12-03-as-14.58.10-1024x682.png 1024w, https:\/\/vermelho.org.br\/wp-content\/uploads\/2024\/12\/Captura-de-Tela-2024-12-03-as-14.58.10-300x200.png 300w, https:\/\/vermelho.org.br\/wp-content\/uploads\/2024\/12\/Captura-de-Tela-2024-12-03-as-14.58.10-768x512.png 768w, https:\/\/vermelho.org.br\/wp-content\/uploads\/2024\/12\/Captura-de-Tela-2024-12-03-as-14.58.10-272x182.png 272w, https:\/\/redept.org\/blogosfera\/wp-content\/uploads\/2024\/12\/Captura-de-Tela-2024-12-03-as-14.58.10.png 1153w\" sizes=\"(max-width: 1024px) 100vw, 1024px\"><\/p>\n<p>A Procuradoria-Geral da Rep\u00fablica (PGR) encaminhou ao Grupo Estrat\u00e9gico de Combate aos Atos Antidemocr\u00e1ticos (GCAA), na segunda-feira (2), um pedido de extin\u00e7\u00e3o do Partido Liberal (PL), apresentado pelo deputado federal Andr\u00e9 Janones (Avante-MG). A solicita\u00e7\u00e3o aponta suposta liga\u00e7\u00e3o da legenda, \u00e0 qual pertence o ex-presidente Jair Bolsonaro, com atos extremistas, incluindo os ataques de 8 de janeiro de 2023 e um atentado a bomba em frente ao Supremo Tribunal Federal (STF) ocorrido no m\u00eas passado.<\/p>\n<p>O documento foi assinado pelo chefe de gabinete da PGR, Carlos Fernando Mazzoco, e ser\u00e1 analisado pela for\u00e7a-tarefa do Minist\u00e9rio P\u00fablico Federal (MPF), composta por nove procuradores. O grupo foi institu\u00eddo durante a gest\u00e3o do ex-procurador-geral Augusto Aras para lidar com den\u00fancias relacionadas aos ataques antidemocr\u00e1ticos.<\/p>\n<p><strong>Justificativa do pedido<\/strong><\/p>\n<p>Na peti\u00e7\u00e3o, Janones argumenta que a extin\u00e7\u00e3o do PL \u00e9 necess\u00e1ria para \u201cproteger o regime democr\u00e1tico brasileiro\u201d, citando que o partido teria desviado de sua finalidade p\u00fablica ao atacar institui\u00e7\u00f5es democr\u00e1ticas. Ele menciona artigos do C\u00f3digo Civil, da Constitui\u00e7\u00e3o Federal e da Lei dos Partidos Pol\u00edticos que obrigam as legendas a respeitar princ\u00edpios como soberania nacional e o Estado de Direito.<\/p>\n<p>\u201cO apoio a discursos de descr\u00e9dito institucional, culminando em atos de viol\u00eancia, demanda uma interven\u00e7\u00e3o en\u00e9rgica para preservar a estabilidade do Estado Democr\u00e1tico de Direito\u201d, escreveu Janones. O pedido tamb\u00e9m relaciona a sigla ao atentado a bomba no STF, apontando que o autor do ataque, Francisco Wanderley Luiz, foi candidato a vereador pelo PL em 2020.<\/p>\n<p><strong>Indiciamentos e investiga\u00e7\u00f5es em curso<\/strong><\/p>\n<p>O PL est\u00e1 no centro das investiga\u00e7\u00f5es da Pol\u00edcia Federal (PF) sobre os atos de 8 de janeiro e a tentativa de golpe de Estado ap\u00f3s as elei\u00e7\u00f5es de 2022, quando Bolsonaro foi derrotado por Luiz In\u00e1cio Lula da Silva (PT). Jair Bolsonaro e Valdemar Costa Neto, presidente nacional do PL, est\u00e3o entre os 37 indiciados pela PF por suposta participa\u00e7\u00e3o nos ataques e em planos de atentados contra o presidente Lula, o vice-presidente Geraldo Alckmin e o ministro Alexandre de Moraes.<\/p>\n<p>A PF tamb\u00e9m investiga a apresenta\u00e7\u00e3o de uma representa\u00e7\u00e3o eleitoral do PL que buscava invalidar votos de determinados modelos de urnas ap\u00f3s as elei\u00e7\u00f5es de 2022. Segundo o relat\u00f3rio, a a\u00e7\u00e3o tinha como objetivo incitar as For\u00e7as Armadas a apoiar uma ruptura institucional.<\/p>\n<p>A assessoria do PL informou que o tema est\u00e1 sob an\u00e1lise de sua equipe jur\u00eddica e que o partido se pronunciar\u00e1 ap\u00f3s a avalia\u00e7\u00e3o. O GCAA ter\u00e1 a tarefa de revisar tanto a peti\u00e7\u00e3o de Janones quanto as 884 p\u00e1ginas do relat\u00f3rio da PF sobre os atos golpistas.<\/p>\n<p>A an\u00e1lise jur\u00eddica sobre a poss\u00edvel extin\u00e7\u00e3o de um partido pol\u00edtico com base em atos antidemocr\u00e1ticos \u00e9 sem precedentes na hist\u00f3ria recente do Brasil e poder\u00e1 abrir um novo cap\u00edtulo nas discuss\u00f5es sobre responsabiliza\u00e7\u00e3o de lideran\u00e7as e organiza\u00e7\u00f5es por ataques ao regime democr\u00e1tico.<\/p>\n<p>O post <a href=\"https:\/\/vermelho.org.br\/2024\/12\/03\/pgr-avalia-pedido-de-extincao-do-pl-por-ligacao-com-atos-golpistas\/\">PGR avalia pedido de extin\u00e7\u00e3o do PL por liga\u00e7\u00e3o com atos golpistas<\/a> apareceu primeiro em <a href=\"https:\/\/vermelho.org.br\/\">Vermelho<\/a>.<\/p>\n<!-- Begin Yuzo --><div class='yuzo_related_post style-1'  data-version='5.12.89'><!-- without result --><div class='yuzo_clearfixed yuzo__title yuzo__title'><h3>Related Post<\/h3><\/div>\n\t\t\t\t\t\t  <div class=\"relatedthumb \" style=\"width:125px;float:left;overflow:hidden;\">  \n\t\t\t\t\t\t\t  \n\t\t\t\t\t\t\t  <a  href=\"https:\/\/redept.com.br\/blogosfera\/justica-manda-prefeitura-de-sp-explicar-aumento-da-tarifa-de-onibus\/\"  >\n\t\t\t\t\t\t\t\t\t  <div class=\"yuzo-img-wrap \" style=\"width: 125px;height:90px;\">\n\t\t\t\t\t\t\t\t\t\t\n\t\t\t\t\t\t\t\t\t\t<div class=\"yuzo-img\" style=\"background:url('https:\/\/redept.org\/blogosfera\/wp-content\/plugins\/yuzo-related-post\/assets\/images\/default.png') 50% 50% no-repeat;width: 125px;height:90px;margin-bottom: 5px;background-size: cover; \"><\/div>\n\t\t\t\t\t\t\t\t\t  <\/div>\n\t\t\t\t\t\t\t\t\t  \n\t\t\t\t\t\t\t\t   <span class=\"yuzo__text--title\" style=\"font-size:13px;\">Justi\u00e7a manda Prefeitura de SP explicar aumento da...<\/span>\n\t\t\t\t\t\t\t  \n\t\t\t\t\t\t\t  \n\t\t\t\t\t\t\t  <\/a>\n\n\t\t\t\t\t\t  <\/div>\n\t\t\t\t\t\t  <div class=\"relatedthumb \" style=\"width:125px;float:left;overflow:hidden;\">  \n\t\t\t\t\t\t\t  \n\t\t\t\t\t\t\t  <a  href=\"https:\/\/redept.com.br\/blogosfera\/luto-pt-lamenta-morte-de-clara-charf\/\"  >\n\t\t\t\t\t\t\t\t\t  <div class=\"yuzo-img-wrap \" style=\"width: 125px;height:90px;\">\n\t\t\t\t\t\t\t\t\t\t\n\t\t\t\t\t\t\t\t\t\t<div class=\"yuzo-img\" style=\"background:url('https:\/\/redept.org\/blogosfera\/wp-content\/plugins\/yuzo-related-post\/assets\/images\/default.png') 50% 50% no-repeat;width: 125px;height:90px;margin-bottom: 5px;background-size: cover; \"><\/div>\n\t\t\t\t\t\t\t\t\t  <\/div>\n\t\t\t\t\t\t\t\t\t  \n\t\t\t\t\t\t\t\t   <span class=\"yuzo__text--title\" style=\"font-size:13px;\">Luto: PT lamenta morte de Clara Charf<\/span>\n\t\t\t\t\t\t\t  \n\t\t\t\t\t\t\t  \n\t\t\t\t\t\t\t  <\/a>\n\n\t\t\t\t\t\t  <\/div>\n\t\t\t\t\t\t  <div class=\"relatedthumb \" style=\"width:125px;float:left;overflow:hidden;\">  \n\t\t\t\t\t\t\t  \n\t\t\t\t\t\t\t  <a  href=\"https:\/\/redept.com.br\/blogosfera\/marcia-lopes-assume-ministerio-das-mulheres\/\"  >\n\t\t\t\t\t\t\t\t\t  <div class=\"yuzo-img-wrap \" style=\"width: 125px;height:90px;\">\n\t\t\t\t\t\t\t\t\t\t\n\t\t\t\t\t\t\t\t\t\t<div class=\"yuzo-img\" style=\"background:url('https:\/\/redept.org\/blogosfera\/wp-content\/plugins\/yuzo-related-post\/assets\/images\/default.png') 50% 50% no-repeat;width: 125px;height:90px;margin-bottom: 5px;background-size: cover; \"><\/div>\n\t\t\t\t\t\t\t\t\t  <\/div>\n\t\t\t\t\t\t\t\t\t  \n\t\t\t\t\t\t\t\t   <span class=\"yuzo__text--title\" style=\"font-size:13px;\">M\u00e1rcia Lopes assume Minist\u00e9rio das Mulheres<\/span>\n\t\t\t\t\t\t\t  \n\t\t\t\t\t\t\t  \n\t\t\t\t\t\t\t  <\/a>\n\n\t\t\t\t\t\t  <\/div>\n\t\t\t\t\t\t  <div class=\"relatedthumb \" style=\"width:125px;float:left;overflow:hidden;\">  \n\t\t\t\t\t\t\t  \n\t\t\t\t\t\t\t  <a  href=\"https:\/\/redept.com.br\/blogosfera\/china-publica-guia-de-seguranca-para-uso-do-openclaw-agente-de-inteligencia-artificial\/\"  >\n\t\t\t\t\t\t\t\t\t  <div class=\"yuzo-img-wrap \" style=\"width: 125px;height:90px;\">\n\t\t\t\t\t\t\t\t\t\t\n\t\t\t\t\t\t\t\t\t\t<div class=\"yuzo-img\" style=\"background:url('https:\/\/redept.org\/blogosfera\/wp-content\/plugins\/yuzo-related-post\/assets\/images\/default.png') 50% 50% no-repeat;width: 125px;height:90px;margin-bottom: 5px;background-size: cover; \"><\/div>\n\t\t\t\t\t\t\t\t\t  <\/div>\n\t\t\t\t\t\t\t\t\t  \n\t\t\t\t\t\t\t\t   <span class=\"yuzo__text--title\" style=\"font-size:13px;\">China publica guia de seguran\u00e7a para uso do OpenCl...<\/span>\n\t\t\t\t\t\t\t  \n\t\t\t\t\t\t\t  \n\t\t\t\t\t\t\t  <\/a>\n\n\t\t\t\t\t\t  <\/div>\n<\/div> <script>\n\t\t\t\t\t\t  jQuery(document).ready(function( $ ){\n\t\t\t\t\t\t\t\/\/jQuery('.yuzo_related_post').equalizer({ overflow : 'relatedthumb' });\n\t\t\t\t\t\t\tjQuery('.yuzo_related_post .yuzo_wraps').equalizer({ columns : '> div' });\n\t\t\t\t\t\t   })\n\t\t\t\t\t\t  <\/script> <!-- End Yuzo :) -->","protected":false},"excerpt":{"rendered":"<p>A Procuradoria-Geral da Rep\u00fablica (PGR) encaminhou ao Grupo Estrat\u00e9gico de Combate aos Atos Antidemocr\u00e1ticos (GCAA), na segunda-feira (2), um pedido de extin\u00e7\u00e3o do Partido Liberal (PL), apresentado pelo deputado federal Andr\u00e9 Janones (Avante-MG). A solicita\u00e7\u00e3o aponta suposta liga\u00e7\u00e3o da legenda, \u00e0 qual pertence o ex-presidente Jair Bolsonaro, com atos extremistas, incluindo os ataques de 8 [&hellip;]<\/p>\n","protected":false},"author":2,"featured_media":7110,"comment_status":"closed","ping_status":"closed","sticky":false,"template":"","format":"standard","meta":{"fifu_image_url":"","fifu_image_alt":"","footnotes":""},"categories":[2458,536,1271,824,2459,132,2460,2243],"tags":[],"class_list":["post-7109","post","type-post","status-publish","format-standard","has-post-thumbnail","hentry","category-andre-janones","category-democracia","category-golpismo","category-jair-bolsonaro","category-pl-partido-liberal","category-politica","category-procuradoria-geral-da-republica-pgr","category-terrorismo"],"_links":{"self":[{"href":"https:\/\/redept.com.br\/blogosfera\/wp-json\/wp\/v2\/posts\/7109","targetHints":{"allow":["GET"]}}],"collection":[{"href":"https:\/\/redept.com.br\/blogosfera\/wp-json\/wp\/v2\/posts"}],"about":[{"href":"https:\/\/redept.com.br\/blogosfera\/wp-json\/wp\/v2\/types\/post"}],"author":[{"embeddable":true,"href":"https:\/\/redept.com.br\/blogosfera\/wp-json\/wp\/v2\/users\/2"}],"replies":[{"embeddable":true,"href":"https:\/\/redept.com.br\/blogosfera\/wp-json\/wp\/v2\/comments?post=7109"}],"version-history":[{"count":0,"href":"https:\/\/redept.com.br\/blogosfera\/wp-json\/wp\/v2\/posts\/7109\/revisions"}],"wp:featuredmedia":[{"embeddable":true,"href":"https:\/\/redept.com.br\/blogosfera\/wp-json\/wp\/v2\/media\/7110"}],"wp:attachment":[{"href":"https:\/\/redept.com.br\/blogosfera\/wp-json\/wp\/v2\/media?parent=7109"}],"wp:term":[{"taxonomy":"category","embeddable":true,"href":"https:\/\/redept.com.br\/blogosfera\/wp-json\/wp\/v2\/categories?post=7109"},{"taxonomy":"post_tag","embeddable":true,"href":"https:\/\/redept.com.br\/blogosfera\/wp-json\/wp\/v2\/tags?post=7109"}],"curies":[{"name":"wp","href":"https:\/\/api.w.org\/{rel}","templated":true}]}}