{"id":71119,"date":"2026-01-20T11:47:59","date_gmt":"2026-01-20T14:47:59","guid":{"rendered":"https:\/\/redept.com.br\/blogosfera\/renovacao-automatica-de-cnh-beneficia-300-mil-motoristas-na-primeira-semana\/"},"modified":"2026-01-20T11:47:59","modified_gmt":"2026-01-20T14:47:59","slug":"renovacao-automatica-de-cnh-beneficia-300-mil-motoristas-na-primeira-semana","status":"publish","type":"post","link":"https:\/\/redept.com.br\/blogosfera\/renovacao-automatica-de-cnh-beneficia-300-mil-motoristas-na-primeira-semana\/","title":{"rendered":"Renova\u00e7\u00e3o autom\u00e1tica de CNH beneficia 300 mil motoristas na primeira semana"},"content":{"rendered":"<p>Programa de renova\u00e7\u00e3o autom\u00e1tica da <strong>Carteira Nacional de Habilita\u00e7\u00e3o (CNH)<\/strong>, regulamentado pela Medida Provis\u00f3ria 1327\/2025, beneficiou 323.459 condutores na primeira semana de validade, informa o Minist\u00e9rio dos Transportes.\u00a0A medida inclui aqueles que est\u00e3o no Registro Nacional Positivo de Condutores (RNPC) e economizou R$ 226 milh\u00f5es, que seriam pagos em taxas, exames e custos administrativos.\u00a0<\/p>\n<p>A maior parte dos beneficiados s\u00e3o motoristas com a CNH de categoria B, exclusiva para carros, com 52% de renova\u00e7\u00f5es autom\u00e1ticas.\u00a0Condutores com a licen\u00e7a AB, que permite dirigir carros e motocicletas, foram 45% dos beneficiados e aqueles que dirigem somente motocicletas (categoria A) somaram 3% das renova\u00e7\u00f5es autom\u00e1ticas. Os demais s\u00e3o condutores profissionais (categorias C e D).<\/p>\n<p>Para fazer parte do Registro Nacional Positivo de Condutores\u00a0(RNPC) o condutor n\u00e3o pode ter tido registro de infra\u00e7\u00f5es de tr\u00e2nsito nos \u00faltimos 12 meses\u00a0e deve realizar o cadastro no aplicativo \u00a0por meio do aplicativo Carteira Digital de Tr\u00e2nsito (CDT)\u00a0ou no Portal de Servi\u00e7os\u00a0da Secretaria Nacional de Tr\u00e2nsito (Senatran). Lembrando que a CNH de quem tem menos de 50 anos precisa ser renovada a cada dez anos, atualmente.<\/p>\n<h2>Quem n\u00e3o pode renovar<\/h2>\n<p>Alguns grupos de motoristas n\u00e3o ter\u00e3o direito ao processo autom\u00e1tico e devem continuar procurando os Detrans estaduais. \u00c9 o caso de motoristas com 70 anos ou mais, que precisam renovar o documento a cada tr\u00eas anos.\u00a0Tamb\u00e9m \u00e9 o caso daqueles que tiveram a validade da CNH reduzida por recomenda\u00e7\u00e3o m\u00e9dica, em casos de doen\u00e7as progressivas ou condi\u00e7\u00f5es que demandem acompanhamento cont\u00ednuo de sa\u00fade, al\u00e9m daqueles com o documento vencido h\u00e1 mais de 30 dias.<\/p>\n<p>Para os motoristas com mais de 50 anos, que precisam renovar a CNH a cada 5 anos, o processo autom\u00e1tico ser\u00e1 permitido uma \u00fanica vez.\u00a0<\/p>\n<p><em>Com <a href=\"https:\/\/agenciabrasil.ebc.com.br\/economia\/noticia\/2026-01\/renovacao-automatica-de-cnh-beneficia-300-mil-na-primeira-semana\" target=\"_blank\" rel=\"noreferrer noopener nofollow\">Ag\u00eancia Brasil<\/a><\/em><\/p>\n<\/p>\n<h2>Leia mais not\u00edcias na TVT News<\/h2>\n<ul>\n<li><a href=\"https:\/\/tvtnews.com.br\/decreto-faculdades-comunitarias-recursos-publicos\/\">Decreto permite que faculdades comunit\u00e1rias recebam recursos p\u00fablicos<\/a><\/li>\n<li><a href=\"https:\/\/tvtnews.com.br\/streaming-tela-brasil-lancamento-previsto-trimestre\/\">Streaming Tela Brasil tem lan\u00e7amento previsto para este trimestre<\/a><\/li>\n<li><a href=\"https:\/\/tvtnews.com.br\/inscricao-sisu-2026-como-se-inscrever-no-sisu\/\">Inscri\u00e7\u00e3o Sisu 2026: com nota Enem, confira como se inscrever no Sisu<\/a><\/li>\n<\/ul>\n<p>The post <a rel=\"nofollow\" href=\"https:\/\/tvtnews.com.br\/renovacao-automatica-cnh-beneficia-300-mil-1-semana\/\">Renova\u00e7\u00e3o autom\u00e1tica de CNH beneficia 300 mil motoristas na primeira semana<\/a> appeared first on <a rel=\"nofollow\" href=\"https:\/\/tvtnews.com.br\/\">TVT News<\/a>.<\/p>\n<!-- Begin Yuzo --><div class='yuzo_related_post style-1'  data-version='5.12.89'><!-- without result --><div class='yuzo_clearfixed yuzo__title yuzo__title'><h3>Related Post<\/h3><\/div>\n\t\t\t\t\t\t  <div class=\"relatedthumb \" style=\"width:125px;float:left;overflow:hidden;\">  \n\t\t\t\t\t\t\t  \n\t\t\t\t\t\t\t  <a  href=\"https:\/\/redept.com.br\/blogosfera\/ifpb-lanca-ii-premio-de-audiovisual-edicao-homenageia-savio-rolim-e-abre-inscricoes-nesta-sexta-24\/\"  >\n\t\t\t\t\t\t\t\t\t  <div class=\"yuzo-img-wrap \" style=\"width: 125px;height:90px;\">\n\t\t\t\t\t\t\t\t\t\t\n\t\t\t\t\t\t\t\t\t\t<div class=\"yuzo-img\" style=\"background:url('https:\/\/redept.org\/blogosfera\/wp-content\/plugins\/yuzo-related-post\/assets\/images\/default.png') 50% 50% no-repeat;width: 125px;height:90px;margin-bottom: 5px;background-size: cover; \"><\/div>\n\t\t\t\t\t\t\t\t\t  <\/div>\n\t\t\t\t\t\t\t\t\t  \n\t\t\t\t\t\t\t\t   <span class=\"yuzo__text--title\" style=\"font-size:13px;\">IFPB lan\u00e7a II Pr\u00eamio de Audiovisual; edi\u00e7\u00e3o homena...<\/span>\n\t\t\t\t\t\t\t  \n\t\t\t\t\t\t\t  \n\t\t\t\t\t\t\t  <\/a>\n\n\t\t\t\t\t\t  <\/div>\n\t\t\t\t\t\t  <div class=\"relatedthumb \" style=\"width:125px;float:left;overflow:hidden;\">  \n\t\t\t\t\t\t\t  \n\t\t\t\t\t\t\t  <a  href=\"https:\/\/redept.com.br\/blogosfera\/todos-os-medicamentos-da-farmacia-popular-serao-gratuitos\/\"  >\n\t\t\t\t\t\t\t\t\t  <div class=\"yuzo-img-wrap \" style=\"width: 125px;height:90px;\">\n\t\t\t\t\t\t\t\t\t\t\n\t\t\t\t\t\t\t\t\t\t<div class=\"yuzo-img\" style=\"background:url('https:\/\/redept.org\/blogosfera\/wp-content\/plugins\/yuzo-related-post\/assets\/images\/default.png') 50% 50% no-repeat;width: 125px;height:90px;margin-bottom: 5px;background-size: cover; \"><\/div>\n\t\t\t\t\t\t\t\t\t  <\/div>\n\t\t\t\t\t\t\t\t\t  \n\t\t\t\t\t\t\t\t   <span class=\"yuzo__text--title\" style=\"font-size:13px;\">Todos os medicamentos da Farm\u00e1cia Popular ser\u00e3o gr...<\/span>\n\t\t\t\t\t\t\t  \n\t\t\t\t\t\t\t  \n\t\t\t\t\t\t\t  <\/a>\n\n\t\t\t\t\t\t  <\/div>\n\t\t\t\t\t\t  <div class=\"relatedthumb \" style=\"width:125px;float:left;overflow:hidden;\">  \n\t\t\t\t\t\t\t  \n\t\t\t\t\t\t\t  <a  href=\"https:\/\/redept.com.br\/blogosfera\/minha-casa-minha-vida-supera-meta-de-contratos-em-2024-diz-ministro\/\"  >\n\t\t\t\t\t\t\t\t\t  <div class=\"yuzo-img-wrap \" style=\"width: 125px;height:90px;\">\n\t\t\t\t\t\t\t\t\t\t\n\t\t\t\t\t\t\t\t\t\t<div class=\"yuzo-img\" style=\"background:url('https:\/\/redept.org\/blogosfera\/wp-content\/plugins\/yuzo-related-post\/assets\/images\/default.png') 50% 50% no-repeat;width: 125px;height:90px;margin-bottom: 5px;background-size: cover; \"><\/div>\n\t\t\t\t\t\t\t\t\t  <\/div>\n\t\t\t\t\t\t\t\t\t  \n\t\t\t\t\t\t\t\t   <span class=\"yuzo__text--title\" style=\"font-size:13px;\">Minha Casa, Minha Vida supera meta de contratos em...<\/span>\n\t\t\t\t\t\t\t  \n\t\t\t\t\t\t\t  \n\t\t\t\t\t\t\t  <\/a>\n\n\t\t\t\t\t\t  <\/div>\n\t\t\t\t\t\t  <div class=\"relatedthumb \" style=\"width:125px;float:left;overflow:hidden;\">  \n\t\t\t\t\t\t\t  \n\t\t\t\t\t\t\t  <a  href=\"https:\/\/redept.com.br\/blogosfera\/haddad-cresce-sao-paulo-desperta\/\"  >\n\t\t\t\t\t\t\t\t\t  <div class=\"yuzo-img-wrap \" style=\"width: 125px;height:90px;\">\n\t\t\t\t\t\t\t\t\t\t\n\t\t\t\t\t\t\t\t\t\t<div class=\"yuzo-img\" style=\"background:url('https:\/\/redept.org\/blogosfera\/wp-content\/plugins\/yuzo-related-post\/assets\/images\/default.png') 50% 50% no-repeat;width: 125px;height:90px;margin-bottom: 5px;background-size: cover; \"><\/div>\n\t\t\t\t\t\t\t\t\t  <\/div>\n\t\t\t\t\t\t\t\t\t  \n\t\t\t\t\t\t\t\t   <span class=\"yuzo__text--title\" style=\"font-size:13px;\">Haddad cresce, S\u00e3o Paulo desperta<\/span>\n\t\t\t\t\t\t\t  \n\t\t\t\t\t\t\t  \n\t\t\t\t\t\t\t  <\/a>\n\n\t\t\t\t\t\t  <\/div>\n<\/div> <script>\n\t\t\t\t\t\t  jQuery(document).ready(function( $ ){\n\t\t\t\t\t\t\t\/\/jQuery('.yuzo_related_post').equalizer({ overflow : 'relatedthumb' });\n\t\t\t\t\t\t\tjQuery('.yuzo_related_post .yuzo_wraps').equalizer({ columns : '> div' });\n\t\t\t\t\t\t   })\n\t\t\t\t\t\t  <\/script> <!-- End Yuzo :) -->","protected":false},"excerpt":{"rendered":"<p>Programa de renova\u00e7\u00e3o autom\u00e1tica da Carteira Nacional de Habilita\u00e7\u00e3o (CNH), regulamentado pela Medida Provis\u00f3ria 1327\/2025, beneficiou 323.459 condutores na primeira semana de validade, informa o Minist\u00e9rio dos Transportes.\u00a0A medida inclui aqueles que est\u00e3o no Registro Nacional Positivo de Condutores (RNPC) e economizou R$ 226 milh\u00f5es, que seriam pagos em taxas, exames e custos administrativos.\u00a0 A [&hellip;]<\/p>\n","protected":false},"author":2,"featured_media":0,"comment_status":"open","ping_status":"closed","sticky":false,"template":"","format":"standard","meta":{"fifu_image_url":"","fifu_image_alt":"","footnotes":""},"categories":[489,94,2921],"tags":[],"class_list":["post-71119","post","type-post","status-publish","format-standard","hentry","category-destaque-pequeno","category-geral","category-transportes"],"_links":{"self":[{"href":"https:\/\/redept.com.br\/blogosfera\/wp-json\/wp\/v2\/posts\/71119","targetHints":{"allow":["GET"]}}],"collection":[{"href":"https:\/\/redept.com.br\/blogosfera\/wp-json\/wp\/v2\/posts"}],"about":[{"href":"https:\/\/redept.com.br\/blogosfera\/wp-json\/wp\/v2\/types\/post"}],"author":[{"embeddable":true,"href":"https:\/\/redept.com.br\/blogosfera\/wp-json\/wp\/v2\/users\/2"}],"replies":[{"embeddable":true,"href":"https:\/\/redept.com.br\/blogosfera\/wp-json\/wp\/v2\/comments?post=71119"}],"version-history":[{"count":0,"href":"https:\/\/redept.com.br\/blogosfera\/wp-json\/wp\/v2\/posts\/71119\/revisions"}],"wp:attachment":[{"href":"https:\/\/redept.com.br\/blogosfera\/wp-json\/wp\/v2\/media?parent=71119"}],"wp:term":[{"taxonomy":"category","embeddable":true,"href":"https:\/\/redept.com.br\/blogosfera\/wp-json\/wp\/v2\/categories?post=71119"},{"taxonomy":"post_tag","embeddable":true,"href":"https:\/\/redept.com.br\/blogosfera\/wp-json\/wp\/v2\/tags?post=71119"}],"curies":[{"name":"wp","href":"https:\/\/api.w.org\/{rel}","templated":true}]}}