{"id":71311,"date":"2026-01-21T17:11:52","date_gmt":"2026-01-21T20:11:52","guid":{"rendered":"https:\/\/redept.com.br\/blogosfera\/zyuganov-garantir-a-vitoria-sobre-o-fascismo-e-mudar-o-rumo-do-pais\/"},"modified":"2026-01-21T17:11:52","modified_gmt":"2026-01-21T20:11:52","slug":"zyuganov-garantir-a-vitoria-sobre-o-fascismo-e-mudar-o-rumo-do-pais","status":"publish","type":"post","link":"https:\/\/redept.com.br\/blogosfera\/zyuganov-garantir-a-vitoria-sobre-o-fascismo-e-mudar-o-rumo-do-pais\/","title":{"rendered":"Zyuganov: Garantir a Vit\u00f3ria sobre o Fascismo e Mudar o Rumo do Pa\u00eds!"},"content":{"rendered":"<p><img loading=\"lazy\" width=\"1024\" height=\"682\"src=\"https:\/\/redept.com.br\/blogosfera\/wp-content\/uploads\/2026\/01\/Gennady-Zyuganov.jpg\" alt=\"\" decoding=\"async\" loading=\"lazy\" srcset=\"https:\/\/vermelho.org.br\/wp-content\/uploads\/2026\/01\/Gennady-Zyuganov-1024x682.jpg 1024w, https:\/\/vermelho.org.br\/wp-content\/uploads\/2026\/01\/Gennady-Zyuganov-300x200.jpg 300w, https:\/\/vermelho.org.br\/wp-content\/uploads\/2026\/01\/Gennady-Zyuganov-768x512.jpg 768w, https:\/\/vermelho.org.br\/wp-content\/uploads\/2026\/01\/Gennady-Zyuganov-272x182.jpg 272w, https:\/\/redept.com.br\/blogosfera\/wp-content\/uploads\/2026\/01\/Gennady-Zyuganov.jpg 1280w\" sizes=\"auto, (max-width: 1024px) 100vw, 1024px\"><\/p>\n<p>O presidente do Comit\u00ea Central do Partido Comunista da Federa\u00e7\u00e3o Russa (PCFR), Gennady Zyuganov, apresentou nesta ter\u00e7a-feira (20) as principais diretrizes do partido para 2026, focando em duas tarefas centrais: garantir a vit\u00f3ria sobre o fascismo e alterar o rumo socioecon\u00f4mico do pa\u00eds.<\/p>\n<p>As diretrizes foram aprovadas no dia anterior, em reuni\u00e3o do Presidium do Comit\u00ea Central e do Secretariado do PCFR, da qual participaram aliados e governadores comunistas, que coletivamente fizeram um balan\u00e7o do trabalho realizado no ano passado, 2025, e identificaram as principais tarefas para o per\u00edodo atual \u2013 2026.<\/p>\n<p>Em coletiva de imprensa, Zyuganov informou que no in\u00edcio de fevereiro ser\u00e3o realizadas reuni\u00f5es e consultas preliminares entre o governo do presidente Vladimir Putin e a bancada comunista, visando abordar a presta\u00e7\u00e3o de contas que Putin far\u00e1 diante do parlamento naquele mesmo m\u00eas.<\/p>\n<p><strong>Programa da Vit\u00f3ria<\/strong><\/p>\n<p>Em setembro ser\u00e3o realizadas elei\u00e7\u00f5es para o parlamento nacional (Duma Estatal) e diversas outras inst\u00e2ncias legislativas e de governos locais da R\u00fassia e o PCFR apresentar\u00e1, tamb\u00e9m em fevereiro, o \u201cPrograma de Vit\u00f3ria\u201d e projetos de lei destinados a mudar a concep\u00e7\u00e3o liberal que domina a economia russa.<\/p>\n<p>O l\u00edder comunista criticou duramente a gest\u00e3o econ\u00f4mica atual, apontando que o ritmo de crescimento caiu de 4% para zero no ano passado, situa\u00e7\u00e3o qualificada como \u201cinaceit\u00e1vel\u201d.<\/p>\n<p>O partido prop\u00f5e um pacote de projetos de lei para enfrentar problemas agudos. As propostas incluem regula\u00e7\u00e3o de pre\u00e7os de bens de primeira necessidade, congelamento de tarifas de habita\u00e7\u00e3o e educa\u00e7\u00e3o superior acess\u00edvel com primeiro emprego garantido aos graduados.<\/p>\n<p><strong>Ulianovsk \u2013 A cidade de L\u00eanin<\/strong><\/p>\n<p>O PCFR prop\u00f5e dobrar os or\u00e7amentos para ci\u00eancia e educa\u00e7\u00e3o, com \u00eanfase em trabalhos cient\u00edfico-aplicados. Como exemplo de sucesso, Zyuganov citou a cidade de Ulianovsk, com ritmos de desenvolvimento duas vezes maiores que a m\u00e9dia mundial. A regi\u00e3o tem este nome em homenagem a L\u00eanin (Vladimir Ilyich Ulyanov) e seu governador, Alexei Yuryevich Russkikh, \u00e9 destacado membro do PCFR.<\/p>\n<p>O PCFR se prepara para a campanha eleitoral junto com aliados, com o programa j\u00e1 aprovado. Zyuganov convocou \u00e0 m\u00e1xima coes\u00e3o, afirmando que \u201c<em>sem uma virada para a esquerda, sem a afirma\u00e7\u00e3o dos princ\u00edpios de justi\u00e7a e internacionalismo, ser\u00e1 imposs\u00edvel vencer os novos fascistas e imperialistas<\/em>\u201c.<\/p>\n<p><strong>Libertar Maduro e C\u00edlia e comemorar centen\u00e1rio de Fidel<\/strong><\/p>\n<p>Zyuganov dedicou parte significativa de sua fala \u00e0 cr\u00edtica da pol\u00edtica externa dos Estados Unidos sob Trump, descrevendo-a como \u201cpol\u00edtica imperial agressiva\u201d. Criticou a proposta de um \u201cConselho da Paz\u201d que exigiria contribui\u00e7\u00f5es de um bilh\u00e3o de d\u00f3lares dos membros e segundo os estatutos divulgados, Trump teria poder de veto em qualquer proposta que o desagradasse. O l\u00edder comunista comparou os objetivos de Trump aos de Napole\u00e3o e Hitler.<\/p>\n<p>Zyuganov anunciou ainda que o PCFR vai impulsionar, em 2026, o Terceiro F\u00f3rum Antifascista Mundial, que j\u00e1 recebeu resposta positiva de 165 organiza\u00e7\u00f5es. O l\u00edder russo deu grande destaque a outros dois temas: a liberta\u00e7\u00e3o de Nicol\u00e1s Maduro e C\u00edlia Flores e a comemora\u00e7\u00e3o do centen\u00e1rio de Fidel Castro:<\/p>\n<p>\u201c<em>Nesta segunda-feira foi efetivamente formado um comit\u00ea para libertar o principal prisioneiro pol\u00edtico de nossa \u00e9poca \u2013 Nicol\u00e1s Maduro e sua esposa. Todas as principais organiza\u00e7\u00f5es p\u00fablicas, da Associa\u00e7\u00e3o Russa de Veteranos de Guerra (LADA) ao Sindicato dos Oficiais e ao Sindicato dos Escritores, participar\u00e3o. E faremos tudo para garantir que o centen\u00e1rio do nascimento de Fidel Castro seja celebrado como o evento mais significativo e importante, n\u00e3o apenas politicamente, mas tamb\u00e9m moralmente. Discuti isso com todos os l\u00edderes do pa\u00eds, e essas ideias foram apoiadas. Anunciarei esta proposta hoje (ter\u00e7a-feira, 20) da tribuna da Duma Estatal, e espero que tanto o partido governista quanto suas institui\u00e7\u00f5es subsidi\u00e1rias respondam favoravelmente<\/em>\u201d, destacou Gennady Zyuganov.<\/p>\n<p>O post <a href=\"https:\/\/vermelho.org.br\/2026\/01\/21\/zyuganov-garantir-a-vitoria-sobre-o-fascismo-e-mudar-o-rumo-do-pais\/\">Zyuganov: Garantir a Vit\u00f3ria sobre o Fascismo e Mudar o Rumo do Pa\u00eds!<\/a> apareceu primeiro em <a href=\"https:\/\/vermelho.org.br\/\">Vermelho<\/a>.<\/p>\n<!-- Begin Yuzo --><div class='yuzo_related_post style-1'  data-version='5.12.89'><!-- without result --><div class='yuzo_clearfixed yuzo__title yuzo__title'><h3>Related Post<\/h3><\/div>\n\t\t\t\t\t\t  <div class=\"relatedthumb \" style=\"width:125px;float:left;overflow:hidden;\">  \n\t\t\t\t\t\t\t  \n\t\t\t\t\t\t\t  <a  href=\"https:\/\/redept.com.br\/blogosfera\/brasil-e-um-dos-cinco-paises-mais-procurados-entre-abril-e-junho\/\"  >\n\t\t\t\t\t\t\t\t\t  <div class=\"yuzo-img-wrap \" style=\"width: 125px;height:90px;\">\n\t\t\t\t\t\t\t\t\t\t\n\t\t\t\t\t\t\t\t\t\t<div class=\"yuzo-img\" style=\"background:url('https:\/\/redept.com.br\/blogosfera\/wp-content\/uploads\/2025\/04\/brasil-150x150.jpg') 50% 50% no-repeat;width: 125px;height:90px;margin-bottom: 5px;background-size: cover; \"><\/div>\n\t\t\t\t\t\t\t\t\t  <\/div>\n\t\t\t\t\t\t\t\t\t  \n\t\t\t\t\t\t\t\t   <span class=\"yuzo__text--title\" style=\"font-size:13px;\">Brasil \u00e9 um dos cinco pa\u00edses mais procurados entre...<\/span>\n\t\t\t\t\t\t\t  \n\t\t\t\t\t\t\t  \n\t\t\t\t\t\t\t  <\/a>\n\n\t\t\t\t\t\t  <\/div>\n\t\t\t\t\t\t  <div class=\"relatedthumb \" style=\"width:125px;float:left;overflow:hidden;\">  \n\t\t\t\t\t\t\t  \n\t\t\t\t\t\t\t  <a  href=\"https:\/\/redept.com.br\/blogosfera\/pec-da-blindagem-e-aprovada-na-camara-leia-os-principais-pontos-do-texto-e-como-votaram-os-deputados\/\"  >\n\t\t\t\t\t\t\t\t\t  <div class=\"yuzo-img-wrap \" style=\"width: 125px;height:90px;\">\n\t\t\t\t\t\t\t\t\t\t\n\t\t\t\t\t\t\t\t\t\t<div class=\"yuzo-img\" style=\"background:url('https:\/\/redept.org\/blogosfera\/wp-content\/plugins\/yuzo-related-post\/assets\/images\/default.png') 50% 50% no-repeat;width: 125px;height:90px;margin-bottom: 5px;background-size: cover; \"><\/div>\n\t\t\t\t\t\t\t\t\t  <\/div>\n\t\t\t\t\t\t\t\t\t  \n\t\t\t\t\t\t\t\t   <span class=\"yuzo__text--title\" style=\"font-size:13px;\">PEC da Blindagem \u00e9 aprovada na C\u00e2mara: leia os pri...<\/span>\n\t\t\t\t\t\t\t  \n\t\t\t\t\t\t\t  \n\t\t\t\t\t\t\t  <\/a>\n\n\t\t\t\t\t\t  <\/div>\n\t\t\t\t\t\t  <div class=\"relatedthumb \" style=\"width:125px;float:left;overflow:hidden;\">  \n\t\t\t\t\t\t\t  \n\t\t\t\t\t\t\t  <a  href=\"https:\/\/redept.com.br\/blogosfera\/inflacao-fome-e-politica-economica-do-governo\/\"  >\n\t\t\t\t\t\t\t\t\t  <div class=\"yuzo-img-wrap \" style=\"width: 125px;height:90px;\">\n\t\t\t\t\t\t\t\t\t\t\n\t\t\t\t\t\t\t\t\t\t<div class=\"yuzo-img\" style=\"background:url('https:\/\/redept.com.br\/blogosfera\/wp-content\/uploads\/2025\/04\/inflacao-150x150.webp') 50% 50% no-repeat;width: 125px;height:90px;margin-bottom: 5px;background-size: cover; \"><\/div>\n\t\t\t\t\t\t\t\t\t  <\/div>\n\t\t\t\t\t\t\t\t\t  \n\t\t\t\t\t\t\t\t   <span class=\"yuzo__text--title\" style=\"font-size:13px;\">Infla\u00e7\u00e3o, fome e pol\u00edtica econ\u00f4mica do governo<\/span>\n\t\t\t\t\t\t\t  \n\t\t\t\t\t\t\t  \n\t\t\t\t\t\t\t  <\/a>\n\n\t\t\t\t\t\t  <\/div>\n\t\t\t\t\t\t  <div class=\"relatedthumb \" style=\"width:125px;float:left;overflow:hidden;\">  \n\t\t\t\t\t\t\t  \n\t\t\t\t\t\t\t  <a  href=\"https:\/\/redept.com.br\/blogosfera\/excelente-quimica-de-trump-e-lula-gera-memes-nas-redes-sociais-veja-repercussao\/\"  >\n\t\t\t\t\t\t\t\t\t  <div class=\"yuzo-img-wrap \" style=\"width: 125px;height:90px;\">\n\t\t\t\t\t\t\t\t\t\t\n\t\t\t\t\t\t\t\t\t\t<div class=\"yuzo-img\" style=\"background:url('https:\/\/redept.com.br\/blogosfera\/wp-content\/uploads\/2025\/09\/G1jZqs-XoAA9PPs-150x150.jpg') 50% 50% no-repeat;width: 125px;height:90px;margin-bottom: 5px;background-size: cover; \"><\/div>\n\t\t\t\t\t\t\t\t\t  <\/div>\n\t\t\t\t\t\t\t\t\t  \n\t\t\t\t\t\t\t\t   <span class=\"yuzo__text--title\" style=\"font-size:13px;\">\u201cExcelente qu\u00edmica\u201d de Trump e Lula gera memes nas...<\/span>\n\t\t\t\t\t\t\t  \n\t\t\t\t\t\t\t  \n\t\t\t\t\t\t\t  <\/a>\n\n\t\t\t\t\t\t  <\/div>\n<\/div> <script>\n\t\t\t\t\t\t  jQuery(document).ready(function( $ ){\n\t\t\t\t\t\t\t\/\/jQuery('.yuzo_related_post').equalizer({ overflow : 'relatedthumb' });\n\t\t\t\t\t\t\tjQuery('.yuzo_related_post .yuzo_wraps').equalizer({ columns : '> div' });\n\t\t\t\t\t\t   })\n\t\t\t\t\t\t  <\/script> <!-- End Yuzo :) -->","protected":false},"excerpt":{"rendered":"<p>O presidente do Comit\u00ea Central do Partido Comunista da Federa\u00e7\u00e3o Russa (PCFR), Gennady Zyuganov, apresentou nesta ter\u00e7a-feira (20) as principais diretrizes do partido para 2026, focando em duas tarefas centrais: garantir a vit\u00f3ria sobre o fascismo e alterar o rumo socioecon\u00f4mico do pa\u00eds. As diretrizes foram aprovadas no dia anterior, em reuni\u00e3o do Presidium do [&hellip;]<\/p>\n","protected":false},"author":2,"featured_media":0,"comment_status":"open","ping_status":"closed","sticky":false,"template":"","format":"standard","meta":{"fifu_image_url":"","fifu_image_alt":"","footnotes":""},"categories":[18856,33892,50,33893,43],"tags":[],"class_list":["post-71311","post","type-post","status-publish","format-standard","hentry","category-eurasia","category-gennady-zyuganov","category-internacional","category-partido-comunista-da-federacao-russa","category-russia"],"_links":{"self":[{"href":"https:\/\/redept.com.br\/blogosfera\/wp-json\/wp\/v2\/posts\/71311","targetHints":{"allow":["GET"]}}],"collection":[{"href":"https:\/\/redept.com.br\/blogosfera\/wp-json\/wp\/v2\/posts"}],"about":[{"href":"https:\/\/redept.com.br\/blogosfera\/wp-json\/wp\/v2\/types\/post"}],"author":[{"embeddable":true,"href":"https:\/\/redept.com.br\/blogosfera\/wp-json\/wp\/v2\/users\/2"}],"replies":[{"embeddable":true,"href":"https:\/\/redept.com.br\/blogosfera\/wp-json\/wp\/v2\/comments?post=71311"}],"version-history":[{"count":0,"href":"https:\/\/redept.com.br\/blogosfera\/wp-json\/wp\/v2\/posts\/71311\/revisions"}],"wp:attachment":[{"href":"https:\/\/redept.com.br\/blogosfera\/wp-json\/wp\/v2\/media?parent=71311"}],"wp:term":[{"taxonomy":"category","embeddable":true,"href":"https:\/\/redept.com.br\/blogosfera\/wp-json\/wp\/v2\/categories?post=71311"},{"taxonomy":"post_tag","embeddable":true,"href":"https:\/\/redept.com.br\/blogosfera\/wp-json\/wp\/v2\/tags?post=71311"}],"curies":[{"name":"wp","href":"https:\/\/api.w.org\/{rel}","templated":true}]}}