{"id":71461,"date":"2026-01-22T17:50:38","date_gmt":"2026-01-22T20:50:38","guid":{"rendered":"https:\/\/redept.com.br\/blogosfera\/mst-recebe-mencao-honrosa-da-assembleia-legislativa-do-parana\/"},"modified":"2026-01-22T17:50:38","modified_gmt":"2026-01-22T20:50:38","slug":"mst-recebe-mencao-honrosa-da-assembleia-legislativa-do-parana","status":"publish","type":"post","link":"https:\/\/redept.com.br\/blogosfera\/mst-recebe-mencao-honrosa-da-assembleia-legislativa-do-parana\/","title":{"rendered":"MST recebe men\u00e7\u00e3o honrosa da Assembleia Legislativa do Paran\u00e1"},"content":{"rendered":"<figure><img fetchpriority=\"high\" fetchpriority=\"high\" decoding=\"async\" width=\"1024\" height=\"735\"src=\"https:\/\/redept.com.br\/blogosfera\/wp-content\/uploads\/2026\/01\/Stela-Evelin.jpeg\" alt=\"\" srcset=\"https:\/\/mst.org.br\/wp-content\/uploads\/2026\/01\/Stela-Evelin-1024x735.jpeg 1024w, https:\/\/mst.org.br\/wp-content\/uploads\/2026\/01\/Stela-Evelin-300x215.jpeg 300w, https:\/\/mst.org.br\/wp-content\/uploads\/2026\/01\/Stela-Evelin-768x551.jpeg 768w, https:\/\/redept.com.br\/blogosfera\/wp-content\/uploads\/2026\/01\/Stela-Evelin.jpeg 1232w\" sizes=\"(max-width: 1024px) 100vw, 1024px\"><figcaption><em>Foto: Stela Evelin<\/em><\/figcaption><\/figure>\n<p><em>Por Ednubia Ghisi<br \/>Da P\u00e1gina do MST<\/em><\/p>\n<p>Nesta quinta-feira (21), o deputado estadual Professor Lemos (PR) entregou votos de congratula\u00e7\u00e3o da Assembleia Legislativa do Paran\u00e1 (Alep) ao Movimento dos Trabalhadores Rurais Sem Terra (MST). A homenagem ocorreu durante o terceiro dia do 14\u00ba Encontro Nacional do MST, em Salvador (BA), que re\u00fane mais de 3 mil militantes de todo o Brasil.<\/p>\n<p>A placa entregue para os\/as militantes da dire\u00e7\u00e3o nacional do Movimento da regi\u00e3o Sul, traz a valoriza\u00e7\u00e3o pelos \u201c42 anos de luta em defesa da reforma agr\u00e1ria, reconhecendo sua contribui\u00e7\u00e3o ao fortalecimento da agricultura familiar e a promo\u00e7\u00e3o da dignidade no campo\u201d.<\/p>\n<p>Durante a cerim\u00f4nia de homenagem, o deputado enfatizou a import\u00e2ncia do MST na sua forma\u00e7\u00e3o como parlamentar. \u201cA gente aprende em cada atividade que o MST organiza. Venho para aprender. Venho para reafirmar o compromisso de seguir caminhando com o MST. Me tornei uma pessoa muito melhor com o MST\u201d.<\/p>\n<p>O parlamentar enfatizou o papel do movimento para a realiza\u00e7\u00e3o da reforma agr\u00e1ria no Brasil. \u201cQuero agradecer muito ao MST por todas as contribui\u00e7\u00f5es que tem dado ao povo brasileiro. \u00c9 na agricultura familiar, \u00e9 na reforma agr\u00e1ria [\u2026]. O MST \u00e9 solidariedade, \u00e9 fraternidade, \u00e9 luta e defesa da igualdade. O MST faz uma luta santa. \u00c9 um movimento que tem que ter o apoio de toda a sociedade\u201d.<\/p>\n<figure><img decoding=\"async\" width=\"1024\" height=\"576\"src=\"https:\/\/redept.com.br\/blogosfera\/wp-content\/uploads\/2026\/01\/Wellington-Lenon-1.jpg\" alt=\"\" srcset=\"https:\/\/mst.org.br\/wp-content\/uploads\/2026\/01\/Wellington-Lenon-1-1024x576.jpg 1024w, https:\/\/mst.org.br\/wp-content\/uploads\/2026\/01\/Wellington-Lenon-1-300x169.jpg 300w, https:\/\/mst.org.br\/wp-content\/uploads\/2026\/01\/Wellington-Lenon-1-768x432.jpg 768w, https:\/\/redept.com.br\/blogosfera\/wp-content\/uploads\/2026\/01\/Wellington-Lenon-1.jpg 1280w\" sizes=\"(max-width: 1024px) 100vw, 1024px\"><figcaption><em>Foto: Wellington Lenon<\/em><\/figcaption><\/figure>\n<p><strong>Maior movimento campon\u00eas da Am\u00e9rica Latina<\/strong><\/p>\n<p>O MST celebrou 42 anos de funda\u00e7\u00e3o neste dia 21 de janeiro, data que marca o 1\u00b0 Encontro Nacional do Movimento, realizado em Cascavel, no Paran\u00e1.<\/p>\n<p>Ao longo de mais de quatro de hist\u00f3ria, o Movimento se enraizou em 25 estados, nas cinco regi\u00f5es do pa\u00eds. No total, s\u00e3o cerca de 450 mil fam\u00edlias que conquistaram a terra por meio da luta e organiza\u00e7\u00e3o dos trabalhadores rurais, e outras 60 mil que est\u00e3o na luta pela terra vivendo em acampamentos.<\/p>\n<p>Entre as principais linhas pol\u00edticas da organiza\u00e7\u00e3o est\u00e1 a produ\u00e7\u00e3o de alimentos saud\u00e1veis e em harmonia com a natureza, por meio da agroecologia. Em todo pa\u00eds, s\u00e3o mais de 200 cooperativas, 900 associa\u00e7\u00f5es, 120 ind\u00fastrias e agroind\u00fastria de alimentos.<\/p>\n<p>No campo do acesso \u00e0 educa\u00e7\u00e3o, s\u00e3o aproximadamente 1850 escolas p\u00fablicas constru\u00eddas em acampamentos e assentamentos da Reforma Agr\u00e1ria, o que garante educa\u00e7\u00e3o para 200 mil crian\u00e7as, adolescentes, jovens e adultos.<\/p>\n<p>Mais de 190 mil jovens e adultos (as) j\u00e1 foram alfabetizados e escolarizados, incluindo os cursos de gradua\u00e7\u00e3o, especializa\u00e7\u00e3o e mestrado, por meio do Programa Nacional de Educa\u00e7\u00e3o para a Reforma Agr\u00e1ria (Pronera), em parceria com as institui\u00e7\u00f5es de ensino superior em todo Brasil. O MST j\u00e1 alfabetizou mais de 100 mil jovens e adultos no campo, por meio da forma\u00e7\u00e3o educativa \u201cSim, Eu Posso!\u201d, promovendo campanhas e organizando centenas de turmas no campo e na cidade.<\/p>\n<p><em>*Editado por Iris Pacheco<\/em><\/p>\n<p>O post <a href=\"https:\/\/mst.org.br\/2026\/01\/22\/mst-recebe-mencao-honrosa-da-assembleia-legislativa-do-parana\/\">MST recebe men\u00e7\u00e3o honrosa da Assembleia Legislativa do Paran\u00e1<\/a> apareceu primeiro em <a href=\"https:\/\/mst.org.br\/\">MST<\/a>.<\/p>\n<!-- Begin Yuzo --><div class='yuzo_related_post style-1'  data-version='5.12.89'><!-- without result --><div class='yuzo_clearfixed yuzo__title yuzo__title'><h3>Related Post<\/h3><\/div>\n\t\t\t\t\t\t  <div class=\"relatedthumb \" style=\"width:125px;float:left;overflow:hidden;\">  \n\t\t\t\t\t\t\t  \n\t\t\t\t\t\t\t  <a  href=\"https:\/\/redept.com.br\/blogosfera\/13-de-junho-e-dia-de-santo-antonio-o-santo-casamenteiro-da-cultura-popular\/\"  >\n\t\t\t\t\t\t\t\t\t  <div class=\"yuzo-img-wrap \" style=\"width: 125px;height:90px;\">\n\t\t\t\t\t\t\t\t\t\t\n\t\t\t\t\t\t\t\t\t\t<div class=\"yuzo-img\" style=\"background:url('https:\/\/redept.com.br\/blogosfera\/wp-content\/uploads\/2025\/06\/Festa_Junina_Pitangui-Mg-e1749767071763-150x150.jpg') 50% 50% no-repeat;width: 125px;height:90px;margin-bottom: 5px;background-size: cover; \"><\/div>\n\t\t\t\t\t\t\t\t\t  <\/div>\n\t\t\t\t\t\t\t\t\t  \n\t\t\t\t\t\t\t\t   <span class=\"yuzo__text--title\" style=\"font-size:13px;\">13 de junho \u00e9 Dia de Santo Ant\u00f4nio, o santo casame...<\/span>\n\t\t\t\t\t\t\t  \n\t\t\t\t\t\t\t  \n\t\t\t\t\t\t\t  <\/a>\n\n\t\t\t\t\t\t  <\/div>\n\t\t\t\t\t\t  <div class=\"relatedthumb \" style=\"width:125px;float:left;overflow:hidden;\">  \n\t\t\t\t\t\t\t  \n\t\t\t\t\t\t\t  <a  href=\"https:\/\/redept.com.br\/blogosfera\/greve-de-advertencia-dos-petroleiros-teve-forte-adesao\/\"  >\n\t\t\t\t\t\t\t\t\t  <div class=\"yuzo-img-wrap \" style=\"width: 125px;height:90px;\">\n\t\t\t\t\t\t\t\t\t\t\n\t\t\t\t\t\t\t\t\t\t<div class=\"yuzo-img\" style=\"background:url('https:\/\/redept.org\/blogosfera\/wp-content\/plugins\/yuzo-related-post\/assets\/images\/default.png') 50% 50% no-repeat;width: 125px;height:90px;margin-bottom: 5px;background-size: cover; \"><\/div>\n\t\t\t\t\t\t\t\t\t  <\/div>\n\t\t\t\t\t\t\t\t\t  \n\t\t\t\t\t\t\t\t   <span class=\"yuzo__text--title\" style=\"font-size:13px;\">Greve de advert\u00eancia dos petroleiros teve forte ad...<\/span>\n\t\t\t\t\t\t\t  \n\t\t\t\t\t\t\t  \n\t\t\t\t\t\t\t  <\/a>\n\n\t\t\t\t\t\t  <\/div>\n\t\t\t\t\t\t  <div class=\"relatedthumb \" style=\"width:125px;float:left;overflow:hidden;\">  \n\t\t\t\t\t\t\t  \n\t\t\t\t\t\t\t  <a  href=\"https:\/\/redept.com.br\/blogosfera\/africa-do-sul-denuncia-contra-israel-na-corte-de-haia-prossegue-apesar-de-cessar-fogo\/\"  >\n\t\t\t\t\t\t\t\t\t  <div class=\"yuzo-img-wrap \" style=\"width: 125px;height:90px;\">\n\t\t\t\t\t\t\t\t\t\t\n\t\t\t\t\t\t\t\t\t\t<div class=\"yuzo-img\" style=\"background:url('https:\/\/redept.com.br\/blogosfera\/wp-content\/uploads\/2025\/10\/ramap-150x150.jpg') 50% 50% no-repeat;width: 125px;height:90px;margin-bottom: 5px;background-size: cover; \"><\/div>\n\t\t\t\t\t\t\t\t\t  <\/div>\n\t\t\t\t\t\t\t\t\t  \n\t\t\t\t\t\t\t\t   <span class=\"yuzo__text--title\" style=\"font-size:13px;\">\u00c1frica do Sul: den\u00fancia contra Israel na Corte de ...<\/span>\n\t\t\t\t\t\t\t  \n\t\t\t\t\t\t\t  \n\t\t\t\t\t\t\t  <\/a>\n\n\t\t\t\t\t\t  <\/div>\n\t\t\t\t\t\t  <div class=\"relatedthumb \" style=\"width:125px;float:left;overflow:hidden;\">  \n\t\t\t\t\t\t\t  \n\t\t\t\t\t\t\t  <a  href=\"https:\/\/redept.com.br\/blogosfera\/supremo-questiona-construcao-de-muro-na-cracolandia\/\"  >\n\t\t\t\t\t\t\t\t\t  <div class=\"yuzo-img-wrap \" style=\"width: 125px;height:90px;\">\n\t\t\t\t\t\t\t\t\t\t\n\t\t\t\t\t\t\t\t\t\t<div class=\"yuzo-img\" style=\"background:url('https:\/\/redept.org\/blogosfera\/wp-content\/plugins\/yuzo-related-post\/assets\/images\/default.png') 50% 50% no-repeat;width: 125px;height:90px;margin-bottom: 5px;background-size: cover; \"><\/div>\n\t\t\t\t\t\t\t\t\t  <\/div>\n\t\t\t\t\t\t\t\t\t  \n\t\t\t\t\t\t\t\t   <span class=\"yuzo__text--title\" style=\"font-size:13px;\">Supremo questiona constru\u00e7\u00e3o de muro na Cracol\u00e2ndi...<\/span>\n\t\t\t\t\t\t\t  \n\t\t\t\t\t\t\t  \n\t\t\t\t\t\t\t  <\/a>\n\n\t\t\t\t\t\t  <\/div>\n<\/div> <script>\n\t\t\t\t\t\t  jQuery(document).ready(function( $ ){\n\t\t\t\t\t\t\t\/\/jQuery('.yuzo_related_post').equalizer({ overflow : 'relatedthumb' });\n\t\t\t\t\t\t\tjQuery('.yuzo_related_post .yuzo_wraps').equalizer({ columns : '> div' });\n\t\t\t\t\t\t   })\n\t\t\t\t\t\t  <\/script> <!-- End Yuzo :) -->","protected":false},"excerpt":{"rendered":"<p>Foto: Stela Evelin Por Ednubia GhisiDa P\u00e1gina do MST Nesta quinta-feira (21), o deputado estadual Professor Lemos (PR) entregou votos de congratula\u00e7\u00e3o da Assembleia Legislativa do Paran\u00e1 (Alep) ao Movimento dos Trabalhadores Rurais Sem Terra (MST). A homenagem ocorreu durante o terceiro dia do 14\u00ba Encontro Nacional do MST, em Salvador (BA), que re\u00fane mais [&hellip;]<\/p>\n","protected":false},"author":2,"featured_media":0,"comment_status":"open","ping_status":"closed","sticky":false,"template":"","format":"standard","meta":{"fifu_image_url":"","fifu_image_alt":"","footnotes":""},"categories":[14244,1294,191,319,195],"tags":[],"class_list":["post-71461","post","type-post","status-publish","format-standard","hentry","category-alep","category-homenagem","category-noticias","category-parana","category-reforma-agraria"],"_links":{"self":[{"href":"https:\/\/redept.com.br\/blogosfera\/wp-json\/wp\/v2\/posts\/71461","targetHints":{"allow":["GET"]}}],"collection":[{"href":"https:\/\/redept.com.br\/blogosfera\/wp-json\/wp\/v2\/posts"}],"about":[{"href":"https:\/\/redept.com.br\/blogosfera\/wp-json\/wp\/v2\/types\/post"}],"author":[{"embeddable":true,"href":"https:\/\/redept.com.br\/blogosfera\/wp-json\/wp\/v2\/users\/2"}],"replies":[{"embeddable":true,"href":"https:\/\/redept.com.br\/blogosfera\/wp-json\/wp\/v2\/comments?post=71461"}],"version-history":[{"count":0,"href":"https:\/\/redept.com.br\/blogosfera\/wp-json\/wp\/v2\/posts\/71461\/revisions"}],"wp:attachment":[{"href":"https:\/\/redept.com.br\/blogosfera\/wp-json\/wp\/v2\/media?parent=71461"}],"wp:term":[{"taxonomy":"category","embeddable":true,"href":"https:\/\/redept.com.br\/blogosfera\/wp-json\/wp\/v2\/categories?post=71461"},{"taxonomy":"post_tag","embeddable":true,"href":"https:\/\/redept.com.br\/blogosfera\/wp-json\/wp\/v2\/tags?post=71461"}],"curies":[{"name":"wp","href":"https:\/\/api.w.org\/{rel}","templated":true}]}}