{"id":71603,"date":"2026-01-23T16:32:28","date_gmt":"2026-01-23T19:32:28","guid":{"rendered":"https:\/\/redept.com.br\/blogosfera\/servidores-publicos-municipais-lutam-por-salario-em-teresopolis-rj\/"},"modified":"2026-01-23T16:32:28","modified_gmt":"2026-01-23T19:32:28","slug":"servidores-publicos-municipais-lutam-por-salario-em-teresopolis-rj","status":"publish","type":"post","link":"https:\/\/redept.com.br\/blogosfera\/servidores-publicos-municipais-lutam-por-salario-em-teresopolis-rj\/","title":{"rendered":"Servidores p\u00fablicos municipais lutam por sal\u00e1rio em Teres\u00f3polis (RJ)"},"content":{"rendered":"<p><img fetchpriority=\"high\" width=\"1048\" height=\"920\"src=\"https:\/\/redept.com.br\/blogosfera\/wp-content\/uploads\/2026\/01\/WhatsApp-Image-2026-01-23-at-161553.jpeg\" alt=\"\" link_thumbnail=\"\" decoding=\"async\" srcset=\"https:\/\/redept.com.br\/blogosfera\/wp-content\/uploads\/2026\/01\/WhatsApp-Image-2026-01-23-at-161553.jpeg 1048w, https:\/\/averdade.org.br\/wp-content\/uploads\/2026\/01\/WhatsApp-Image-2026-01-23-at-16.15.53-350x307.jpeg 350w, https:\/\/averdade.org.br\/wp-content\/uploads\/2026\/01\/WhatsApp-Image-2026-01-23-at-16.15.53-1024x899.jpeg 1024w, https:\/\/averdade.org.br\/wp-content\/uploads\/2026\/01\/WhatsApp-Image-2026-01-23-at-16.15.53-250x219.jpeg 250w, https:\/\/averdade.org.br\/wp-content\/uploads\/2026\/01\/WhatsApp-Image-2026-01-23-at-16.15.53-768x674.jpeg 768w, https:\/\/averdade.org.br\/wp-content\/uploads\/2026\/01\/WhatsApp-Image-2026-01-23-at-16.15.53-150x132.jpeg 150w, https:\/\/averdade.org.br\/wp-content\/uploads\/2026\/01\/WhatsApp-Image-2026-01-23-at-16.15.53-300x263.jpeg 300w, https:\/\/averdade.org.br\/wp-content\/uploads\/2026\/01\/WhatsApp-Image-2026-01-23-at-16.15.53-696x611.jpeg 696w\" sizes=\"(max-width: 1048px) 100vw, 1048px\"><\/p>\n<p><strong>Servidores municipais de Teres\u00f3polis, na Regi\u00e3o Serrana do RJ, lutam contra atrasos nos sal\u00e1rios e perda de direitos trabalhistas.<\/strong><\/p>\n<p><strong>Filipe Costa | Teres\u00f3polis \u2013 RJ<\/strong><\/p>\n<hr>\n<p>TRABALHADOR UNIDO \u2013 No \u00faltimo dia 7\/01, dezenas de servidores municipais, aposentados e militantes populares marcharam at\u00e9 a Prefeitura de Teres\u00f3polis, na Regi\u00e3o Serrana do Rio de Janeiro, em mais um ato de resist\u00eancia contra o atraso salarial e a gan\u00e2ncia da burguesia municipal. A manifesta\u00e7\u00e3o, convocada pelo SindPMT (Sindicato dos Servidores P\u00fablicos Municipais de Teres\u00f3polis) e apoiada pelo Movimento Luta de Classes e pela Unidade Popular, marcou mais um cap\u00edtulo na luta irreconcili\u00e1vel da classe trabalhadora contra a explora\u00e7\u00e3o institucionalizada.<\/p>\n<p>Como denunciado no Jornal A Verdade do ano passado, os servidores j\u00e1 enfrentaram situa\u00e7\u00f5es semelhantes \u2014 e novamente s\u00e3o obrigados a sair \u00e0s ruas para defender o m\u00ednimo, pagamento em dia.<\/p>\n<h4><strong>Relatos exp\u00f5e descaso da prefeitura<\/strong><\/h4>\n<p>\u201cNosso movimento atual \u00e9 resultado de anos de luta e frustra\u00e7\u00f5es. Historicamente, a classe trabalhadora tem sido frequentemente prejudicada, e nossos servidores n\u00e3o s\u00e3o exce\u00e7\u00e3o.\u201d, denunciou Alexandre Pimentel, presidente do SindPMT.<\/p>\n<p>O presidente do sindicato denunciou que atualmente, os servidores enfrentam novo atraso no pagamento do 13\u00ba sal\u00e1rio, do adicional de f\u00e9rias e somente receberam 1% do 14\u00ba. Apesar de in\u00fameras tentativas de di\u00e1logo com o prefeito, n\u00e3o houve solu\u00e7\u00e3o concreta. A promessa da gest\u00e3o municipal de Leonardo Vasconcelos de pagamento do 14\u00ba at\u00e9 o dia 20 \u00e9 insuficiente e desrespeitosa.<\/p>\n<p>\u201cAtrasos na nossa aposentadoria causam grandes transtornos, pois muitos dependem desses valores para comprar rem\u00e9dios, fazer compras e honrar d\u00edvidas. Muitos recebem somente um sal\u00e1rio m\u00ednimo\u201d. A situa\u00e7\u00e3o descrita por Maria de Lourdes, servidora aposentada, \u00e9 como um espelho da realidade cruel enfrentada por diversos servidores e aposentados que, ap\u00f3s d\u00e9cadas de contribui\u00e7\u00e3o, s\u00e3o tratados como \u201cgasto p\u00fablico\u201d pela m\u00e1quina administrativa.<\/p>\n<h4><strong>Objetivo da prefeitura e desorganizar trabalhadores<\/strong><\/h4>\n<p>Na pr\u00e1tica cotidiana da administra\u00e7\u00e3o municipal, a burguesia local, articulada aos pol\u00edticos, imp\u00f5e uma sistem\u00e1tica de domina\u00e7\u00e3o que vai al\u00e9m do simples atraso salarial. Trata-se de uma estrat\u00e9gia consciente, para manter os servidores em estado permanente de vulnerabilidade.<\/p>\n<p>Ao sabotar intencionalmente o fluxo dos pagamentos \u2014 seja do 13\u00ba, do adicional de f\u00e9rias ou dos proventos dos aposentados \u2014, a gest\u00e3o municipal busca criar um ambiente de instabilidade financeira, sufocando qualquer possibilidade de resist\u00eancia organizada. Sem condi\u00e7\u00f5es de planejar suas finan\u00e7as pessoais, os trabalhadores s\u00e3o compelidos a aceitar qualquer condi\u00e7\u00e3o imposta pelo governo municipal.<\/p>\n<p>Ao mesmo tempo, essa pol\u00edtica de omiss\u00e3o e descaso transfere para os ombros da classe trabalhadora os custos de uma crise que n\u00e3o foi produzida por ela. Enquanto os gestores se re\u00fanem \u00e0s portas fechadas com empres\u00e1rios e banqueiros locais, discutindo repasses e financiamentos, os servidores veem seus sal\u00e1rios virarem moeda de troca nas mesas do poder.<\/p>\n<p>Ainda segundo Alexandre, \u201cos aposentados deveriam receber seus pagamentos no dia 5, mas isso n\u00e3o ocorreu. Entramos com um mandado de seguran\u00e7a que foi negado pelo judici\u00e1rio devido \u00e0 aus\u00eancia de um documento oficial da prefeitura que garantisse o pagamento na data prometida.\u201d.<\/p>\n<p>Este epis\u00f3dio revela a face mais c\u00ednica dessa administra\u00e7\u00e3o: a nega\u00e7\u00e3o sistem\u00e1tica da pr\u00f3pria legalidade democr\u00e1tica. N\u00e3o h\u00e1 compromisso com a Constitui\u00e7\u00e3o, com a Lei Org\u00e2nica Municipal e muito menos com os direitos fundamentais dos cidad\u00e3os. H\u00e1 t\u00e3o somente a manipula\u00e7\u00e3o descarada das institui\u00e7\u00f5es, como se fossem instrumentos pessoais de poder.<\/p>\n<p>Mais uma vez, a classe trabalhadora demonstra sua for\u00e7a e sua coragem ao enfrentar uma m\u00e1quina administrativa corrupta e que s\u00f3 funciona para os burgueses. A classe trabalhadora n\u00e3o pode mais esperar.<\/p>\n<!-- Begin Yuzo --><div class='yuzo_related_post style-1'  data-version='5.12.89'><!-- without result --><div class='yuzo_clearfixed yuzo__title yuzo__title'><h3>Related Post<\/h3><\/div>\n\t\t\t\t\t\t  <div class=\"relatedthumb \" style=\"width:125px;float:left;overflow:hidden;\">  \n\t\t\t\t\t\t\t  \n\t\t\t\t\t\t\t  <a  href=\"https:\/\/redept.com.br\/blogosfera\/brasil-faz-historia-no-goya-2025-com-vitoria-de-ainda-estou-aqui\/\"  >\n\t\t\t\t\t\t\t\t\t  <div class=\"yuzo-img-wrap \" style=\"width: 125px;height:90px;\">\n\t\t\t\t\t\t\t\t\t\t\n\t\t\t\t\t\t\t\t\t\t<div class=\"yuzo-img\" style=\"background:url('https:\/\/redept.com.br\/blogosfera\/wp-content\/uploads\/2025\/02\/image-6-150x150.png') 50% 50% no-repeat;width: 125px;height:90px;margin-bottom: 5px;background-size: cover; \"><\/div>\n\t\t\t\t\t\t\t\t\t  <\/div>\n\t\t\t\t\t\t\t\t\t  \n\t\t\t\t\t\t\t\t   <span class=\"yuzo__text--title\" style=\"font-size:13px;\">Brasil faz hist\u00f3ria no Goya 2025 com vit\u00f3ria de \u2018A...<\/span>\n\t\t\t\t\t\t\t  \n\t\t\t\t\t\t\t  \n\t\t\t\t\t\t\t  <\/a>\n\n\t\t\t\t\t\t  <\/div>\n\t\t\t\t\t\t  <div class=\"relatedthumb \" style=\"width:125px;float:left;overflow:hidden;\">  \n\t\t\t\t\t\t\t  \n\t\t\t\t\t\t\t  <a  href=\"https:\/\/redept.com.br\/blogosfera\/vereador-do-psol-agredido-na-camara-de-sp-denuncia-racismo-e-discurso-de-odio-da-extrema-direita\/\"  >\n\t\t\t\t\t\t\t\t\t  <div class=\"yuzo-img-wrap \" style=\"width: 125px;height:90px;\">\n\t\t\t\t\t\t\t\t\t\t\n\t\t\t\t\t\t\t\t\t\t<div class=\"yuzo-img\" style=\"background:url('https:\/\/redept.org\/blogosfera\/wp-content\/plugins\/yuzo-related-post\/assets\/images\/default.png') 50% 50% no-repeat;width: 125px;height:90px;margin-bottom: 5px;background-size: cover; \"><\/div>\n\t\t\t\t\t\t\t\t\t  <\/div>\n\t\t\t\t\t\t\t\t\t  \n\t\t\t\t\t\t\t\t   <span class=\"yuzo__text--title\" style=\"font-size:13px;\">Vereador do Psol agredido na C\u00e2mara de SP denuncia...<\/span>\n\t\t\t\t\t\t\t  \n\t\t\t\t\t\t\t  \n\t\t\t\t\t\t\t  <\/a>\n\n\t\t\t\t\t\t  <\/div>\n\t\t\t\t\t\t  <div class=\"relatedthumb \" style=\"width:125px;float:left;overflow:hidden;\">  \n\t\t\t\t\t\t\t  \n\t\t\t\t\t\t\t  <a  href=\"https:\/\/sul21.com.br\/noticias\/geral\/2025\/09\/7-de-setembro-movimentos-promovem-mobilizacao-popular-em-porto-alegre\/\"  >\n\t\t\t\t\t\t\t\t\t  <div class=\"yuzo-img-wrap \" style=\"width: 125px;height:90px;\">\n\t\t\t\t\t\t\t\t\t\t\n\t\t\t\t\t\t\t\t\t\t<div class=\"yuzo-img\" style=\"background:url('https:\/\/redept.org\/blogosfera\/wp-content\/plugins\/yuzo-related-post\/assets\/images\/default.png') 50% 50% no-repeat;width: 125px;height:90px;margin-bottom: 5px;background-size: cover; \"><\/div>\n\t\t\t\t\t\t\t\t\t  <\/div>\n\t\t\t\t\t\t\t\t\t  \n\t\t\t\t\t\t\t\t   <span class=\"yuzo__text--title\" style=\"font-size:13px;\">7 de setembro: Movimentos promovem mobiliza\u00e7\u00e3o pop...<\/span>\n\t\t\t\t\t\t\t  \n\t\t\t\t\t\t\t  \n\t\t\t\t\t\t\t  <\/a>\n\n\t\t\t\t\t\t  <\/div>\n\t\t\t\t\t\t  <div class=\"relatedthumb \" style=\"width:125px;float:left;overflow:hidden;\">  \n\t\t\t\t\t\t\t  \n\t\t\t\t\t\t\t  <a  href=\"https:\/\/redept.com.br\/blogosfera\/amazonia-concentra-quase-metade-dos-conflitos-no-campo-nos-ultimos-40-anos-diz-cpt\/\"  >\n\t\t\t\t\t\t\t\t\t  <div class=\"yuzo-img-wrap \" style=\"width: 125px;height:90px;\">\n\t\t\t\t\t\t\t\t\t\t\n\t\t\t\t\t\t\t\t\t\t<div class=\"yuzo-img\" style=\"background:url('https:\/\/redept.com.br\/blogosfera\/wp-content\/uploads\/2025\/07\/nega-pataxo-cacique-nailtn-atingidos-1024x576-150x150.jpeg') 50% 50% no-repeat;width: 125px;height:90px;margin-bottom: 5px;background-size: cover; \"><\/div>\n\t\t\t\t\t\t\t\t\t  <\/div>\n\t\t\t\t\t\t\t\t\t  \n\t\t\t\t\t\t\t\t   <span class=\"yuzo__text--title\" style=\"font-size:13px;\">Amaz\u00f4nia concentra quase metade dos conflitos no c...<\/span>\n\t\t\t\t\t\t\t  \n\t\t\t\t\t\t\t  \n\t\t\t\t\t\t\t  <\/a>\n\n\t\t\t\t\t\t  <\/div>\n<\/div> <script>\n\t\t\t\t\t\t  jQuery(document).ready(function( $ ){\n\t\t\t\t\t\t\t\/\/jQuery('.yuzo_related_post').equalizer({ overflow : 'relatedthumb' });\n\t\t\t\t\t\t\tjQuery('.yuzo_related_post .yuzo_wraps').equalizer({ columns : '> div' });\n\t\t\t\t\t\t   })\n\t\t\t\t\t\t  <\/script> <!-- End Yuzo :) -->","protected":false},"excerpt":{"rendered":"<p><img decoding=\"async\" width=\"1048\" height=\"920\" src=\"https:\/\/averdade.org.br\/wp-content\/uploads\/2026\/01\/WhatsApp-Image-2026-01-23-at-16.15.53.jpeg\" alt=\"\">Servidores municipais de Teres\u00f3polis, na Regi\u00e3o Serrana do RJ, lutam contra atrasos nos sal\u00e1rios e perda de direitos trabalhistas. Filipe Costa | Teres\u00f3polis \u2013 RJ TRABALHADOR UNIDO \u2013 No \u00faltimo dia 7\/01, dezenas de servidores municipais, aposentados e militantes populares marcharam at\u00e9 a Prefeitura de Teres\u00f3polis, na Regi\u00e3o Serrana do Rio de Janeiro, em mais [\u2026]<\/p>\n","protected":false},"author":2,"featured_media":71604,"comment_status":"open","ping_status":"closed","sticky":false,"template":"","format":"standard","meta":{"fifu_image_url":"","fifu_image_alt":"","footnotes":""},"categories":[1100,187,49,34057,34058,497],"tags":[],"class_list":["post-71603","post","type-post","status-publish","format-standard","has-post-thumbnail","hentry","category-luta","category-manifestacao","category-rio-de-janeiro","category-servidores-municipais","category-teresopolis","category-trabalhador-unido"],"_links":{"self":[{"href":"https:\/\/redept.com.br\/blogosfera\/wp-json\/wp\/v2\/posts\/71603","targetHints":{"allow":["GET"]}}],"collection":[{"href":"https:\/\/redept.com.br\/blogosfera\/wp-json\/wp\/v2\/posts"}],"about":[{"href":"https:\/\/redept.com.br\/blogosfera\/wp-json\/wp\/v2\/types\/post"}],"author":[{"embeddable":true,"href":"https:\/\/redept.com.br\/blogosfera\/wp-json\/wp\/v2\/users\/2"}],"replies":[{"embeddable":true,"href":"https:\/\/redept.com.br\/blogosfera\/wp-json\/wp\/v2\/comments?post=71603"}],"version-history":[{"count":0,"href":"https:\/\/redept.com.br\/blogosfera\/wp-json\/wp\/v2\/posts\/71603\/revisions"}],"wp:featuredmedia":[{"embeddable":true,"href":"https:\/\/redept.com.br\/blogosfera\/wp-json\/wp\/v2\/media\/71604"}],"wp:attachment":[{"href":"https:\/\/redept.com.br\/blogosfera\/wp-json\/wp\/v2\/media?parent=71603"}],"wp:term":[{"taxonomy":"category","embeddable":true,"href":"https:\/\/redept.com.br\/blogosfera\/wp-json\/wp\/v2\/categories?post=71603"},{"taxonomy":"post_tag","embeddable":true,"href":"https:\/\/redept.com.br\/blogosfera\/wp-json\/wp\/v2\/tags?post=71603"}],"curies":[{"name":"wp","href":"https:\/\/api.w.org\/{rel}","templated":true}]}}