{"id":71782,"date":"2026-01-25T15:50:51","date_gmt":"2026-01-25T18:50:51","guid":{"rendered":"https:\/\/redept.com.br\/blogosfera\/prisao-por-racismo-no-brasil-provoca-debate-juridico-e-politico-na-argentina\/"},"modified":"2026-01-25T15:50:51","modified_gmt":"2026-01-25T18:50:51","slug":"prisao-por-racismo-no-brasil-provoca-debate-juridico-e-politico-na-argentina","status":"publish","type":"post","link":"https:\/\/redept.com.br\/blogosfera\/prisao-por-racismo-no-brasil-provoca-debate-juridico-e-politico-na-argentina\/","title":{"rendered":"Pris\u00e3o por racismo no Brasil provoca debate jur\u00eddico e pol\u00edtico na Argentina"},"content":{"rendered":"<p><img fetchpriority=\"high\" width=\"900\" height=\"600\"src=\"https:\/\/redept.com.br\/blogosfera\/wp-content\/uploads\/2026\/01\/e842576e-racismo-argentina-.webp\" alt=\"\" decoding=\"async\" srcset=\"https:\/\/redept.com.br\/blogosfera\/wp-content\/uploads\/2026\/01\/e842576e-racismo-argentina-.webp 900w, https:\/\/vermelho.org.br\/wp-content\/uploads\/2026\/01\/e842576e-racismo-argentina--300x200.webp 300w, https:\/\/vermelho.org.br\/wp-content\/uploads\/2026\/01\/e842576e-racismo-argentina--768x512.webp 768w, https:\/\/vermelho.org.br\/wp-content\/uploads\/2026\/01\/e842576e-racismo-argentina--272x182.webp 272w\" sizes=\"(max-width: 900px) 100vw, 900px\"><\/p>\n<p>A possibilidade de a advogada e influenciadora de extrema direita Agostina P\u00e1ez cumprir at\u00e9 cinco anos de pris\u00e3o no Brasil provocou uma repercuss\u00e3o intensa na Argentina. O epis\u00f3dio, iniciado em um bar de Ipanema, rapidamente ultrapassou o \u00e2mbito judicial e se transformou em um debate p\u00fablico sobre racismo, xenofobia e diferen\u00e7as estruturais entre os sistemas legais dos dois pa\u00edses.<\/p>\n<p>Nos principais portais argentinos, a cobertura do caso veio acompanhada por milhares de coment\u00e1rios que mesclam ironia, vingan\u00e7a simb\u00f3lica e satisfa\u00e7\u00e3o expl\u00edcita. Frases como \u201co karma chegou\u201d e \u201cquem semeia vento colhe tempestade\u201d tornaram-se recorrentes, revelando um clima social no qual a puni\u00e7\u00e3o \u00e9 celebrada menos como justi\u00e7a institucional e mais como espet\u00e1culo moral.<\/p>\n<p><strong>Do discurso de \u00f3dio \u00e0 tornozeleira eletr\u00f4nica<\/strong><\/p>\n<p>Agostina, de 29 anos, ganhou notoriedade nas redes sociais por divulgar slogans reacion\u00e1rios e conte\u00fados agressivos contra minorias. No Brasil, por\u00e9m, esse tipo de conduta encontra limites jur\u00eddicos claros. A influenciadora foi acusada de difama\u00e7\u00e3o racial ap\u00f3s uma funcion\u00e1ria de um bar denunciar insultos verbais e gestos discriminat\u00f3rios durante uma discuss\u00e3o sobre o pagamento da conta.<\/p>\n<p>Desde ent\u00e3o, a imagem da advogada usando tornozeleira eletr\u00f4nica passou a circular como s\u00edmbolo de \u201cjusti\u00e7a po\u00e9tica\u201d para parte do p\u00fablico argentino. A rea\u00e7\u00e3o evidencia n\u00e3o apenas rejei\u00e7\u00e3o pessoal \u00e0 figura dela, mas tamb\u00e9m uma percep\u00e7\u00e3o difusa de que comportamentos tolerados ou relativizados na Argentina encontram barreiras legais mais duras do outro lado da fronteira.<\/p>\n<p><strong>O contraste jur\u00eddico entre Brasil e Argentina<\/strong><\/p>\n<p>A repercuss\u00e3o do caso escancara uma diferen\u00e7a central: no Brasil, o racismo \u00e9 crime previsto na Constitui\u00e7\u00e3o de 1988, imprescrit\u00edvel e inafian\u00e7\u00e1vel. A Lei n\u00ba 7.716\/1989 e, mais recentemente, a Lei n\u00ba 14.532\/2023 ampliaram o alcance penal, equiparando o insulto racial ao crime de racismo e endurecendo penas, inclusive para condutas praticadas no ambiente digital.<\/p>\n<p>Na Argentina, por outro lado, o racismo n\u00e3o \u00e9 tipificado no C\u00f3digo Penal. A Lei Antidiscrimina\u00e7\u00e3o n\u00ba 23.592, em vigor desde 1988, trata esses atos como comportamentos individuais pass\u00edveis de repara\u00e7\u00e3o civil, n\u00e3o como crimes que impliquem pris\u00e3o. Na pr\u00e1tica, insultos ou gestos discriminat\u00f3rios costumam ser classificados como \u201cpr\u00e1ticas sociais discriminat\u00f3rias\u201d, sem consequ\u00eancias penais diretas.<\/p>\n<p><strong>Debate p\u00fablico: puni\u00e7\u00e3o excessiva ou atraso legal?<\/strong><\/p>\n<p>Essa assimetria alimentou um debate intenso na opini\u00e3o p\u00fablica argentina. Para alguns, o caso Agostina Paez representa um excesso punitivo e um alerta sobre os riscos de legisla\u00e7\u00f5es \u201cpunitivistas\u201d. Para outros, funciona como den\u00fancia indireta da fragilidade do marco legal argentino diante do discurso de \u00f3dio, sobretudo em um contexto de crescente radicaliza\u00e7\u00e3o pol\u00edtica e digital.<\/p>\n<p>Especialistas apontam que a legisla\u00e7\u00e3o argentina n\u00e3o reconhece o racismo como fen\u00f4meno estrutural. Segundo a jurista Aline Miklos, o pa\u00eds carece de um enquadramento jur\u00eddico que compreenda a discrimina\u00e7\u00e3o como resultado de hierarquias hist\u00f3ricas e institucionais, o que limita tanto a puni\u00e7\u00e3o quanto a formula\u00e7\u00e3o de pol\u00edticas de repara\u00e7\u00e3o.<\/p>\n<p><strong>Casos emblem\u00e1ticos e o peso do precedente brasileiro<\/strong><\/p>\n<p>A cobertura argentina tamb\u00e9m relembrou precedentes brasileiros que refor\u00e7am a seriedade com que o tema \u00e9 tratado. Desde a primeira condena\u00e7\u00e3o por racismo online, em 2009, at\u00e9 casos recentes envolvendo figuras p\u00fablicas, humoristas e atletas, o Judici\u00e1rio brasileiro consolidou um entendimento rigoroso sobre discursos de \u00f3dio.<\/p>\n<p>A condena\u00e7\u00e3o do ex-presidente Jair Bolsonaro, em 2025, ao pagamento de indeniza\u00e7\u00e3o milion\u00e1ria por declara\u00e7\u00f5es racistas, aparece com frequ\u00eancia nas an\u00e1lises como exemplo de que o alcance da lei n\u00e3o se restringe a cidad\u00e3os an\u00f4nimos. Para leitores argentinos, esses epis\u00f3dios refor\u00e7am a percep\u00e7\u00e3o de que o Brasil opera com um patamar jur\u00eddico mais elevado no enfrentamento ao racismo.<\/p>\n<p><strong>A aus\u00eancia de pol\u00edticas e o vazio institucional argentino<\/strong><\/p>\n<p>Outro ponto recorrente na repercuss\u00e3o foi a compara\u00e7\u00e3o institucional. A extin\u00e7\u00e3o pelo governo Milei do INADI, \u00f3rg\u00e3o central no combate \u00e0 discrimina\u00e7\u00e3o na Argentina, \u00e9 citada como evid\u00eancia de desprote\u00e7\u00e3o das v\u00edtimas e de falta de dados para pol\u00edticas p\u00fablicas. Ativistas afrodescendentes e especialistas ressaltam que, sem mecanismos estatais robustos, o racismo tende a permanecer invis\u00edvel e impune.<\/p>\n<p>Nesse sentido, o caso Agostina Paez ultrapassa a figura da influenciadora e se converte em sintoma. Para parte da sociedade argentina, o epis\u00f3dio revela n\u00e3o apenas o \u201cexcesso\u201d brasileiro, mas sobretudo o atraso local em reconhecer o racismo como problema estrutural e n\u00e3o apenas como desvio individual.<\/p>\n<p><strong>Entre o esc\u00e1rnio e o alerta<\/strong><\/p>\n<p>A repercuss\u00e3o do caso na Argentina oscila entre o prazer punitivo e a reflex\u00e3o inc\u00f4moda. Enquanto muitos comemoram o constrangimento p\u00fablico de uma influenciadora extremista, cresce tamb\u00e9m a consci\u00eancia de que a situa\u00e7\u00e3o dificilmente teria o mesmo desfecho em solo argentino.<\/p>\n<p>Mais do que um epis\u00f3dio policial, o caso Agostina Paez tornou-se um espelho desconfort\u00e1vel: reflete as diferen\u00e7as hist\u00f3ricas, jur\u00eddicas e pol\u00edticas entre dois pa\u00edses vizinhos e recoloca no centro do debate argentino a pergunta que permanece sem resposta clara \u2014 at\u00e9 que ponto o discurso de \u00f3dio pode continuar sendo tratado apenas como opini\u00e3o, e n\u00e3o como crime.<\/p>\n<p>O post <a href=\"https:\/\/vermelho.org.br\/2026\/01\/25\/prisao-por-racismo-no-brasil-provoca-debate-juridico-e-politico-na-argentina\/\">Pris\u00e3o por racismo no Brasil provoca debate jur\u00eddico e pol\u00edtico na Argentina<\/a> apareceu primeiro em <a href=\"https:\/\/vermelho.org.br\/\">Vermelho<\/a>.<\/p>\n<!-- Begin Yuzo --><div class='yuzo_related_post style-1'  data-version='5.12.89'><!-- without result --><div class='yuzo_clearfixed yuzo__title yuzo__title'><h3>Related Post<\/h3><\/div>\n\t\t\t\t\t\t  <div class=\"relatedthumb \" style=\"width:125px;float:left;overflow:hidden;\">  \n\t\t\t\t\t\t\t  \n\t\t\t\t\t\t\t  <a  href=\"https:\/\/redept.com.br\/blogosfera\/um-ensaio-fotografico-em-san-antonio-de-los-banos-cuba\/\"  >\n\t\t\t\t\t\t\t\t\t  <div class=\"yuzo-img-wrap \" style=\"width: 125px;height:90px;\">\n\t\t\t\t\t\t\t\t\t\t\n\t\t\t\t\t\t\t\t\t\t<div class=\"yuzo-img\" style=\"background:url('https:\/\/redept.com.br\/blogosfera\/wp-content\/uploads\/2025\/05\/bdf-20250522-185354-2be38a-2048x1365-1-150x150.jpg') 50% 50% no-repeat;width: 125px;height:90px;margin-bottom: 5px;background-size: cover; \"><\/div>\n\t\t\t\t\t\t\t\t\t  <\/div>\n\t\t\t\t\t\t\t\t\t  \n\t\t\t\t\t\t\t\t   <span class=\"yuzo__text--title\" style=\"font-size:13px;\">Um ensaio fotogr\u00e1fico em San Antonio de Los Ba\u00f1os,...<\/span>\n\t\t\t\t\t\t\t  \n\t\t\t\t\t\t\t  \n\t\t\t\t\t\t\t  <\/a>\n\n\t\t\t\t\t\t  <\/div>\n\t\t\t\t\t\t  <div class=\"relatedthumb \" style=\"width:125px;float:left;overflow:hidden;\">  \n\t\t\t\t\t\t\t  \n\t\t\t\t\t\t\t  <a  href=\"https:\/\/redept.com.br\/blogosfera\/stf-decide-se-mantem-decisao-que-determina-prorrogacao-da-cpmi-do-inss\/\"  >\n\t\t\t\t\t\t\t\t\t  <div class=\"yuzo-img-wrap \" style=\"width: 125px;height:90px;\">\n\t\t\t\t\t\t\t\t\t\t\n\t\t\t\t\t\t\t\t\t\t<div class=\"yuzo-img\" style=\"background:url('https:\/\/redept.org\/blogosfera\/wp-content\/plugins\/yuzo-related-post\/assets\/images\/default.png') 50% 50% no-repeat;width: 125px;height:90px;margin-bottom: 5px;background-size: cover; \"><\/div>\n\t\t\t\t\t\t\t\t\t  <\/div>\n\t\t\t\t\t\t\t\t\t  \n\t\t\t\t\t\t\t\t   <span class=\"yuzo__text--title\" style=\"font-size:13px;\">STF decide se mant\u00e9m decis\u00e3o que determina prorrog...<\/span>\n\t\t\t\t\t\t\t  \n\t\t\t\t\t\t\t  \n\t\t\t\t\t\t\t  <\/a>\n\n\t\t\t\t\t\t  <\/div>\n\t\t\t\t\t\t  <div class=\"relatedthumb \" style=\"width:125px;float:left;overflow:hidden;\">  \n\t\t\t\t\t\t\t  \n\t\t\t\t\t\t\t  <a  href=\"https:\/\/redept.com.br\/blogosfera\/verissimo-segue-internado-em-estado-grave-em-porto-alegre\/\"  >\n\t\t\t\t\t\t\t\t\t  <div class=\"yuzo-img-wrap \" style=\"width: 125px;height:90px;\">\n\t\t\t\t\t\t\t\t\t\t\n\t\t\t\t\t\t\t\t\t\t<div class=\"yuzo-img\" style=\"background:url('https:\/\/redept.org\/blogosfera\/wp-content\/plugins\/yuzo-related-post\/assets\/images\/default.png') 50% 50% no-repeat;width: 125px;height:90px;margin-bottom: 5px;background-size: cover; \"><\/div>\n\t\t\t\t\t\t\t\t\t  <\/div>\n\t\t\t\t\t\t\t\t\t  \n\t\t\t\t\t\t\t\t   <span class=\"yuzo__text--title\" style=\"font-size:13px;\">Verissimo segue internado em estado grave em Porto...<\/span>\n\t\t\t\t\t\t\t  \n\t\t\t\t\t\t\t  \n\t\t\t\t\t\t\t  <\/a>\n\n\t\t\t\t\t\t  <\/div>\n\t\t\t\t\t\t  <div class=\"relatedthumb \" style=\"width:125px;float:left;overflow:hidden;\">  \n\t\t\t\t\t\t\t  \n\t\t\t\t\t\t\t  <a  href=\"https:\/\/redept.com.br\/blogosfera\/exercito-britanico-nao-seria-capaz-de-conduzir-guerra-na-europa-por-mais-de-2-semanas-diz-jornal\/\"  >\n\t\t\t\t\t\t\t\t\t  <div class=\"yuzo-img-wrap \" style=\"width: 125px;height:90px;\">\n\t\t\t\t\t\t\t\t\t\t\n\t\t\t\t\t\t\t\t\t\t<div class=\"yuzo-img\" style=\"background:url('https:\/\/redept.org\/blogosfera\/wp-content\/plugins\/yuzo-related-post\/assets\/images\/default.png') 50% 50% no-repeat;width: 125px;height:90px;margin-bottom: 5px;background-size: cover; \"><\/div>\n\t\t\t\t\t\t\t\t\t  <\/div>\n\t\t\t\t\t\t\t\t\t  \n\t\t\t\t\t\t\t\t   <span class=\"yuzo__text--title\" style=\"font-size:13px;\">Ex\u00e9rcito brit\u00e2nico n\u00e3o seria capaz de conduzir gue...<\/span>\n\t\t\t\t\t\t\t  \n\t\t\t\t\t\t\t  \n\t\t\t\t\t\t\t  <\/a>\n\n\t\t\t\t\t\t  <\/div>\n<\/div> <script>\n\t\t\t\t\t\t  jQuery(document).ready(function( $ ){\n\t\t\t\t\t\t\t\/\/jQuery('.yuzo_related_post').equalizer({ overflow : 'relatedthumb' });\n\t\t\t\t\t\t\tjQuery('.yuzo_related_post .yuzo_wraps').equalizer({ columns : '> div' });\n\t\t\t\t\t\t   })\n\t\t\t\t\t\t  <\/script> <!-- End Yuzo :) -->","protected":false},"excerpt":{"rendered":"<p>A possibilidade de a advogada e influenciadora de extrema direita Agostina P\u00e1ez cumprir at\u00e9 cinco anos de pris\u00e3o no Brasil provocou uma repercuss\u00e3o intensa na Argentina. O epis\u00f3dio, iniciado em um bar de Ipanema, rapidamente ultrapassou o \u00e2mbito judicial e se transformou em um debate p\u00fablico sobre racismo, xenofobia e diferen\u00e7as estruturais entre os sistemas [&hellip;]<\/p>\n","protected":false},"author":2,"featured_media":0,"comment_status":"open","ping_status":"closed","sticky":false,"template":"","format":"standard","meta":{"fifu_image_url":"","fifu_image_alt":"","footnotes":""},"categories":[272,3103,423,27039,288,229,9165],"tags":[],"class_list":["post-71782","post","type-post","status-publish","format-standard","hentry","category-argentina","category-discurso-de-odio","category-extrema-direita","category-juridico","category-justica","category-racismo","category-turista"],"_links":{"self":[{"href":"https:\/\/redept.com.br\/blogosfera\/wp-json\/wp\/v2\/posts\/71782","targetHints":{"allow":["GET"]}}],"collection":[{"href":"https:\/\/redept.com.br\/blogosfera\/wp-json\/wp\/v2\/posts"}],"about":[{"href":"https:\/\/redept.com.br\/blogosfera\/wp-json\/wp\/v2\/types\/post"}],"author":[{"embeddable":true,"href":"https:\/\/redept.com.br\/blogosfera\/wp-json\/wp\/v2\/users\/2"}],"replies":[{"embeddable":true,"href":"https:\/\/redept.com.br\/blogosfera\/wp-json\/wp\/v2\/comments?post=71782"}],"version-history":[{"count":0,"href":"https:\/\/redept.com.br\/blogosfera\/wp-json\/wp\/v2\/posts\/71782\/revisions"}],"wp:attachment":[{"href":"https:\/\/redept.com.br\/blogosfera\/wp-json\/wp\/v2\/media?parent=71782"}],"wp:term":[{"taxonomy":"category","embeddable":true,"href":"https:\/\/redept.com.br\/blogosfera\/wp-json\/wp\/v2\/categories?post=71782"},{"taxonomy":"post_tag","embeddable":true,"href":"https:\/\/redept.com.br\/blogosfera\/wp-json\/wp\/v2\/tags?post=71782"}],"curies":[{"name":"wp","href":"https:\/\/api.w.org\/{rel}","templated":true}]}}