{"id":71999,"date":"2026-01-27T13:58:08","date_gmt":"2026-01-27T16:58:08","guid":{"rendered":"https:\/\/redept.com.br\/blogosfera\/fim-da-baliza-quatro-estados-tiram-a-manobra-da-prova-da-cnh\/"},"modified":"2026-01-27T13:58:08","modified_gmt":"2026-01-27T16:58:08","slug":"fim-da-baliza-quatro-estados-tiram-a-manobra-da-prova-da-cnh","status":"publish","type":"post","link":"https:\/\/redept.com.br\/blogosfera\/fim-da-baliza-quatro-estados-tiram-a-manobra-da-prova-da-cnh\/","title":{"rendered":"Fim da baliza: quatro estados tiram a manobra da prova da CNH"},"content":{"rendered":"<p>A <strong>prova de baliza<\/strong>, uma das etapas mais temidas por candidatos \u00e0 <strong>Carteira Nacional de Habilita\u00e7\u00e3o (CNH)<\/strong>, come\u00e7ou a ser oficialmente retirada do exame pr\u00e1tico em parte do pa\u00eds. No momento, quatro estados deixaram de exigir a manobra de estacionamento entre cones para a obten\u00e7\u00e3o da habilita\u00e7\u00e3o. As novas regras tamb\u00e9m ampliam o uso de ve\u00edculos com c\u00e2mbio autom\u00e1tico. Saiba os detalhes na <strong><a href=\"https:\/\/tvtnews.com.br\/\">TVT News<\/a><\/strong>.<\/p>\n<h2>Baliza deixa de ser etapa eliminat\u00f3ria<\/h2>\n<p>Em S\u00e3o Paulo, maior estado do pa\u00eds em n\u00famero de habilita\u00e7\u00f5es, o Detran-SP aboliu a baliza demarcada, pr\u00e1tica adotada desde a d\u00e9cada de 1980 e respons\u00e1vel por altos \u00edndices de reprova\u00e7\u00e3o. Com a mudan\u00e7a, o exame passa a avaliar apenas a condu\u00e7\u00e3o do candidato em situa\u00e7\u00f5es reais de tr\u00e2nsito.<\/p>\n<p>A habilidade de estacionar, por\u00e9m, n\u00e3o foi totalmente exclu\u00edda. Durante o percurso urbano, o candidato ainda deve parar o ve\u00edculo junto ao meio-fio ao menos uma vez, sem a exig\u00eancia de \u00e1rea delimitada por estacas.<\/p>\n<h2>Quais estados adotaram o fim da baliza<\/h2>\n<p>Al\u00e9m de S\u00e3o Paulo, outros tr\u00eas estados confirmaram a retirada da manobra como crit\u00e9rio obrigat\u00f3rio no exame pr\u00e1tico:<\/p>\n<ul>\n<li>Amazonas<\/li>\n<li>Mato Grosso do Sul<\/li>\n<li>Esp\u00edrito Santo, que tamb\u00e9m eliminou a etapa de ladeira<\/li>\n<\/ul>\n<p>As mudan\u00e7as seguem a Resolu\u00e7\u00e3o n\u00ba 1.020\/2025 do Conselho Nacional de Tr\u00e2nsito (Contran), que autoriza os Detrans estaduais a adaptarem o formato do exame enquanto um manual nacional definitivo n\u00e3o \u00e9 publicado.<\/p>\n<h2>Carros autom\u00e1ticos liberados no exame<\/h2>\n<p>Outra mudan\u00e7a \u00e9 a libera\u00e7\u00e3o do uso de ve\u00edculos com c\u00e2mbio autom\u00e1tico no teste pr\u00e1tico. Em S\u00e3o Paulo, a permiss\u00e3o vale tanto para a primeira habilita\u00e7\u00e3o quanto para a renova\u00e7\u00e3o da CNH.<\/p>\n<p>Antes, a realiza\u00e7\u00e3o do exame em carro autom\u00e1tico era restrita a pessoas com defici\u00eancia ou com necessidade de adapta\u00e7\u00f5es espec\u00edficas. Neste caso, Santa Catarina tamb\u00e9m aderiu \u00e0 medida, mesmo sem confirmar o fim da baliza no estado.<\/p>\n<h2>Como funciona o novo modelo de avalia\u00e7\u00e3o<\/h2>\n<p>Com as altera\u00e7\u00f5es, o exame pr\u00e1tico passa a ocorrer exclusivamente em percurso urbano. O candidato inicia a prova com zero pontos e pode perder at\u00e9 10 pontos para ser aprovado. As infra\u00e7\u00f5es seguem o padr\u00e3o do C\u00f3digo de Tr\u00e2nsito Brasileiro:<\/p>\n<ul>\n<li>Leve: 1 ponto<\/li>\n<li>M\u00e9dia: 2 pontos<\/li>\n<li>Grave: 4 pontos<\/li>\n<li>Grav\u00edssima: 6 pontos<\/li>\n<\/ul>\n<p>Continuam sendo avaliados itens como convers\u00f5es \u00e0 direita e \u00e0 esquerda, uso correto da seta, aten\u00e7\u00e3o \u00e0 sinaliza\u00e7\u00e3o e condu\u00e7\u00e3o segura.<\/p>\n<h2>Forma\u00e7\u00e3o do condutor tamb\u00e9m muda<\/h2>\n<p>As altera\u00e7\u00f5es no exame fazem parte do pacote <a href=\"https:\/\/www.gov.br\/transportes\/pt-br\/conteudos-cnh-do-brasil\/saiba-mais-sobre-o-programa\" target=\"_blank\" rel=\"noreferrer noopener nofollow\">CNH do Brasil<\/a>, programa que institui reformas no processo de habilita\u00e7\u00e3o. Entre as principais mudan\u00e7as est\u00e3o:<\/p>\n<ul>\n<li>Curso te\u00f3rico gratuito, oferecido pelo governo em formato digital;<\/li>\n<li>Redu\u00e7\u00e3o das aulas pr\u00e1ticas obrigat\u00f3rias de 20 para apenas 2 horas;<\/li>\n<li>Fim da obrigatoriedade de matr\u00edcula em autoescolas, com permiss\u00e3o para instrutores aut\u00f4nomos.<\/li>\n<\/ul>\n<p>As medidas reduzem custos e tornam o processo de obten\u00e7\u00e3o da CNH mais acess\u00edvel.<\/p>\n<h2>Baliza ainda ser\u00e1 ensinada<\/h2>\n<p>O Detran-SP afirma que, apesar de n\u00e3o ser mais eliminat\u00f3ria, a baliza deve continuar sendo ensinada. O \u00f3rg\u00e3o recomenda que autoescolas e instrutores mantenham o treinamento, garantindo que os novos motoristas tenham preparo t\u00e9cnico para o cotidiano do tr\u00e2nsito.<\/p>\n<\/p>\n<p>The post <a rel=\"nofollow\" href=\"https:\/\/tvtnews.com.br\/fim-baliza-quatro-estados-tiram-manobra-prova-cnh\/\">Fim da baliza: quatro estados tiram a manobra da prova da CNH<\/a> appeared first on <a rel=\"nofollow\" href=\"https:\/\/tvtnews.com.br\/\">TVT News<\/a>.<\/p>\n<!-- Begin Yuzo --><div class='yuzo_related_post style-1'  data-version='5.12.89'><!-- without result --><div class='yuzo_clearfixed yuzo__title yuzo__title'><h3>Related Post<\/h3><\/div>\n\t\t\t\t\t\t  <div class=\"relatedthumb \" style=\"width:125px;float:left;overflow:hidden;\">  \n\t\t\t\t\t\t\t  \n\t\t\t\t\t\t\t  <a  href=\"https:\/\/redept.com.br\/blogosfera\/plantio-em-homenagem-ao-pepe-mujica-hasta-siempre\/\"  >\n\t\t\t\t\t\t\t\t\t  <div class=\"yuzo-img-wrap \" style=\"width: 125px;height:90px;\">\n\t\t\t\t\t\t\t\t\t\t\n\t\t\t\t\t\t\t\t\t\t<div class=\"yuzo-img\" style=\"background:url('https:\/\/redept.com.br\/blogosfera\/wp-content\/uploads\/2025\/05\/2002667236-150x150.jpg') 50% 50% no-repeat;width: 125px;height:90px;margin-bottom: 5px;background-size: cover; \"><\/div>\n\t\t\t\t\t\t\t\t\t  <\/div>\n\t\t\t\t\t\t\t\t\t  \n\t\t\t\t\t\t\t\t   <span class=\"yuzo__text--title\" style=\"font-size:13px;\">Plantio em homenagem ao Pepe Mujica, Hasta Siempre...<\/span>\n\t\t\t\t\t\t\t  \n\t\t\t\t\t\t\t  \n\t\t\t\t\t\t\t  <\/a>\n\n\t\t\t\t\t\t  <\/div>\n\t\t\t\t\t\t  <div class=\"relatedthumb \" style=\"width:125px;float:left;overflow:hidden;\">  \n\t\t\t\t\t\t\t  \n\t\t\t\t\t\t\t  <a  href=\"https:\/\/redept.com.br\/blogosfera\/marcio-jerry-denuncia-despejo-e-cobra-recuo-da-suzano-no-maranhao\/\"  >\n\t\t\t\t\t\t\t\t\t  <div class=\"yuzo-img-wrap \" style=\"width: 125px;height:90px;\">\n\t\t\t\t\t\t\t\t\t\t\n\t\t\t\t\t\t\t\t\t\t<div class=\"yuzo-img\" style=\"background:url('https:\/\/redept.com.br\/blogosfera\/wp-content\/uploads\/2025\/06\/Marcio-Jerry-alerta-para-risco-de-tragedia-em-despejo-no-Maranhao-150x150.jpeg') 50% 50% no-repeat;width: 125px;height:90px;margin-bottom: 5px;background-size: cover; \"><\/div>\n\t\t\t\t\t\t\t\t\t  <\/div>\n\t\t\t\t\t\t\t\t\t  \n\t\t\t\t\t\t\t\t   <span class=\"yuzo__text--title\" style=\"font-size:13px;\">M\u00e1rcio Jerry denuncia despejo e cobra recuo da Suz...<\/span>\n\t\t\t\t\t\t\t  \n\t\t\t\t\t\t\t  \n\t\t\t\t\t\t\t  <\/a>\n\n\t\t\t\t\t\t  <\/div>\n\t\t\t\t\t\t  <div class=\"relatedthumb \" style=\"width:125px;float:left;overflow:hidden;\">  \n\t\t\t\t\t\t\t  \n\t\t\t\t\t\t\t  <a  href=\"https:\/\/redept.com.br\/blogosfera\/como-funciona-a-campanha-de-testagem-do-hiv-pelo-aplicativo-de-encontros-grindr\/\"  >\n\t\t\t\t\t\t\t\t\t  <div class=\"yuzo-img-wrap \" style=\"width: 125px;height:90px;\">\n\t\t\t\t\t\t\t\t\t\t\n\t\t\t\t\t\t\t\t\t\t<div class=\"yuzo-img\" style=\"background:url('https:\/\/redept.org\/blogosfera\/wp-content\/plugins\/yuzo-related-post\/assets\/images\/default.png') 50% 50% no-repeat;width: 125px;height:90px;margin-bottom: 5px;background-size: cover; \"><\/div>\n\t\t\t\t\t\t\t\t\t  <\/div>\n\t\t\t\t\t\t\t\t\t  \n\t\t\t\t\t\t\t\t   <span class=\"yuzo__text--title\" style=\"font-size:13px;\">Como funciona a campanha de testagem do HIV\u00a0pelo a...<\/span>\n\t\t\t\t\t\t\t  \n\t\t\t\t\t\t\t  \n\t\t\t\t\t\t\t  <\/a>\n\n\t\t\t\t\t\t  <\/div>\n\t\t\t\t\t\t  <div class=\"relatedthumb \" style=\"width:125px;float:left;overflow:hidden;\">  \n\t\t\t\t\t\t\t  \n\t\t\t\t\t\t\t  <a  href=\"https:\/\/redept.com.br\/blogosfera\/o-amor-rasteiro-das-maquinas-inteligentes\/\"  >\n\t\t\t\t\t\t\t\t\t  <div class=\"yuzo-img-wrap \" style=\"width: 125px;height:90px;\">\n\t\t\t\t\t\t\t\t\t\t\n\t\t\t\t\t\t\t\t\t\t<div class=\"yuzo-img\" style=\"background:url('https:\/\/redept.com.br\/blogosfera\/wp-content\/uploads\/2025\/04\/Sem-titulo-8-150x150.jpeg') 50% 50% no-repeat;width: 125px;height:90px;margin-bottom: 5px;background-size: cover; \"><\/div>\n\t\t\t\t\t\t\t\t\t  <\/div>\n\t\t\t\t\t\t\t\t\t  \n\t\t\t\t\t\t\t\t   <span class=\"yuzo__text--title\" style=\"font-size:13px;\">O amor rasteiro das m\u00e1quinas \u201cinteligentes\u201d<\/span>\n\t\t\t\t\t\t\t  \n\t\t\t\t\t\t\t  \n\t\t\t\t\t\t\t  <\/a>\n\n\t\t\t\t\t\t  <\/div>\n<\/div> <script>\n\t\t\t\t\t\t  jQuery(document).ready(function( $ ){\n\t\t\t\t\t\t\t\/\/jQuery('.yuzo_related_post').equalizer({ overflow : 'relatedthumb' });\n\t\t\t\t\t\t\tjQuery('.yuzo_related_post .yuzo_wraps').equalizer({ columns : '> div' });\n\t\t\t\t\t\t   })\n\t\t\t\t\t\t  <\/script> <!-- End Yuzo :) -->","protected":false},"excerpt":{"rendered":"<p>A prova de baliza, uma das etapas mais temidas por candidatos \u00e0 Carteira Nacional de Habilita\u00e7\u00e3o (CNH), come\u00e7ou a ser oficialmente retirada do exame pr\u00e1tico em parte do pa\u00eds. No momento, quatro estados deixaram de exigir a manobra de estacionamento entre cones para a obten\u00e7\u00e3o da habilita\u00e7\u00e3o. As novas regras tamb\u00e9m ampliam o uso de [&hellip;]<\/p>\n","protected":false},"author":2,"featured_media":0,"comment_status":"open","ping_status":"closed","sticky":false,"template":"","format":"standard","meta":{"fifu_image_url":"","fifu_image_alt":"","footnotes":""},"categories":[473,94,2921],"tags":[],"class_list":["post-71999","post","type-post","status-publish","format-standard","hentry","category-destaque-medio","category-geral","category-transportes"],"_links":{"self":[{"href":"https:\/\/redept.com.br\/blogosfera\/wp-json\/wp\/v2\/posts\/71999","targetHints":{"allow":["GET"]}}],"collection":[{"href":"https:\/\/redept.com.br\/blogosfera\/wp-json\/wp\/v2\/posts"}],"about":[{"href":"https:\/\/redept.com.br\/blogosfera\/wp-json\/wp\/v2\/types\/post"}],"author":[{"embeddable":true,"href":"https:\/\/redept.com.br\/blogosfera\/wp-json\/wp\/v2\/users\/2"}],"replies":[{"embeddable":true,"href":"https:\/\/redept.com.br\/blogosfera\/wp-json\/wp\/v2\/comments?post=71999"}],"version-history":[{"count":0,"href":"https:\/\/redept.com.br\/blogosfera\/wp-json\/wp\/v2\/posts\/71999\/revisions"}],"wp:attachment":[{"href":"https:\/\/redept.com.br\/blogosfera\/wp-json\/wp\/v2\/media?parent=71999"}],"wp:term":[{"taxonomy":"category","embeddable":true,"href":"https:\/\/redept.com.br\/blogosfera\/wp-json\/wp\/v2\/categories?post=71999"},{"taxonomy":"post_tag","embeddable":true,"href":"https:\/\/redept.com.br\/blogosfera\/wp-json\/wp\/v2\/tags?post=71999"}],"curies":[{"name":"wp","href":"https:\/\/api.w.org\/{rel}","templated":true}]}}