{"id":72246,"date":"2026-01-28T13:40:50","date_gmt":"2026-01-28T16:40:50","guid":{"rendered":"https:\/\/redept.com.br\/blogosfera\/cuba-realiza-atos-massivos-em-meio-a-ameacas-dos-eua\/"},"modified":"2026-01-28T13:40:50","modified_gmt":"2026-01-28T16:40:50","slug":"cuba-realiza-atos-massivos-em-meio-a-ameacas-dos-eua","status":"publish","type":"post","link":"https:\/\/redept.com.br\/blogosfera\/cuba-realiza-atos-massivos-em-meio-a-ameacas-dos-eua\/","title":{"rendered":"Cuba realiza atos massivos em meio a amea\u00e7as dos EUA"},"content":{"rendered":"<p>Dezenas de milhares de pessoas marcharam nesta ter\u00e7a-feira (27\/01) no centro de Havana, em uma nova edi\u00e7\u00e3o da tradicional Marcha das Tochas, que comemora o natal\u00edcio do libertador do pa\u00eds, Jos\u00e9 Mart\u00ed \u2013 que completaria 173 anos nesta quarta-feira (28\/01).<\/p>\n<p>O evento foi replicado em v\u00e1rias cidades do pa\u00eds. A maior marcha, em Havana, foi encabe\u00e7ada pelo pr\u00f3prio presidente cubano, Miguel D\u00edaz-Canel, e teve como elemento adicional o in\u00edcio das celebra\u00e7\u00f5es pelo centen\u00e1rio do l\u00edder hist\u00f3rico da Revolu\u00e7\u00e3o Cubana, Fidel Castro.<\/p>\n<p>Al\u00e9m da recorda\u00e7\u00e3o a Mart\u00ed e Fidel, a marcha foi marcada pelo clima de tens\u00e3o vivido no pa\u00eds por conta das amea\u00e7as feitas pelos Estados Unidos e a lembran\u00e7a da recente invas\u00e3o de militares norte-americanos a Caracas, que resultou no sequestro do presidente venezuelano Nicol\u00e1s Maduro e sua esposa Cilia Flores \u2013 na ocasi\u00e3o, foram mortos 32 militares cubanos que serviam como guarda-costas do mandat\u00e1rio.<\/p>\n<p>O governo cubano divulgou o evento acrescento o lema \u201cmarcha centen\u00e1ria anti imperialista\u201d, reunindo todos os temas envolvidos na celebra\u00e7\u00e3o.<\/p>\n<h3>Discurso<\/h3>\n<p>Em seu discurso, D\u00edaz-Canel destacou que a Marcha teve como ponto de partida a escadaria da Universidade de Havana, \u201conde Fidel se tornou revolucion\u00e1rio\u201d.<\/p>\n<p>\u201cComo acontece h\u00e1 73 anos, nos acendemos tochas na v\u00e9spera do anivers\u00e1rio Jos\u00e9 Mart\u00ed, o ap\u00f3stolo da independ\u00eancia e pa\u00eds do esp\u00edrito anti imperialista cubano.\u201d, afirmou o mandat\u00e1rio.<\/p>\n<blockquote data-media-max-width=\"560\">\n<p dir=\"ltr\" lang=\"es\">\ud83c\udde8\ud83c\uddfa| El Presidente @DiazCanelB encabeza la hist\u00f3rica Marcha de las Antorchas, que re\u00fane en la escalinata de la Universidad de La Habana a miles de j\u00f3venes cubanos, en homenaje al Ap\u00f3stol Jos\u00e9 Mart\u00ed y al Comandante en Jefe, Fidel Castro Ruz.#AntorchaAntimperialista pic.twitter.com\/DDWcFViq4M<\/p>\n<p>\u2014 Presidencia Cuba \ud83c\udde8\ud83c\uddfa (@PresidenciaCuba) January 28, 2026<\/p>\n<\/blockquote>\n<h3>Amea\u00e7as<\/h3>\n<p>Nos \u00faltimos dias, o governo dos Estados Unidos tem feito amea\u00e7as sobre uma poss\u00edvel interven\u00e7\u00e3o militar no territ\u00f3rio cubano, similar ao ataque realizado dias atr\u00e1s contra a Venezuela.<\/p>\n<p>Ademais, Washington imp\u00f4s um bloqueio aos envios de petr\u00f3leo \u00e0 ilha, o que poderia intensificar a crise energ\u00e9tica que o pais j\u00e1 sofre h\u00e1 alguns meses.<\/p>\n<figure aria-describedby=\"caption-attachment-244757\"><img loading=\"lazy\" loading=\"lazy\" decoding=\"async\"src=\"https:\/\/redept.com.br\/blogosfera\/wp-content\/uploads\/2026\/01\/mdc.jpg\" alt=\"\" width=\"1024\" height=\"639\" srcset=\"https:\/\/redept.com.br\/blogosfera\/wp-content\/uploads\/2026\/01\/mdc.jpg 1024w, https:\/\/operamundi.uol.com.br\/wp-content\/uploads\/2026\/01\/mdc-300x187.jpg 300w, https:\/\/operamundi.uol.com.br\/wp-content\/uploads\/2026\/01\/mdc-768x479.jpg 768w, https:\/\/operamundi.uol.com.br\/wp-content\/uploads\/2026\/01\/mdc-150x94.jpg 150w, https:\/\/operamundi.uol.com.br\/wp-content\/uploads\/2026\/01\/mdc-750x468.jpg 750w\" sizes=\"auto, (max-width: 1024px) 100vw, 1024px\"><figcaption>Presidente Miguel D\u00edaz-Canel encabe\u00e7ou celebra\u00e7\u00e3o da Marcha das Tochas em Havana <br \/>Presid\u00eancia de Cuba<\/figcaption><\/figure>\n<p>Com informa\u00e7\u00f5es de <em>TeleSur<\/em>.<\/p>\n<p>O post Cuba realiza atos massivos em meio a amea\u00e7as dos EUA apareceu primeiro em Opera Mundi.<\/p>\n<!-- Begin Yuzo --><div class='yuzo_related_post style-1'  data-version='5.12.89'><!-- without result --><div class='yuzo_clearfixed yuzo__title yuzo__title'><h3>Related Post<\/h3><\/div>\n\t\t\t\t\t\t  <div class=\"relatedthumb \" style=\"width:125px;float:left;overflow:hidden;\">  \n\t\t\t\t\t\t\t  \n\t\t\t\t\t\t\t  <a  href=\"https:\/\/redept.com.br\/blogosfera\/lula-recebe-lideres-africanos-para-reunioes-bilaterais-pre-cop30\/\"  >\n\t\t\t\t\t\t\t\t\t  <div class=\"yuzo-img-wrap \" style=\"width: 125px;height:90px;\">\n\t\t\t\t\t\t\t\t\t\t\n\t\t\t\t\t\t\t\t\t\t<div class=\"yuzo-img\" style=\"background:url('https:\/\/redept.org\/blogosfera\/wp-content\/plugins\/yuzo-related-post\/assets\/images\/default.png') 50% 50% no-repeat;width: 125px;height:90px;margin-bottom: 5px;background-size: cover; \"><\/div>\n\t\t\t\t\t\t\t\t\t  <\/div>\n\t\t\t\t\t\t\t\t\t  \n\t\t\t\t\t\t\t\t   <span class=\"yuzo__text--title\" style=\"font-size:13px;\">Lula recebe l\u00edderes africanos para reuni\u00f5es bilate...<\/span>\n\t\t\t\t\t\t\t  \n\t\t\t\t\t\t\t  \n\t\t\t\t\t\t\t  <\/a>\n\n\t\t\t\t\t\t  <\/div>\n\t\t\t\t\t\t  <div class=\"relatedthumb \" style=\"width:125px;float:left;overflow:hidden;\">  \n\t\t\t\t\t\t\t  \n\t\t\t\t\t\t\t  <a  href=\"https:\/\/redept.com.br\/blogosfera\/milton-santos-um-pensador-do-sul-global\/\"  >\n\t\t\t\t\t\t\t\t\t  <div class=\"yuzo-img-wrap \" style=\"width: 125px;height:90px;\">\n\t\t\t\t\t\t\t\t\t\t\n\t\t\t\t\t\t\t\t\t\t<div class=\"yuzo-img\" style=\"background:url('https:\/\/redept.com.br\/blogosfera\/wp-content\/uploads\/2025\/06\/image_processing20200201-29235-r2sqzt-150x150.webp') 50% 50% no-repeat;width: 125px;height:90px;margin-bottom: 5px;background-size: cover; \"><\/div>\n\t\t\t\t\t\t\t\t\t  <\/div>\n\t\t\t\t\t\t\t\t\t  \n\t\t\t\t\t\t\t\t   <span class=\"yuzo__text--title\" style=\"font-size:13px;\">Milton Santos: um pensador do Sul Global<\/span>\n\t\t\t\t\t\t\t  \n\t\t\t\t\t\t\t  \n\t\t\t\t\t\t\t  <\/a>\n\n\t\t\t\t\t\t  <\/div>\n\t\t\t\t\t\t  <div class=\"relatedthumb \" style=\"width:125px;float:left;overflow:hidden;\">  \n\t\t\t\t\t\t\t  \n\t\t\t\t\t\t\t  <a  href=\"https:\/\/redept.com.br\/blogosfera\/familiares-recebem-certidoes-de-obito-corrigidas-de-102-mortos-pela-ditadura\/\"  >\n\t\t\t\t\t\t\t\t\t  <div class=\"yuzo-img-wrap \" style=\"width: 125px;height:90px;\">\n\t\t\t\t\t\t\t\t\t\t\n\t\t\t\t\t\t\t\t\t\t<div class=\"yuzo-img\" style=\"background:url('https:\/\/redept.com.br\/blogosfera\/wp-content\/uploads\/2025\/10\/Captura-de-Tela-2025-10-08-as-192448-150x150.png') 50% 50% no-repeat;width: 125px;height:90px;margin-bottom: 5px;background-size: cover; \"><\/div>\n\t\t\t\t\t\t\t\t\t  <\/div>\n\t\t\t\t\t\t\t\t\t  \n\t\t\t\t\t\t\t\t   <span class=\"yuzo__text--title\" style=\"font-size:13px;\">Familiares recebem certid\u00f5es de \u00f3bito corrigidas d...<\/span>\n\t\t\t\t\t\t\t  \n\t\t\t\t\t\t\t  \n\t\t\t\t\t\t\t  <\/a>\n\n\t\t\t\t\t\t  <\/div>\n\t\t\t\t\t\t  <div class=\"relatedthumb \" style=\"width:125px;float:left;overflow:hidden;\">  \n\t\t\t\t\t\t\t  \n\t\t\t\t\t\t\t  <a  href=\"https:\/\/redept.com.br\/blogosfera\/alexandre-de-moraes-libera-prisao-domiciliar-a-bolsonarista-preso-no-8-1\/\"  >\n\t\t\t\t\t\t\t\t\t  <div class=\"yuzo-img-wrap \" style=\"width: 125px;height:90px;\">\n\t\t\t\t\t\t\t\t\t\t\n\t\t\t\t\t\t\t\t\t\t<div class=\"yuzo-img\" style=\"background:url('https:\/\/redept.com.br\/blogosfera\/wp-content\/uploads\/2025\/04\/WhatsApp-Image-2025-04-12-at-100826-150x150.jpeg') 50% 50% no-repeat;width: 125px;height:90px;margin-bottom: 5px;background-size: cover; \"><\/div>\n\t\t\t\t\t\t\t\t\t  <\/div>\n\t\t\t\t\t\t\t\t\t  \n\t\t\t\t\t\t\t\t   <span class=\"yuzo__text--title\" style=\"font-size:13px;\">Alexandre de Moraes libera pris\u00e3o domiciliar a bol...<\/span>\n\t\t\t\t\t\t\t  \n\t\t\t\t\t\t\t  \n\t\t\t\t\t\t\t  <\/a>\n\n\t\t\t\t\t\t  <\/div>\n<\/div> <script>\n\t\t\t\t\t\t  jQuery(document).ready(function( $ ){\n\t\t\t\t\t\t\t\/\/jQuery('.yuzo_related_post').equalizer({ overflow : 'relatedthumb' });\n\t\t\t\t\t\t\tjQuery('.yuzo_related_post .yuzo_wraps').equalizer({ columns : '> div' });\n\t\t\t\t\t\t   })\n\t\t\t\t\t\t  <\/script> <!-- End Yuzo :) -->","protected":false},"excerpt":{"rendered":"<p>Dezenas de milhares de pessoas marcharam nesta ter\u00e7a-feira (27\/01) no centro de Havana, em uma nova edi\u00e7\u00e3o da tradicional Marcha das Tochas, que comemora o natal\u00edcio do libertador do pa\u00eds, Jos\u00e9 Mart\u00ed \u2013 que completaria 173 anos nesta quarta-feira (28\/01). O evento foi replicado em v\u00e1rias cidades do pa\u00eds. A maior marcha, em Havana, foi [\u2026]<\/p>\n<p>O post <a href=\"https:\/\/operamundi.uol.com.br\/america-latina\/cuba-realiza-atos-massivos-em-meio-a-ameacas-dos-eua\/\">Cuba realiza atos massivos em meio a amea\u00e7as dos EUA<\/a> apareceu primeiro em <a href=\"https:\/\/operamundi.uol.com.br\/\">Opera Mundi<\/a>.<\/p>\n","protected":false},"author":2,"featured_media":72247,"comment_status":"closed","ping_status":"closed","sticky":false,"template":"","format":"standard","meta":{"fifu_image_url":"","fifu_image_alt":"","footnotes":""},"categories":[347,6906,10157,1185,9,33539,1115,34471,5521,34472,1876,1049],"tags":[],"class_list":["post-72246","post","type-post","status-publish","format-standard","has-post-thumbnail","hentry","category-america-latina","category-anti-imperialismo","category-cilia-flores","category-cuba","category-eua","category-fidel","category-imperialismo","category-jose-marti","category-maduro","category-marcha-das-tochas","category-miguel-diaz-canel","category-venezuela"],"_links":{"self":[{"href":"https:\/\/redept.com.br\/blogosfera\/wp-json\/wp\/v2\/posts\/72246","targetHints":{"allow":["GET"]}}],"collection":[{"href":"https:\/\/redept.com.br\/blogosfera\/wp-json\/wp\/v2\/posts"}],"about":[{"href":"https:\/\/redept.com.br\/blogosfera\/wp-json\/wp\/v2\/types\/post"}],"author":[{"embeddable":true,"href":"https:\/\/redept.com.br\/blogosfera\/wp-json\/wp\/v2\/users\/2"}],"replies":[{"embeddable":true,"href":"https:\/\/redept.com.br\/blogosfera\/wp-json\/wp\/v2\/comments?post=72246"}],"version-history":[{"count":0,"href":"https:\/\/redept.com.br\/blogosfera\/wp-json\/wp\/v2\/posts\/72246\/revisions"}],"wp:featuredmedia":[{"embeddable":true,"href":"https:\/\/redept.com.br\/blogosfera\/wp-json\/wp\/v2\/media\/72247"}],"wp:attachment":[{"href":"https:\/\/redept.com.br\/blogosfera\/wp-json\/wp\/v2\/media?parent=72246"}],"wp:term":[{"taxonomy":"category","embeddable":true,"href":"https:\/\/redept.com.br\/blogosfera\/wp-json\/wp\/v2\/categories?post=72246"},{"taxonomy":"post_tag","embeddable":true,"href":"https:\/\/redept.com.br\/blogosfera\/wp-json\/wp\/v2\/tags?post=72246"}],"curies":[{"name":"wp","href":"https:\/\/api.w.org\/{rel}","templated":true}]}}