{"id":72277,"date":"2026-01-29T09:41:18","date_gmt":"2026-01-29T12:41:18","guid":{"rendered":"https:\/\/redept.com.br\/blogosfera\/gleisi-nao-e-possivel-que-as-pessoas-tenham-um-dia-so-por-semana-para-descansar-escala-6x1-o-fim-esta-proximo\/"},"modified":"2026-01-29T09:41:18","modified_gmt":"2026-01-29T12:41:18","slug":"gleisi-nao-e-possivel-que-as-pessoas-tenham-um-dia-so-por-semana-para-descansar-escala-6x1-o-fim-esta-proximo","status":"publish","type":"post","link":"https:\/\/redept.com.br\/blogosfera\/gleisi-nao-e-possivel-que-as-pessoas-tenham-um-dia-so-por-semana-para-descansar-escala-6x1-o-fim-esta-proximo\/","title":{"rendered":"Gleisi: \u201cN\u00e3o \u00e9 poss\u00edvel que as pessoas tenham um dia s\u00f3 por semana para descansar\u201d \u2013 escala 6\u00d71: o fim est\u00e1 pr\u00f3ximo?"},"content":{"rendered":"<p>Propostas legislativas ganham for\u00e7a no Congresso, prometendo mais qualidade de vida e equil\u00edbrio para milh\u00f5es de brasileiros em meio a debates sobre produtividade e custos econ\u00f4micos<\/p>\n<p>O post Gleisi: \u201cN\u00e3o \u00e9 poss\u00edvel que as pessoas tenham um dia s\u00f3 por semana para descansar\u201d \u2013 escala 6\u00d71: o fim est\u00e1 pr\u00f3ximo? apareceu primeiro em .<\/p>\n<!-- Begin Yuzo --><div class='yuzo_related_post style-1'  data-version='5.12.89'><!-- without result --><div class='yuzo_clearfixed yuzo__title yuzo__title'><h3>Related Post<\/h3><\/div>\n\t\t\t\t\t\t  <div class=\"relatedthumb \" style=\"width:125px;float:left;overflow:hidden;\">  \n\t\t\t\t\t\t\t  \n\t\t\t\t\t\t\t  <a  href=\"https:\/\/redept.com.br\/blogosfera\/rio-lanca-portal-que-usa-o-samba-como-ferramenta-pedagogica\/\"  >\n\t\t\t\t\t\t\t\t\t  <div class=\"yuzo-img-wrap \" style=\"width: 125px;height:90px;\">\n\t\t\t\t\t\t\t\t\t\t\n\t\t\t\t\t\t\t\t\t\t<div class=\"yuzo-img\" style=\"background:url('https:\/\/redept.org\/blogosfera\/wp-content\/plugins\/yuzo-related-post\/assets\/images\/default.png') 50% 50% no-repeat;width: 125px;height:90px;margin-bottom: 5px;background-size: cover; \"><\/div>\n\t\t\t\t\t\t\t\t\t  <\/div>\n\t\t\t\t\t\t\t\t\t  \n\t\t\t\t\t\t\t\t   <span class=\"yuzo__text--title\" style=\"font-size:13px;\">Rio lan\u00e7a portal que usa o samba como ferramenta p...<\/span>\n\t\t\t\t\t\t\t  \n\t\t\t\t\t\t\t  \n\t\t\t\t\t\t\t  <\/a>\n\n\t\t\t\t\t\t  <\/div>\n\t\t\t\t\t\t  <div class=\"relatedthumb \" style=\"width:125px;float:left;overflow:hidden;\">  \n\t\t\t\t\t\t\t  \n\t\t\t\t\t\t\t  <a  href=\"https:\/\/redept.com.br\/blogosfera\/wikifavelas-a-comunicacao-faz-bem-para-a-saude\/\"  >\n\t\t\t\t\t\t\t\t\t  <div class=\"yuzo-img-wrap \" style=\"width: 125px;height:90px;\">\n\t\t\t\t\t\t\t\t\t\t\n\t\t\t\t\t\t\t\t\t\t<div class=\"yuzo-img\" style=\"background:url('https:\/\/redept.com.br\/blogosfera\/wp-content\/uploads\/2025\/06\/5087231223167823484-150x150.jpg') 50% 50% no-repeat;width: 125px;height:90px;margin-bottom: 5px;background-size: cover; \"><\/div>\n\t\t\t\t\t\t\t\t\t  <\/div>\n\t\t\t\t\t\t\t\t\t  \n\t\t\t\t\t\t\t\t   <span class=\"yuzo__text--title\" style=\"font-size:13px;\">WikiFavelas: A comunica\u00e7\u00e3o faz bem para a sa\u00fade<\/span>\n\t\t\t\t\t\t\t  \n\t\t\t\t\t\t\t  \n\t\t\t\t\t\t\t  <\/a>\n\n\t\t\t\t\t\t  <\/div>\n\t\t\t\t\t\t  <div class=\"relatedthumb \" style=\"width:125px;float:left;overflow:hidden;\">  \n\t\t\t\t\t\t\t  \n\t\t\t\t\t\t\t  <a  href=\"https:\/\/redept.com.br\/blogosfera\/fim-da-escala-6x1-o-que-muda-e-quem-se-beneficia-se-proposta-for-aprovada-no-congresso-2\/\"  >\n\t\t\t\t\t\t\t\t\t  <div class=\"yuzo-img-wrap \" style=\"width: 125px;height:90px;\">\n\t\t\t\t\t\t\t\t\t\t\n\t\t\t\t\t\t\t\t\t\t<div class=\"yuzo-img\" style=\"background:url('https:\/\/redept.org\/blogosfera\/wp-content\/plugins\/yuzo-related-post\/assets\/images\/default.png') 50% 50% no-repeat;width: 125px;height:90px;margin-bottom: 5px;background-size: cover; \"><\/div>\n\t\t\t\t\t\t\t\t\t  <\/div>\n\t\t\t\t\t\t\t\t\t  \n\t\t\t\t\t\t\t\t   <span class=\"yuzo__text--title\" style=\"font-size:13px;\">Fim da escala 6\u00d71: o que muda e quem se beneficia ...<\/span>\n\t\t\t\t\t\t\t  \n\t\t\t\t\t\t\t  \n\t\t\t\t\t\t\t  <\/a>\n\n\t\t\t\t\t\t  <\/div>\n\t\t\t\t\t\t  <div class=\"relatedthumb \" style=\"width:125px;float:left;overflow:hidden;\">  \n\t\t\t\t\t\t\t  \n\t\t\t\t\t\t\t  <a  href=\"https:\/\/redept.com.br\/blogosfera\/novo-codigo-eleitoral-sociedade-cobra-atencao-ao-que-sera-votado-no-congresso\/\"  >\n\t\t\t\t\t\t\t\t\t  <div class=\"yuzo-img-wrap \" style=\"width: 125px;height:90px;\">\n\t\t\t\t\t\t\t\t\t\t\n\t\t\t\t\t\t\t\t\t\t<div class=\"yuzo-img\" style=\"background:url('https:\/\/redept.com.br\/blogosfera\/wp-content\/uploads\/2025\/05\/transfobia-6-150x150.webp') 50% 50% no-repeat;width: 125px;height:90px;margin-bottom: 5px;background-size: cover; \"><\/div>\n\t\t\t\t\t\t\t\t\t  <\/div>\n\t\t\t\t\t\t\t\t\t  \n\t\t\t\t\t\t\t\t   <span class=\"yuzo__text--title\" style=\"font-size:13px;\">Novo C\u00f3digo Eleitoral: sociedade cobra aten\u00e7\u00e3o ao ...<\/span>\n\t\t\t\t\t\t\t  \n\t\t\t\t\t\t\t  \n\t\t\t\t\t\t\t  <\/a>\n\n\t\t\t\t\t\t  <\/div>\n<\/div> <script>\n\t\t\t\t\t\t  jQuery(document).ready(function( $ ){\n\t\t\t\t\t\t\t\/\/jQuery('.yuzo_related_post').equalizer({ overflow : 'relatedthumb' });\n\t\t\t\t\t\t\tjQuery('.yuzo_related_post .yuzo_wraps').equalizer({ columns : '> div' });\n\t\t\t\t\t\t   })\n\t\t\t\t\t\t  <\/script> <!-- End Yuzo :) -->","protected":false},"excerpt":{"rendered":"<p>Propostas legislativas ganham for\u00e7a no Congresso, prometendo mais qualidade de vida e equil\u00edbrio para milh\u00f5es de brasileiros em meio a debates sobre produtividade e custos econ\u00f4micos<\/p>\n<p>O post <a rel=\"nofollow\" href=\"https:\/\/urbsmagna.com\/fim-escala-6x1-governo-lula-prioridade-congresso-2026\/\">Gleisi: \u201cN\u00e3o \u00e9 poss\u00edvel que as pessoas tenham um dia s\u00f3 por semana para descansar\u201d \u2013 escala 6\u00d71: o fim est\u00e1 pr\u00f3ximo?<\/a> apareceu primeiro em <a rel=\"nofollow\" href=\"https:\/\/urbsmagna.com\/\"><\/a>.<\/p>\n","protected":false},"author":2,"featured_media":0,"comment_status":"open","ping_status":"closed","sticky":false,"template":"","format":"standard","meta":{"fifu_image_url":"","fifu_image_alt":"","footnotes":""},"categories":[307,221,34498,34499,34500,34501,34502,34503,1745,34504,191,34505,132,5471,34506,34507],"tags":[],"class_list":["post-72277","post","type-post","status-publish","format-standard","hentry","category-direitos-humanos","category-economia","category-erika-hilton-pec","category-fim-escala-6x1","category-gleisi-hoffmann-declaracoes","category-governo-lula-reformas-trabalhistas","category-impactos-escala-6x1","category-jornada-de-trabalho-brasil","category-ministerio-do-trabalho-e-emprego","category-movimento-vat","category-noticias","category-pec-148-2025","category-politica","category-politica-nacional","category-qualidade-de-vida-trabalhadores","category-reducao-jornada-36-horas"],"_links":{"self":[{"href":"https:\/\/redept.com.br\/blogosfera\/wp-json\/wp\/v2\/posts\/72277","targetHints":{"allow":["GET"]}}],"collection":[{"href":"https:\/\/redept.com.br\/blogosfera\/wp-json\/wp\/v2\/posts"}],"about":[{"href":"https:\/\/redept.com.br\/blogosfera\/wp-json\/wp\/v2\/types\/post"}],"author":[{"embeddable":true,"href":"https:\/\/redept.com.br\/blogosfera\/wp-json\/wp\/v2\/users\/2"}],"replies":[{"embeddable":true,"href":"https:\/\/redept.com.br\/blogosfera\/wp-json\/wp\/v2\/comments?post=72277"}],"version-history":[{"count":0,"href":"https:\/\/redept.com.br\/blogosfera\/wp-json\/wp\/v2\/posts\/72277\/revisions"}],"wp:attachment":[{"href":"https:\/\/redept.com.br\/blogosfera\/wp-json\/wp\/v2\/media?parent=72277"}],"wp:term":[{"taxonomy":"category","embeddable":true,"href":"https:\/\/redept.com.br\/blogosfera\/wp-json\/wp\/v2\/categories?post=72277"},{"taxonomy":"post_tag","embeddable":true,"href":"https:\/\/redept.com.br\/blogosfera\/wp-json\/wp\/v2\/tags?post=72277"}],"curies":[{"name":"wp","href":"https:\/\/api.w.org\/{rel}","templated":true}]}}