{"id":7235,"date":"2024-12-04T17:13:51","date_gmt":"2024-12-04T20:13:51","guid":{"rendered":"https:\/\/redept.org\/blogosfera\/jader-filho-destaca-avancos-no-minha-casa-minha-vida-e-explica-o-periferia-viva\/"},"modified":"2024-12-04T17:13:51","modified_gmt":"2024-12-04T20:13:51","slug":"jader-filho-destaca-avancos-no-minha-casa-minha-vida-e-explica-o-periferia-viva","status":"publish","type":"post","link":"https:\/\/redept.com.br\/blogosfera\/jader-filho-destaca-avancos-no-minha-casa-minha-vida-e-explica-o-periferia-viva\/","title":{"rendered":"Jader Filho destaca avan\u00e7os no Minha Casa, Minha Vida e explica o Periferia Viva"},"content":{"rendered":"<p><img loading=\"lazy\" width=\"768\" height=\"444\"src=\"https:\/\/redept.org\/blogosfera\/wp-content\/uploads\/2024\/12\/a4c0de7d-7363-42fd-b4ca-0e8d6b8392ab.jpeg\" alt=\"\" decoding=\"async\" loading=\"lazy\" srcset=\"https:\/\/redept.org\/blogosfera\/wp-content\/uploads\/2024\/12\/a4c0de7d-7363-42fd-b4ca-0e8d6b8392ab.jpeg 768w, https:\/\/vermelho.org.br\/wp-content\/uploads\/2024\/12\/a4c0de7d-7363-42fd-b4ca-0e8d6b8392ab-300x173.jpeg 300w\" sizes=\"auto, (max-width: 768px) 100vw, 768px\"><\/p>\n<p>O ministro das Cidades, Jader Filho, participou nesta quarta-feira (4) do programa \u201cBom Dia, Ministro\u201d, da EBC. Na oportunidade, fez quest\u00e3o de afastar qualquer especula\u00e7\u00e3o sobre falta de dinheiro para a manuten\u00e7\u00e3o do programa Minha Casa, Minha Vida e destacou avan\u00e7os com o programa Periferia Viva.<\/p>\n<p>De acordo com Jader, os recentes an\u00fancios de cortes de gastos feitos pelo Minist\u00e9rio da Fazenda demonstram a responsabilidade do governo federal com o controle dos gastos. No que diz respeito ao maior programa de habita\u00e7\u00e3o popular, sublinhou que os recursos est\u00e3o garantidos: \u201cA gente tem que ter responsabilidade com a quest\u00e3o dos gastos federais sem trazer nenhum tipo de inseguran\u00e7a para o programa Minha Casa, Minha Vida, que est\u00e1, obviamente, com recursos garantidos para que a gente possa continuar avan\u00e7ando e ir realizando mais sonhos da casa pr\u00f3pria.\u201d<\/p>\n<p>Nesse sentido, o programa est\u00e1 com a meta para alcan\u00e7ar 2 milh\u00f5es de unidades habitacionais entregues at\u00e9 2026 avan\u00e7ada: \u201cN\u00f3s j\u00e1 alcan\u00e7amos 1,17 milh\u00e3o novas unidades habitacionais contratadas. Iremos continuar avan\u00e7ando, sem trazer qualquer tipo de incerteza para o programa\u201d, destacou Jader.<\/p>\n<p><strong>Leia mais: <\/strong><a href=\"https:\/\/vermelho.org.br\/2024\/11\/28\/lula-anuncia-maior-pacote-de-politicas-para-periferias-com-seus-65-milhoes-de-brasileiros\/\">Lula anuncia maior pacote de pol\u00edticas para periferias com seus 6,5 milh\u00f5es de brasileiros<\/a><\/p>\n<p>Segundo o ministro, o Minha Casa, Minha Vida cresceu 30% no n\u00famero de fam\u00edlias de baixa renda beneficiadas.<\/p>\n<p>Outro destaque \u00e9 o rec\u00e9m-lan\u00e7ado Periferia Viva. O programa \u00e9 voltado \u00e0 urbaniza\u00e7\u00e3o de favelas e re\u00fane mais de 30 pol\u00edticas voltadas para infraestrutura urbana, equipamentos sociais, fortalecimento comunit\u00e1rio e inova\u00e7\u00e3o, tecnologia e oportunidades. O <a href=\"https:\/\/vermelho.org.br\/2024\/11\/28\/lula-anuncia-maior-pacote-de-politicas-para-periferias-com-seus-65-milhoes-de-brasileiros\/\">pacote de investimento conta com mais de R$ 7 bilh\u00f5es<\/a> que ser\u00e3o aportados em 59 territ\u00f3rios em 48 munic\u00edpios j\u00e1 selecionados.<\/p>\n<p>\u201c\u00c9 imposs\u00edvel voc\u00ea pensar em uma obra de drenagem, de pavimenta\u00e7\u00e3o ou do Minha Casa, Minha Vida, sem considerar que, antes, naquela comunidade, voc\u00ea precisa construir uma escola ou um posto de sa\u00fade\u201d, explicou Jader, no Bom Dia, Ministro.<\/p>\n<p>Veja como foi a entrevista completa:<\/p>\n<figure>\n<div>\n<\/div>\n<\/figure>\n<p>O post <a href=\"https:\/\/vermelho.org.br\/2024\/12\/04\/jader-filho-destaca-avancos-no-minha-casa-minha-vida-e-explica-o-periferia-viva\/\">Jader Filho destaca avan\u00e7os no Minha Casa, Minha Vida e explica o Periferia Viva<\/a> apareceu primeiro em <a href=\"https:\/\/vermelho.org.br\/\">Vermelho<\/a>.<\/p>\n<!-- Begin Yuzo --><div class='yuzo_related_post style-1'  data-version='5.12.89'><!-- without result --><div class='yuzo_clearfixed yuzo__title yuzo__title'><h3>Related Post<\/h3><\/div>\n\t\t\t\t\t\t  <div class=\"relatedthumb \" style=\"width:125px;float:left;overflow:hidden;\">  \n\t\t\t\t\t\t\t  \n\t\t\t\t\t\t\t  <a  href=\"https:\/\/redept.com.br\/blogosfera\/a-corporacao-de-vigilancia-total-mira-tambem-o-brasil\/\"  >\n\t\t\t\t\t\t\t\t\t  <div class=\"yuzo-img-wrap \" style=\"width: 125px;height:90px;\">\n\t\t\t\t\t\t\t\t\t\t\n\t\t\t\t\t\t\t\t\t\t<div class=\"yuzo-img\" style=\"background:url('https:\/\/redept.com.br\/blogosfera\/wp-content\/uploads\/2025\/08\/4972475598303768096-150x150.jpg') 50% 50% no-repeat;width: 125px;height:90px;margin-bottom: 5px;background-size: cover; \"><\/div>\n\t\t\t\t\t\t\t\t\t  <\/div>\n\t\t\t\t\t\t\t\t\t  \n\t\t\t\t\t\t\t\t   <span class=\"yuzo__text--title\" style=\"font-size:13px;\">A corpora\u00e7\u00e3o de vigil\u00e2ncia total mira tamb\u00e9m o Bra...<\/span>\n\t\t\t\t\t\t\t  \n\t\t\t\t\t\t\t  \n\t\t\t\t\t\t\t  <\/a>\n\n\t\t\t\t\t\t  <\/div>\n\t\t\t\t\t\t  <div class=\"relatedthumb \" style=\"width:125px;float:left;overflow:hidden;\">  \n\t\t\t\t\t\t\t  \n\t\t\t\t\t\t\t  <a  href=\"https:\/\/redept.com.br\/blogosfera\/ira-pede-indenizacao-aos-eua-por-ataques-e-descongelamento-de-ativos\/\"  >\n\t\t\t\t\t\t\t\t\t  <div class=\"yuzo-img-wrap \" style=\"width: 125px;height:90px;\">\n\t\t\t\t\t\t\t\t\t\t\n\t\t\t\t\t\t\t\t\t\t<div class=\"yuzo-img\" style=\"background:url('https:\/\/redept.org\/blogosfera\/wp-content\/plugins\/yuzo-related-post\/assets\/images\/default.png') 50% 50% no-repeat;width: 125px;height:90px;margin-bottom: 5px;background-size: cover; \"><\/div>\n\t\t\t\t\t\t\t\t\t  <\/div>\n\t\t\t\t\t\t\t\t\t  \n\t\t\t\t\t\t\t\t   <span class=\"yuzo__text--title\" style=\"font-size:13px;\">Ir\u00e3 pede indeniza\u00e7\u00e3o aos EUA por ataques e descong...<\/span>\n\t\t\t\t\t\t\t  \n\t\t\t\t\t\t\t  \n\t\t\t\t\t\t\t  <\/a>\n\n\t\t\t\t\t\t  <\/div>\n\t\t\t\t\t\t  <div class=\"relatedthumb \" style=\"width:125px;float:left;overflow:hidden;\">  \n\t\t\t\t\t\t\t  \n\t\t\t\t\t\t\t  <a  href=\"https:\/\/redept.com.br\/blogosfera\/governo-lula-desemprego-recua-para-56-e-tem-menor-taxa-da-historia\/\"  >\n\t\t\t\t\t\t\t\t\t  <div class=\"yuzo-img-wrap \" style=\"width: 125px;height:90px;\">\n\t\t\t\t\t\t\t\t\t\t\n\t\t\t\t\t\t\t\t\t\t<div class=\"yuzo-img\" style=\"background:url('https:\/\/redept.org\/blogosfera\/wp-content\/plugins\/yuzo-related-post\/assets\/images\/default.png') 50% 50% no-repeat;width: 125px;height:90px;margin-bottom: 5px;background-size: cover; \"><\/div>\n\t\t\t\t\t\t\t\t\t  <\/div>\n\t\t\t\t\t\t\t\t\t  \n\t\t\t\t\t\t\t\t   <span class=\"yuzo__text--title\" style=\"font-size:13px;\">Governo Lula: desemprego recua para 5,6% e tem men...<\/span>\n\t\t\t\t\t\t\t  \n\t\t\t\t\t\t\t  \n\t\t\t\t\t\t\t  <\/a>\n\n\t\t\t\t\t\t  <\/div>\n\t\t\t\t\t\t  <div class=\"relatedthumb \" style=\"width:125px;float:left;overflow:hidden;\">  \n\t\t\t\t\t\t\t  \n\t\t\t\t\t\t\t  <a  href=\"https:\/\/redept.com.br\/blogosfera\/israel-ataca-lideres-do-hamas-no-catar-e-coloca-negociacoes-de-paz-em-risco\/\"  >\n\t\t\t\t\t\t\t\t\t  <div class=\"yuzo-img-wrap \" style=\"width: 125px;height:90px;\">\n\t\t\t\t\t\t\t\t\t\t\n\t\t\t\t\t\t\t\t\t\t<div class=\"yuzo-img\" style=\"background:url('https:\/\/redept.org\/blogosfera\/wp-content\/plugins\/yuzo-related-post\/assets\/images\/default.png') 50% 50% no-repeat;width: 125px;height:90px;margin-bottom: 5px;background-size: cover; \"><\/div>\n\t\t\t\t\t\t\t\t\t  <\/div>\n\t\t\t\t\t\t\t\t\t  \n\t\t\t\t\t\t\t\t   <span class=\"yuzo__text--title\" style=\"font-size:13px;\">Israel ataca l\u00edderes do Hamas no Catar e coloca ne...<\/span>\n\t\t\t\t\t\t\t  \n\t\t\t\t\t\t\t  \n\t\t\t\t\t\t\t  <\/a>\n\n\t\t\t\t\t\t  <\/div>\n<\/div> <script>\n\t\t\t\t\t\t  jQuery(document).ready(function( $ ){\n\t\t\t\t\t\t\t\/\/jQuery('.yuzo_related_post').equalizer({ overflow : 'relatedthumb' });\n\t\t\t\t\t\t\tjQuery('.yuzo_related_post .yuzo_wraps').equalizer({ columns : '> div' });\n\t\t\t\t\t\t   })\n\t\t\t\t\t\t  <\/script> <!-- End Yuzo :) -->","protected":false},"excerpt":{"rendered":"<p>O ministro das Cidades, Jader Filho, participou nesta quarta-feira (4) do programa \u201cBom Dia, Ministro\u201d, da EBC. Na oportunidade, fez quest\u00e3o de afastar qualquer especula\u00e7\u00e3o sobre falta de dinheiro para a manuten\u00e7\u00e3o do programa Minha Casa, Minha Vida e destacou avan\u00e7os com o programa Periferia Viva. De acordo com Jader, os recentes an\u00fancios de cortes [&hellip;]<\/p>\n","protected":false},"author":2,"featured_media":7236,"comment_status":"closed","ping_status":"closed","sticky":false,"template":"","format":"standard","meta":{"fifu_image_url":"","fifu_image_alt":"","footnotes":""},"categories":[2512,1536,485,2383,132,2387],"tags":[],"class_list":["post-7235","post","type-post","status-publish","format-standard","has-post-thumbnail","hentry","category-jader-filho","category-minha-casa-minha-vida","category-ministerio-das-cidades","category-periferia-viva","category-politica","category-urbanizacao"],"_links":{"self":[{"href":"https:\/\/redept.com.br\/blogosfera\/wp-json\/wp\/v2\/posts\/7235","targetHints":{"allow":["GET"]}}],"collection":[{"href":"https:\/\/redept.com.br\/blogosfera\/wp-json\/wp\/v2\/posts"}],"about":[{"href":"https:\/\/redept.com.br\/blogosfera\/wp-json\/wp\/v2\/types\/post"}],"author":[{"embeddable":true,"href":"https:\/\/redept.com.br\/blogosfera\/wp-json\/wp\/v2\/users\/2"}],"replies":[{"embeddable":true,"href":"https:\/\/redept.com.br\/blogosfera\/wp-json\/wp\/v2\/comments?post=7235"}],"version-history":[{"count":0,"href":"https:\/\/redept.com.br\/blogosfera\/wp-json\/wp\/v2\/posts\/7235\/revisions"}],"wp:featuredmedia":[{"embeddable":true,"href":"https:\/\/redept.com.br\/blogosfera\/wp-json\/wp\/v2\/media\/7236"}],"wp:attachment":[{"href":"https:\/\/redept.com.br\/blogosfera\/wp-json\/wp\/v2\/media?parent=7235"}],"wp:term":[{"taxonomy":"category","embeddable":true,"href":"https:\/\/redept.com.br\/blogosfera\/wp-json\/wp\/v2\/categories?post=7235"},{"taxonomy":"post_tag","embeddable":true,"href":"https:\/\/redept.com.br\/blogosfera\/wp-json\/wp\/v2\/tags?post=7235"}],"curies":[{"name":"wp","href":"https:\/\/api.w.org\/{rel}","templated":true}]}}