{"id":72396,"date":"2026-01-29T18:45:49","date_gmt":"2026-01-29T21:45:49","guid":{"rendered":"https:\/\/redept.com.br\/blogosfera\/governo-lula-pauta-projetos-estrategicos-na-camara-na-volta-do-recesso\/"},"modified":"2026-01-29T18:45:49","modified_gmt":"2026-01-29T21:45:49","slug":"governo-lula-pauta-projetos-estrategicos-na-camara-na-volta-do-recesso","status":"publish","type":"post","link":"https:\/\/redept.com.br\/blogosfera\/governo-lula-pauta-projetos-estrategicos-na-camara-na-volta-do-recesso\/","title":{"rendered":"Governo Lula pauta projetos estrat\u00e9gicos na C\u00e2mara na volta do recesso"},"content":{"rendered":"<p><img fetchpriority=\"high\" width=\"846\" height=\"466\"src=\"https:\/\/redept.com.br\/blogosfera\/wp-content\/uploads\/2026\/01\/Plenario-Camara.jpg\" alt=\"\" decoding=\"async\" srcset=\"https:\/\/redept.com.br\/blogosfera\/wp-content\/uploads\/2026\/01\/Plenario-Camara.jpg 846w, https:\/\/vermelho.org.br\/wp-content\/uploads\/2025\/07\/Plenario-Camara-300x166.jpg 300w, https:\/\/vermelho.org.br\/wp-content\/uploads\/2025\/07\/Plenario-Camara-768x423.jpg 768w, https:\/\/vermelho.org.br\/wp-content\/uploads\/2025\/07\/Plenario-Camara-700x387.jpg 700w, https:\/\/vermelho.org.br\/wp-content\/uploads\/2025\/07\/Plenario-Camara-219x121.jpg 219w\" sizes=\"(max-width: 846px) 100vw, 846px\"><\/p>\n<p>Na volta do recesso parlamentar, marcada para a pr\u00f3xima segunda-feira (2), a C\u00e2mara dos Deputados vai priorizar vota\u00e7\u00f5es de mat\u00e9rias de interesse do governo. Entre elas, est\u00e3o duas medidas provis\u00f3rias: a que cria o programa G\u00e1s do Povo e a que concede cr\u00e9dito extraordin\u00e1rio para o setor rural.<\/p>\n<p>Al\u00e9m disso, o presidente da C\u00e2mara, Hugo Motta (Republicanos-PB), anunciou que a Proposta de Emenda \u00e0 Constitui\u00e7\u00e3o (PEC) da Seguran\u00e7a P\u00fablica poder\u00e1 ser votada ap\u00f3s o carnaval. Motta tamb\u00e9m garantiu celeridade na vota\u00e7\u00e3o do acordo Uni\u00e3o Europeia-Mercosul.<\/p>\n<p>O l\u00edder do governo na C\u00e2mara, Jos\u00e9 Guimar\u00e3es (PT-CE), diz que todas as mat\u00e9rias s\u00e3o de extrema import\u00e2ncia como a MP do G\u00e1s do Povo que vai beneficiar 15 milh\u00f5es de fam\u00edlias que receber\u00e3o gratuitamente o botij\u00e3o de g\u00e1s de 13 kg.<\/p>\n<p>Leia tamb\u00e9m: <a href=\"https:\/\/vermelho.org.br\/2026\/01\/25\/gas-do-povo-chega-a-todas-as-capitais-e-redefine-combate-a-pobreza-energetica\/\">G\u00e1s do Povo chega a todas as capitais e redefine combate \u00e0 pobreza energ\u00e9tica<\/a><\/p>\n<p>\u201cEssa medida ser\u00e1 votada na noite de segunda feira, assim como a MP do cr\u00e9dito extraordin\u00e1rio para o setor rural\u201d, prev\u00ea o l\u00edder.<\/p>\n<p>Guimar\u00e3es afirma que a lideran\u00e7a vai trabalhar para a composi\u00e7\u00e3o das comiss\u00f5es tem\u00e1tica e, at\u00e9 o Carnaval, discutir a PEC da Seguran\u00e7a. \u201cO relator da mat\u00e9ria est\u00e1 dialogando com todos os l\u00edderes, e n\u00f3s vamos votar a PEC no pr\u00f3ximo dia 23 de fevereiro\u201d, disse.<\/p>\n<p>Segundo ele, o governo consolida vota\u00e7\u00f5es estrat\u00e9gicas sobre mat\u00e9rias que j\u00e1 est\u00e3o em debates.<\/p>\n<p>Ele citou como exemplo o projeto de lei que prop\u00f5e o fim da escala 6\u00d71, ou seja, seis dias de trabalho e apenas um de folga. O governo defende, no m\u00e1ximo, uma escala 5\u00d72, ou seja, 40 horas semanais sem desconto nos sal\u00e1rios.<\/p>\n<p>Outra demanda ser\u00e1 a proposta da tarifa zero nos transportes p\u00fablicos para a qual o governo j\u00e1 solicitou ao Minist\u00e9rio da Fazendo um estudo de viabilidade. \u201cO Brasil precisa enfrentar esse debate. Hoje, a tarifa zero est\u00e1 sendo discutida no Congresso, e \u00e9 uma vontade do presidente Lula\u201d, lembra.<\/p>\n<p>\u201cA PEC da Seguran\u00e7a, que \u00e9 uma necessidade do Brasil, sempre dialogando com o relator para que n\u00e3o se desconstitua a ideia principal enviada pelo governo, preservando sua originalidade. O fim da escala 6\u00d71, que ser\u00e1 debatido. E a tarifa zero, tema que passa a ocupar o centro dos debates aqui na C\u00e2mara dos Deputados\u201d, elenca.<\/p>\n<p>O post <a href=\"https:\/\/vermelho.org.br\/2026\/01\/29\/governo-lula-pauta-projetos-estrategicos-na-camara-na-volta-do-recesso\/\">Governo Lula pauta projetos estrat\u00e9gicos na C\u00e2mara na volta do recesso<\/a> apareceu primeiro em <a href=\"https:\/\/vermelho.org.br\/\">Vermelho<\/a>.<\/p>\n<!-- Begin Yuzo --><div class='yuzo_related_post style-1'  data-version='5.12.89'><!-- without result --><div class='yuzo_clearfixed yuzo__title yuzo__title'><h3>Related Post<\/h3><\/div>\n\t\t\t\t\t\t  <div class=\"relatedthumb \" style=\"width:125px;float:left;overflow:hidden;\">  \n\t\t\t\t\t\t\t  \n\t\t\t\t\t\t\t  <a  href=\"https:\/\/redept.com.br\/blogosfera\/clima-saude-e-multilateralismo-veja-o-que-diz-a-declaracao-final-do-forum-parlamentar-do-brics\/\"  >\n\t\t\t\t\t\t\t\t\t  <div class=\"yuzo-img-wrap \" style=\"width: 125px;height:90px;\">\n\t\t\t\t\t\t\t\t\t\t\n\t\t\t\t\t\t\t\t\t\t<div class=\"yuzo-img\" style=\"background:url('https:\/\/redept.org\/blogosfera\/wp-content\/plugins\/yuzo-related-post\/assets\/images\/default.png') 50% 50% no-repeat;width: 125px;height:90px;margin-bottom: 5px;background-size: cover; \"><\/div>\n\t\t\t\t\t\t\t\t\t  <\/div>\n\t\t\t\t\t\t\t\t\t  \n\t\t\t\t\t\t\t\t   <span class=\"yuzo__text--title\" style=\"font-size:13px;\">Clima, sa\u00fade e multilateralismo: veja o que diz a ...<\/span>\n\t\t\t\t\t\t\t  \n\t\t\t\t\t\t\t  \n\t\t\t\t\t\t\t  <\/a>\n\n\t\t\t\t\t\t  <\/div>\n\t\t\t\t\t\t  <div class=\"relatedthumb \" style=\"width:125px;float:left;overflow:hidden;\">  \n\t\t\t\t\t\t\t  \n\t\t\t\t\t\t\t  <a  href=\"https:\/\/redept.com.br\/blogosfera\/senador-rogerio-comenta-plano-de-trabalho-da-cpmi-do-inss-e-destaca-atuacao-celere-e-responsavel-do-presidente-lula\/\"  >\n\t\t\t\t\t\t\t\t\t  <div class=\"yuzo-img-wrap \" style=\"width: 125px;height:90px;\">\n\t\t\t\t\t\t\t\t\t\t\n\t\t\t\t\t\t\t\t\t\t<div class=\"yuzo-img\" style=\"background:url('https:\/\/redept.org\/blogosfera\/wp-content\/plugins\/yuzo-related-post\/assets\/images\/default.png') 50% 50% no-repeat;width: 125px;height:90px;margin-bottom: 5px;background-size: cover; \"><\/div>\n\t\t\t\t\t\t\t\t\t  <\/div>\n\t\t\t\t\t\t\t\t\t  \n\t\t\t\t\t\t\t\t   <span class=\"yuzo__text--title\" style=\"font-size:13px;\">Senador Rog\u00e9rio comenta plano de trabalho da CPMI ...<\/span>\n\t\t\t\t\t\t\t  \n\t\t\t\t\t\t\t  \n\t\t\t\t\t\t\t  <\/a>\n\n\t\t\t\t\t\t  <\/div>\n\t\t\t\t\t\t  <div class=\"relatedthumb \" style=\"width:125px;float:left;overflow:hidden;\">  \n\t\t\t\t\t\t\t  \n\t\t\t\t\t\t\t  <a  href=\"https:\/\/redept.com.br\/blogosfera\/senado-rejeita-juizes-indicados-por-milei-e-escancara-crise-no-governo\/\"  >\n\t\t\t\t\t\t\t\t\t  <div class=\"yuzo-img-wrap \" style=\"width: 125px;height:90px;\">\n\t\t\t\t\t\t\t\t\t\t\n\t\t\t\t\t\t\t\t\t\t<div class=\"yuzo-img\" style=\"background:url('https:\/\/redept.com.br\/blogosfera\/wp-content\/uploads\/2025\/04\/174372289767ef199112111_1743722897_3x2_md-150x150.jpg') 50% 50% no-repeat;width: 125px;height:90px;margin-bottom: 5px;background-size: cover; \"><\/div>\n\t\t\t\t\t\t\t\t\t  <\/div>\n\t\t\t\t\t\t\t\t\t  \n\t\t\t\t\t\t\t\t   <span class=\"yuzo__text--title\" style=\"font-size:13px;\">Senado rejeita ju\u00edzes indicados por Milei e escanc...<\/span>\n\t\t\t\t\t\t\t  \n\t\t\t\t\t\t\t  \n\t\t\t\t\t\t\t  <\/a>\n\n\t\t\t\t\t\t  <\/div>\n\t\t\t\t\t\t  <div class=\"relatedthumb \" style=\"width:125px;float:left;overflow:hidden;\">  \n\t\t\t\t\t\t\t  \n\t\t\t\t\t\t\t  <a  href=\"https:\/\/redept.com.br\/blogosfera\/a-era-do-obscurantismo-e-o-complexo-de-vira-lata\/\"  >\n\t\t\t\t\t\t\t\t\t  <div class=\"yuzo-img-wrap \" style=\"width: 125px;height:90px;\">\n\t\t\t\t\t\t\t\t\t\t\n\t\t\t\t\t\t\t\t\t\t<div class=\"yuzo-img\" style=\"background:url('https:\/\/redept.com.br\/blogosfera\/wp-content\/uploads\/2026\/08\/Prancheta--25-150x150.png') 50% 50% no-repeat;width: 125px;height:90px;margin-bottom: 5px;background-size: cover; \"><\/div>\n\t\t\t\t\t\t\t\t\t  <\/div>\n\t\t\t\t\t\t\t\t\t  \n\t\t\t\t\t\t\t\t   <span class=\"yuzo__text--title\" style=\"font-size:13px;\">A Era do Obscurantismo e o complexo de vira-lata<\/span>\n\t\t\t\t\t\t\t  \n\t\t\t\t\t\t\t  \n\t\t\t\t\t\t\t  <\/a>\n\n\t\t\t\t\t\t  <\/div>\n<\/div> <script>\n\t\t\t\t\t\t  jQuery(document).ready(function( $ ){\n\t\t\t\t\t\t\t\/\/jQuery('.yuzo_related_post').equalizer({ overflow : 'relatedthumb' });\n\t\t\t\t\t\t\tjQuery('.yuzo_related_post .yuzo_wraps').equalizer({ columns : '> div' });\n\t\t\t\t\t\t   })\n\t\t\t\t\t\t  <\/script> <!-- End Yuzo :) -->","protected":false},"excerpt":{"rendered":"<p>Na volta do recesso parlamentar, marcada para a pr\u00f3xima segunda-feira (2), a C\u00e2mara dos Deputados vai priorizar vota\u00e7\u00f5es de mat\u00e9rias de interesse do governo. Entre elas, est\u00e3o duas medidas provis\u00f3rias: a que cria o programa G\u00e1s do Povo e a que concede cr\u00e9dito extraordin\u00e1rio para o setor rural. Al\u00e9m disso, o presidente da C\u00e2mara, Hugo [&hellip;]<\/p>\n","protected":false},"author":2,"featured_media":0,"comment_status":"open","ping_status":"closed","sticky":false,"template":"","format":"standard","meta":{"fifu_image_url":"","fifu_image_alt":"","footnotes":""},"categories":[298,17,3826,132,2759],"tags":[],"class_list":["post-72396","post","type-post","status-publish","format-standard","hentry","category-camara-dos-deputados","category-governo-lula","category-pauta","category-politica","category-recesso"],"_links":{"self":[{"href":"https:\/\/redept.com.br\/blogosfera\/wp-json\/wp\/v2\/posts\/72396","targetHints":{"allow":["GET"]}}],"collection":[{"href":"https:\/\/redept.com.br\/blogosfera\/wp-json\/wp\/v2\/posts"}],"about":[{"href":"https:\/\/redept.com.br\/blogosfera\/wp-json\/wp\/v2\/types\/post"}],"author":[{"embeddable":true,"href":"https:\/\/redept.com.br\/blogosfera\/wp-json\/wp\/v2\/users\/2"}],"replies":[{"embeddable":true,"href":"https:\/\/redept.com.br\/blogosfera\/wp-json\/wp\/v2\/comments?post=72396"}],"version-history":[{"count":0,"href":"https:\/\/redept.com.br\/blogosfera\/wp-json\/wp\/v2\/posts\/72396\/revisions"}],"wp:attachment":[{"href":"https:\/\/redept.com.br\/blogosfera\/wp-json\/wp\/v2\/media?parent=72396"}],"wp:term":[{"taxonomy":"category","embeddable":true,"href":"https:\/\/redept.com.br\/blogosfera\/wp-json\/wp\/v2\/categories?post=72396"},{"taxonomy":"post_tag","embeddable":true,"href":"https:\/\/redept.com.br\/blogosfera\/wp-json\/wp\/v2\/tags?post=72396"}],"curies":[{"name":"wp","href":"https:\/\/api.w.org\/{rel}","templated":true}]}}