{"id":72431,"date":"2026-01-29T18:06:11","date_gmt":"2026-01-29T21:06:11","guid":{"rendered":"https:\/\/redept.com.br\/blogosfera\/ato-pela-libertacao-de-maduro-reune-manifestantes-em-13-cidades-do-brasil\/"},"modified":"2026-01-29T18:06:11","modified_gmt":"2026-01-29T21:06:11","slug":"ato-pela-libertacao-de-maduro-reune-manifestantes-em-13-cidades-do-brasil","status":"publish","type":"post","link":"https:\/\/redept.com.br\/blogosfera\/ato-pela-libertacao-de-maduro-reune-manifestantes-em-13-cidades-do-brasil\/","title":{"rendered":"Ato pela liberta\u00e7\u00e3o de Maduro re\u00fane manifestantes em 13 cidades do Brasil"},"content":{"rendered":"<p>Centenas de manifestantes em S\u00e3o Paulo participaram nesta quarta-feira (28\/01) de um dia continental de mobiliza\u00e7\u00e3o pela soberania da Venezuela e pela liberta\u00e7\u00e3o do presidente Nicol\u00e1s Maduro e de sua companheira, a deputada venezuelana Cilia Flores.<\/p>\n<p>O ato, realizado tamb\u00e9m em outras 13 cidades brasileiras e v\u00e1rias cidades da Am\u00e9rica Latina, aconteceu no centro da capital, em frente ao Theatro Municipal, e reuniu cerca de 300 manifestantes, segundo afirmaram os organizadores \u2013 a Prefeitura paulistana exigiu que essa fosse a quantidade m\u00e1xima de pessoas, para que n\u00e3o houvesse obstru\u00e7\u00e3o das ruas. O p\u00fablico participante formou um mosaico heterog\u00eaneo de faixas et\u00e1rias (com presen\u00e7a marcante de jovens), composi\u00e7\u00f5es \u00e9tnicas e de identidade sexual.<\/p>\n<p>Convocado por mais de 30 organiza\u00e7\u00f5es de esquerda, entre partidos, sindicatos, entidades estudantis e movimentos sociais, o ato contou com a performance improvisada de um manifestante com m\u00e1scara de Donald Trump e vestido dos p\u00e9s \u00e0 cartola com as cores dos Estados Unidos, que se postou portando um fuzil de pl\u00e1stico diante de um barril pintado com as cores da bandeira venezuelana, simbolizando a cobi\u00e7a estadunidense pelo petr\u00f3leo venezuelano.<\/p>\n<p>O imperialismo e Donald Trump foram os alvos centrais da manifesta\u00e7\u00e3o, entre gritos de ordem como \u201cfora, Trump\u201d, \u201cfuck you, Trump\u201d, \u201cTrump, tire as garras da Venezuela\u201d e \u201ctire as patas da Am\u00e9rica Latina\u201d. Tamb\u00e9m predominaram protestos contra o Servi\u00e7o de Imigra\u00e7\u00e3o e Alf\u00e2ndega dos Estados Unidos (ICE, por sua sigla em ingl\u00eas), tratado repetidas vezes como a pol\u00edtica fascista de Trump.<\/p>\n<h3>Fortalecer defesa da Venezuela<\/h3>\n<p>Destacaram-se na manifesta\u00e7\u00e3o bandeiras da Venezuela e, principalmente, do Partido Comunista do Brasil (PCdoB), mas v\u00e1rias outras agremia\u00e7\u00f5es se fizeram presentes agremia\u00e7\u00f5es como Partido Socialismo e Liberdade (PSOL), Partido Comunista Brasileiro (PCB), Partido Comunista Brasileiro Revolucion\u00e1rio (PCBR), Partido da Causa Oper\u00e1ria (PCO) e Unidade Popular (UP).<\/p>\n<p>O Partido dos Trabalhadores (PT) n\u00e3o enviou bandeiras, mas foi representado pelo ex-deputado e ex-presidente do partido Jos\u00e9 Genoino, que fez um discurso, no qual alertou para a necessidade de fortalecer a defesa da Venezuela nas ruas brasileiras.<\/p>\n<p>\u201cPara essa luta ser vitoriosa, temos que ocupar a rua, como estamos fazendo aqui. Essa batalha pol\u00edtica \u00e9 para fazer uma luta latino-americana exigindo que o imperialismo tire as patas da Venezuela. \u00c9 uma luta dura, uma caminhada longa que temos que colocar nas ruas\u201d. Insistindo na import\u00e2ncia da unidade da esquerda para resistir e pressionar o imperialismo, Genoino foi aplaudido ao refor\u00e7ar o alerta: \u201cEssa luta envolve governos, mas se n\u00e3o envolver as ruas ela ser\u00e1 uma luta fraca\u201d, afirmou o ex-ministro da Defesa e ex-presidente do PT.<\/p>\n<figure aria-describedby=\"caption-attachment-244949\"><img loading=\"lazy\" loading=\"lazy\" decoding=\"async\"src=\"https:\/\/redept.com.br\/blogosfera\/wp-content\/uploads\/2026\/01\/pas-1.jpg\" alt=\"\" width=\"1024\" height=\"768\" srcset=\"https:\/\/redept.com.br\/blogosfera\/wp-content\/uploads\/2026\/01\/pas-1.jpg 1024w, https:\/\/operamundi.uol.com.br\/wp-content\/uploads\/2026\/01\/pas-1-300x225.jpg 300w, https:\/\/operamundi.uol.com.br\/wp-content\/uploads\/2026\/01\/pas-1-768x576.jpg 768w, https:\/\/operamundi.uol.com.br\/wp-content\/uploads\/2026\/01\/pas-1-150x113.jpg 150w, https:\/\/operamundi.uol.com.br\/wp-content\/uploads\/2026\/01\/pas-1-750x563.jpg 750w\" sizes=\"auto, (max-width: 1024px) 100vw, 1024px\"><figcaption>Cerca de 300 pessoas protestaram pela liberta\u00e7\u00e3o de Maduro de Cilia Flores em S\u00e3o Paulo <br \/>Pedro Alexandre Sanches \/ Opera Mundi<\/figcaption><\/figure>\n<h3>Temor pelo Brasil<\/h3>\n<p>Assim como v\u00e1rios oradores, o presidente nacional da UP, L\u00e9o P\u00e9ricles, manifestou temor de que a agress\u00e3o de Trump \u00e0 Venezuela se espalhe para outros pa\u00edses latino-americanos, inclusive o Brasil. \u201cEssa a\u00e7\u00e3o dos Estados Unidos mostrou mais uma vez que estamos numa \u00e9poca em que os conflitos n\u00e3o ser\u00e3o mais resolvidos pelo di\u00e1logo, em que a exposi\u00e7\u00e3o das pol\u00edticas do imperialismo ser\u00e1 feita de forma violenta, como fizeram com a Venezuela. Estamos falando tamb\u00e9m de um dos pa\u00edses mais ricos do mundo, que \u00e9 o Brasil. Reafirmar soberania n\u00e3o \u00e9 uma palavra vazia\u201d, ressaltou.<\/p>\n<p>Falando pelo PCB, C\u00e1ssio Canhoto convocou maiores manifesta\u00e7\u00f5es para os pr\u00f3ximos dias: \u201cno dia 3 de fevereiro far\u00e1 um m\u00eas que Maduro e C\u00edlia foram barbaramente sequestrados, o que para n\u00f3s infelizmente n\u00e3o \u00e9 uma novidade. Ch\u00e1vez j\u00e1 havia sido sequestrado, e foi devolvido a partir da organiza\u00e7\u00e3o e da mobiliza\u00e7\u00e3o do povo venezuelano. Precisamos fundamentalmente lutar e construir enraizamento dessas lutas para fazer o mesmo com Maduro e Cilia: traz\u00ea-los novamente para territ\u00f3rio venezuelano e para o seio do povo venezuelano\u201d.<\/p>\n<p>A ativista Maria Fernanda Marcelino justificou a presen\u00e7a da Marcha Mundial das Mulheres no ato: \u201cpara n\u00f3s, mulheres, estar aqui na pra\u00e7a n\u00e3o \u00e9 defender s\u00f3 a Venezuela, mas a Am\u00e9rica Latina, o Caribe. Quando a guerra vem, \u00e9 contra o corpo das mulheres que ela se instaura\u201d.<\/p>\n<p>Ela colocou lado a lado a agress\u00e3o \u00e0 Venezuela e a guerra de Israel contra a Palestina. \u201cA guerra \u00e9 patriarcal. Ela entende o corpo das mulheres tamb\u00e9m como territ\u00f3rio de conquista, haja visto o que est\u00e1 acontecendo na Palestina, onde o principal alvo s\u00e3o as mulheres e as crian\u00e7as. Para n\u00f3s \u00e9 fundamental defender a paz, n\u00e3o uma paz silenciosa, omissa. Exigir a soltura de Nicol\u00e1s Maduro e C\u00edlia Flores \u00e9 fundamental para que a paz exista de verdade. Exigimos que Trump tire as patas da Venezuela, e tamb\u00e9m da Palestina\u201d, acrescentou.<\/p>\n<p>\u201cTemos cr\u00edticas ao governo Maduro, mas n\u00e3o vacilamos nem um segundo diante da agress\u00e3o imperialista que Trump est\u00e1 fazendo\u201d, afirmou Lorena Fernandes, da CST. Ressalvas ao governo Maduro, que apareceram em poucos discursos, geraram vaias dos manifestantes.<\/p>\n<figure aria-describedby=\"caption-attachment-244950\"><img loading=\"lazy\" loading=\"lazy\" decoding=\"async\"src=\"https:\/\/redept.com.br\/blogosfera\/wp-content\/uploads\/2026\/01\/pas-2.jpg\" alt=\"\" width=\"1024\" height=\"911\" srcset=\"https:\/\/redept.com.br\/blogosfera\/wp-content\/uploads\/2026\/01\/pas-2.jpg 1024w, https:\/\/operamundi.uol.com.br\/wp-content\/uploads\/2026\/01\/pas-2-300x267.jpg 300w, https:\/\/operamundi.uol.com.br\/wp-content\/uploads\/2026\/01\/pas-2-768x683.jpg 768w, https:\/\/operamundi.uol.com.br\/wp-content\/uploads\/2026\/01\/pas-2-150x133.jpg 150w, https:\/\/operamundi.uol.com.br\/wp-content\/uploads\/2026\/01\/pas-2-750x667.jpg 750w\" sizes=\"auto, (max-width: 1024px) 100vw, 1024px\"><figcaption>Manifestante em S\u00e3o Paulo se vestiu como Donald Trump amea\u00e7ando o Brasil e a Venezuela <br \/>Pedro Alexandre Sanches \/ Opera Mundi<\/figcaption><\/figure>\n<h3>Demais entidades<\/h3>\n<p>Marcaram presen\u00e7a ainda, com bandeiras e discursos, organiza\u00e7\u00f5es como Frente Brasil Popular (FBP), Central de Movimentos Populares (CMP), Confedera\u00e7\u00e3o Nacional das Associa\u00e7\u00f5es de Moradores (Conam), Unifica\u00e7\u00e3o das Lutas de Corti\u00e7o e Moradia (ULCM), Movimento de Luta nos Bairros, Vilas e Favelas (MLB), Frente Negra Revolucion\u00e1ria (FNR), Movimento dos Atingidos por Barragens (MAB), Central \u00danica dos Trabalhadores (CUT), Central dos Trabalhadores e Trabalhadoras do Brasil (CTB), Corrente Socialista dos Trabalhadores (CST), Movimento Revolucion\u00e1rio de Trabalhadores (MRT) e Federa\u00e7\u00e3o Sindical Mundial (WFTU, pos sua sigla em ingl\u00eas).<\/p>\n<p>O post Ato pela liberta\u00e7\u00e3o de Maduro re\u00fane manifestantes em 13 cidades do Brasil apareceu primeiro em Opera Mundi.<\/p>\n<!-- Begin Yuzo --><div class='yuzo_related_post style-1'  data-version='5.12.89'><!-- without result --><div class='yuzo_clearfixed yuzo__title yuzo__title'><h3>Related Post<\/h3><\/div>\n\t\t\t\t\t\t  <div class=\"relatedthumb \" style=\"width:125px;float:left;overflow:hidden;\">  \n\t\t\t\t\t\t\t  \n\t\t\t\t\t\t\t  <a  href=\"https:\/\/redept.com.br\/blogosfera\/camara-aprova-projeto-que-garante-a-licenca-menstrual-de-ate-dois-dias\/\"  >\n\t\t\t\t\t\t\t\t\t  <div class=\"yuzo-img-wrap \" style=\"width: 125px;height:90px;\">\n\t\t\t\t\t\t\t\t\t\t\n\t\t\t\t\t\t\t\t\t\t<div class=\"yuzo-img\" style=\"background:url('https:\/\/redept.com.br\/blogosfera\/wp-content\/uploads\/2025\/10\/mulheresvale_esta-150x150.webp') 50% 50% no-repeat;width: 125px;height:90px;margin-bottom: 5px;background-size: cover; \"><\/div>\n\t\t\t\t\t\t\t\t\t  <\/div>\n\t\t\t\t\t\t\t\t\t  \n\t\t\t\t\t\t\t\t   <span class=\"yuzo__text--title\" style=\"font-size:13px;\">C\u00e2mara aprova projeto que garante a licen\u00e7a menstr...<\/span>\n\t\t\t\t\t\t\t  \n\t\t\t\t\t\t\t  \n\t\t\t\t\t\t\t  <\/a>\n\n\t\t\t\t\t\t  <\/div>\n\t\t\t\t\t\t  <div class=\"relatedthumb \" style=\"width:125px;float:left;overflow:hidden;\">  \n\t\t\t\t\t\t\t  \n\t\t\t\t\t\t\t  <a  href=\"https:\/\/redept.com.br\/blogosfera\/presidente-de-el-salvador-debocha-de-encontro-de-senador-dos-eua-com-homem-que-foi-deportado-e-preso-injustamente\/\"  >\n\t\t\t\t\t\t\t\t\t  <div class=\"yuzo-img-wrap \" style=\"width: 125px;height:90px;\">\n\t\t\t\t\t\t\t\t\t\t\n\t\t\t\t\t\t\t\t\t\t<div class=\"yuzo-img\" style=\"background:url('https:\/\/redept.org\/blogosfera\/wp-content\/plugins\/yuzo-related-post\/assets\/images\/default.png') 50% 50% no-repeat;width: 125px;height:90px;margin-bottom: 5px;background-size: cover; \"><\/div>\n\t\t\t\t\t\t\t\t\t  <\/div>\n\t\t\t\t\t\t\t\t\t  \n\t\t\t\t\t\t\t\t   <span class=\"yuzo__text--title\" style=\"font-size:13px;\">Presidente de El Salvador debocha de encontro de s...<\/span>\n\t\t\t\t\t\t\t  \n\t\t\t\t\t\t\t  \n\t\t\t\t\t\t\t  <\/a>\n\n\t\t\t\t\t\t  <\/div>\n\t\t\t\t\t\t  <div class=\"relatedthumb \" style=\"width:125px;float:left;overflow:hidden;\">  \n\t\t\t\t\t\t\t  \n\t\t\t\t\t\t\t  <a  href=\"https:\/\/redept.com.br\/blogosfera\/israel-bombardeia-ira-e-mata-comandante-da-guarda-revolucionaria\/\"  >\n\t\t\t\t\t\t\t\t\t  <div class=\"yuzo-img-wrap \" style=\"width: 125px;height:90px;\">\n\t\t\t\t\t\t\t\t\t\t\n\t\t\t\t\t\t\t\t\t\t<div class=\"yuzo-img\" style=\"background:url('https:\/\/redept.org\/blogosfera\/wp-content\/plugins\/yuzo-related-post\/assets\/images\/default.png') 50% 50% no-repeat;width: 125px;height:90px;margin-bottom: 5px;background-size: cover; \"><\/div>\n\t\t\t\t\t\t\t\t\t  <\/div>\n\t\t\t\t\t\t\t\t\t  \n\t\t\t\t\t\t\t\t   <span class=\"yuzo__text--title\" style=\"font-size:13px;\">Israel bombardeia Ir\u00e3 e mata comandante da Guarda ...<\/span>\n\t\t\t\t\t\t\t  \n\t\t\t\t\t\t\t  \n\t\t\t\t\t\t\t  <\/a>\n\n\t\t\t\t\t\t  <\/div>\n\t\t\t\t\t\t  <div class=\"relatedthumb \" style=\"width:125px;float:left;overflow:hidden;\">  \n\t\t\t\t\t\t\t  \n\t\t\t\t\t\t\t  <a  href=\"https:\/\/redept.com.br\/blogosfera\/gigantes-das-criptomoedas-movimentaram-bilhoes-ligados-a-fraudes-traficantes-e-hackers\/\"  >\n\t\t\t\t\t\t\t\t\t  <div class=\"yuzo-img-wrap \" style=\"width: 125px;height:90px;\">\n\t\t\t\t\t\t\t\t\t\t\n\t\t\t\t\t\t\t\t\t\t<div class=\"yuzo-img\" style=\"background:url('https:\/\/redept.org\/blogosfera\/wp-content\/plugins\/yuzo-related-post\/assets\/images\/default.png') 50% 50% no-repeat;width: 125px;height:90px;margin-bottom: 5px;background-size: cover; \"><\/div>\n\t\t\t\t\t\t\t\t\t  <\/div>\n\t\t\t\t\t\t\t\t\t  \n\t\t\t\t\t\t\t\t   <span class=\"yuzo__text--title\" style=\"font-size:13px;\">Gigantes das criptomoedas movimentaram bilh\u00f5es lig...<\/span>\n\t\t\t\t\t\t\t  \n\t\t\t\t\t\t\t  \n\t\t\t\t\t\t\t  <\/a>\n\n\t\t\t\t\t\t  <\/div>\n<\/div> <script>\n\t\t\t\t\t\t  jQuery(document).ready(function( $ ){\n\t\t\t\t\t\t\t\/\/jQuery('.yuzo_related_post').equalizer({ overflow : 'relatedthumb' });\n\t\t\t\t\t\t\tjQuery('.yuzo_related_post .yuzo_wraps').equalizer({ columns : '> div' });\n\t\t\t\t\t\t   })\n\t\t\t\t\t\t  <\/script> <!-- End Yuzo :) -->","protected":false},"excerpt":{"rendered":"<p>Centenas de manifestantes em S\u00e3o Paulo participaram nesta quarta-feira (28\/01) de um dia continental de mobiliza\u00e7\u00e3o pela soberania da Venezuela e pela liberta\u00e7\u00e3o do presidente Nicol\u00e1s Maduro e de sua companheira, a deputada venezuelana Cilia Flores. O ato, realizado tamb\u00e9m em outras 13 cidades brasileiras e v\u00e1rias cidades da Am\u00e9rica Latina, aconteceu no centro da [\u2026]<\/p>\n<p>O post <a href=\"https:\/\/operamundi.uol.com.br\/america-latina\/ato-pela-libertacao-de-maduro-reune-manifestantes-em-13-cidades-do-brasil\/\">Ato pela liberta\u00e7\u00e3o de Maduro re\u00fane manifestantes em 13 cidades do Brasil<\/a> apareceu primeiro em <a href=\"https:\/\/operamundi.uol.com.br\/\">Opera Mundi<\/a>.<\/p>\n","protected":false},"author":2,"featured_media":72432,"comment_status":"closed","ping_status":"closed","sticky":false,"template":"","format":"standard","meta":{"fifu_image_url":"","fifu_image_alt":"","footnotes":""},"categories":[347,32910,10157,21668,32786,30954,34602,282,1983,9,34603,5143,6530,9451,34604,1557,5521,405,33204,1664,34605,692,34606,6877,1059,34607,1453,34608,2546,1049,34609],"tags":[],"class_list":["post-72431","post","type-post","status-publish","format-standard","has-post-thumbnail","hentry","category-america-latina","category-chavez","category-cilia-flores","category-cmp","category-conam","category-conflito-eua-x-venezuela","category-cst","category-ctb","category-cut","category-eua","category-fbp","category-fnr","category-ice","category-jose-genoino","category-leo-pericles","category-mab","category-maduro","category-mlb","category-mrt","category-pcb","category-pcbr","category-pcdob","category-pco","category-psol","category-pt","category-theatro-municipal","category-trump","category-ulcm","category-up","category-venezuela","category-wtfu"],"_links":{"self":[{"href":"https:\/\/redept.com.br\/blogosfera\/wp-json\/wp\/v2\/posts\/72431","targetHints":{"allow":["GET"]}}],"collection":[{"href":"https:\/\/redept.com.br\/blogosfera\/wp-json\/wp\/v2\/posts"}],"about":[{"href":"https:\/\/redept.com.br\/blogosfera\/wp-json\/wp\/v2\/types\/post"}],"author":[{"embeddable":true,"href":"https:\/\/redept.com.br\/blogosfera\/wp-json\/wp\/v2\/users\/2"}],"replies":[{"embeddable":true,"href":"https:\/\/redept.com.br\/blogosfera\/wp-json\/wp\/v2\/comments?post=72431"}],"version-history":[{"count":0,"href":"https:\/\/redept.com.br\/blogosfera\/wp-json\/wp\/v2\/posts\/72431\/revisions"}],"wp:featuredmedia":[{"embeddable":true,"href":"https:\/\/redept.com.br\/blogosfera\/wp-json\/wp\/v2\/media\/72432"}],"wp:attachment":[{"href":"https:\/\/redept.com.br\/blogosfera\/wp-json\/wp\/v2\/media?parent=72431"}],"wp:term":[{"taxonomy":"category","embeddable":true,"href":"https:\/\/redept.com.br\/blogosfera\/wp-json\/wp\/v2\/categories?post=72431"},{"taxonomy":"post_tag","embeddable":true,"href":"https:\/\/redept.com.br\/blogosfera\/wp-json\/wp\/v2\/tags?post=72431"}],"curies":[{"name":"wp","href":"https:\/\/api.w.org\/{rel}","templated":true}]}}