{"id":72551,"date":"2026-01-30T17:12:30","date_gmt":"2026-01-30T20:12:30","guid":{"rendered":"https:\/\/redept.com.br\/blogosfera\/atos-das-centrais-celebram-conquista-da-isencao-do-imposto-de-renda\/"},"modified":"2026-01-30T17:12:30","modified_gmt":"2026-01-30T20:12:30","slug":"atos-das-centrais-celebram-conquista-da-isencao-do-imposto-de-renda","status":"publish","type":"post","link":"https:\/\/redept.com.br\/blogosfera\/atos-das-centrais-celebram-conquista-da-isencao-do-imposto-de-renda\/","title":{"rendered":"Atos das centrais celebram conquista da isen\u00e7\u00e3o do Imposto de Renda"},"content":{"rendered":"<p><img fetchpriority=\"high\" width=\"823\" height=\"462\"src=\"https:\/\/redept.com.br\/blogosfera\/wp-content\/uploads\/2026\/01\/atos-centrais-IR_Paulo-Pinto_Agencia-Brasil.jpg\" alt=\"\" decoding=\"async\" srcset=\"https:\/\/redept.com.br\/blogosfera\/wp-content\/uploads\/2026\/01\/atos-centrais-IR_Paulo-Pinto_Agencia-Brasil.jpg 823w, https:\/\/vermelho.org.br\/wp-content\/uploads\/2026\/01\/atos-centrais-IR_Paulo-Pinto_Agencia-Brasil-300x168.jpg 300w, https:\/\/vermelho.org.br\/wp-content\/uploads\/2026\/01\/atos-centrais-IR_Paulo-Pinto_Agencia-Brasil-768x431.jpg 768w\" sizes=\"(max-width: 823px) 100vw, 823px\"><\/p>\n<p>As centrais sindicais far\u00e3o atos unificados na pr\u00f3xima semana para celebrar o in\u00edcio da isen\u00e7\u00e3o do Imposto de Renda para quem ganha at\u00e9 R$ 5 mil e o desconto progressivo para quem recebe at\u00e9 R$ 7.350, que passaram a valer em janeiro. A medida, uma promessa de campanha cumprida pelo presidente Lula, \u00e9 uma bandeira defendida h\u00e1 anos pelo movimento sindical como forma de estabelecer maior justi\u00e7a tribut\u00e1ria e melhorar a distribui\u00e7\u00e3o de renda.<\/p>\n<p>Duas manifesta\u00e7\u00f5es foram marcadas para a pr\u00f3xima quinta-feira, 5 de fevereiro. Pela manh\u00e3, ocorrer\u00e1 um ato \u00e0s 8h, na porta da MWM Motores, em Santo Amaro, S\u00e3o Paulo. A concentra\u00e7\u00e3o acontecer\u00e1 a partir das 7h.<\/p>\n<p>\u00c0 tarde, ser\u00e1 realizado o ato unificado, \u00e0s 14h, na Av. Jo\u00e3o Dias, tamb\u00e9m em Santo Amaro. S\u00e3o esperados, ainda, outros atos no Rio de Janeiro e em Minas Gerais, mas as atividades n\u00e3o est\u00e3o sendo divulgadas antecipadamente, nem de maneira detalhada, para evitar repres\u00e1lias do patronato.<\/p>\n<p>Como a\u00e7\u00e3o preparat\u00f3ria da manifesta\u00e7\u00e3o em S\u00e3o Paulo, no dia 4 de fevereiro ser\u00e1 realizada a distribui\u00e7\u00e3o de materiais em esta\u00e7\u00f5es do Metr\u00f4, informando a popula\u00e7\u00e3o sobre a import\u00e2ncia dessa conquista para a classe trabalhadora e para a economia.<\/p>\n<p><strong>Leia tamb\u00e9m: <\/strong><a href=\"https:\/\/vermelho.org.br\/2026\/01\/30\/desemprego-atinge-menor-patamar-da-historia-em-2025\/\">Desemprego atinge menor patamar no Brasil, diz IBGE<\/a><\/p>\n<p>Al\u00e9m disso, no dia 11 de fevereiro, \u00e0s 10h, haver\u00e1 atividade no Sindicato dos Qu\u00edmicos de S\u00e3o Paulo com a participa\u00e7\u00e3o do presidente Lula.<\/p>\n<p>\u201cA isen\u00e7\u00e3o e o desconto no IR s\u00e3o importantes vit\u00f3rias dos trabalhadores. Desde a Conclat (Confer\u00eancia Nacional da Classe Trabalhadora) de 2022, sindicatos, federa\u00e7\u00f5es, confedera\u00e7\u00f5es e centrais sindicais vinham reivindicando mudan\u00e7as neste sentido. Lula assumiu essa bandeira durante a campanha e a cumpriu\u201d, explica Ren\u00ea Vicente, vice-presidente da Central dos Trabalhadores e Trabalhadoras do Brasil (CTB).<\/p>\n<p>O dirigente sindical ressalta que a medida beneficia tanto a popula\u00e7\u00e3o quanto a economia. \u201cCom isso, o trabalhador ter\u00e1 mais dinheiro, o que ajuda o consumo das fam\u00edlias \u2014 \u00e9 como se os isentos recebessem um 14\u00ba sal\u00e1rio. Al\u00e9m disso, contribui para que haja maior distribui\u00e7\u00e3o de renda e aumento na produ\u00e7\u00e3o e na gera\u00e7\u00e3o de empregos\u201d.<\/p>\n<p><strong>Impactos na economia<\/strong><\/p>\n<p>A medida passou a valer no dia 1\u00ba de janeiro e j\u00e1 vem sendo verificada nos contra-cheques desse in\u00edcio de ano. Segundo o governo, cerca de 10 milh\u00f5es de brasileiros ser\u00e3o beneficiados pela isen\u00e7\u00e3o total voltada a quem ganha at\u00e9 R$ 5 mil. Somados aos que j\u00e1 n\u00e3o precisavam pagar conforme as regras anteriores, cujos tetos eram mais baixos, a estimativa \u00e9 que cerca de 20 milh\u00f5es de pessoas sejam contempladas.<\/p>\n<p>De acordo com o Minist\u00e9rio da Fazenda, 90% dos brasileiros que pagam IR (o correspondente a mais de 90 milh\u00f5es de pessoas) estar\u00e3o na faixa da isen\u00e7\u00e3o total ou parcial e 65% dos declarantes do IR pessoa f\u00edsica (cerca de 26 milh\u00f5es de pessoas) ser\u00e3o totalmente isentos.<\/p>\n<p>Para compensar essa perda na arrecada\u00e7\u00e3o, o governo estabeleceu que quem ganha mais vai pagar um pouco mais de imposto. Esse grupo, no entanto, soma apenas 141,4 mil contribuintes (0,13% do total), o que representa 0,06% da popula\u00e7\u00e3o total do Pa\u00eds. Ele \u00e9 composto por pessoas que recebem mais de R$ 600 mil por ano e que n\u00e3o contribuem com al\u00edquota efetiva de at\u00e9 10% para o Imposto de Renda. \u201cEsses contribuintes pagam atualmente uma al\u00edquota efetiva m\u00e9dia de apenas 2,54%\u201d, explica a Fazenda.<\/p>\n<p>Estimativas do governo difundidas no final do ano apontam que somente a isen\u00e7\u00e3o deve injetar R$ 28 bilh\u00f5es anuais na economia brasileira.<\/p>\n<p>O projeto de lei propondo a isen\u00e7\u00e3o e o desconto foi apresentado pelo governo ao Congresso em mar\u00e7o de 2025 e foi aprovado pela C\u00e2mara e pelo Senado, tendo sua tramita\u00e7\u00e3o encerrada no in\u00edcio de novembro. No final do mesmo m\u00eas, o presidente Lula sancionou a mat\u00e9ria.<\/p>\n<p>Ap\u00f3s essa conquista, em 2026 o movimento sindical deve priorizar, entre suas principais pautas, a redu\u00e7\u00e3o da jornada de trabalho sem redu\u00e7\u00e3o salarial. \u201cContinuaremos na luta em defesa dos direitos da classe trabalhadora, em especial pelo fim da escala 6 por 1, outra luta extremamente importante para o nosso povo\u201d.<\/p>\n<p>O post <a href=\"https:\/\/vermelho.org.br\/2026\/01\/30\/atos-das-centrais-celebram-conquista-da-isencao-do-imposto-de-renda\/\">Atos das centrais celebram conquista da isen\u00e7\u00e3o do Imposto de Renda<\/a> apareceu primeiro em <a href=\"https:\/\/vermelho.org.br\/\">Vermelho<\/a>.<\/p>\n<!-- Begin Yuzo --><div class='yuzo_related_post style-1'  data-version='5.12.89'><!-- without result --><div class='yuzo_clearfixed yuzo__title yuzo__title'><h3>Related Post<\/h3><\/div>\n\t\t\t\t\t\t  <div class=\"relatedthumb \" style=\"width:125px;float:left;overflow:hidden;\">  \n\t\t\t\t\t\t\t  \n\t\t\t\t\t\t\t  <a  href=\"https:\/\/redept.com.br\/blogosfera\/libertador-de-livros-joao-do-corujao-fala-de-sua-paixao-pela-letras-a-entrega-de-um-livro-deve-ser-feita-com-densidade-afetiva\/\"  >\n\t\t\t\t\t\t\t\t\t  <div class=\"yuzo-img-wrap \" style=\"width: 125px;height:90px;\">\n\t\t\t\t\t\t\t\t\t\t\n\t\t\t\t\t\t\t\t\t\t<div class=\"yuzo-img\" style=\"background:url('https:\/\/redept.org\/blogosfera\/wp-content\/plugins\/yuzo-related-post\/assets\/images\/default.png') 50% 50% no-repeat;width: 125px;height:90px;margin-bottom: 5px;background-size: cover; \"><\/div>\n\t\t\t\t\t\t\t\t\t  <\/div>\n\t\t\t\t\t\t\t\t\t  \n\t\t\t\t\t\t\t\t   <span class=\"yuzo__text--title\" style=\"font-size:13px;\">\u2018Libertador de livros\u2019, Jo\u00e3o do Coruj\u00e3o fala de su...<\/span>\n\t\t\t\t\t\t\t  \n\t\t\t\t\t\t\t  \n\t\t\t\t\t\t\t  <\/a>\n\n\t\t\t\t\t\t  <\/div>\n\t\t\t\t\t\t  <div class=\"relatedthumb \" style=\"width:125px;float:left;overflow:hidden;\">  \n\t\t\t\t\t\t\t  \n\t\t\t\t\t\t\t  <a  href=\"https:\/\/redept.com.br\/blogosfera\/eduardo-bolsonaro-e-condenado-por-crime-de-coacao-pelo-stf\/\"  >\n\t\t\t\t\t\t\t\t\t  <div class=\"yuzo-img-wrap \" style=\"width: 125px;height:90px;\">\n\t\t\t\t\t\t\t\t\t\t\n\t\t\t\t\t\t\t\t\t\t<div class=\"yuzo-img\" style=\"background:url('https:\/\/redept.org\/blogosfera\/wp-content\/plugins\/yuzo-related-post\/assets\/images\/default.png') 50% 50% no-repeat;width: 125px;height:90px;margin-bottom: 5px;background-size: cover; \"><\/div>\n\t\t\t\t\t\t\t\t\t  <\/div>\n\t\t\t\t\t\t\t\t\t  \n\t\t\t\t\t\t\t\t   <span class=\"yuzo__text--title\" style=\"font-size:13px;\">Eduardo Bolsonaro \u00e9 condenado por crime de coa\u00e7\u00e3o ...<\/span>\n\t\t\t\t\t\t\t  \n\t\t\t\t\t\t\t  \n\t\t\t\t\t\t\t  <\/a>\n\n\t\t\t\t\t\t  <\/div>\n\t\t\t\t\t\t  <div class=\"relatedthumb \" style=\"width:125px;float:left;overflow:hidden;\">  \n\t\t\t\t\t\t\t  \n\t\t\t\t\t\t\t  <a  href=\"https:\/\/redept.com.br\/blogosfera\/centrais-sindicais-pedem-reducao-de-juros\/\"  >\n\t\t\t\t\t\t\t\t\t  <div class=\"yuzo-img-wrap \" style=\"width: 125px;height:90px;\">\n\t\t\t\t\t\t\t\t\t\t\n\t\t\t\t\t\t\t\t\t\t<div class=\"yuzo-img\" style=\"background:url('https:\/\/redept.com.br\/blogosfera\/wp-content\/uploads\/2025\/03\/ato_centrais-1-2048x1179-1-150x150.jpg') 50% 50% no-repeat;width: 125px;height:90px;margin-bottom: 5px;background-size: cover; \"><\/div>\n\t\t\t\t\t\t\t\t\t  <\/div>\n\t\t\t\t\t\t\t\t\t  \n\t\t\t\t\t\t\t\t   <span class=\"yuzo__text--title\" style=\"font-size:13px;\">Centrais sindicais pedem redu\u00e7\u00e3o de juros<\/span>\n\t\t\t\t\t\t\t  \n\t\t\t\t\t\t\t  \n\t\t\t\t\t\t\t  <\/a>\n\n\t\t\t\t\t\t  <\/div>\n\t\t\t\t\t\t  <div class=\"relatedthumb \" style=\"width:125px;float:left;overflow:hidden;\">  \n\t\t\t\t\t\t\t  \n\t\t\t\t\t\t\t  <a  href=\"https:\/\/sul21.com.br\/noticias\/geral\/2025\/11\/conab-compra-146-toneladas-de-alimentos-da-agricultura-familiar-para-abastecer-a-cop30\/\"  >\n\t\t\t\t\t\t\t\t\t  <div class=\"yuzo-img-wrap \" style=\"width: 125px;height:90px;\">\n\t\t\t\t\t\t\t\t\t\t\n\t\t\t\t\t\t\t\t\t\t<div class=\"yuzo-img\" style=\"background:url('https:\/\/redept.org\/blogosfera\/wp-content\/plugins\/yuzo-related-post\/assets\/images\/default.png') 50% 50% no-repeat;width: 125px;height:90px;margin-bottom: 5px;background-size: cover; \"><\/div>\n\t\t\t\t\t\t\t\t\t  <\/div>\n\t\t\t\t\t\t\t\t\t  \n\t\t\t\t\t\t\t\t   <span class=\"yuzo__text--title\" style=\"font-size:13px;\">Conab compra 146 toneladas de alimentos da agricul...<\/span>\n\t\t\t\t\t\t\t  \n\t\t\t\t\t\t\t  \n\t\t\t\t\t\t\t  <\/a>\n\n\t\t\t\t\t\t  <\/div>\n<\/div> <script>\n\t\t\t\t\t\t  jQuery(document).ready(function( $ ){\n\t\t\t\t\t\t\t\/\/jQuery('.yuzo_related_post').equalizer({ overflow : 'relatedthumb' });\n\t\t\t\t\t\t\tjQuery('.yuzo_related_post .yuzo_wraps').equalizer({ columns : '> div' });\n\t\t\t\t\t\t   })\n\t\t\t\t\t\t  <\/script> <!-- End Yuzo :) -->","protected":false},"excerpt":{"rendered":"<p>As centrais sindicais far\u00e3o atos unificados na pr\u00f3xima semana para celebrar o in\u00edcio da isen\u00e7\u00e3o do Imposto de Renda para quem ganha at\u00e9 R$ 5 mil e o desconto progressivo para quem recebe at\u00e9 R$ 7.350, que passaram a valer em janeiro. A medida, uma promessa de campanha cumprida pelo presidente Lula, \u00e9 uma bandeira [&hellip;]<\/p>\n","protected":false},"author":2,"featured_media":0,"comment_status":"open","ping_status":"closed","sticky":false,"template":"","format":"standard","meta":{"fifu_image_url":"","fifu_image_alt":"","footnotes":""},"categories":[280,221,17,1398,278,530,598],"tags":[],"class_list":["post-72551","post","type-post","status-publish","format-standard","hentry","category-centrais-sindicais","category-economia","category-governo-lula","category-isencao-do-imposto-de-renda","category-movimentos","category-reforma-tributaria","category-tributacao"],"_links":{"self":[{"href":"https:\/\/redept.com.br\/blogosfera\/wp-json\/wp\/v2\/posts\/72551","targetHints":{"allow":["GET"]}}],"collection":[{"href":"https:\/\/redept.com.br\/blogosfera\/wp-json\/wp\/v2\/posts"}],"about":[{"href":"https:\/\/redept.com.br\/blogosfera\/wp-json\/wp\/v2\/types\/post"}],"author":[{"embeddable":true,"href":"https:\/\/redept.com.br\/blogosfera\/wp-json\/wp\/v2\/users\/2"}],"replies":[{"embeddable":true,"href":"https:\/\/redept.com.br\/blogosfera\/wp-json\/wp\/v2\/comments?post=72551"}],"version-history":[{"count":0,"href":"https:\/\/redept.com.br\/blogosfera\/wp-json\/wp\/v2\/posts\/72551\/revisions"}],"wp:attachment":[{"href":"https:\/\/redept.com.br\/blogosfera\/wp-json\/wp\/v2\/media?parent=72551"}],"wp:term":[{"taxonomy":"category","embeddable":true,"href":"https:\/\/redept.com.br\/blogosfera\/wp-json\/wp\/v2\/categories?post=72551"},{"taxonomy":"post_tag","embeddable":true,"href":"https:\/\/redept.com.br\/blogosfera\/wp-json\/wp\/v2\/tags?post=72551"}],"curies":[{"name":"wp","href":"https:\/\/api.w.org\/{rel}","templated":true}]}}