{"id":72607,"date":"2026-01-31T12:00:00","date_gmt":"2026-01-31T15:00:00","guid":{"rendered":"https:\/\/redept.com.br\/blogosfera\/justica-apoia-aumento-de-passagens-de-onibus-no-recife-para-garantir-lucros-para-os-empresarios\/"},"modified":"2026-01-31T12:00:00","modified_gmt":"2026-01-31T15:00:00","slug":"justica-apoia-aumento-de-passagens-de-onibus-no-recife-para-garantir-lucros-para-os-empresarios","status":"publish","type":"post","link":"https:\/\/redept.com.br\/blogosfera\/justica-apoia-aumento-de-passagens-de-onibus-no-recife-para-garantir-lucros-para-os-empresarios\/","title":{"rendered":"Justi\u00e7a apoia aumento de passagens de \u00f4nibus no Recife para garantir lucros para os empres\u00e1rios"},"content":{"rendered":"<p><img fetchpriority=\"high\" width=\"1100\" height=\"733\"src=\"https:\/\/redept.com.br\/blogosfera\/wp-content\/uploads\/2026\/01\/passagem-onibus-grande-recife.jpg\" alt=\"\" link_thumbnail=\"\" decoding=\"async\" srcset=\"https:\/\/redept.com.br\/blogosfera\/wp-content\/uploads\/2026\/01\/passagem-onibus-grande-recife.jpg 1100w, https:\/\/averdade.org.br\/wp-content\/uploads\/2026\/01\/passagem-onibus-grande-recife-350x233.jpg 350w, https:\/\/averdade.org.br\/wp-content\/uploads\/2026\/01\/passagem-onibus-grande-recife-1024x682.jpg 1024w, https:\/\/averdade.org.br\/wp-content\/uploads\/2026\/01\/passagem-onibus-grande-recife-250x167.jpg 250w, https:\/\/averdade.org.br\/wp-content\/uploads\/2026\/01\/passagem-onibus-grande-recife-768x512.jpg 768w, https:\/\/averdade.org.br\/wp-content\/uploads\/2026\/01\/passagem-onibus-grande-recife-150x100.jpg 150w, https:\/\/averdade.org.br\/wp-content\/uploads\/2026\/01\/passagem-onibus-grande-recife-300x200.jpg 300w, https:\/\/averdade.org.br\/wp-content\/uploads\/2026\/01\/passagem-onibus-grande-recife-696x464.jpg 696w, https:\/\/averdade.org.br\/wp-content\/uploads\/2026\/01\/passagem-onibus-grande-recife-1068x712.jpg 1068w\" sizes=\"(max-width: 1100px) 100vw, 1100px\"><\/p>\n<p><strong>A justi\u00e7a tinha suspenso o aumento das passagens na regi\u00e3o metropolitana, aprovada de forma antidemocr\u00e1tica no \u00faltimo 15 de janeiro por irregularidades. Agora, o Tribunal de Justi\u00e7a de Pernambuco, indo na contram\u00e3o da realidade da maioria dos recifenses, retomou o aumento, que vai atingir diretamente o bolso dos mais pobres.<\/strong><\/p>\n<p><strong>\u00a0<\/strong><strong>Reda\u00e7\u00e3o Pernambuco<\/strong><\/p>\n<hr>\n<p><strong>\u00a0SOCIEDADE- <\/strong>Na \u00faltima sexta-feira (23) a ju\u00edza Nicole de Faria Neves, do 5\u00ba Juizado Especial da Fazenda da Capital, suspendeu o reajuste da passagem na regi\u00e3o metropolitana do Recife. O aumento tinha sido aprovado em reuni\u00e3o do Conselho Superior de Transporte P\u00fablico em 15 de janeiro, mesmo com os movimentos sociais ocupando a sede da Grande Recife Cons\u00f3rcio de Transporte, empresa respons\u00e1vel pelo gerenciamento do transporte na regi\u00e3o metropolitana. Com o ajuste, a passagem passaria de R$ 4,30 para R$ 4,50 e entraria em vigor dia 1 de fevereiro.\u00a0Acontece que o Presidente do Tribunal de Justi\u00e7a de Pernambuco, o desembargador Ricardo Paes Barreto, decidiu revogar a suspens\u00e3o, mantendo o aumento, com a justificativa de que \u201ca suspens\u00e3o traria preju\u00edzo ao governo do estado\u201d.<\/p>\n<p>Esse aumento da passagem \u00e9 mais um ataque ao nosso bolso e uma mostra de qual lado est\u00e1 a justi\u00e7a e pra quem governa as autoridades do estado. Enquanto isso um trabalhador, que gasta cerca de 30% de seu sal\u00e1rio com transporte e amarga com o alto custo de vida na regi\u00e3o metropolitana do Recife, uma das maiores do Nordeste.<\/p>\n<p><strong>Do lado de quem?<\/strong><\/p>\n<p>Os subs\u00eddios para as empresas do transporte est\u00e3o estimados em mais de R$ 400 milh\u00f5es para 2025\/2026. A governadora Raquel Lyra (PSD) opta por mais benef\u00edcios para as empresas em pleno ano de elei\u00e7\u00e3o, al\u00e9m da proposta de privatiza\u00e7\u00e3o do metr\u00f4, com o vergonhoso apoio do governo Lula. Segundo Maria Santos, presidente da Uni\u00e3o dos Estudantes de Pernambuco (UEP), \u201cnem o conselho que aprovou o aumento nem o governo estadual ouviram os estudantes e os trabalhadores. O governo n\u00e3o dialoga com quem usa o transporte cotidianamente\u201d.<\/p>\n<p>Essa s\u00e9rie de aumentos de passagens voltou com for\u00e7a. Ao menos 8 capitais anunciaram o reajuste em janeiro de 2026, como S\u00e3o Paulo, Rio de Janeiro, Salvador e Fortaleza. Isso mostra que a ofensiva dos empres\u00e1rios do transporte, os patrocinadores das campanhas dos atuais governadores e prefeitos dessas cidades, precisa ser enfrentada e combatida nas ruas.<\/p>\n<p>Com o segundo pior \u00edndice de congestionamento e o quarto pior tempo de deslocamento das capitais do pa\u00eds (dados da pesquisa mundial do Moovit) o aumento das passagens vai atingir diretamente a classe mais humilde, os estudantes e as periferias, que dependem do transporte coletivo. \u00c9 urgente continuar nas ruas e ampliar as denuncias do que est\u00e1 sendo feito pelas autoridades. Segundo Maria, \u201cdefendemos um transporte p\u00fablico de verdade, com passe livre para estudantes, trabalhadores e desempregados. Um transporte organizado diz respeito a qualidade de vida, e isso n\u00e3o pode ser visto como um gasto, muito menos uma mercadoria. N\u00f3s iremos continuar nas ruas contra esse atraso\u201d, afirma.<\/p>\n<!-- Begin Yuzo --><div class='yuzo_related_post style-1'  data-version='5.12.89'><!-- without result --><div class='yuzo_clearfixed yuzo__title yuzo__title'><h3>Related Post<\/h3><\/div>\n\t\t\t\t\t\t  <div class=\"relatedthumb \" style=\"width:125px;float:left;overflow:hidden;\">  \n\t\t\t\t\t\t\t  \n\t\t\t\t\t\t\t  <a  href=\"https:\/\/redept.com.br\/blogosfera\/2025-o-ano-em-que-a-farsa-da-direita-brasileira-caiu-por-terra\/\"  >\n\t\t\t\t\t\t\t\t\t  <div class=\"yuzo-img-wrap \" style=\"width: 125px;height:90px;\">\n\t\t\t\t\t\t\t\t\t\t\n\t\t\t\t\t\t\t\t\t\t<div class=\"yuzo-img\" style=\"background:url('https:\/\/redept.org\/blogosfera\/wp-content\/plugins\/yuzo-related-post\/assets\/images\/default.png') 50% 50% no-repeat;width: 125px;height:90px;margin-bottom: 5px;background-size: cover; \"><\/div>\n\t\t\t\t\t\t\t\t\t  <\/div>\n\t\t\t\t\t\t\t\t\t  \n\t\t\t\t\t\t\t\t   <span class=\"yuzo__text--title\" style=\"font-size:13px;\">2025: o ano em que a farsa da direita brasileira c...<\/span>\n\t\t\t\t\t\t\t  \n\t\t\t\t\t\t\t  \n\t\t\t\t\t\t\t  <\/a>\n\n\t\t\t\t\t\t  <\/div>\n\t\t\t\t\t\t  <div class=\"relatedthumb \" style=\"width:125px;float:left;overflow:hidden;\">  \n\t\t\t\t\t\t\t  \n\t\t\t\t\t\t\t  <a  href=\"https:\/\/sul21.com.br\/noticias\/politica\/2025\/08\/pf-diz-que-bolsonaro-burlou-proibicao-do-stf-e-encaminhou-300-videos-pelo-whatsapp\/\"  >\n\t\t\t\t\t\t\t\t\t  <div class=\"yuzo-img-wrap \" style=\"width: 125px;height:90px;\">\n\t\t\t\t\t\t\t\t\t\t\n\t\t\t\t\t\t\t\t\t\t<div class=\"yuzo-img\" style=\"background:url('https:\/\/agenciabrasil.ebc.com.br\/ebc.png?id=1655327&amp;o=node') 50% 50% no-repeat;width: 125px;height:90px;margin-bottom: 5px;background-size: cover; \"><\/div>\n\t\t\t\t\t\t\t\t\t  <\/div>\n\t\t\t\t\t\t\t\t\t  \n\t\t\t\t\t\t\t\t   <span class=\"yuzo__text--title\" style=\"font-size:13px;\">PF diz que Bolsonaro burlou proibi\u00e7\u00e3o do STF e enc...<\/span>\n\t\t\t\t\t\t\t  \n\t\t\t\t\t\t\t  \n\t\t\t\t\t\t\t  <\/a>\n\n\t\t\t\t\t\t  <\/div>\n\t\t\t\t\t\t  <div class=\"relatedthumb \" style=\"width:125px;float:left;overflow:hidden;\">  \n\t\t\t\t\t\t\t  \n\t\t\t\t\t\t\t  <a  href=\"https:\/\/redept.com.br\/blogosfera\/em-vitoria-historica-governo-lula-aprova-regulamentacao-da-reforma-tributaria\/\"  >\n\t\t\t\t\t\t\t\t\t  <div class=\"yuzo-img-wrap \" style=\"width: 125px;height:90px;\">\n\t\t\t\t\t\t\t\t\t\t\n\t\t\t\t\t\t\t\t\t\t<div class=\"yuzo-img\" style=\"background:url('https:\/\/redept.com.br\/blogosfera\/wp-content\/uploads\/2024\/12\/Reforma-tributaria-final-150x150.jpg') 50% 50% no-repeat;width: 125px;height:90px;margin-bottom: 5px;background-size: cover; \"><\/div>\n\t\t\t\t\t\t\t\t\t  <\/div>\n\t\t\t\t\t\t\t\t\t  \n\t\t\t\t\t\t\t\t   <span class=\"yuzo__text--title\" style=\"font-size:13px;\">Em vit\u00f3ria hist\u00f3rica, governo Lula aprova regulame...<\/span>\n\t\t\t\t\t\t\t  \n\t\t\t\t\t\t\t  \n\t\t\t\t\t\t\t  <\/a>\n\n\t\t\t\t\t\t  <\/div>\n\t\t\t\t\t\t  <div class=\"relatedthumb \" style=\"width:125px;float:left;overflow:hidden;\">  \n\t\t\t\t\t\t\t  \n\t\t\t\t\t\t\t  <a  href=\"https:\/\/redept.com.br\/blogosfera\/militares-envolvidos-em-trama-golpista-serao-julgados-em-8-de-abril\/\"  >\n\t\t\t\t\t\t\t\t\t  <div class=\"yuzo-img-wrap \" style=\"width: 125px;height:90px;\">\n\t\t\t\t\t\t\t\t\t\t\n\t\t\t\t\t\t\t\t\t\t<div class=\"yuzo-img\" style=\"background:url('https:\/\/redept.com.br\/blogosfera\/wp-content\/uploads\/2025\/03\/predio_stf_-_valter_campanto_-_agencia_brasil_1-150x150.webp') 50% 50% no-repeat;width: 125px;height:90px;margin-bottom: 5px;background-size: cover; \"><\/div>\n\t\t\t\t\t\t\t\t\t  <\/div>\n\t\t\t\t\t\t\t\t\t  \n\t\t\t\t\t\t\t\t   <span class=\"yuzo__text--title\" style=\"font-size:13px;\">Militares envolvidos em trama golpista ser\u00e3o julga...<\/span>\n\t\t\t\t\t\t\t  \n\t\t\t\t\t\t\t  \n\t\t\t\t\t\t\t  <\/a>\n\n\t\t\t\t\t\t  <\/div>\n<\/div> <script>\n\t\t\t\t\t\t  jQuery(document).ready(function( $ ){\n\t\t\t\t\t\t\t\/\/jQuery('.yuzo_related_post').equalizer({ overflow : 'relatedthumb' });\n\t\t\t\t\t\t\tjQuery('.yuzo_related_post .yuzo_wraps').equalizer({ columns : '> div' });\n\t\t\t\t\t\t   })\n\t\t\t\t\t\t  <\/script> <!-- End Yuzo :) -->","protected":false},"excerpt":{"rendered":"<p><img decoding=\"async\" width=\"1100\" height=\"733\" src=\"https:\/\/averdade.org.br\/wp-content\/uploads\/2026\/01\/passagem-onibus-grande-recife.jpg\" alt=\"\">A justi\u00e7a tinha suspenso o aumento das passagens na regi\u00e3o metropolitana, aprovada de forma antidemocr\u00e1tica no \u00faltimo 15 de janeiro por irregularidades. Agora, o Tribunal de Justi\u00e7a de Pernambuco, indo na contram\u00e3o da realidade da maioria dos recifenses, retomou o aumento, que vai atingir diretamente o bolso dos mais pobres. \u00a0Reda\u00e7\u00e3o Pernambuco \u00a0SOCIEDADE- Na \u00faltima [\u2026]<\/p>\n","protected":false},"author":2,"featured_media":72608,"comment_status":"open","ping_status":"closed","sticky":false,"template":"","format":"standard","meta":{"fifu_image_url":"","fifu_image_alt":"","footnotes":""},"categories":[34750,34751,2567,185,61,34752],"tags":[],"class_list":["post-72607","post","type-post","status-publish","format-standard","has-post-thumbnail","hentry","category-aumento-de-passagem","category-contra-as-privatizacoes","category-estatizacao-dos-transportes","category-recife","category-sociedade","category-uniao-dos-estudantes-de-pernambuco"],"_links":{"self":[{"href":"https:\/\/redept.com.br\/blogosfera\/wp-json\/wp\/v2\/posts\/72607","targetHints":{"allow":["GET"]}}],"collection":[{"href":"https:\/\/redept.com.br\/blogosfera\/wp-json\/wp\/v2\/posts"}],"about":[{"href":"https:\/\/redept.com.br\/blogosfera\/wp-json\/wp\/v2\/types\/post"}],"author":[{"embeddable":true,"href":"https:\/\/redept.com.br\/blogosfera\/wp-json\/wp\/v2\/users\/2"}],"replies":[{"embeddable":true,"href":"https:\/\/redept.com.br\/blogosfera\/wp-json\/wp\/v2\/comments?post=72607"}],"version-history":[{"count":0,"href":"https:\/\/redept.com.br\/blogosfera\/wp-json\/wp\/v2\/posts\/72607\/revisions"}],"wp:featuredmedia":[{"embeddable":true,"href":"https:\/\/redept.com.br\/blogosfera\/wp-json\/wp\/v2\/media\/72608"}],"wp:attachment":[{"href":"https:\/\/redept.com.br\/blogosfera\/wp-json\/wp\/v2\/media?parent=72607"}],"wp:term":[{"taxonomy":"category","embeddable":true,"href":"https:\/\/redept.com.br\/blogosfera\/wp-json\/wp\/v2\/categories?post=72607"},{"taxonomy":"post_tag","embeddable":true,"href":"https:\/\/redept.com.br\/blogosfera\/wp-json\/wp\/v2\/tags?post=72607"}],"curies":[{"name":"wp","href":"https:\/\/api.w.org\/{rel}","templated":true}]}}