{"id":72792,"date":"2026-02-02T18:15:43","date_gmt":"2026-02-02T21:15:43","guid":{"rendered":"https:\/\/redept.com.br\/blogosfera\/onze-anos-de-teimosia-como-o-bixiga-ensina-o-circuito-comercial\/"},"modified":"2026-02-02T18:15:43","modified_gmt":"2026-02-02T21:15:43","slug":"onze-anos-de-teimosia-como-o-bixiga-ensina-o-circuito-comercial","status":"publish","type":"post","link":"https:\/\/redept.com.br\/blogosfera\/onze-anos-de-teimosia-como-o-bixiga-ensina-o-circuito-comercial\/","title":{"rendered":"Onze anos de teimosia: como o Bixiga ensina o circuito comercial"},"content":{"rendered":"<p><img loading=\"lazy\" width=\"1024\" height=\"512\"src=\"https:\/\/redept.com.br\/blogosfera\/wp-content\/uploads\/2026\/02\/Banner_site_HP_900x450_2026.jpg\" alt=\"\" decoding=\"async\" loading=\"lazy\" srcset=\"https:\/\/vermelho.org.br\/wp-content\/uploads\/2026\/02\/Banner_site_HP_900x450_2026-1024x512.jpg 1024w, https:\/\/vermelho.org.br\/wp-content\/uploads\/2026\/02\/Banner_site_HP_900x450_2026-300x150.jpg 300w, https:\/\/vermelho.org.br\/wp-content\/uploads\/2026\/02\/Banner_site_HP_900x450_2026-768x384.jpg 768w, https:\/\/vermelho.org.br\/wp-content\/uploads\/2026\/02\/Banner_site_HP_900x450_2026-1536x768.jpg 1536w, https:\/\/redept.com.br\/blogosfera\/wp-content\/uploads\/2026\/02\/Banner_site_HP_900x450_2026.jpg 1920w\" sizes=\"auto, (max-width: 1024px) 100vw, 1024px\"><\/p>\n<p> H\u00e1 algo de revolucion\u00e1rio na persist\u00eancia de uma sala de cinema que decide nadar contra a corrente do mercado comercial. <\/p>\n<p>A estreia da 11\u00aa edi\u00e7\u00e3o da Mostra Permanente de Cinema Italiano no Bixiga funciona como um lembrete poderoso de que a cultura n\u00e3o precisa ser um produto de luxo restrito aos grandes shoppings. Ao abrir as portas do Cine-Teatro Denoy de Oliveira mais uma vez, o CPC-Umes reafirma o compromisso de manter viva a experi\u00eancia coletiva de assistir a um filme, transformando uma segunda-feira comum em um evento de celebra\u00e7\u00e3o comunit\u00e1ria que ignora a l\u00f3gica do lucro imediato.<\/p>\n<p>O cinema italiano sempre teve a capacidade \u00fanica de rir da trag\u00e9dia e encontrar beleza na dificuldade, uma caracter\u00edstica que conversa diretamente com a alma do p\u00fablico brasileiro. <\/p>\n<p>A escolha de <em>Uma Vida Dif\u00edcil<\/em> (1961), de Dino Risi, para a abertura n\u00e3o \u00e9 apenas t\u00e9cnica, mas sentimental. Ver a hist\u00f3ria de um homem que tenta manter sua integridade em um mundo corrupto, tudo isso contado com o humor \u00e1cido t\u00edpico da It\u00e1lia, cria um espelho onde a plateia se reconhece e se diverte. \u00c9 o tipo de conex\u00e3o humana que as grandes franquias de a\u00e7\u00e3o raramente conseguem estabelecer com quem est\u00e1 sentado na poltrona.<\/p>\n<p><strong>Leia mais:<\/strong> <a href=\"https:\/\/vermelho.org.br\/coluna\/a-heresia-sagrada-de-pasolini-e-o-retrato-de-um-jesus-revolucionario\/\">A heresia sagrada de Pasolini e o retrato de um Jesus Revolucion\u00e1rio<\/a><\/p>\n<p>A homenagem a Cl\u00e1udia Cardinale nesta edi\u00e7\u00e3o eleva o n\u00edvel da curadoria e traz luz a uma era em que os atores eram for\u00e7as da natureza e n\u00e3o apenas rostos bonitos em cartazes publicit\u00e1rios. Dedicar espa\u00e7o para celebrar a trajet\u00f3ria de uma das atrizes mais importantes da hist\u00f3ria serve para educar o olhar das novas gera\u00e7\u00f5es e matar a saudade dos veteranos. A Mostra acerta ao misturar esses \u00edcones consagrados com diretores contempor\u00e2neos, criando uma ponte necess\u00e1ria que mostra como o cinema daquele pa\u00eds continua vibrante e relevante mesmo d\u00e9cadas depois de seu apogeu. <\/p>\n<p>A grande vit\u00f3ria desta iniciativa reside na quebra da barreira financeira que tantas vezes afasta o povo da arte. <\/p>\n<p>Ao oferecer sess\u00f5es gratuitas e cont\u00ednuas, a Mostra prova que a suposta falta de interesse do p\u00fablico por filmes cl\u00e1ssicos ou estrangeiros \u00e9 uma mentira contada por quem cobra caro nos ingressos. A sala cheia \u00e9 a resposta simples de que existe uma demanda reprimida por conte\u00fado de qualidade. As pessoas querem ver bons filmes e debater boas hist\u00f3rias, elas apenas precisam de oportunidades que caibam no bolso e na rotina. <\/p>\n<p>Manter um projeto desses de p\u00e9 por onze anos exige uma teimosia admir\u00e1vel que deve servir de li\u00e7\u00e3o para todo o setor cultural. O Cine-Teatro Denoy de Oliveira se consolida n\u00e3o apenas como um espa\u00e7o de exibi\u00e7\u00e3o, mas como um guardi\u00e3o da mem\u00f3ria cinematogr\u00e1fica em S\u00e3o Paulo. <\/p>\n<p>Enquanto o circuito tradicional corre desesperado atr\u00e1s da pr\u00f3xima novidade da semana, a Mostra Permanente de Cinema Italiano da UMES convida o espectador a parar, respirar e apreciar obras que resistiram ao teste do tempo. <\/p>\n<p>\u00c9 a vit\u00f3ria da consist\u00eancia sobre o ef\u00eamero.<\/p>\n<p>O post <a href=\"https:\/\/vermelho.org.br\/2026\/02\/02\/onze-anos-de-teimosia-como-o-bixiga-ensina-o-circuito-comercial\/\">Onze anos de teimosia: como o Bixiga ensina o circuito comercial<\/a> apareceu primeiro em <a href=\"https:\/\/vermelho.org.br\/\">Vermelho<\/a>.<\/p>\n<!-- Begin Yuzo --><div class='yuzo_related_post style-1'  data-version='5.12.89'><!-- without result --><div class='yuzo_clearfixed yuzo__title yuzo__title'><h3>Related Post<\/h3><\/div>\n\t\t\t\t\t\t  <div class=\"relatedthumb \" style=\"width:125px;float:left;overflow:hidden;\">  \n\t\t\t\t\t\t\t  \n\t\t\t\t\t\t\t  <a  href=\"https:\/\/redept.com.br\/blogosfera\/sao-paulo-tem-mais-de-12-mil-trabalhadores-ambulantes-maioria-atua-sem-autorizacao\/\"  >\n\t\t\t\t\t\t\t\t\t  <div class=\"yuzo-img-wrap \" style=\"width: 125px;height:90px;\">\n\t\t\t\t\t\t\t\t\t\t\n\t\t\t\t\t\t\t\t\t\t<div class=\"yuzo-img\" style=\"background:url('https:\/\/redept.org\/blogosfera\/wp-content\/plugins\/yuzo-related-post\/assets\/images\/default.png') 50% 50% no-repeat;width: 125px;height:90px;margin-bottom: 5px;background-size: cover; \"><\/div>\n\t\t\t\t\t\t\t\t\t  <\/div>\n\t\t\t\t\t\t\t\t\t  \n\t\t\t\t\t\t\t\t   <span class=\"yuzo__text--title\" style=\"font-size:13px;\">S\u00e3o Paulo tem mais de 12 mil trabalhadores ambulan...<\/span>\n\t\t\t\t\t\t\t  \n\t\t\t\t\t\t\t  \n\t\t\t\t\t\t\t  <\/a>\n\n\t\t\t\t\t\t  <\/div>\n\t\t\t\t\t\t  <div class=\"relatedthumb \" style=\"width:125px;float:left;overflow:hidden;\">  \n\t\t\t\t\t\t\t  \n\t\t\t\t\t\t\t  <a  href=\"https:\/\/redept.com.br\/blogosfera\/resultado-da-mega-sena-2913-premio-acumulado\/\"  >\n\t\t\t\t\t\t\t\t\t  <div class=\"yuzo-img-wrap \" style=\"width: 125px;height:90px;\">\n\t\t\t\t\t\t\t\t\t\t\n\t\t\t\t\t\t\t\t\t\t<div class=\"yuzo-img\" style=\"background:url('https:\/\/redept.com.br\/blogosfera\/wp-content\/uploads\/2025\/09\/Mega-Sena-novamente-sem-ganhador-premio-sobe-para-R-55-milhoes-1-4-150x150.jpg') 50% 50% no-repeat;width: 125px;height:90px;margin-bottom: 5px;background-size: cover; \"><\/div>\n\t\t\t\t\t\t\t\t\t  <\/div>\n\t\t\t\t\t\t\t\t\t  \n\t\t\t\t\t\t\t\t   <span class=\"yuzo__text--title\" style=\"font-size:13px;\">Resultado da Mega Sena 2913, pr\u00eamio acumulado<\/span>\n\t\t\t\t\t\t\t  \n\t\t\t\t\t\t\t  \n\t\t\t\t\t\t\t  <\/a>\n\n\t\t\t\t\t\t  <\/div>\n\t\t\t\t\t\t  <div class=\"relatedthumb \" style=\"width:125px;float:left;overflow:hidden;\">  \n\t\t\t\t\t\t\t  \n\t\t\t\t\t\t\t  <a  href=\"https:\/\/redept.com.br\/blogosfera\/imagine-percorrer-a-distancia-rio-sao-paulo-nesse-tubo-em-20-minutos-menos-que-1-hora-de-aviao-a-mais-de-700-km-h-video\/\"  >\n\t\t\t\t\t\t\t\t\t  <div class=\"yuzo-img-wrap \" style=\"width: 125px;height:90px;\">\n\t\t\t\t\t\t\t\t\t\t\n\t\t\t\t\t\t\t\t\t\t<div class=\"yuzo-img\" style=\"background:url('https:\/\/redept.org\/blogosfera\/wp-content\/plugins\/yuzo-related-post\/assets\/images\/default.png') 50% 50% no-repeat;width: 125px;height:90px;margin-bottom: 5px;background-size: cover; \"><\/div>\n\t\t\t\t\t\t\t\t\t  <\/div>\n\t\t\t\t\t\t\t\t\t  \n\t\t\t\t\t\t\t\t   <span class=\"yuzo__text--title\" style=\"font-size:13px;\">Imagine percorrer a dist\u00e2ncia Rio-S\u00e3o Paulo nesse ...<\/span>\n\t\t\t\t\t\t\t  \n\t\t\t\t\t\t\t  \n\t\t\t\t\t\t\t  <\/a>\n\n\t\t\t\t\t\t  <\/div>\n\t\t\t\t\t\t  <div class=\"relatedthumb \" style=\"width:125px;float:left;overflow:hidden;\">  \n\t\t\t\t\t\t\t  \n\t\t\t\t\t\t\t  <a  href=\"https:\/\/redept.com.br\/blogosfera\/nota-da-diretoria-da-fpa-sobre-a-condenacao-de-ze-maria\/\"  >\n\t\t\t\t\t\t\t\t\t  <div class=\"yuzo-img-wrap \" style=\"width: 125px;height:90px;\">\n\t\t\t\t\t\t\t\t\t\t\n\t\t\t\t\t\t\t\t\t\t<div class=\"yuzo-img\" style=\"background:url('https:\/\/redept.org\/blogosfera\/wp-content\/plugins\/yuzo-related-post\/assets\/images\/default.png') 50% 50% no-repeat;width: 125px;height:90px;margin-bottom: 5px;background-size: cover; \"><\/div>\n\t\t\t\t\t\t\t\t\t  <\/div>\n\t\t\t\t\t\t\t\t\t  \n\t\t\t\t\t\t\t\t   <span class=\"yuzo__text--title\" style=\"font-size:13px;\">Nota da diretoria da FPA sobre a condena\u00e7\u00e3o de Z\u00e9 ...<\/span>\n\t\t\t\t\t\t\t  \n\t\t\t\t\t\t\t  \n\t\t\t\t\t\t\t  <\/a>\n\n\t\t\t\t\t\t  <\/div>\n<\/div> <script>\n\t\t\t\t\t\t  jQuery(document).ready(function( $ ){\n\t\t\t\t\t\t\t\/\/jQuery('.yuzo_related_post').equalizer({ overflow : 'relatedthumb' });\n\t\t\t\t\t\t\tjQuery('.yuzo_related_post .yuzo_wraps').equalizer({ columns : '> div' });\n\t\t\t\t\t\t   })\n\t\t\t\t\t\t  <\/script> <!-- End Yuzo :) -->","protected":false},"excerpt":{"rendered":"<p>H\u00e1 algo de revolucion\u00e1rio na persist\u00eancia de uma sala de cinema que decide nadar contra a corrente do mercado comercial. A estreia da 11\u00aa edi\u00e7\u00e3o da Mostra Permanente de Cinema Italiano no Bixiga funciona como um lembrete poderoso de que a cultura n\u00e3o precisa ser um produto de luxo restrito aos grandes shoppings. Ao abrir [&hellip;]<\/p>\n","protected":false},"author":2,"featured_media":0,"comment_status":"open","ping_status":"closed","sticky":false,"template":"","format":"standard","meta":{"fifu_image_url":"","fifu_image_alt":"","footnotes":""},"categories":[21890,27569,29781,309,34916],"tags":[],"class_list":["post-72792","post","type-post","status-publish","format-standard","hentry","category-bixiga","category-cinema-italiano","category-cpc-umes","category-cultura","category-mostra-permanente-de-cinema-italiano"],"_links":{"self":[{"href":"https:\/\/redept.com.br\/blogosfera\/wp-json\/wp\/v2\/posts\/72792","targetHints":{"allow":["GET"]}}],"collection":[{"href":"https:\/\/redept.com.br\/blogosfera\/wp-json\/wp\/v2\/posts"}],"about":[{"href":"https:\/\/redept.com.br\/blogosfera\/wp-json\/wp\/v2\/types\/post"}],"author":[{"embeddable":true,"href":"https:\/\/redept.com.br\/blogosfera\/wp-json\/wp\/v2\/users\/2"}],"replies":[{"embeddable":true,"href":"https:\/\/redept.com.br\/blogosfera\/wp-json\/wp\/v2\/comments?post=72792"}],"version-history":[{"count":0,"href":"https:\/\/redept.com.br\/blogosfera\/wp-json\/wp\/v2\/posts\/72792\/revisions"}],"wp:attachment":[{"href":"https:\/\/redept.com.br\/blogosfera\/wp-json\/wp\/v2\/media?parent=72792"}],"wp:term":[{"taxonomy":"category","embeddable":true,"href":"https:\/\/redept.com.br\/blogosfera\/wp-json\/wp\/v2\/categories?post=72792"},{"taxonomy":"post_tag","embeddable":true,"href":"https:\/\/redept.com.br\/blogosfera\/wp-json\/wp\/v2\/tags?post=72792"}],"curies":[{"name":"wp","href":"https:\/\/api.w.org\/{rel}","templated":true}]}}