{"id":72818,"date":"2026-02-02T23:46:18","date_gmt":"2026-02-03T02:46:18","guid":{"rendered":"https:\/\/redept.com.br\/blogosfera\/a-imprensa-do-partido\/"},"modified":"2026-02-02T23:46:18","modified_gmt":"2026-02-03T02:46:18","slug":"a-imprensa-do-partido","status":"publish","type":"post","link":"https:\/\/redept.com.br\/blogosfera\/a-imprensa-do-partido\/","title":{"rendered":"A Imprensa do Partido"},"content":{"rendered":"<p><img fetchpriority=\"high\" width=\"1440\" height=\"1920\"src=\"https:\/\/redept.com.br\/blogosfera\/wp-content\/uploads\/2026\/02\/P11-_-brigadista-326.jpeg\" alt=\"AGITA\u00c7\u00c3O. O jornal \u00e9 a principal arma do militante do Partido. Foto: JAV\/SP\" link_thumbnail=\"\" decoding=\"async\" srcset=\"https:\/\/redept.com.br\/blogosfera\/wp-content\/uploads\/2026\/02\/P11-_-brigadista-326.jpeg 1440w, https:\/\/averdade.org.br\/wp-content\/uploads\/2026\/02\/P11-_-brigadista-326-263x350.jpeg 263w, https:\/\/averdade.org.br\/wp-content\/uploads\/2026\/02\/P11-_-brigadista-326-768x1024.jpeg 768w, https:\/\/averdade.org.br\/wp-content\/uploads\/2026\/02\/P11-_-brigadista-326-188x250.jpeg 188w, https:\/\/averdade.org.br\/wp-content\/uploads\/2026\/02\/P11-_-brigadista-326-1152x1536.jpeg 1152w, https:\/\/averdade.org.br\/wp-content\/uploads\/2026\/02\/P11-_-brigadista-326-150x200.jpeg 150w, https:\/\/averdade.org.br\/wp-content\/uploads\/2026\/02\/P11-_-brigadista-326-300x400.jpeg 300w, https:\/\/averdade.org.br\/wp-content\/uploads\/2026\/02\/P11-_-brigadista-326-696x928.jpeg 696w, https:\/\/averdade.org.br\/wp-content\/uploads\/2026\/02\/P11-_-brigadista-326-1068x1424.jpeg 1068w\" sizes=\"(max-width: 1440px) 100vw, 1440px\"><\/p>\n<p><strong>Este texto corresponde ao cap\u00edtulo VI do documento \u201cA Estrutura, os M\u00e9todos e a A\u00e7\u00e3o dos Partidos Comunistas\u201d, da III Internacional Comunista, aprovado em seu 3\u00ba Congresso, em junho de 1921.<\/strong><\/p>\n<hr>\n<p>A imprensa comunista deve ser desenvolvida e melhorada pelo Partido com uma energia infatig\u00e1vel.<\/p>\n<p>Nenhum jornal poder\u00e1 ser reconhecido como \u00f3rg\u00e3o comunista se n\u00e3o estiver submetido \u00e0s diretrizes do Partido. Este princ\u00edpio deve ser aplicado tamb\u00e9m \u00e0s produ\u00e7\u00f5es liter\u00e1rias, como livros, brochuras, escritos peri\u00f3dicos, etc., levando em considera\u00e7\u00e3o seu car\u00e1ter cient\u00edfico, de propaganda ou outro.<\/p>\n<p>O Partido deve se esfor\u00e7ar para ter bons jornais, antes de ter muitos. Todo Partido Comunista deve ter um \u00f3rg\u00e3o central, sempre que poss\u00edvel, di\u00e1rio.<\/p>\n<p>Um jornal comunista n\u00e3o deve jamais se tornar uma empresa capitalista, como s\u00e3o os jornais burgueses pretensamente \u201csocialistas\u201d. Nosso jornal deve ser independente das institui\u00e7\u00f5es de cr\u00e9dito capitalistas. A organiza\u00e7\u00e3o \u00e1gil da publicidade por an\u00fancios, que pode melhorar consideravelmente as condi\u00e7\u00f5es de exist\u00eancia do nosso jornal, n\u00e3o deve ficar na depend\u00eancia das grandes empresas de publicidade. Logo, uma atitude inflex\u00edvel em todas as quest\u00f5es sociais prolet\u00e1rias dar\u00e1 aos jornais de nosso Partido uma for\u00e7a e uma considera\u00e7\u00e3o absolutas. Nosso jornal n\u00e3o deve servir para satisfazer o gosto sensacionalista nem a divers\u00e3o de um p\u00fablico variado. Ele n\u00e3o deve fazer concess\u00f5es \u00e0 cr\u00edtica dos literatos pequeno-burgueses ou aos virtuoses do jornalismo para criar uma clientela de sal\u00e3o.<\/p>\n<p>Um jornal comunista deve, antes de tudo, defender os interesses dos oper\u00e1rios oprimidos e lutadores; deve ser nosso melhor propagandista e agitador, o propagandista dirigente da revolu\u00e7\u00e3o prolet\u00e1ria.<\/p>\n<p>Nosso jornal tem por tarefa reunir as experi\u00eancias adquiridas nas atividades de todos os membros do Partido e fazer disso um guia pol\u00edtico para revis\u00e3o e melhoria dos m\u00e9todos de a\u00e7\u00e3o comunista. Essas experi\u00eancias devem ser trocadas nas reuni\u00f5es de redatores de todo o pa\u00eds, reuni\u00f5es que procurem criar a maior unidade de tom e tend\u00eancia no conjunto da imprensa do Partido. Assim, essa imprensa, como qualquer jornal em particular, ser\u00e1 o melhor organizador do nosso trabalho revolucion\u00e1rio.<\/p>\n<p>Sem esse trabalho consciente de organiza\u00e7\u00e3o e de coordena\u00e7\u00e3o dos jornais comunistas e, em particular, do \u00f3rg\u00e3o central, colocar em pr\u00e1tica a centraliza\u00e7\u00e3o democr\u00e1tica e uma sadia divis\u00e3o do trabalho no interior do Partido e, consequentemente, tamb\u00e9m o cumprimento de sua miss\u00e3o hist\u00f3rica, \u00e9 imposs\u00edvel.<\/p>\n<p>O jornal comunista deve tentar ser uma empresa comunista, isto \u00e9, uma organiza\u00e7\u00e3o prolet\u00e1ria de combate, uma associa\u00e7\u00e3o de oper\u00e1rios revolucion\u00e1rios, de todos os que escrevem regularmente para o jornal, que o comp\u00f5em, imprimem, administram, distribuem, re\u00fanem o material de informa\u00e7\u00e3o, discutem e elaboram nas c\u00e9lulas, enfim, que agem cotidianamente para distribu\u00ed-lo, etc.<\/p>\n<p>Para fazer do jornal uma verdadeira organiza\u00e7\u00e3o de combate, uma poderosa e viva associa\u00e7\u00e3o de trabalhadores comunistas, imp\u00f5em-se v\u00e1rias medidas pr\u00e1ticas.<\/p>\n<p>Todo comunista se liga estreitamente a seu jornal, trabalhando e se sacrificando por ele. Ele \u00e9 sua arma cotidiana que, para servir, deve se transformar cada vez mais forte e afiado. Somente gra\u00e7as aos sacrif\u00edcios financeiros e materiais o jornal comunista conseguir\u00e1 se manter. Os membros do Partido devem, constantemente, fornecer os meios necess\u00e1rios para sua organiza\u00e7\u00e3o e para sua melhoria, at\u00e9 que ele seja distribu\u00eddo nos grandes partidos legais e s\u00f3lido o suficiente para organiza\u00e7\u00e3o do movimento comunista.<\/p>\n<p>N\u00e3o \u00e9 suficiente ser um agitador e um recrutador zeloso para o jornal; \u00e9 preciso tamb\u00e9m se transformar em colaborador \u00fatil. \u00c9 preciso informar o mais r\u00e1pido poss\u00edvel tudo o que mere\u00e7a ser observado, do ponto de vista social e econ\u00f4mico, na fra\u00e7\u00e3o sindical e nas c\u00e9lulas, do acidente de trabalho \u00e0 reuni\u00e3o profissional, dos maus-tratos dispensados aos jovens aprendizes at\u00e9 o relat\u00f3rio comercial da empresa. As fra\u00e7\u00f5es sindicais devem informar sobre as reuni\u00f5es e sobre as decis\u00f5es e medidas mais importantes tomadas por essas reuni\u00f5es e pelas dire\u00e7\u00f5es dos sindicatos, assim como sobre as atividades dos nossos advers\u00e1rios. A vida p\u00fablica das reuni\u00f5es e da rua oferece aos militantes atentos do Partido ocasi\u00e3o de observar com senso cr\u00edtico os detalhes, cuja utiliza\u00e7\u00e3o pelos jornais tornar\u00e1 clara aos mais indiferentes nossa atitude em rela\u00e7\u00e3o \u00e0s exig\u00eancias da vida.<\/p>\n<p>A comiss\u00e3o de reda\u00e7\u00e3o deve tratar com o maior carinho e zelo essas informa\u00e7\u00f5es sobre a vida dos oper\u00e1rios e suas organiza\u00e7\u00f5es e utiliz\u00e1-las como breves comunica\u00e7\u00f5es, dando a nosso jornal o car\u00e1ter de uma verdadeira comunidade de trabalho, viva e forte, ou para, \u00e0 luz desses exemplos pr\u00e1ticos da vida cotidiana dos oper\u00e1rios, tornar compreens\u00edveis os ensinamentos do comunismo, o que constitui a via mais r\u00e1pida para chegar a tornar viva e \u00edntima a ideia do comunismo ente as grandes massas oper\u00e1rias.<\/p>\n<p>Na medida do poss\u00edvel, a comiss\u00e3o de reda\u00e7\u00e3o dever\u00e1 estar \u00e0 disposi\u00e7\u00e3o dos oper\u00e1rios que venham visitar nosso jornal nas horas mais favor\u00e1veis do dia para acolher suas necessidades e as queixas relativas \u00e0 mis\u00e9ria de sua exist\u00eancia, para anot\u00e1-las com cuidado e servir-se delas para dar vida ao jornal. Certamente, na sociedade capitalista, nenhum dos nossos jornais se transformar\u00e1 numa verdadeira associa\u00e7\u00e3o de trabalho comunista. Pode-se, entretanto, mesmo nas condi\u00e7\u00f5es mais dif\u00edceis, organizar um jornal revolucion\u00e1rio oper\u00e1rio partindo desse ponto de vista.<\/p>\n<p>Isso est\u00e1 provado pelo exemplo do <i>Pravda<\/i>, de nossos camaradas russos, durante os anos de 1912-1913. Este jornal se constituiu realmente numa organiza\u00e7\u00e3o permanente e ativa dos oper\u00e1rios revolucion\u00e1rios conscientes nos centros mais importantes do Imp\u00e9rio Russo. Esses camaradas redigiam, editavam e distribu\u00edam conjuntamente o jornal; a maioria entre eles economizando o dinheiro necess\u00e1rio para as despesas do sal\u00e1rio de seu trabalho. O jornal, por seu lado, p\u00f4de lhes dar o que eles desejavam e o que tinham necessidade nos momentos de luta e que hoje lhes serve ainda no trabalho e na luta. Tal jornal, com efeito, pode ser para os membros do Partido e para todos os oper\u00e1rios revolucion\u00e1rios o que eles chamam de \u201cnosso jornal\u201d.<\/p>\n<p>O elemento essencial da atividade da imprensa de combate comunista \u00e9 a participa\u00e7\u00e3o direta nas campanhas conduzidas pelo Partido. Se, em certo momento, a atividade do Partido estiver concentrada em determinada campanha, o jornal do Partido deve colocar a servi\u00e7o dessa campanha todas as suas colunas, suas editorias, e n\u00e3o apenas os artigos de fundo. A reda\u00e7\u00e3o deve encontrar, em todos os dom\u00ednios, material para empreender essa campanha e aliment\u00e1-la da forma mais conveniente.<\/p>\n<p>O recrutamento para nosso jornal deve ser seguido conforme um sistema estabelecido. Antes de mais nada, \u00e9 preciso utilizar todas as situa\u00e7\u00f5es nas quais os oper\u00e1rios estejam vivamente integrados no movimento e nas quais a vida pol\u00edtica e social esteja mais agitada, seguida de algum evento pol\u00edtico e econ\u00f4mico. Assim, depois de cada greve ou paralisa\u00e7\u00e3o, durante os quais o jornal defendeu franca e energicamente os interesses dos oper\u00e1rios em luta, deve-se organizar, imediatamente ap\u00f3s o fim da greve, um trabalho de recrutamento entre os que tenham participado da greve. N\u00e3o apenas as fra\u00e7\u00f5es comunistas dos sindicatos e das categorias envolvidas no movimento grevista devem levar a propaganda do jornal em seu meio por meio de listas e assinaturas, mas tamb\u00e9m, na medida do poss\u00edvel, deve-se procurar as listas dos oper\u00e1rios que tenham feito a greve, bem como seus endere\u00e7os, a fim de que os grupos especiais encarregados dos interesses do jornal possam levar uma agita\u00e7\u00e3o a domic\u00edlio.<\/p>\n<p>Do mesmo modo, ap\u00f3s toda campanha pol\u00edtica eleitoral na qual seja despertado o interesse das massas oper\u00e1rias, deve ser levada uma campanha de agita\u00e7\u00e3o a domic\u00edlio, de casa em casa, pelos grupos de trabalhadores especialmente incumbidos desta tarefa nos diferentes bairros oper\u00e1rios.<\/p>\n<p>Durante as \u00e9pocas de crise pol\u00edtica ou econ\u00f4mica latentes, cujos efeitos se fa\u00e7am sentir nas massas oper\u00e1rias sob a forma de aumento de pre\u00e7os, desemprego e outras mis\u00e9rias, deve-se tentar, ap\u00f3s uma propaganda h\u00e1bil contra essa situa\u00e7\u00e3o, obter, se poss\u00edvel, por interm\u00e9dio das fra\u00e7\u00f5es sindicais, grandes listas de oper\u00e1rios organizados nos sindicatos, a fim de que o grupo especial do jornal possa continuar sistematicamente a agita\u00e7\u00e3o a domic\u00edlio.<\/p>\n<p>O grupo especial encarregado dos interesses do jornal n\u00e3o deve deixar passar nenhuma reuni\u00e3o p\u00fablica de oper\u00e1rios, nenhuma grande manifesta\u00e7\u00e3o sem, desde o in\u00edcio, e tamb\u00e9m durante os intervalos e ao final, agir de maneira mais ativa para obter assinaturas para nosso jornal. As fra\u00e7\u00f5es sindicais devem cumprir esta tarefa tamb\u00e9m em todas as reuni\u00f5es de seus sindicatos, nas c\u00e9lulas e fra\u00e7\u00f5es sindicais e nas reuni\u00f5es por categoria.<\/p>\n<p>Nosso jornal deve ser constantemente defendido pelos membros do Partido contra todos os seus inimigos. Todos os membros devem levar uma luta impiedosa contra a imprensa capitalista, revelar sua venalidade, suas mentiras, sua vileza reticente e suas intrigas.<\/p>\n<p>A imprensa social-democrata e socialista independente deve ser vencida e desmascarada em sua atitude traidora pelos exemplos da vida cotidiana, atrav\u00e9s de ataques cont\u00ednuos, mas sem se envolver em pequenas pol\u00eamicas de fra\u00e7\u00e3o. As fra\u00e7\u00f5es sindicais e outras devem se aplicar organizadamente a subtrair a influ\u00eancia perturbadora e paralisante dos jornais social-democratas entre os membros dos sindicatos e de outras associa\u00e7\u00f5es oper\u00e1rias. O trabalho de assinaturas para o nosso jornal, assim como a agita\u00e7\u00e3o a domic\u00edlio ou nas empresas, deve igualmente ser dirigido com habilidade contra a imprensa dos socialistas traidores.<\/p>\n<!-- Begin Yuzo --><div class='yuzo_related_post style-1'  data-version='5.12.89'><!-- without result --><div class='yuzo_clearfixed yuzo__title yuzo__title'><h3>Related Post<\/h3><\/div>\n\t\t\t\t\t\t  <div class=\"relatedthumb \" style=\"width:125px;float:left;overflow:hidden;\">  \n\t\t\t\t\t\t\t  \n\t\t\t\t\t\t\t  <a  href=\"https:\/\/redept.com.br\/blogosfera\/escola-de-mulheres-batucas-abre-inscricoes-para-oficinas-de-canto-e-percussao-em-porto-alegre\/\"  >\n\t\t\t\t\t\t\t\t\t  <div class=\"yuzo-img-wrap \" style=\"width: 125px;height:90px;\">\n\t\t\t\t\t\t\t\t\t\t\n\t\t\t\t\t\t\t\t\t\t<div class=\"yuzo-img\" style=\"background:url('https:\/\/redept.com.br\/blogosfera\/wp-content\/uploads\/2025\/08\/image-17-150x150.png') 50% 50% no-repeat;width: 125px;height:90px;margin-bottom: 5px;background-size: cover; \"><\/div>\n\t\t\t\t\t\t\t\t\t  <\/div>\n\t\t\t\t\t\t\t\t\t  \n\t\t\t\t\t\t\t\t   <span class=\"yuzo__text--title\" style=\"font-size:13px;\">Escola de mulheres \u2018Batucas\u2019 abre inscri\u00e7\u00f5es para ...<\/span>\n\t\t\t\t\t\t\t  \n\t\t\t\t\t\t\t  \n\t\t\t\t\t\t\t  <\/a>\n\n\t\t\t\t\t\t  <\/div>\n\t\t\t\t\t\t  <div class=\"relatedthumb \" style=\"width:125px;float:left;overflow:hidden;\">  \n\t\t\t\t\t\t\t  \n\t\t\t\t\t\t\t  <a  href=\"https:\/\/redept.com.br\/blogosfera\/depois-da-festa-a-cidade-que-fica-pos-carnaval\/\"  >\n\t\t\t\t\t\t\t\t\t  <div class=\"yuzo-img-wrap \" style=\"width: 125px;height:90px;\">\n\t\t\t\t\t\t\t\t\t\t\n\t\t\t\t\t\t\t\t\t\t<div class=\"yuzo-img\" style=\"background:url('https:\/\/redept.org\/blogosfera\/wp-content\/plugins\/yuzo-related-post\/assets\/images\/default.png') 50% 50% no-repeat;width: 125px;height:90px;margin-bottom: 5px;background-size: cover; \"><\/div>\n\t\t\t\t\t\t\t\t\t  <\/div>\n\t\t\t\t\t\t\t\t\t  \n\t\t\t\t\t\t\t\t   <span class=\"yuzo__text--title\" style=\"font-size:13px;\">Depois da festa: a cidade que fica p\u00f3s-carnaval<\/span>\n\t\t\t\t\t\t\t  \n\t\t\t\t\t\t\t  \n\t\t\t\t\t\t\t  <\/a>\n\n\t\t\t\t\t\t  <\/div>\n\t\t\t\t\t\t  <div class=\"relatedthumb \" style=\"width:125px;float:left;overflow:hidden;\">  \n\t\t\t\t\t\t\t  \n\t\t\t\t\t\t\t  <a  href=\"https:\/\/redept.com.br\/blogosfera\/anatel-reage-para-asfixiar-provedores-de-internet-do-crime-organizado\/\"  >\n\t\t\t\t\t\t\t\t\t  <div class=\"yuzo-img-wrap \" style=\"width: 125px;height:90px;\">\n\t\t\t\t\t\t\t\t\t\t\n\t\t\t\t\t\t\t\t\t\t<div class=\"yuzo-img\" style=\"background:url('https:\/\/redept.com.br\/blogosfera\/wp-content\/uploads\/2025\/07\/Captura-de-Tela-2025-07-10-as-143302-150x150.png') 50% 50% no-repeat;width: 125px;height:90px;margin-bottom: 5px;background-size: cover; \"><\/div>\n\t\t\t\t\t\t\t\t\t  <\/div>\n\t\t\t\t\t\t\t\t\t  \n\t\t\t\t\t\t\t\t   <span class=\"yuzo__text--title\" style=\"font-size:13px;\">Anatel reage para asfixiar provedores de internet ...<\/span>\n\t\t\t\t\t\t\t  \n\t\t\t\t\t\t\t  \n\t\t\t\t\t\t\t  <\/a>\n\n\t\t\t\t\t\t  <\/div>\n\t\t\t\t\t\t  <div class=\"relatedthumb \" style=\"width:125px;float:left;overflow:hidden;\">  \n\t\t\t\t\t\t\t  \n\t\t\t\t\t\t\t  <a  href=\"https:\/\/redept.com.br\/blogosfera\/manifestantes-queimam-bandeira-dos-eua-em-frente-ao-consulado-em-sao-paulo-contra-sequestro-de-maduro\/\"  >\n\t\t\t\t\t\t\t\t\t  <div class=\"yuzo-img-wrap \" style=\"width: 125px;height:90px;\">\n\t\t\t\t\t\t\t\t\t\t\n\t\t\t\t\t\t\t\t\t\t<div class=\"yuzo-img\" style=\"background:url('https:\/\/redept.org\/blogosfera\/wp-content\/plugins\/yuzo-related-post\/assets\/images\/default.png') 50% 50% no-repeat;width: 125px;height:90px;margin-bottom: 5px;background-size: cover; \"><\/div>\n\t\t\t\t\t\t\t\t\t  <\/div>\n\t\t\t\t\t\t\t\t\t  \n\t\t\t\t\t\t\t\t   <span class=\"yuzo__text--title\" style=\"font-size:13px;\">Manifestantes queimam bandeira dos EUA em frente a...<\/span>\n\t\t\t\t\t\t\t  \n\t\t\t\t\t\t\t  \n\t\t\t\t\t\t\t  <\/a>\n\n\t\t\t\t\t\t  <\/div>\n<\/div> <script>\n\t\t\t\t\t\t  jQuery(document).ready(function( $ ){\n\t\t\t\t\t\t\t\/\/jQuery('.yuzo_related_post').equalizer({ overflow : 'relatedthumb' });\n\t\t\t\t\t\t\tjQuery('.yuzo_related_post .yuzo_wraps').equalizer({ columns : '> div' });\n\t\t\t\t\t\t   })\n\t\t\t\t\t\t  <\/script> <!-- End Yuzo :) -->","protected":false},"excerpt":{"rendered":"<p><img decoding=\"async\" width=\"1440\" height=\"1920\" src=\"https:\/\/averdade.org.br\/wp-content\/uploads\/2026\/02\/P11-_-brigadista-326.jpeg\" alt=\"AGITA\u00c7\u00c3O. O jornal \u00e9 a principal arma do militante do Partido. Foto: JAV\/SP\">Este texto corresponde ao cap\u00edtulo VI do documento \u201cA Estrutura, os M\u00e9todos e a A\u00e7\u00e3o dos Partidos Comunistas\u201d, da III Internacional Comunista, aprovado em seu 3\u00ba Congresso, em junho de 1921. A imprensa comunista deve ser desenvolvida e melhorada pelo Partido com uma energia infatig\u00e1vel. Nenhum jornal poder\u00e1 ser reconhecido como \u00f3rg\u00e3o comunista se n\u00e3o [\u2026]<\/p>\n","protected":false},"author":2,"featured_media":72819,"comment_status":"open","ping_status":"closed","sticky":false,"template":"","format":"standard","meta":{"fifu_image_url":"","fifu_image_alt":"","footnotes":""},"categories":[758,467,32178,468,86,6386],"tags":[],"class_list":["post-72818","post","type-post","status-publish","format-standard","has-post-thumbnail","hentry","category-edicao-impressa","category-imprensa","category-jav-326","category-jornal","category-jornal-impresso","category-partido"],"_links":{"self":[{"href":"https:\/\/redept.com.br\/blogosfera\/wp-json\/wp\/v2\/posts\/72818","targetHints":{"allow":["GET"]}}],"collection":[{"href":"https:\/\/redept.com.br\/blogosfera\/wp-json\/wp\/v2\/posts"}],"about":[{"href":"https:\/\/redept.com.br\/blogosfera\/wp-json\/wp\/v2\/types\/post"}],"author":[{"embeddable":true,"href":"https:\/\/redept.com.br\/blogosfera\/wp-json\/wp\/v2\/users\/2"}],"replies":[{"embeddable":true,"href":"https:\/\/redept.com.br\/blogosfera\/wp-json\/wp\/v2\/comments?post=72818"}],"version-history":[{"count":0,"href":"https:\/\/redept.com.br\/blogosfera\/wp-json\/wp\/v2\/posts\/72818\/revisions"}],"wp:featuredmedia":[{"embeddable":true,"href":"https:\/\/redept.com.br\/blogosfera\/wp-json\/wp\/v2\/media\/72819"}],"wp:attachment":[{"href":"https:\/\/redept.com.br\/blogosfera\/wp-json\/wp\/v2\/media?parent=72818"}],"wp:term":[{"taxonomy":"category","embeddable":true,"href":"https:\/\/redept.com.br\/blogosfera\/wp-json\/wp\/v2\/categories?post=72818"},{"taxonomy":"post_tag","embeddable":true,"href":"https:\/\/redept.com.br\/blogosfera\/wp-json\/wp\/v2\/tags?post=72818"}],"curies":[{"name":"wp","href":"https:\/\/api.w.org\/{rel}","templated":true}]}}