{"id":72820,"date":"2026-02-02T23:51:01","date_gmt":"2026-02-03T02:51:01","guid":{"rendered":"https:\/\/redept.com.br\/blogosfera\/uma-a-cada-tres-mulheres-ja-sofreu-violencia-no-mundo-todo\/"},"modified":"2026-02-02T23:51:01","modified_gmt":"2026-02-03T02:51:01","slug":"uma-a-cada-tres-mulheres-ja-sofreu-violencia-no-mundo-todo","status":"publish","type":"post","link":"https:\/\/redept.com.br\/blogosfera\/uma-a-cada-tres-mulheres-ja-sofreu-violencia-no-mundo-todo\/","title":{"rendered":"Uma a cada tr\u00eas mulheres j\u00e1 sofreu viol\u00eancia no mundo todo"},"content":{"rendered":"<p><img fetchpriority=\"high\" width=\"1066\" height=\"710\"src=\"https:\/\/redept.com.br\/blogosfera\/wp-content\/uploads\/2026\/02\/P10-_-SC.jpeg\" alt=\"CHEGA DE VIOL\u00caNCIA. Mulheres n\u00e3o se calar\u00e3o!. Foto: Diorgenes Pandini\" link_thumbnail=\"\" decoding=\"async\" srcset=\"https:\/\/redept.com.br\/blogosfera\/wp-content\/uploads\/2026\/02\/P10-_-SC.jpeg 1066w, https:\/\/averdade.org.br\/wp-content\/uploads\/2026\/02\/P10-_-SC-350x233.jpeg 350w, https:\/\/averdade.org.br\/wp-content\/uploads\/2026\/02\/P10-_-SC-1024x682.jpeg 1024w, https:\/\/averdade.org.br\/wp-content\/uploads\/2026\/02\/P10-_-SC-250x167.jpeg 250w, https:\/\/averdade.org.br\/wp-content\/uploads\/2026\/02\/P10-_-SC-768x512.jpeg 768w, https:\/\/averdade.org.br\/wp-content\/uploads\/2026\/02\/P10-_-SC-150x100.jpeg 150w, https:\/\/averdade.org.br\/wp-content\/uploads\/2026\/02\/P10-_-SC-300x200.jpeg 300w, https:\/\/averdade.org.br\/wp-content\/uploads\/2026\/02\/P10-_-SC-696x464.jpeg 696w\" sizes=\"(max-width: 1066px) 100vw, 1066px\"><\/p>\n<p><strong>O Movimento de Mulheres Olga Benario realizou mais de 30 atos em todo o Brasil para marcar o Dia Internacional de Luta pelo Fim da Viol\u00eancia contra as Mulheres (25). De ocupa\u00e7\u00f5es em prefeituras a interven\u00e7\u00f5es em portas de f\u00e1bricas, a jornada de lutas exigiu pol\u00edticas p\u00fablicas reais, centros de refer\u00eancia e o fim da opress\u00e3o de g\u00eanero.<\/strong><\/p>\n<p><b>Larissa Mayumi | Movimento Olga Benario<\/b><\/p>\n<hr>\n<p><strong>MULHERES \u2013 <\/strong>Dia 25 de novembro \u00e9 o dia internacional de luta pelo fim da viol\u00eancia contra as mulheres. Assim, a Organiza\u00e7\u00e3o Mundial da Sa\u00fade (OMS) apresentou relat\u00f3rio feito com dados de 168 pa\u00edses recolhidos entre 2000 e 2023. S\u00f3 no \u00faltimo ano, 316 milh\u00f5es de mulheres sofreram viol\u00eancia f\u00edsica ou sexual. 840 milh\u00f5es de mulheres em todo o mundo, ou seja, uma em cada tr\u00eas j\u00e1 sofreu viol\u00eancia f\u00edsica ou sexual ao longo de sua vida.<\/p>\n<p>Entre os principais fatores para essa realidade, a OMS aponta os cortes no financiamento de pol\u00edticas de preven\u00e7\u00e3o da viol\u00eancia contra as mulheres. Em 2022, apenas 0,2% da ajuda ao desenvolvimento global foi destinado a estas a\u00e7\u00f5es, mesmo a viol\u00eancia contra as mulheres sendo considerada um dos principais problemas de sa\u00fade p\u00fablica no mundo. O reflexo disso \u00e9 uma melhora muito aqu\u00e9m do necess\u00e1rio, com diminui\u00e7\u00e3o de 0,2% nas taxas de viol\u00eancia mundiais por ano.<\/p>\n<p>Outro dado apresentado \u00e9 o de que 21% das adolescentes entre 15 e 19 anos de idade j\u00e1 sofreram viol\u00eancia f\u00edsica ou sexual por seus parceiros \u00edntimos. E 23% das mulheres com 65 anos ou mais tamb\u00e9m j\u00e1 sofreram este tipo de agress\u00e3o.<\/p>\n<p>A OMS tamb\u00e9m especificou a alta taxa de viol\u00eancia cometida por parceiros nos pa\u00edses que falam a l\u00edngua portuguesa. Sendo Timor-Leste apresentando taxa de 41,7%, Angola com 33,9%, S\u00e3o Tom\u00e9 e Pr\u00edncipe com 30,4%, Mo\u00e7ambique, 24,4%, Brasil, 19,3%, e Cabo Verde, 17,3%. Lembrando sempre que a subnotifica\u00e7\u00e3o \u00e9 uma realidade quando o assunto \u00e9 viol\u00eancia de g\u00eanero.<\/p>\n<h4><b>Origem da opress\u00e3o das mulheres<\/b><\/h4>\n<p>A viol\u00eancia contra a mulher n\u00e3o come\u00e7ou ontem. H\u00e1 s\u00e9culos e at\u00e9 mil\u00eanios a mulher \u00e9 subjugada na sociedade. A viol\u00eancia f\u00edsica, sexual, psicol\u00f3gica contra a mulher \u2013 ou o \u201cdireito\u201d de agredir mulheres \u2013 est\u00e1 ligada a uma rela\u00e7\u00e3o de poder na sociedade. \u00c9 como se determinada parcela da popula\u00e7\u00e3o tivesse o poder de ditar o que a mulher pode ou n\u00e3o fazer e, se ela n\u00e3o se submeter, deve apanhar para colocar-se no seu lugar.<\/p>\n<p>Com o desenvolvimento da sociedade e a produ\u00e7\u00e3o de excedentes, surgem as bases para a apropria\u00e7\u00e3o desses excedentes: a propriedade privada. A propriedade privada, por sua vez, traz outra necessidade: a heran\u00e7a, ou para quem deixar essa propriedade acumulada. Desde ent\u00e3o, a mulher passa a ter a fun\u00e7\u00e3o de carregar os herdeiros dessa propriedade acumulada e se torna propriedade igualmente.<\/p>\n<p>O capitalismo potencializa ainda mais essas viol\u00eancias, a partir do momento que transforma tudo em mercadoria, sendo a mulher tamb\u00e9m tratada como mercadoria, uma vez que se tornou propriedade. Neste tempo de profunda crise do capitalismo, onde as contradi\u00e7\u00f5es aumentam, aumenta-se tamb\u00e9m a viol\u00eancia contra as mulheres.<\/p>\n<h4><b>Lutas no Brasil todo<\/b><\/h4>\n<p>Diante desta realidade de viol\u00eancia, as mulheres n\u00e3o abaixaram a cabe\u00e7a e, ano ap\u00f3s ano, t\u00eam constru\u00eddo mais mobiliza\u00e7\u00f5es, atos, ocupa\u00e7\u00f5es denunciando o aumento da viol\u00eancia e lutando por delegacias da mulher 24 horas, centros de refer\u00eancia para mulheres, moradia digna, creche e outras pol\u00edticas fundamentais para prevenir a viol\u00eancia e os feminic\u00eddios.<\/p>\n<p>Neste \u00faltimo dia 25, foram mais de 30 atos espalhados pelo Brasil organizados pelo Movimento de Mulheres Olga Benario. Com mobiliza\u00e7\u00f5es em bairros, nos centros das cidades, panfletagem e agita\u00e7\u00f5es com megafone, faixas e cartazes nas portas de f\u00e1bricas, rodas de conversa para debater viol\u00eancia.<\/p>\n<p>Em Minas Gerais, foi realizada uma ocupa\u00e7\u00e3o na Universidade Federal de Minas Gerais (UFMG), inaugurando a Sala de enfrentamento \u00e0 viol\u00eancia Walkiria Afonso Costa. \u201cReivindicamos da universidade uma sala de acolhimento qualificado, um formul\u00e1rio para mapeamento da seguran\u00e7a das estudantes dentro da universidade, a melhoria de infraestrutura e ilumina\u00e7\u00e3o do campus e campanha de conscientiza\u00e7\u00e3o contra o ass\u00e9dio\u201d, afirma Natalia, estudante de psicologia da UFMG.<\/p>\n<p>Em Santa Catarina, onde ocorreram mais de 10 casos de feminic\u00eddio somente em novembro, o ato foi no centro de Florian\u00f3polis e contou com dezenas de mulheres. \u201cA morte da Catarina [\u00faltima v\u00edtima de feminic\u00eddio do estado] n\u00e3o tem a ver com o desejo sexual. Tem a ver com o poder. \u00c9 uma forma que essa sociedade tem de nos dominar e de colocar medo. E cada uma que t\u00e1 aqui hoje, t\u00e1 dizendo que n\u00e3o tem medo. Essa \u00e9 a \u00fanica forma de nos organizar e dizer o que a gente precisa! \u00c9 fazendo greve em f\u00e1brica, \u00e9 se mobilizando na rua, \u00e9 convidando outras mulheres pra lutar\u201d, afirma Nathalia, do Movimento Olga na manifesta\u00e7\u00e3o.<\/p>\n<p>J\u00e1 no Distrito Federal, mais de 300 mil mulheres ocuparam as ruas na Marcha das Mulheres Negras, e o Movimento Olga tamb\u00e9m esteve presente. E, em Recife, o ato contou com cerca de 200 mulheres ocupando as ruas para denunciar a viol\u00eancia e os feminic\u00eddios.<\/p>\n<p>Em Natal, no Rio Grande do Norte, o Movimento ocupou a prefeitura e em resposta a Guarda Municipal usou de viol\u00eancia contra as mulheres. \u201cN\u00f3s estamos ocupando a prefeitura para denunciar que ela n\u00e3o investe em pol\u00edticas p\u00fablicas para as mulheres. A Delegacia da Mulher t\u00e1 fechada h\u00e1 cinco anos, o Centro de refer\u00eancia est\u00e1 precarizado\u201d, denunciam as mulheres em jogral na ocupa\u00e7\u00e3o. Elas se mantiveram firmes, e fruto da mobiliza\u00e7\u00e3o, conquistaram reuni\u00e3o com o gabinete da Prefeitura para poder apresentar as demandas das mulheres da cidade. J\u00e1 em Bel\u00e9m do Par\u00e1, o ato foi em frente \u00e0 Delegacia Estadual de Atendimento \u00e0s Mulheres (Deam).<\/p>\n<p>Al\u00e9m disso, ocorreram v\u00e1rias a\u00e7\u00f5es em portas de f\u00e1bricas, como Alsco, Poliestampo, BRF e Tupy, onde o Movimento de Mulheres Olga Benario realizou panfletagens e denunciou os casos de ass\u00e9dio e viol\u00eancia aos quais as oper\u00e1rias est\u00e3o submetidas, as interven\u00e7\u00f5es resultaram no interesse de diversas trabalhadoras em se organizar.<\/p>\n<p>Essas a\u00e7\u00f5es demonstram que as mulheres n\u00e3o abaixam a cabe\u00e7a diante desse cen\u00e1rio de viol\u00eancia e de norte a sul do pa\u00eds, constru\u00edram mobiliza\u00e7\u00f5es capazes de alcan\u00e7ar mais mulheres dispostas a lutar em defesa das suas vidas e de todas n\u00f3s. Agora, devemos continuar as mobiliza\u00e7\u00f5es, realizar reuni\u00f5es com as mulheres que conheceram o Olga a partir dessas a\u00e7\u00f5es para debater como dar seguimento \u00e0 luta por pol\u00edticas de enfrentamento \u00e0 viol\u00eancia, seguindo unidas e em luta at\u00e9 eliminarmos essa sociedade baseada na propriedade privada, a verdadeira raiz da opress\u00e3o \u00e0s mulheres!<\/p>\n<p><em>Mat\u00e9ria publicada na edi\u00e7\u00e3o n\u00ba326 do Jornal A Verdade.<\/em><\/p>\n<!-- Begin Yuzo --><div class='yuzo_related_post style-1'  data-version='5.12.89'><!-- without result --><div class='yuzo_clearfixed yuzo__title yuzo__title'><h3>Related Post<\/h3><\/div>\n\t\t\t\t\t\t  <div class=\"relatedthumb \" style=\"width:125px;float:left;overflow:hidden;\">  \n\t\t\t\t\t\t\t  \n\t\t\t\t\t\t\t  <a  href=\"https:\/\/redept.com.br\/blogosfera\/pt-45-anos-festa-popular-e-democratica-tera-programacao-diversificada\/\"  >\n\t\t\t\t\t\t\t\t\t  <div class=\"yuzo-img-wrap \" style=\"width: 125px;height:90px;\">\n\t\t\t\t\t\t\t\t\t\t\n\t\t\t\t\t\t\t\t\t\t<div class=\"yuzo-img\" style=\"background:url('https:\/\/redept.org\/blogosfera\/wp-content\/plugins\/yuzo-related-post\/assets\/images\/default.png') 50% 50% no-repeat;width: 125px;height:90px;margin-bottom: 5px;background-size: cover; \"><\/div>\n\t\t\t\t\t\t\t\t\t  <\/div>\n\t\t\t\t\t\t\t\t\t  \n\t\t\t\t\t\t\t\t   <span class=\"yuzo__text--title\" style=\"font-size:13px;\">PT 45 anos: Festa popular e democr\u00e1tica ter\u00e1 progr...<\/span>\n\t\t\t\t\t\t\t  \n\t\t\t\t\t\t\t  \n\t\t\t\t\t\t\t  <\/a>\n\n\t\t\t\t\t\t  <\/div>\n\t\t\t\t\t\t  <div class=\"relatedthumb \" style=\"width:125px;float:left;overflow:hidden;\">  \n\t\t\t\t\t\t\t  \n\t\t\t\t\t\t\t  <a  href=\"https:\/\/redept.com.br\/blogosfera\/programa-papo-na-laje-estreia-no-catalogo-da-primeira-plataforma-publica-de-streaming-no-brasil\/\"  >\n\t\t\t\t\t\t\t\t\t  <div class=\"yuzo-img-wrap \" style=\"width: 125px;height:90px;\">\n\t\t\t\t\t\t\t\t\t\t\n\t\t\t\t\t\t\t\t\t\t<div class=\"yuzo-img\" style=\"background:url('https:\/\/redept.org\/blogosfera\/wp-content\/plugins\/yuzo-related-post\/assets\/images\/default.png') 50% 50% no-repeat;width: 125px;height:90px;margin-bottom: 5px;background-size: cover; \"><\/div>\n\t\t\t\t\t\t\t\t\t  <\/div>\n\t\t\t\t\t\t\t\t\t  \n\t\t\t\t\t\t\t\t   <span class=\"yuzo__text--title\" style=\"font-size:13px;\">Programa Papo na Laje estreia no cat\u00e1logo da prime...<\/span>\n\t\t\t\t\t\t\t  \n\t\t\t\t\t\t\t  \n\t\t\t\t\t\t\t  <\/a>\n\n\t\t\t\t\t\t  <\/div>\n\t\t\t\t\t\t  <div class=\"relatedthumb \" style=\"width:125px;float:left;overflow:hidden;\">  \n\t\t\t\t\t\t\t  \n\t\t\t\t\t\t\t  <a  href=\"https:\/\/redept.com.br\/blogosfera\/pf-afirma-que-bolsonaro-recebeu-r-30-milhoes-em-um-ano\/\"  >\n\t\t\t\t\t\t\t\t\t  <div class=\"yuzo-img-wrap \" style=\"width: 125px;height:90px;\">\n\t\t\t\t\t\t\t\t\t\t\n\t\t\t\t\t\t\t\t\t\t<div class=\"yuzo-img\" style=\"background:url('https:\/\/redept.org\/blogosfera\/wp-content\/plugins\/yuzo-related-post\/assets\/images\/default.png') 50% 50% no-repeat;width: 125px;height:90px;margin-bottom: 5px;background-size: cover; \"><\/div>\n\t\t\t\t\t\t\t\t\t  <\/div>\n\t\t\t\t\t\t\t\t\t  \n\t\t\t\t\t\t\t\t   <span class=\"yuzo__text--title\" style=\"font-size:13px;\">PF afirma que Bolsonaro recebeu R$ 30 milh\u00f5es em u...<\/span>\n\t\t\t\t\t\t\t  \n\t\t\t\t\t\t\t  \n\t\t\t\t\t\t\t  <\/a>\n\n\t\t\t\t\t\t  <\/div>\n\t\t\t\t\t\t  <div class=\"relatedthumb \" style=\"width:125px;float:left;overflow:hidden;\">  \n\t\t\t\t\t\t\t  \n\t\t\t\t\t\t\t  <a  href=\"https:\/\/redept.com.br\/blogosfera\/fantoches-num-jantar-de-gala-uma-analise-critica-da-remilitarizacao-da-europa\/\"  >\n\t\t\t\t\t\t\t\t\t  <div class=\"yuzo-img-wrap \" style=\"width: 125px;height:90px;\">\n\t\t\t\t\t\t\t\t\t\t\n\t\t\t\t\t\t\t\t\t\t<div class=\"yuzo-img\" style=\"background:url('https:\/\/redept.com.br\/blogosfera\/wp-content\/uploads\/2025\/06\/europa-otan-150x150.webp') 50% 50% no-repeat;width: 125px;height:90px;margin-bottom: 5px;background-size: cover; \"><\/div>\n\t\t\t\t\t\t\t\t\t  <\/div>\n\t\t\t\t\t\t\t\t\t  \n\t\t\t\t\t\t\t\t   <span class=\"yuzo__text--title\" style=\"font-size:13px;\">Fantoches num jantar de gala: uma an\u00e1lise cr\u00edtica ...<\/span>\n\t\t\t\t\t\t\t  \n\t\t\t\t\t\t\t  \n\t\t\t\t\t\t\t  <\/a>\n\n\t\t\t\t\t\t  <\/div>\n<\/div> <script>\n\t\t\t\t\t\t  jQuery(document).ready(function( $ ){\n\t\t\t\t\t\t\t\/\/jQuery('.yuzo_related_post').equalizer({ overflow : 'relatedthumb' });\n\t\t\t\t\t\t\tjQuery('.yuzo_related_post .yuzo_wraps').equalizer({ columns : '> div' });\n\t\t\t\t\t\t   })\n\t\t\t\t\t\t  <\/script> <!-- End Yuzo :) -->","protected":false},"excerpt":{"rendered":"<p><img decoding=\"async\" width=\"1066\" height=\"710\" src=\"https:\/\/averdade.org.br\/wp-content\/uploads\/2026\/02\/P10-_-SC.jpeg\" alt=\"CHEGA DE VIOL\u00caNCIA. Mulheres n\u00e3o se calar\u00e3o!. Foto: Diorgenes Pandini\">O Movimento de Mulheres Olga Benario realizou mais de 30 atos em todo o Brasil para marcar o Dia Internacional de Luta pelo Fim da Viol\u00eancia contra as Mulheres (25). De ocupa\u00e7\u00f5es em prefeituras a interven\u00e7\u00f5es em portas de f\u00e1bricas, a jornada de lutas exigiu pol\u00edticas p\u00fablicas reais, centros de refer\u00eancia e o fim da [\u2026]<\/p>\n","protected":false},"author":2,"featured_media":72821,"comment_status":"open","ping_status":"closed","sticky":false,"template":"","format":"standard","meta":{"fifu_image_url":"","fifu_image_alt":"","footnotes":""},"categories":[758,32178,86,82,77],"tags":[],"class_list":["post-72820","post","type-post","status-publish","format-standard","has-post-thumbnail","hentry","category-edicao-impressa","category-jav-326","category-jornal-impresso","category-mulheres","category-violencia"],"_links":{"self":[{"href":"https:\/\/redept.com.br\/blogosfera\/wp-json\/wp\/v2\/posts\/72820","targetHints":{"allow":["GET"]}}],"collection":[{"href":"https:\/\/redept.com.br\/blogosfera\/wp-json\/wp\/v2\/posts"}],"about":[{"href":"https:\/\/redept.com.br\/blogosfera\/wp-json\/wp\/v2\/types\/post"}],"author":[{"embeddable":true,"href":"https:\/\/redept.com.br\/blogosfera\/wp-json\/wp\/v2\/users\/2"}],"replies":[{"embeddable":true,"href":"https:\/\/redept.com.br\/blogosfera\/wp-json\/wp\/v2\/comments?post=72820"}],"version-history":[{"count":0,"href":"https:\/\/redept.com.br\/blogosfera\/wp-json\/wp\/v2\/posts\/72820\/revisions"}],"wp:featuredmedia":[{"embeddable":true,"href":"https:\/\/redept.com.br\/blogosfera\/wp-json\/wp\/v2\/media\/72821"}],"wp:attachment":[{"href":"https:\/\/redept.com.br\/blogosfera\/wp-json\/wp\/v2\/media?parent=72820"}],"wp:term":[{"taxonomy":"category","embeddable":true,"href":"https:\/\/redept.com.br\/blogosfera\/wp-json\/wp\/v2\/categories?post=72820"},{"taxonomy":"post_tag","embeddable":true,"href":"https:\/\/redept.com.br\/blogosfera\/wp-json\/wp\/v2\/tags?post=72820"}],"curies":[{"name":"wp","href":"https:\/\/api.w.org\/{rel}","templated":true}]}}