{"id":72822,"date":"2026-02-03T00:09:53","date_gmt":"2026-02-03T03:09:53","guid":{"rendered":"https:\/\/redept.com.br\/blogosfera\/como-organizar-a-classe-operaria-nas-fabricas\/"},"modified":"2026-02-03T00:09:53","modified_gmt":"2026-02-03T03:09:53","slug":"como-organizar-a-classe-operaria-nas-fabricas","status":"publish","type":"post","link":"https:\/\/redept.com.br\/blogosfera\/como-organizar-a-classe-operaria-nas-fabricas\/","title":{"rendered":"Como organizar a classe oper\u00e1ria nas f\u00e1bricas?"},"content":{"rendered":"<p><img fetchpriority=\"high\" width=\"1600\" height=\"900\"src=\"https:\/\/redept.com.br\/blogosfera\/wp-content\/uploads\/2026\/02\/P9-_-Stilasp.jpg\" alt=\"ORGANIZA\u00c7\u00c3O. Oper\u00e1rios s\u00e3o a for\u00e7a principal da revolu\u00e7\u00e3o. Foto: STILASP\" link_thumbnail=\"\" decoding=\"async\" srcset=\"https:\/\/redept.com.br\/blogosfera\/wp-content\/uploads\/2026\/02\/P9-_-Stilasp.jpg 1600w, https:\/\/averdade.org.br\/wp-content\/uploads\/2026\/02\/P9-_-Stilasp-350x197.jpg 350w, https:\/\/averdade.org.br\/wp-content\/uploads\/2026\/02\/P9-_-Stilasp-1024x576.jpg 1024w, https:\/\/averdade.org.br\/wp-content\/uploads\/2026\/02\/P9-_-Stilasp-250x141.jpg 250w, https:\/\/averdade.org.br\/wp-content\/uploads\/2026\/02\/P9-_-Stilasp-768x432.jpg 768w, https:\/\/averdade.org.br\/wp-content\/uploads\/2026\/02\/P9-_-Stilasp-1536x864.jpg 1536w, https:\/\/averdade.org.br\/wp-content\/uploads\/2026\/02\/P9-_-Stilasp-150x84.jpg 150w, https:\/\/averdade.org.br\/wp-content\/uploads\/2026\/02\/P9-_-Stilasp-300x169.jpg 300w, https:\/\/averdade.org.br\/wp-content\/uploads\/2026\/02\/P9-_-Stilasp-696x392.jpg 696w, https:\/\/averdade.org.br\/wp-content\/uploads\/2026\/02\/P9-_-Stilasp-1068x601.jpg 1068w\" sizes=\"(max-width: 1600px) 100vw, 1600px\"><\/p>\n<p><strong>Diante da sistem\u00e1tica repress\u00e3o patronal e das barreiras \u00e0 livre organiza\u00e7\u00e3o sindical, o Movimento Luta de Classes refor\u00e7a a necessidade de organizar n\u00facleos oper\u00e1rios combativos diretamente no \u201cch\u00e3o de f\u00e1brica\u201d.<\/strong><\/p>\n<p><strong>Coordena\u00e7\u00e3o Nacional do MLC<\/strong><\/p>\n<hr>\n<p><strong>TRABALHADOR UNIDO \u2013 <\/strong>Os trabalhadores e as trabalhadoras das ind\u00fastrias s\u00e3o a fonte principal da extra\u00e7\u00e3o de mais-valia, s\u00e3o os que constroem e transformam as riquezas do Brasil em mercadorias nos mais diversos setores: aliment\u00edcio, t\u00eaxtil, qu\u00edmico, minera\u00e7\u00e3o, metalurgia, etc. E s\u00e3o os oper\u00e1rios fabris que t\u00eam a condi\u00e7\u00e3o de mudar profundamente a organiza\u00e7\u00e3o econ\u00f4mica de um pa\u00eds. Logo, sem a classe oper\u00e1ria que est\u00e1 no ch\u00e3o de f\u00e1brica, a revolu\u00e7\u00e3o socialista n\u00e3o acontece.<\/p>\n<p>Sabendo dessa import\u00e2ncia fundamental, os patr\u00f5es e lacaios da burguesia jamais permitir\u00e3o de bom grado que os trabalhadores se organizem para lutar por melhorias no seu local de trabalho, maiores sal\u00e1rios, condi\u00e7\u00f5es de trabalho e direitos trabalhistas. Por mais que o direito de organiza\u00e7\u00e3o sindical esteja previsto na Constitui\u00e7\u00e3o Federal, sabemos que s\u00e3o muitas as empresas que demonizam e excluem a representa\u00e7\u00e3o sindical, impedem a circula\u00e7\u00e3o de materiais informativos, perseguem os trabalhadores que se filiam ao sindicato e dificultam o contato entre o sindicato e os trabalhadores.<\/p>\n<p>Como, ent\u00e3o, \u00e9 poss\u00edvel construir um movimento oper\u00e1rio e sindical revolucion\u00e1rio debaixo de tamanha opress\u00e3o? O primeiro passo \u00e9 tomar a decis\u00e3o de organizar a classe oper\u00e1ria em seu local de trabalho sob quaisquer que forem as condi\u00e7\u00f5es.<\/p>\n<p>L\u00eanin chegou a escrever, no seu texto <i>Carta a um camarada<\/i>: \u201cA organiza\u00e7\u00e3o oper\u00e1ria de f\u00e1brica dever\u00e1 ser t\u00e3o conspirativa em seu interior, quanto \u2018ramificada\u2019 no seu exterior, isto \u00e9, nas suas rela\u00e7\u00f5es externas dever\u00e1 levar seus tent\u00e1culos t\u00e3o longe e nas mais diferentes dire\u00e7\u00f5es, quanto qualquer outra organiza\u00e7\u00e3o revolucion\u00e1ria\u201d.<\/p>\n<p>Para o avan\u00e7o ideol\u00f3gico dos trabalhadores, devem ser usadas as plen\u00e1rias do socialismo, as rodas de conversa conjuntas com outros movimentos (MLB, Olga, UJR, FNR), assim como os document\u00e1rios produzidos pelo jornal <b><i>A Verdade <\/i><\/b>e os livros das Edi\u00e7\u00f5es Manoel Lisboa.<\/p>\n<p>Mas \u00e9 preciso, acima de tudo, um n\u00facleo est\u00e1vel que se re\u00fana periodicamente e realize a\u00e7\u00f5es pr\u00e1ticas. Cada trabalhador ou trabalhadora que queira lutar deve estar organizados num n\u00facleo do Movimento Luta de Classes (MLC), seja por local de trabalho, por categoria, seja por regi\u00e3o.<\/p>\n<p>\u00c9 importante aproximar os oper\u00e1rios rec\u00e9m-chegados ao Movimento por meio da realiza\u00e7\u00e3o de atividades culturais, visitas domiciliares e acompanhamento individual. Viver entre os oper\u00e1rios significa ir ao futebol, \u00e0s confraterniza\u00e7\u00f5es, fazer exerc\u00edcios juntos, ir ao churrasco do final de semana, conversar sobre a religi\u00e3o de forma respeitosa, enfim, participar da vida quotidiana.<\/p>\n<p>Os comunistas que atuam dentro de uma f\u00e1brica devem, ainda, ser o espelho do novo homem e da nova mulher, devem ser s\u00edmbolo de comprometimento com o servi\u00e7o, de zelo com os materiais e com os colegas, deve elevar a moral dos trabalhadores, enaltecer suas cria\u00e7\u00f5es e feitos, escutar com aten\u00e7\u00e3o e aprender com aqueles que t\u00eam mais experi\u00eancia.<\/p>\n<p>Ho Chi Minh nos ensina que os comunistas revolucion\u00e1rios devem \u201cpreocupar-se com as tarefas antes dos outros e descansar depois dos outros\u201d. Mas o que isso quer dizer? A disciplina, a pontualidade, a organiza\u00e7\u00e3o no setor e a qualidade do trabalho realizado s\u00e3o quest\u00f5es cobradas da classe oper\u00e1ria a todo o tempo. Esses requisitos s\u00e3o indispens\u00e1veis para que um comunista conquiste a confian\u00e7a de seus colegas de trabalho.<\/p>\n<p>Os comunistas devem compor as comiss\u00f5es de f\u00e1brica, participar da vida org\u00e2nica do seu local de trabalho. Mesmo sob condi\u00e7\u00f5es duras de impedimento da organiza\u00e7\u00e3o sindical, as f\u00e1bricas possuem \u00f3rg\u00e3os internos que podem se transformar em organismos de luta e conquistas, como \u00e9 o caso da Cipaa (Comiss\u00e3o Interna de Preven\u00e7\u00e3o de Acidentes e Ass\u00e9dio), que foi regularizada pelo Minist\u00e9rio do Trabalho.<\/p>\n<p>Sua fun\u00e7\u00e3o \u00e9 promover melhorias nas condi\u00e7\u00f5es de sa\u00fade e seguran\u00e7a do trabalho, al\u00e9m de garantir que o trabalhador eleito tenha estabilidade no emprego at\u00e9 um ano ap\u00f3s o fim do seu mandato, j\u00e1 que sabemos que as empresas precisam precarizar a sa\u00fade e a seguran\u00e7a do trabalhador para explorar e extrair mais lucros para seus bolsos.<\/p>\n<h4><b>Greves e lutas<\/b><\/h4>\n<p>As greves s\u00e3o a escola do socialismo na vida do oper\u00e1rio. S\u00e3o deliberadas em assembleias dos trabalhadores de uma determinada categoria e, portanto, devemos participar ao m\u00e1ximo desses espa\u00e7os, com o jornal <b><i>A Verdade<\/i><\/b>, para fortalecer o esp\u00edrito de luta e levar aos trabalhadores uma mensagem pol\u00edtica.<\/p>\n<p>\u00c9 dever dos comunistas estar nas assembleias, participar das reuni\u00f5es do sindicato e dos grupos de trabalho, fazer uso da palavra, propor, defender a linha revolucion\u00e1ria dentro dos espa\u00e7os sindicais, compor as fileiras sindicais, aumentar as filia\u00e7\u00f5es ao sindicato, defender a presen\u00e7a do sindicato nos locais de trabalho, participar dos congressos e confer\u00eancias tem\u00e1ticas e nunca se eximir de participar da disputa pol\u00edtica dentro do sindicato.<\/p>\n<p>Precisamos lutar para a estabilidade e dura\u00e7\u00e3o das nossas a\u00e7\u00f5es, principalmente, no trabalho sindical. Devemos lutar por elei\u00e7\u00f5es democr\u00e1ticas e que representem a maior parte da categoria, assim, sentiremos nos votos dados \u00e0 linha revolucion\u00e1ria a sinceridade e confian\u00e7a dos trabalhadores no nosso trabalho realizado e ao que temos a realizar.<\/p>\n<p><em>Mat\u00e9ria publicada na edi\u00e7\u00e3o n\u00ba326 do Jornal A Verdade.<\/em><\/p>\n<!-- Begin Yuzo --><div class='yuzo_related_post style-1'  data-version='5.12.89'><!-- without result --><div class='yuzo_clearfixed yuzo__title yuzo__title'><h3>Related Post<\/h3><\/div>\n\t\t\t\t\t\t  <div class=\"relatedthumb \" style=\"width:125px;float:left;overflow:hidden;\">  \n\t\t\t\t\t\t\t  \n\t\t\t\t\t\t\t  <a  href=\"https:\/\/redept.com.br\/blogosfera\/mp-e-acionado-apos-prefeitura-de-sp-aprovar-obras-irregulares-em-areas-de-risco-e-protecao-ambiental\/\"  >\n\t\t\t\t\t\t\t\t\t  <div class=\"yuzo-img-wrap \" style=\"width: 125px;height:90px;\">\n\t\t\t\t\t\t\t\t\t\t\n\t\t\t\t\t\t\t\t\t\t<div class=\"yuzo-img\" style=\"background:url('https:\/\/redept.org\/blogosfera\/wp-content\/plugins\/yuzo-related-post\/assets\/images\/default.png') 50% 50% no-repeat;width: 125px;height:90px;margin-bottom: 5px;background-size: cover; \"><\/div>\n\t\t\t\t\t\t\t\t\t  <\/div>\n\t\t\t\t\t\t\t\t\t  \n\t\t\t\t\t\t\t\t   <span class=\"yuzo__text--title\" style=\"font-size:13px;\">MP \u00e9 acionado ap\u00f3s prefeitura de SP aprovar obras ...<\/span>\n\t\t\t\t\t\t\t  \n\t\t\t\t\t\t\t  \n\t\t\t\t\t\t\t  <\/a>\n\n\t\t\t\t\t\t  <\/div>\n\t\t\t\t\t\t  <div class=\"relatedthumb \" style=\"width:125px;float:left;overflow:hidden;\">  \n\t\t\t\t\t\t\t  \n\t\t\t\t\t\t\t  <a  href=\"https:\/\/redept.com.br\/blogosfera\/bolsa-atleta-comemora-20-anos-com-recordes-e-vira-motor-de-vitorias-brasileiras\/\"  >\n\t\t\t\t\t\t\t\t\t  <div class=\"yuzo-img-wrap \" style=\"width: 125px;height:90px;\">\n\t\t\t\t\t\t\t\t\t\t\n\t\t\t\t\t\t\t\t\t\t<div class=\"yuzo-img\" style=\"background:url('https:\/\/redept.com.br\/blogosfera\/wp-content\/uploads\/2024\/12\/capa-do-Vermelho-150x150.png') 50% 50% no-repeat;width: 125px;height:90px;margin-bottom: 5px;background-size: cover; \"><\/div>\n\t\t\t\t\t\t\t\t\t  <\/div>\n\t\t\t\t\t\t\t\t\t  \n\t\t\t\t\t\t\t\t   <span class=\"yuzo__text--title\" style=\"font-size:13px;\">Bolsa Atleta comemora 20 anos com recordes e vira ...<\/span>\n\t\t\t\t\t\t\t  \n\t\t\t\t\t\t\t  \n\t\t\t\t\t\t\t  <\/a>\n\n\t\t\t\t\t\t  <\/div>\n\t\t\t\t\t\t  <div class=\"relatedthumb \" style=\"width:125px;float:left;overflow:hidden;\">  \n\t\t\t\t\t\t\t  \n\t\t\t\t\t\t\t  <a  href=\"https:\/\/redept.com.br\/blogosfera\/numero-de-criancas-na-creche-triplica-no-brasil-em-duas-decadas\/\"  >\n\t\t\t\t\t\t\t\t\t  <div class=\"yuzo-img-wrap \" style=\"width: 125px;height:90px;\">\n\t\t\t\t\t\t\t\t\t\t\n\t\t\t\t\t\t\t\t\t\t<div class=\"yuzo-img\" style=\"background:url('https:\/\/redept.com.br\/blogosfera\/wp-content\/uploads\/2025\/02\/grafico-frequencia-escolar-150x150.jpg') 50% 50% no-repeat;width: 125px;height:90px;margin-bottom: 5px;background-size: cover; \"><\/div>\n\t\t\t\t\t\t\t\t\t  <\/div>\n\t\t\t\t\t\t\t\t\t  \n\t\t\t\t\t\t\t\t   <span class=\"yuzo__text--title\" style=\"font-size:13px;\">N\u00famero de crian\u00e7as na creche triplica no Brasil em...<\/span>\n\t\t\t\t\t\t\t  \n\t\t\t\t\t\t\t  \n\t\t\t\t\t\t\t  <\/a>\n\n\t\t\t\t\t\t  <\/div>\n\t\t\t\t\t\t  <div class=\"relatedthumb \" style=\"width:125px;float:left;overflow:hidden;\">  \n\t\t\t\t\t\t\t  \n\t\t\t\t\t\t\t  <a  href=\"https:\/\/redept.com.br\/blogosfera\/lula-cuidar-dos-pobres-e-pensar-com-o-coracao\/\"  >\n\t\t\t\t\t\t\t\t\t  <div class=\"yuzo-img-wrap \" style=\"width: 125px;height:90px;\">\n\t\t\t\t\t\t\t\t\t\t\n\t\t\t\t\t\t\t\t\t\t<div class=\"yuzo-img\" style=\"background:url('https:\/\/redept.com.br\/blogosfera\/wp-content\/uploads\/2025\/08\/Lula-Consea-150x150.jpg') 50% 50% no-repeat;width: 125px;height:90px;margin-bottom: 5px;background-size: cover; \"><\/div>\n\t\t\t\t\t\t\t\t\t  <\/div>\n\t\t\t\t\t\t\t\t\t  \n\t\t\t\t\t\t\t\t   <span class=\"yuzo__text--title\" style=\"font-size:13px;\">Lula: \u2018cuidar dos pobres \u00e9 pensar com o cora\u00e7\u00e3o\u201d...<\/span>\n\t\t\t\t\t\t\t  \n\t\t\t\t\t\t\t  \n\t\t\t\t\t\t\t  <\/a>\n\n\t\t\t\t\t\t  <\/div>\n<\/div> <script>\n\t\t\t\t\t\t  jQuery(document).ready(function( $ ){\n\t\t\t\t\t\t\t\/\/jQuery('.yuzo_related_post').equalizer({ overflow : 'relatedthumb' });\n\t\t\t\t\t\t\tjQuery('.yuzo_related_post .yuzo_wraps').equalizer({ columns : '> div' });\n\t\t\t\t\t\t   })\n\t\t\t\t\t\t  <\/script> <!-- End Yuzo :) -->","protected":false},"excerpt":{"rendered":"<p><img decoding=\"async\" width=\"1600\" height=\"900\" src=\"https:\/\/averdade.org.br\/wp-content\/uploads\/2026\/02\/P9-_-Stilasp.jpg\" alt=\"ORGANIZA\u00c7\u00c3O. Oper\u00e1rios s\u00e3o a for\u00e7a principal da revolu\u00e7\u00e3o. Foto: STILASP\">Diante da sistem\u00e1tica repress\u00e3o patronal e das barreiras \u00e0 livre organiza\u00e7\u00e3o sindical, o Movimento Luta de Classes refor\u00e7a a necessidade de organizar n\u00facleos oper\u00e1rios combativos diretamente no \u201cch\u00e3o de f\u00e1brica\u201d. Coordena\u00e7\u00e3o Nacional do MLC TRABALHADOR UNIDO \u2013 Os trabalhadores e as trabalhadoras das ind\u00fastrias s\u00e3o a fonte principal da extra\u00e7\u00e3o de mais-valia, s\u00e3o os que [\u2026]<\/p>\n","protected":false},"author":2,"featured_media":72823,"comment_status":"open","ping_status":"closed","sticky":false,"template":"","format":"standard","meta":{"fifu_image_url":"","fifu_image_alt":"","footnotes":""},"categories":[45,758,32178,86,497],"tags":[],"class_list":["post-72822","post","type-post","status-publish","format-standard","has-post-thumbnail","hentry","category-brasil","category-edicao-impressa","category-jav-326","category-jornal-impresso","category-trabalhador-unido"],"_links":{"self":[{"href":"https:\/\/redept.com.br\/blogosfera\/wp-json\/wp\/v2\/posts\/72822","targetHints":{"allow":["GET"]}}],"collection":[{"href":"https:\/\/redept.com.br\/blogosfera\/wp-json\/wp\/v2\/posts"}],"about":[{"href":"https:\/\/redept.com.br\/blogosfera\/wp-json\/wp\/v2\/types\/post"}],"author":[{"embeddable":true,"href":"https:\/\/redept.com.br\/blogosfera\/wp-json\/wp\/v2\/users\/2"}],"replies":[{"embeddable":true,"href":"https:\/\/redept.com.br\/blogosfera\/wp-json\/wp\/v2\/comments?post=72822"}],"version-history":[{"count":0,"href":"https:\/\/redept.com.br\/blogosfera\/wp-json\/wp\/v2\/posts\/72822\/revisions"}],"wp:featuredmedia":[{"embeddable":true,"href":"https:\/\/redept.com.br\/blogosfera\/wp-json\/wp\/v2\/media\/72823"}],"wp:attachment":[{"href":"https:\/\/redept.com.br\/blogosfera\/wp-json\/wp\/v2\/media?parent=72822"}],"wp:term":[{"taxonomy":"category","embeddable":true,"href":"https:\/\/redept.com.br\/blogosfera\/wp-json\/wp\/v2\/categories?post=72822"},{"taxonomy":"post_tag","embeddable":true,"href":"https:\/\/redept.com.br\/blogosfera\/wp-json\/wp\/v2\/tags?post=72822"}],"curies":[{"name":"wp","href":"https:\/\/api.w.org\/{rel}","templated":true}]}}