{"id":72826,"date":"2026-02-03T00:20:07","date_gmt":"2026-02-03T03:20:07","guid":{"rendered":"https:\/\/redept.com.br\/blogosfera\/estado-persegue-aqueles-que-lutam-enquanto-19-milhoes-de-brasileiros-passam-fome\/"},"modified":"2026-02-03T00:20:07","modified_gmt":"2026-02-03T03:20:07","slug":"estado-persegue-aqueles-que-lutam-enquanto-19-milhoes-de-brasileiros-passam-fome","status":"publish","type":"post","link":"https:\/\/redept.com.br\/blogosfera\/estado-persegue-aqueles-que-lutam-enquanto-19-milhoes-de-brasileiros-passam-fome\/","title":{"rendered":"Estado persegue aqueles que lutam, enquanto 19 milh\u00f5es de brasileiros passam fome"},"content":{"rendered":"<p><img fetchpriority=\"high\" width=\"1920\" height=\"1280\"src=\"https:\/\/redept.com.br\/blogosfera\/wp-content\/uploads\/2026\/02\/P8-_-SC.jpg\" alt=\"COM LUTA E COM GARRA. H\u00e1 26 anos, fam\u00edlias do MLB lutam por moradia e contra a fome. Foto: JAV\/SC\" link_thumbnail=\"\" decoding=\"async\" srcset=\"https:\/\/redept.com.br\/blogosfera\/wp-content\/uploads\/2026\/02\/P8-_-SC.jpg 1920w, https:\/\/averdade.org.br\/wp-content\/uploads\/2026\/02\/P8-_-SC-350x233.jpg 350w, https:\/\/averdade.org.br\/wp-content\/uploads\/2026\/02\/P8-_-SC-1024x683.jpg 1024w, https:\/\/averdade.org.br\/wp-content\/uploads\/2026\/02\/P8-_-SC-250x167.jpg 250w, https:\/\/averdade.org.br\/wp-content\/uploads\/2026\/02\/P8-_-SC-768x512.jpg 768w, https:\/\/averdade.org.br\/wp-content\/uploads\/2026\/02\/P8-_-SC-1536x1024.jpg 1536w, https:\/\/averdade.org.br\/wp-content\/uploads\/2026\/02\/P8-_-SC-150x100.jpg 150w, https:\/\/averdade.org.br\/wp-content\/uploads\/2026\/02\/P8-_-SC-300x200.jpg 300w, https:\/\/averdade.org.br\/wp-content\/uploads\/2026\/02\/P8-_-SC-696x464.jpg 696w, https:\/\/averdade.org.br\/wp-content\/uploads\/2026\/02\/P8-_-SC-1068x712.jpg 1068w\" sizes=\"(max-width: 1920px) 100vw, 1920px\"><\/p>\n<p><strong>Enquanto gigantes do setor de supermercados movimentam 10% do PIB nacional e acumulam lucros bilion\u00e1rios, 19 milh\u00f5es de brasileiros ainda enfrentam a inseguran\u00e7a alimentar severa.<\/strong><\/p>\n<p><b>Matheus Ara\u00fajo | Recife (PE)<\/b><\/p>\n<hr>\n<p><strong>LUTA POPULAR \u2013 <\/strong>Recentemente, a ONU considerou que o Brasil saiu do mapa da fome. Essa manchete foi estampada em diversos jornais e ve\u00edculos de comunica\u00e7\u00e3o e usada pelo Governo Federal, muitas vezes em tom de comemora\u00e7\u00e3o. O problema \u00e9 que, ao tomar essa decis\u00e3o, a ONU e seus especialistas analisam somente n\u00fameros e dados, ficando longe da realidade do povo brasileiro.<\/p>\n<p>A fome segue presente na vida de milh\u00f5es de pessoas. Ocorre, na verdade, uma tentativa de fugir e camuflar a realidade. As pesquisas subdividem a chamada \u201cinseguran\u00e7a alimentar\u201d (que nada mais \u00e9 do que um nome bonito para a fome) em baixa, moderada e alta. Mas fome \u00e9 fome, e hoje 19 milh\u00f5es de brasileiros, que a enfrentam diariamente. Sua grande maioria \u00e9 de mulheres e pessoas negras.<\/p>\n<h4><b>\u201cQuem inventou a fome s\u00e3o os que comem\u201d \u2013 Carolina Maria de Jesus<\/b><\/h4>\n<p>Engana-se quem acha que a fome \u00e9 uma quest\u00e3o do acaso, um castigo divino ou um problema individual. A verdade \u00e9 que a fome \u00e9 um projeto pol\u00edtico, de um Estado orquestrado com o objetivo de dar lucro a um pequeno grupo de pessoas em detrimento do sofrimento da maioria do povo.<\/p>\n<p>Segundo o ranking da Associa\u00e7\u00e3o Brasileira de Supermercado (Abras), s\u00f3 em 2024, o grupo franc\u00eas Carrefour, envolvido em diversos casos de mortes, como o de Jo\u00e3o Alberto, h\u00e1 cinco anos, em novembro de 2020, em Porto Alegre, e denunciado por financiar e alimentar o Ex\u00e9rcito de Israel no genoc\u00eddio em Gaza, lucrou R$ 120,6 bilh\u00f5es. J\u00e1 o grupo Assa\u00ed foi o que mais cresceu, aumentando seu lucro para R$ 80,5 milh\u00f5es, seguido do grupo Mateus, que, mesmo tendo R$ 36,3 milh\u00f5es de lucro, em 2024, negou cestas b\u00e1sicas \u00e0s fam\u00edlias organizadas pelo Movimento de Luta nos Bairros, Vilas e Favelas (MLB) e tenta, at\u00e9 hoje, criminalizar aqueles que lutam contra a fome.<\/p>\n<p>Ao todo, esse setor movimentou, no ano passado, quase 10% do PIB brasileiro, e segue se concentrando cada vez mais em grandes conglomerados. Mas de onde vem tanto dinheiro?<\/p>\n<p>Primeiro, n\u00e3o seria exagero falar o \u00f3bvio: esses grupos lucram com a fome. Quanto maior a carestia e o pre\u00e7o dos alimentos, maior ser\u00e1 o lucro. Segundo, esses grupos exploram cerca de 9 milh\u00f5es de trabalhadores, a sua grande maioria na cruel escala 6X1, com baixos sal\u00e1rios e grandes humilha\u00e7\u00f5es. E, por \u00faltimo, esses mesmos grupos desperdi\u00e7am R$ 4 bilh\u00f5es em alimentos por ano, ou seja, \u00e9 melhor jogar fora do que alimentar aqueles que enfrentam a fome.<\/p>\n<h4><b>Lutar contra a fome n\u00e3o \u00e9 crime<\/b><\/h4>\n<p>Pior \u00e9 que o Estado n\u00e3o s\u00f3 n\u00e3o combate a fome, como \u00e9 c\u00famplice daqueles que lucram com ela, al\u00e9m de perseguir aqueles que lutam contra as causas da fome. N\u00e3o s\u00e3o poucos os exemplos e o mais recente, em Santa Catarina, escancara essa realidade.<\/p>\n<p>Na manh\u00e3 do dia 27 de novembro, as Pol\u00edcias Civil e Militar do governador fascista Jorginho Mello (PL) arrombaram e invadiram a sede do partido Unidade Popular (UP), em Florian\u00f3polis, al\u00e9m de realizar buscas e apreens\u00f5es em casas de militantes do MLB. Uma investiga\u00e7\u00e3o que corre em sigilo e n\u00e3o teve como alvo nenhuma fac\u00e7\u00e3o criminosa, muito menos algum pol\u00edtico corrupto. Foram perseguidos aqueles que ousaram lutar contra a fome e a mis\u00e9ria. Em nota, a PM assume que, entre outros motivos, o protesto contra a fome realizado pelo MLB, no dia 07 de setembro, em uma grande rede de supermercados, \u00e9 apontado como justificativa para a a\u00e7\u00e3o violenta contra os militantes populares.<\/p>\n<p>Ao ouvir uma das centenas de mulheres que foram mobilizadas na ocupa\u00e7\u00e3o dos supermercados, vemos que o MLB passa longe de ser uma organiza\u00e7\u00e3o criminosa: \u201cO MLB mudou minha vida, eu pagava aluguel, conta de luz, tudo caro. Eu ia no mercado e, aos poucos, eu via as coisas dentro de casa irem acabando. Eu achava que a culpa era minha. Mas depois entendi que a culpa era desse sistema, que s\u00f3 faz a gente trabalhar. Eu moro na Ocupa\u00e7\u00e3o Anita Garibaldi. L\u00e1 eu sa\u00ed da escravid\u00e3o do aluguel, e agora eu consigo dar uma alimenta\u00e7\u00e3o de qualidade aos meus filhos, consigo dormir com tranquilidade. A gente fez o \u2018M\u00e3es contra a fome\u2019, fomos chamados de vagabundos, mas somos trabalhadoras que lutam pelos seus direitos\u201d, afirma Saionara de Jesus, coordenadora e moradora da Ocupa\u00e7\u00e3o.<\/p>\n<p>O MLB, h\u00e1 mais de 20 anos, organiza protestos contra a fome. A partir dessas lutas, como o Natal Sem Fome, centenas de milhares de cestas foram conquistadas e distribu\u00eddas. \u201cEu sou m\u00e3e de quatro filhos. Antes de conhecer o MLB e participar das lutas contra a fome, eu sofri muito, muitas vezes, sem ter o que dar de comer para os meus filhos. Agora, as coisas s\u00e3o diferentes, eu recebo as cestas da luta e temos o que comer, sem precisar pedir a um e a outro\u201d, Laura Carvalho, 23 anos, moradora de Jaboat\u00e3o dos Guarapes, Regi\u00e3o Metropolitana do Recife.<\/p>\n<p>Por fim, o MLB, em seus 26 anos de exist\u00eancia, deixa claro que sua luta n\u00e3o \u00e9 s\u00f3 contra a fome ou pela moradia digna. A luta tamb\u00e9m \u00e9 pelo fim do capitalismo e pela constru\u00e7\u00e3o do poder popular e do socialismo.<\/p>\n<p><em>Mat\u00e9ria publicada na edi\u00e7\u00e3o n\u00ba326 do Jornal A Verdade.<\/em><\/p>\n<!-- Begin Yuzo --><div class='yuzo_related_post style-1'  data-version='5.12.89'><!-- without result --><div class='yuzo_clearfixed yuzo__title yuzo__title'><h3>Related Post<\/h3><\/div>\n\t\t\t\t\t\t  <div class=\"relatedthumb \" style=\"width:125px;float:left;overflow:hidden;\">  \n\t\t\t\t\t\t\t  \n\t\t\t\t\t\t\t  <a  href=\"https:\/\/redept.com.br\/blogosfera\/canada-revoga-imposto-sobre-servicos-digitais-dos-eua-apos-pressao-de-trump\/\"  >\n\t\t\t\t\t\t\t\t\t  <div class=\"yuzo-img-wrap \" style=\"width: 125px;height:90px;\">\n\t\t\t\t\t\t\t\t\t\t\n\t\t\t\t\t\t\t\t\t\t<div class=\"yuzo-img\" style=\"background:url('https:\/\/redept.com.br\/blogosfera\/wp-content\/uploads\/2025\/07\/president_donald_trump_meets_with_canadian_prime_minister_mark_carney_in_the_oval_office_54502217284-150x150.jpg') 50% 50% no-repeat;width: 125px;height:90px;margin-bottom: 5px;background-size: cover; \"><\/div>\n\t\t\t\t\t\t\t\t\t  <\/div>\n\t\t\t\t\t\t\t\t\t  \n\t\t\t\t\t\t\t\t   <span class=\"yuzo__text--title\" style=\"font-size:13px;\">Canad\u00e1 revoga imposto sobre servi\u00e7os digitais dos ...<\/span>\n\t\t\t\t\t\t\t  \n\t\t\t\t\t\t\t  \n\t\t\t\t\t\t\t  <\/a>\n\n\t\t\t\t\t\t  <\/div>\n\t\t\t\t\t\t  <div class=\"relatedthumb \" style=\"width:125px;float:left;overflow:hidden;\">  \n\t\t\t\t\t\t\t  \n\t\t\t\t\t\t\t  <a  href=\"https:\/\/redept.com.br\/blogosfera\/brasil-condena-ataques-de-israel-contra-o-ira-violacao-a-soberania\/\"  >\n\t\t\t\t\t\t\t\t\t  <div class=\"yuzo-img-wrap \" style=\"width: 125px;height:90px;\">\n\t\t\t\t\t\t\t\t\t\t\n\t\t\t\t\t\t\t\t\t\t<div class=\"yuzo-img\" style=\"background:url('https:\/\/redept.org\/blogosfera\/wp-content\/plugins\/yuzo-related-post\/assets\/images\/default.png') 50% 50% no-repeat;width: 125px;height:90px;margin-bottom: 5px;background-size: cover; \"><\/div>\n\t\t\t\t\t\t\t\t\t  <\/div>\n\t\t\t\t\t\t\t\t\t  \n\t\t\t\t\t\t\t\t   <span class=\"yuzo__text--title\" style=\"font-size:13px;\">Brasil condena ataques de Israel contra o Ir\u00e3: \u201cvi...<\/span>\n\t\t\t\t\t\t\t  \n\t\t\t\t\t\t\t  \n\t\t\t\t\t\t\t  <\/a>\n\n\t\t\t\t\t\t  <\/div>\n\t\t\t\t\t\t  <div class=\"relatedthumb \" style=\"width:125px;float:left;overflow:hidden;\">  \n\t\t\t\t\t\t\t  \n\t\t\t\t\t\t\t  <a  href=\"https:\/\/redept.com.br\/blogosfera\/mercenario-norte-americano-acusa-cia-de-criar-cartel-de-los-soles-na-venezuela\/\"  >\n\t\t\t\t\t\t\t\t\t  <div class=\"yuzo-img-wrap \" style=\"width: 125px;height:90px;\">\n\t\t\t\t\t\t\t\t\t\t\n\t\t\t\t\t\t\t\t\t\t<div class=\"yuzo-img\" style=\"background:url('https:\/\/redept.com.br\/blogosfera\/wp-content\/uploads\/2025\/10\/68f5e03459bf5b173e1c4400-150x150.png') 50% 50% no-repeat;width: 125px;height:90px;margin-bottom: 5px;background-size: cover; \"><\/div>\n\t\t\t\t\t\t\t\t\t  <\/div>\n\t\t\t\t\t\t\t\t\t  \n\t\t\t\t\t\t\t\t   <span class=\"yuzo__text--title\" style=\"font-size:13px;\">Mercen\u00e1rio norte-americano acusa CIA de criar \u2018Car...<\/span>\n\t\t\t\t\t\t\t  \n\t\t\t\t\t\t\t  \n\t\t\t\t\t\t\t  <\/a>\n\n\t\t\t\t\t\t  <\/div>\n\t\t\t\t\t\t  <div class=\"relatedthumb \" style=\"width:125px;float:left;overflow:hidden;\">  \n\t\t\t\t\t\t\t  \n\t\t\t\t\t\t\t  <a  href=\"https:\/\/redept.com.br\/blogosfera\/macae-defende-regulacao-das-big-techs-e-avanco-de-projeto-para-proteger-criancas\/\"  >\n\t\t\t\t\t\t\t\t\t  <div class=\"yuzo-img-wrap \" style=\"width: 125px;height:90px;\">\n\t\t\t\t\t\t\t\t\t\t\n\t\t\t\t\t\t\t\t\t\t<div class=\"yuzo-img\" style=\"background:url('https:\/\/redept.org\/blogosfera\/wp-content\/plugins\/yuzo-related-post\/assets\/images\/default.png') 50% 50% no-repeat;width: 125px;height:90px;margin-bottom: 5px;background-size: cover; \"><\/div>\n\t\t\t\t\t\t\t\t\t  <\/div>\n\t\t\t\t\t\t\t\t\t  \n\t\t\t\t\t\t\t\t   <span class=\"yuzo__text--title\" style=\"font-size:13px;\">Maca\u00e9 defende regula\u00e7\u00e3o das big techs e avan\u00e7o de ...<\/span>\n\t\t\t\t\t\t\t  \n\t\t\t\t\t\t\t  \n\t\t\t\t\t\t\t  <\/a>\n\n\t\t\t\t\t\t  <\/div>\n<\/div> <script>\n\t\t\t\t\t\t  jQuery(document).ready(function( $ ){\n\t\t\t\t\t\t\t\/\/jQuery('.yuzo_related_post').equalizer({ overflow : 'relatedthumb' });\n\t\t\t\t\t\t\tjQuery('.yuzo_related_post .yuzo_wraps').equalizer({ columns : '> div' });\n\t\t\t\t\t\t   })\n\t\t\t\t\t\t  <\/script> <!-- End Yuzo :) -->","protected":false},"excerpt":{"rendered":"<p><img decoding=\"async\" width=\"1920\" height=\"1280\" src=\"https:\/\/averdade.org.br\/wp-content\/uploads\/2026\/02\/P8-_-SC.jpg\" alt=\"COM LUTA E COM GARRA. H\u00e1 26 anos, fam\u00edlias do MLB lutam por moradia e contra a fome. Foto: JAV\/SC\">Enquanto gigantes do setor de supermercados movimentam 10% do PIB nacional e acumulam lucros bilion\u00e1rios, 19 milh\u00f5es de brasileiros ainda enfrentam a inseguran\u00e7a alimentar severa. Matheus Ara\u00fajo | Recife (PE) LUTA POPULAR \u2013 Recentemente, a ONU considerou que o Brasil saiu do mapa da fome. Essa manchete foi estampada em diversos jornais e ve\u00edculos de [\u2026]<\/p>\n","protected":false},"author":2,"featured_media":72827,"comment_status":"open","ping_status":"closed","sticky":false,"template":"","format":"standard","meta":{"fifu_image_url":"","fifu_image_alt":"","footnotes":""},"categories":[45,758,32178,86,60,405],"tags":[],"class_list":["post-72826","post","type-post","status-publish","format-standard","has-post-thumbnail","hentry","category-brasil","category-edicao-impressa","category-jav-326","category-jornal-impresso","category-luta-popular","category-mlb"],"_links":{"self":[{"href":"https:\/\/redept.com.br\/blogosfera\/wp-json\/wp\/v2\/posts\/72826","targetHints":{"allow":["GET"]}}],"collection":[{"href":"https:\/\/redept.com.br\/blogosfera\/wp-json\/wp\/v2\/posts"}],"about":[{"href":"https:\/\/redept.com.br\/blogosfera\/wp-json\/wp\/v2\/types\/post"}],"author":[{"embeddable":true,"href":"https:\/\/redept.com.br\/blogosfera\/wp-json\/wp\/v2\/users\/2"}],"replies":[{"embeddable":true,"href":"https:\/\/redept.com.br\/blogosfera\/wp-json\/wp\/v2\/comments?post=72826"}],"version-history":[{"count":0,"href":"https:\/\/redept.com.br\/blogosfera\/wp-json\/wp\/v2\/posts\/72826\/revisions"}],"wp:featuredmedia":[{"embeddable":true,"href":"https:\/\/redept.com.br\/blogosfera\/wp-json\/wp\/v2\/media\/72827"}],"wp:attachment":[{"href":"https:\/\/redept.com.br\/blogosfera\/wp-json\/wp\/v2\/media?parent=72826"}],"wp:term":[{"taxonomy":"category","embeddable":true,"href":"https:\/\/redept.com.br\/blogosfera\/wp-json\/wp\/v2\/categories?post=72826"},{"taxonomy":"post_tag","embeddable":true,"href":"https:\/\/redept.com.br\/blogosfera\/wp-json\/wp\/v2\/tags?post=72826"}],"curies":[{"name":"wp","href":"https:\/\/api.w.org\/{rel}","templated":true}]}}