{"id":72829,"date":"2026-02-03T04:09:00","date_gmt":"2026-02-03T07:09:00","guid":{"rendered":"https:\/\/redept.com.br\/blogosfera\/farmacia-mercado-e-lojas-acabam-com-escala-6x1-enquanto-brasilia-debate-mudancas\/"},"modified":"2026-02-03T04:09:00","modified_gmt":"2026-02-03T07:09:00","slug":"farmacia-mercado-e-lojas-acabam-com-escala-6x1-enquanto-brasilia-debate-mudancas","status":"publish","type":"post","link":"https:\/\/redept.com.br\/blogosfera\/farmacia-mercado-e-lojas-acabam-com-escala-6x1-enquanto-brasilia-debate-mudancas\/","title":{"rendered":"Farm\u00e1cia, mercado e lojas acabam com escala 6\u00d71, enquanto Bras\u00edlia debate mudan\u00e7as"},"content":{"rendered":"<p><strong>ENQUANTO POL\u00cdTICOS<\/strong> discutem em Bras\u00edlia o fim da escala de trabalho 6\u00d71 no pa\u00eds, algumas empresas decidiram por conta pr\u00f3pria atender \u00e0 demanda de trabalhadores e abolir o regime. H\u00e1 exemplos de uma rede de farm\u00e1cias, supermercados, lojas de departamento e at\u00e9 um hotel de luxo que concederam um dia a mais de folga por semana a seus empregados, adotando a escala 5\u00d72 e se antecipando a uma mudan\u00e7a que especialistas no mercado de trabalho veem como inevit\u00e1vel.<\/p>\n<p>\u201cO Brasil est\u00e1 atrasado nessa mudan\u00e7a, mas ela vai ocorrer\u201d, prev\u00ea Marcelo Manzano, professor do Instituto de Economia da Unicamp e diretor do Cesit (Centro de Estudos Sindicais e de Economia do Trabalho) da universidade. \u201cH\u00e1 empresas que j\u00e1 entenderam isso e est\u00e3o se adiantando, at\u00e9 para poderem se adaptar \u00e0 nova realidade.\u201d<\/p>\n<p>O hotel Copacabana Palace, um dos mais luxuosos do Rio de Janeiro, \u00e9 uma delas. No primeiro semestre de 2025, ele aboliu de forma progressiva a escala 6\u00d71 imposta \u00e0s cerca de 350 pessoas que comp\u00f5em sua equipe operacional, incluindo todas na 5\u00d72.<\/p>\n<div data-elementor-type=\"section\" data-elementor-id=\"77670\" data-elementor-post-type=\"elementor_library\">\n<div data-id=\"17a659f\" data-element_type=\"container\" data-settings='{\"background_background\":\"classic\"}'>\n<div>\n<div data-id=\"386385d\" data-element_type=\"widget\" data-widget_type=\"heading.default\">\n<div>\n<h2>ASSINE NOSSA NEWSLETTER<\/h2>\n<\/p><\/div>\n<\/p><\/div>\n<div data-id=\"6546917\" data-element_type=\"widget\" data-widget_type=\"html.default\">\n<div>\n\t\t\t\t\t\t\t\t\t<\/div>\n<\/p><\/div>\n<div data-id=\"8c2e333\" data-element_type=\"widget\" data-settings='{\"button_width\":\"20\",\"step_next_label\":\"Next\",\"step_previous_label\":\"Previous\",\"button_width_mobile\":\"20\",\"step_type\":\"number_text\",\"step_icon_shape\":\"circle\"}' data-widget_type=\"form.default\">\n<div>\n<div>\n<div>\n\t\t\t\t\t\t\t\t\t\t\t\t<label for=\"form-field-email\"><br \/>\n\t\t\t\t\t\t\t\tEmail\t\t\t\t\t\t\t<\/label><\/p><\/div>\n<div>\n\t\t\t\t\t<button type=\"submit\"><br \/>\n\t\t\t\t\t\t<span><br \/>\n\t\t\t\t\t\t\t\t\t\t\t\t\t\t\t<span><br \/>\n\t\t\t\t\t\t\t\t\t<i aria-hidden=\"true\"><\/i>\t\t\t\t\t\t\t\t\t\t\t\t\t\t\t\t\t\t\t<span>Submit<\/span><br \/>\n\t\t\t\t\t\t\t\t\t\t\t\t\t\t\t\t\t<\/span><br \/>\n\t\t\t\t\t\t\t\t\t\t\t\t\t\t\t\t\t\t\t\t<\/span><br \/>\n\t\t\t\t\t<\/button>\n\t\t\t\t<\/div>\n<\/p><\/div>\n<\/p><\/div>\n<\/p><\/div>\n<\/p><\/div>\n<\/p><\/div>\n<\/p><\/div>\n<p>Segundo o Copacabana Palace, que hoje pertence \u00e0 rede internacional Belmond, a folga semanal extra n\u00e3o alterou a carga hor\u00e1ria semanal dos trabalhadores nem seus sal\u00e1rios. A administra\u00e7\u00e3o informou \u00e0 <strong>Rep\u00f3rter Brasil <\/strong>que a mudan\u00e7a foi tomada, principalmente, para \u201cmelhorar a qualidade de vida dos colaboradores, promovendo maior equil\u00edbrio entre vida pessoal e profissional\u201d, mas que tamb\u00e9m foi feita para que o estabelecimento se adaptasse a \u201cdesafios crescentes de atra\u00e7\u00e3o e reten\u00e7\u00e3o [de empregados] no modelo 6\u00d71\u201d.<\/p>\n<p>\u201cNenhum jovem mais quer trabalhar numa jornada exaustiva de seis dias de trabalho por semana\u201d, ressaltou Ricardo Patah, presidente nacional da UGT (Uni\u00e3o Geral dos Trabalhadores) e do Sindicato dos Comerci\u00e1rios de S\u00e3o Paulo, setor formado em maior parte por trabalhadores ainda submetidos \u00e0 6\u00d71.<\/p>\n<figure><img fetchpriority=\"high\" fetchpriority=\"high\" decoding=\"async\" width=\"1000\" height=\"666\"src=\"https:\/\/redept.com.br\/blogosfera\/wp-content\/uploads\/2026\/02\/mercado-pague-menos-divulgacao.jpg\" alt=\"Para colocar os funcion\u00e1rios na escala 5x2, a rede de supermercados Pague Menos alterou o hor\u00e1rio de abertura e fechamento das lojas aos domingos (Foto: Divulga\u00e7\u00e3o\/Pague Menos)\" srcset=\"https:\/\/redept.com.br\/blogosfera\/wp-content\/uploads\/2026\/02\/mercado-pague-menos-divulgacao.jpg 1000w, https:\/\/reporterbrasil.org.br\/wp-content\/uploads\/2026\/01\/mercado-pague-menos-divulgacao-300x200.jpg 300w, https:\/\/reporterbrasil.org.br\/wp-content\/uploads\/2026\/01\/mercado-pague-menos-divulgacao-768x511.jpg 768w\" sizes=\"(max-width: 1000px) 100vw, 1000px\"><figcaption>Para colocar os funcion\u00e1rios na escala 5\u00d72, a rede de supermercados Pague Menos alterou o hor\u00e1rio de abertura e fechamento das lojas aos domingos (Foto: Divulga\u00e7\u00e3o\/Pague Menos)<\/figcaption><\/figure>\n<h2>Farm\u00e1cias e mercados se adaptam ao 5\u00d72<\/h2>\n<p>A rede Pague Menos, presente em 21 cidades do interior de S\u00e3o Paulo, tem cerca de 8 mil trabalhadores em 39 lojas. Parte deles come\u00e7ou a trabalhar no modelo 5\u00d72 no ano passado. A rede tem feito ajustes no funcionamento de suas lojas para a mudan\u00e7a de jornada. Parte delas n\u00e3o vai mais funcionar aos domingos. Outra teve o hor\u00e1rio de funcionamento dominical reduzido, passando de 7h \u00e0s 20h para 8h \u00e0s 18h.<\/p>\n<p>\u201cNosso objetivo \u00e9 seguir gerando empregos, formando talentos e oferecendo condi\u00e7\u00f5es para que cada profissional evolua junto com a empresa\u201d, afirmou Sergio Biagioli, presidente da companhia, em um comunicado de balan\u00e7o de final de ano. Segundo ele, a implanta\u00e7\u00e3o da escala 5\u00d72 seguir\u00e1 em expans\u00e3o em 2026.<\/p>\n<p>J\u00e1 no varejo farmac\u00eautico, as mais de 1.600 lojas das redes Drogarias Pacheco e Drogaria S\u00e3o Paulo tamb\u00e9m mudaram o regime de trabalho de 6\u00d71 para 5\u00d72 durante 2025. As duas pertencem ao Grupo DPSP, que atua em nove estados e no Distrito Federal.<\/p>\n<p>Marcos Colares, presidente do grupo, afirmou em comunicado da DPSP divulgado \u00e0 \u00e9poca da altera\u00e7\u00e3o da jornada que a decis\u00e3o buscava aumentar a qualidade de vida dos trabalhadores, mas tamb\u00e9m trazer mais sa\u00fade para os neg\u00f3cios da empresa. \u201cA mudan\u00e7a impacta diretamente nos nossos objetivos a longo prazo, de trazermos cada vez mais sa\u00fade aos colaboradores, clientes e ao neg\u00f3cio\u201d, disse o executivo.<\/p>\n<p>A Abrafarma (Associa\u00e7\u00e3o Brasileira de Farm\u00e1cias e Drogarias) e a Abras (Associa\u00e7\u00e3o Brasileira de Supermercados) foram procuradas pela <strong>Rep\u00f3rter Brasil<\/strong> para comentar a ado\u00e7\u00e3o da escala 5\u00d72 entre empresas dos dois setores, mas n\u00e3o responderam.<\/p>\n<p>Em 2025, a Abras divulgou que os supermercados brasileiros tinham 350 mil vagas de trabalho que n\u00e3o conseguiam ser preenchidas. Para Patah, da UGT, isso tem rela\u00e7\u00e3o com a escala 6\u00d71. \u201cOs supermercados sempre foram a porta de entrada do trabalhador no mercado de trabalho. Mas hoje eles n\u00e3o encontram empregados dispostos a trabalhar seis dias na semana pelo sal\u00e1rio que o setor est\u00e1 disposto a pagar\u201d, disse.<\/p>\n<h2>Marca diz seguir modelo da Su\u00e9cia<\/h2>\n<p>J\u00e1 dentro de shoppings, o exemplo vem da rede de lojas de departamento H&amp;M. A empresa de origem sueca abriu suas quatro unidades no Brasil no ano passado.\u00a0 Em todas, o regime de trabalho \u00e9 5\u00d72.\u00a0\u00a0<\/p>\n<p>\u201cA escala 5\u00d72 \u00e9 uma diretriz global da H&amp;M e est\u00e1 presente em praticamente todos os mercados onde atuamos. Por isso, esse modelo foi implementado desde o come\u00e7o como parte do nosso compromisso de ser um empregador respons\u00e1vel, oferecendo equil\u00edbrio entre vida profissional e pessoal e garantindo alinhamento com o nosso modo de operar globalmente\u201d, justificou a companhia, em respostas encaminhadas \u00e0 reportagem..<\/p>\n<p>Segundo o texto, a escala com duas folgas semanais promove um ambiente produtivo, saud\u00e1vel e colaborativo. Com elas, a empresa diz alcan\u00e7ar maior consist\u00eancia operacional e engajamento das equipes.<\/p>\n<p>A Abrasce (Associa\u00e7\u00e3o Brasileira de Shopping Centers) tamb\u00e9m foi questionada sobre a mudan\u00e7a na escala de trabalho de trabalhadores do setor. N\u00e3o respondeu.<\/p>\n<figure><img decoding=\"async\" width=\"1024\" height=\"768\"src=\"https:\/\/redept.com.br\/blogosfera\/wp-content\/uploads\/2026\/02\/copacabana-palace-EBC.jpg\" alt=\"Copacabana Palace fez a transi\u00e7\u00e3o da escala 6x1 para a 5x2 sem alterar carga hor\u00e1ria e sal\u00e1rios e diz que decis\u00e3o facilita a reten\u00e7\u00e3o de empregados (Foto: T\u00e2nia R\u00eago\/Ag\u00eancia Brasil\/Julho de 2023)\" srcset=\"https:\/\/redept.com.br\/blogosfera\/wp-content\/uploads\/2026\/02\/copacabana-palace-EBC.jpg 1024w, https:\/\/reporterbrasil.org.br\/wp-content\/uploads\/2026\/01\/copacabana-palace-EBC-300x225.jpg 300w, https:\/\/reporterbrasil.org.br\/wp-content\/uploads\/2026\/01\/copacabana-palace-EBC-768x576.jpg 768w\" sizes=\"(max-width: 1024px) 100vw, 1024px\"><figcaption>Copacabana Palace fez a transi\u00e7\u00e3o da escala 6\u00d71 para a 5\u00d72 sem alterar carga hor\u00e1ria e sal\u00e1rios e diz que decis\u00e3o facilita a reten\u00e7\u00e3o de empregados (Foto: T\u00e2nia R\u00eago\/Ag\u00eancia Brasil\/Julho de 2023)<\/figcaption><\/figure>\n<h2>Resist\u00eancia empresarial em queda<\/h2>\n<p>Manzano, do Cesit, ressaltou que, apesar das entidades empresariais n\u00e3o declararem apoio ao fim da 6\u00d71, parte dos empres\u00e1rios j\u00e1 entendeu que a rotina \u00e9 insustent\u00e1vel. Segundo ele, h\u00e1 cada vez mais trabalhadores pedindo demiss\u00e3o de seus empregos \u2014 em 2025, o n\u00famero deve chegar a cerca de 9 milh\u00f5es. Parte disso se deve \u00e0 rotina extenuante, avaliam os especialistas consultados.<\/p>\n<p>Marilane Oliveira Teixeira, que tamb\u00e9m \u00e9 pesquisadora do Cesit-Unicamp, refor\u00e7ou que a insatisfa\u00e7\u00e3o generalizada gera custos \u00e0s empresas. A rotatividade reduz a produtividade. \u201cA empresa aciona o RH, contrata, faz exame, treina o funcion\u00e1rio e ele pede demiss\u00e3o porque n\u00e3o v\u00ea sentido em trabalhar tanto para ganhar t\u00e3o pouco\u201d, acrescentou, lembrando que os baixos sal\u00e1rios pagos no Brasil tamb\u00e9m s\u00e3o causa desse problema.<\/p>\n<p>Segundo ela, 70% dos trabalhadores formais do pa\u00eds ganham at\u00e9 dois sal\u00e1rios m\u00ednimos por m\u00eas. Hoje, isso n\u00e3o chega a R$ 3.300.<\/p>\n<p>Procurado pela <strong>Rep\u00f3rter Brasil<\/strong>, o MTE (Minist\u00e9rio do Trabalho e Emprego) informou que n\u00e3o tem dados sobre a escala de trabalho dos empregados do pa\u00eds. Manzano e Teixeira veem uma tend\u00eancia nacional de ado\u00e7\u00e3o desse regime de trabalho, mas desconhecem pesquisas que tenham mensurado isso no pa\u00eds.<\/p>\n<p>Para ambos, a aprova\u00e7\u00e3o de projetos que prev\u00eaem a redu\u00e7\u00e3o da jornada de trabalho no pa\u00eds seria positiva porque estabeleceria par\u00e2metros gerais para todas as empresas. Isso evitaria que companhias que trabalhassem com jornadas menos curtas tivessem que concorrer contra aquelas que ainda adotam jornadas mais extensas.<\/p>\n<p>A CNC (Confedera\u00e7\u00e3o Nacional do Com\u00e9rcio) declarou que incentiva a busca de solu\u00e7\u00f5es [sobre a jornada] atrav\u00e9s da negocia\u00e7\u00e3o coletiva \u2014 ou seja, sem imposi\u00e7\u00e3o via lei. Para a entidade, a negocia\u00e7\u00e3o entre trabalhadores e empres\u00e1rios \u201dpermite que sejam levadas em conta as peculiaridades e possibilidades regionais dos diferentes setores da economia, inclusive do com\u00e9rcio de bens, servi\u00e7os e turismo.\u201d<\/p>\n<h2>Como andam as propostas no Congresso?<\/h2>\n<figure><img decoding=\"async\" width=\"1000\" height=\"598\"src=\"https:\/\/redept.com.br\/blogosfera\/wp-content\/uploads\/2026\/02\/erika-hilton-ebc.jpg\" alt=\"Proposta da deputada federal Erika Hilton (PSOL-SP) apresentada em 2025 levantou o debate sobre a redu\u00e7\u00e3o da carga hor\u00e1ria semanal (Foto: Lula Marques\/Ag\u00eancia Brasil)\" srcset=\"https:\/\/redept.com.br\/blogosfera\/wp-content\/uploads\/2026\/02\/erika-hilton-ebc.jpg 1000w, https:\/\/reporterbrasil.org.br\/wp-content\/uploads\/2026\/01\/erika-hilton-ebc-300x179.jpg 300w, https:\/\/reporterbrasil.org.br\/wp-content\/uploads\/2026\/01\/erika-hilton-ebc-768x459.jpg 768w\" sizes=\"(max-width: 1000px) 100vw, 1000px\"><figcaption>Proposta da deputada federal Erika Hilton (PSOL-SP) apresentada em 2025 levantou o debate sobre a  redu\u00e7\u00e3o da carga hor\u00e1ria semanal (Foto: Lula Marques\/Ag\u00eancia Brasil)<\/figcaption><\/figure>\n<p>Uma PEC sobre a redu\u00e7\u00e3o da jornada de trabalho (148\/2015) est\u00e1 pronta para ser votada no Plen\u00e1rio do Senado. Se aprovada, seguir\u00e1 para a C\u00e2mara dos Deputados.<\/p>\n<p>Na C\u00e2mara, tamb\u00e9m h\u00e1 uma PEC (8\/2025) sobre o assunto apresentada no ano passado pela deputada Erika Hilton (PSOL\/SP) e outros parlamentares. A proposta foi aprovada em setembro pela Comiss\u00e3o de Trabalho da Casa. Aguarda um despacho do presidente da C\u00e2mara, Hugo Motta (Republicanos-PB) para avan\u00e7ar em sua tramita\u00e7\u00e3o. Se for aprovada, a proposta ter\u00e1 de ser analisada pelo Senado.<\/p>\n<p>Nesta semana, a ministra das Rela\u00e7\u00f5es Institucionais, Gleisi Hoffmann, afirmou que o fim da escala 6\u00d71 \u00e9 uma prioridade e que o governo federal pode enviar um projeto para unificar as propostas em tramita\u00e7\u00e3o no Congresso. O presidente Luiz In\u00e1cio Lula da Silva (PT) j\u00e1 declarou apoio ao fim da escala 6\u00d71 e deve adotar a proposta como uma de suas bandeiras durante sua campanha eleitoral deste ano.<\/p>\n<p>O MTE informou que o ministro Luiz Marinho apoia o fim da escala 6\u00d71, mas que o governo n\u00e3o tem uma proposta sobre o tema.<\/p>\n<p>O debate sobre o fim da 6\u00d71 ganhou for\u00e7a justamente durante a elei\u00e7\u00e3o municipal de 2024. Naquele ano, foi eleito para vereador no Rio de Janeiro Ricardo Azevedo (PSOL, que usou como mote de sua campanha o VAT (Movimento Vida Al\u00e9m do Trabalho).<\/p>\n<div data-elementor-type=\"container\" data-elementor-id=\"75228\" data-elementor-post-type=\"elementor_library\">\n<div data-id=\"5e8db1e6\" data-element_type=\"container\">\n<div>\n<div data-id=\"36eb6c91\" data-element_type=\"container\">\n<div>\n<div data-id=\"6f52f515\" data-element_type=\"container\">\n<div data-id=\"65d9f401\" data-element_type=\"widget\" data-widget_type=\"divider.default\">\n<div>\n<div>\n\t\t\t<span><br \/>\n\t\t\t\t\t\t<\/span>\n\t\t<\/div>\n<\/p><\/div>\n<\/p><\/div>\n<\/p><\/div>\n<div data-id=\"134a1245\" data-element_type=\"container\">\n<div>\n<div data-id=\"10fe55fe\" data-element_type=\"widget\" data-widget_type=\"text-editor.default\">\n<div>\n<p>Leia tamb\u00e9m<\/p>\n<\/p><\/div>\n<\/p><\/div>\n<\/p><\/div>\n<\/p><\/div>\n<\/p><\/div>\n<\/p><\/div>\n<div data-id=\"3c9495ae\" data-element_type=\"widget\" data-settings='{\"template_id\":\"75221\",\"columns\":1,\"row_gap\":{\"unit\":\"px\",\"size\":10,\"sizes\":[]},\"_skin\":\"post\",\"columns_tablet\":\"2\",\"columns_mobile\":\"1\",\"edit_handle_selector\":\"[data-elementor-type=\"loop-item\"]\",\"row_gap_tablet\":{\"unit\":\"px\",\"size\":\"\",\"sizes\":[]},\"row_gap_mobile\":{\"unit\":\"px\",\"size\":\"\",\"sizes\":[]}}' data-widget_type=\"loop-grid.post\">\n<div>\n<div>\n\t\t<\/div>\n<\/p><\/div>\n<\/p><\/div>\n<\/p><\/div>\n<\/p><\/div>\n<\/p><\/div>\n<p>The post Farm\u00e1cia, mercado e lojas acabam com escala 6\u00d71, enquanto Bras\u00edlia debate mudan\u00e7as appeared first on Rep\u00f3rter Brasil.<\/p>\n<!-- Begin Yuzo --><div class='yuzo_related_post style-1'  data-version='5.12.89'><!-- without result --><div class='yuzo_clearfixed yuzo__title yuzo__title'><h3>Related Post<\/h3><\/div>\n\t\t\t\t\t\t  <div class=\"relatedthumb \" style=\"width:125px;float:left;overflow:hidden;\">  \n\t\t\t\t\t\t\t  \n\t\t\t\t\t\t\t  <a  href=\"https:\/\/redept.com.br\/blogosfera\/paraisopolis-se-revolta-contra-violencia-policial\/\"  >\n\t\t\t\t\t\t\t\t\t  <div class=\"yuzo-img-wrap \" style=\"width: 125px;height:90px;\">\n\t\t\t\t\t\t\t\t\t\t\n\t\t\t\t\t\t\t\t\t\t<div class=\"yuzo-img\" style=\"background:url('https:\/\/redept.org\/blogosfera\/wp-content\/plugins\/yuzo-related-post\/assets\/images\/default.png') 50% 50% no-repeat;width: 125px;height:90px;margin-bottom: 5px;background-size: cover; \"><\/div>\n\t\t\t\t\t\t\t\t\t  <\/div>\n\t\t\t\t\t\t\t\t\t  \n\t\t\t\t\t\t\t\t   <span class=\"yuzo__text--title\" style=\"font-size:13px;\">Parais\u00f3polis se revolta contra viol\u00eancia policial...<\/span>\n\t\t\t\t\t\t\t  \n\t\t\t\t\t\t\t  \n\t\t\t\t\t\t\t  <\/a>\n\n\t\t\t\t\t\t  <\/div>\n\t\t\t\t\t\t  <div class=\"relatedthumb \" style=\"width:125px;float:left;overflow:hidden;\">  \n\t\t\t\t\t\t\t  \n\t\t\t\t\t\t\t  <a  href=\"https:\/\/redept.com.br\/blogosfera\/santa-cruz-e-a-luta-contra-o-racismo-no-futebol\/\"  >\n\t\t\t\t\t\t\t\t\t  <div class=\"yuzo-img-wrap \" style=\"width: 125px;height:90px;\">\n\t\t\t\t\t\t\t\t\t\t\n\t\t\t\t\t\t\t\t\t\t<div class=\"yuzo-img\" style=\"background:url('https:\/\/redept.com.br\/blogosfera\/wp-content\/uploads\/2025\/11\/Santa-Cruz-FC-1969-1972-0011-150x150.jpg') 50% 50% no-repeat;width: 125px;height:90px;margin-bottom: 5px;background-size: cover; \"><\/div>\n\t\t\t\t\t\t\t\t\t  <\/div>\n\t\t\t\t\t\t\t\t\t  \n\t\t\t\t\t\t\t\t   <span class=\"yuzo__text--title\" style=\"font-size:13px;\">Santa Cruz e a luta contra o racismo no futebol<\/span>\n\t\t\t\t\t\t\t  \n\t\t\t\t\t\t\t  \n\t\t\t\t\t\t\t  <\/a>\n\n\t\t\t\t\t\t  <\/div>\n\t\t\t\t\t\t  <div class=\"relatedthumb \" style=\"width:125px;float:left;overflow:hidden;\">  \n\t\t\t\t\t\t\t  \n\t\t\t\t\t\t\t  <a  href=\"https:\/\/redept.com.br\/blogosfera\/greta-gaza-e-a-impossibilidade-de-haver-justica-climatica-sem-justica-social\/\"  >\n\t\t\t\t\t\t\t\t\t  <div class=\"yuzo-img-wrap \" style=\"width: 125px;height:90px;\">\n\t\t\t\t\t\t\t\t\t\t\n\t\t\t\t\t\t\t\t\t\t<div class=\"yuzo-img\" style=\"background:url('https:\/\/redept.org\/blogosfera\/wp-content\/plugins\/yuzo-related-post\/assets\/images\/default.png') 50% 50% no-repeat;width: 125px;height:90px;margin-bottom: 5px;background-size: cover; \"><\/div>\n\t\t\t\t\t\t\t\t\t  <\/div>\n\t\t\t\t\t\t\t\t\t  \n\t\t\t\t\t\t\t\t   <span class=\"yuzo__text--title\" style=\"font-size:13px;\">Greta, Gaza e a impossibilidade de haver justi\u00e7a c...<\/span>\n\t\t\t\t\t\t\t  \n\t\t\t\t\t\t\t  \n\t\t\t\t\t\t\t  <\/a>\n\n\t\t\t\t\t\t  <\/div>\n\t\t\t\t\t\t  <div class=\"relatedthumb \" style=\"width:125px;float:left;overflow:hidden;\">  \n\t\t\t\t\t\t\t  \n\t\t\t\t\t\t\t  <a  href=\"https:\/\/redept.com.br\/blogosfera\/retrocesso-no-campo-por-beto-faro\/\"  >\n\t\t\t\t\t\t\t\t\t  <div class=\"yuzo-img-wrap \" style=\"width: 125px;height:90px;\">\n\t\t\t\t\t\t\t\t\t\t\n\t\t\t\t\t\t\t\t\t\t<div class=\"yuzo-img\" style=\"background:url('https:\/\/redept.org\/blogosfera\/wp-content\/plugins\/yuzo-related-post\/assets\/images\/default.png') 50% 50% no-repeat;width: 125px;height:90px;margin-bottom: 5px;background-size: cover; \"><\/div>\n\t\t\t\t\t\t\t\t\t  <\/div>\n\t\t\t\t\t\t\t\t\t  \n\t\t\t\t\t\t\t\t   <span class=\"yuzo__text--title\" style=\"font-size:13px;\">Retrocesso no Campo, por Beto Faro<\/span>\n\t\t\t\t\t\t\t  \n\t\t\t\t\t\t\t  \n\t\t\t\t\t\t\t  <\/a>\n\n\t\t\t\t\t\t  <\/div>\n<\/div> <script>\n\t\t\t\t\t\t  jQuery(document).ready(function( $ ){\n\t\t\t\t\t\t\t\/\/jQuery('.yuzo_related_post').equalizer({ overflow : 'relatedthumb' });\n\t\t\t\t\t\t\tjQuery('.yuzo_related_post .yuzo_wraps').equalizer({ columns : '> div' });\n\t\t\t\t\t\t   })\n\t\t\t\t\t\t  <\/script> <!-- End Yuzo :) -->","protected":false},"excerpt":{"rendered":"<p>Estabelecimentos reconhecem a necessidade de uma segunda folga semanal a trabalhadores e antecipam a mudan\u00e7a no mercado de trabalho que especialistas afirmam ser inevit\u00e1vel<\/p>\n<p>The post <a href=\"https:\/\/reporterbrasil.org.br\/2026\/02\/farmacia-mercado-e-lojas-acabam-com-escala-6x1-enquanto-brasilia-debate-mudancas\/\">Farm\u00e1cia, mercado e lojas acabam com escala 6\u00d71, enquanto Bras\u00edlia debate mudan\u00e7as<\/a> appeared first on <a href=\"https:\/\/reporterbrasil.org.br\/\">Rep\u00f3rter Brasil<\/a>.<\/p>\n","protected":false},"author":2,"featured_media":72830,"comment_status":"open","ping_status":"closed","sticky":false,"template":"","format":"standard","meta":{"fifu_image_url":"","fifu_image_alt":"","footnotes":""},"categories":[13690,5879,1679,1963,1948,973,5799],"tags":[],"class_list":["post-72829","post","type-post","status-publish","format-standard","has-post-thumbnail","hentry","category-_destaque-da-home-1","category-conteudo-original-em-portugues","category-direitos-trabalhistas","category-escala-6x1","category-jornada-de-trabalho","category-ministerio-do-trabalho","category-reportagens"],"_links":{"self":[{"href":"https:\/\/redept.com.br\/blogosfera\/wp-json\/wp\/v2\/posts\/72829","targetHints":{"allow":["GET"]}}],"collection":[{"href":"https:\/\/redept.com.br\/blogosfera\/wp-json\/wp\/v2\/posts"}],"about":[{"href":"https:\/\/redept.com.br\/blogosfera\/wp-json\/wp\/v2\/types\/post"}],"author":[{"embeddable":true,"href":"https:\/\/redept.com.br\/blogosfera\/wp-json\/wp\/v2\/users\/2"}],"replies":[{"embeddable":true,"href":"https:\/\/redept.com.br\/blogosfera\/wp-json\/wp\/v2\/comments?post=72829"}],"version-history":[{"count":0,"href":"https:\/\/redept.com.br\/blogosfera\/wp-json\/wp\/v2\/posts\/72829\/revisions"}],"wp:featuredmedia":[{"embeddable":true,"href":"https:\/\/redept.com.br\/blogosfera\/wp-json\/wp\/v2\/media\/72830"}],"wp:attachment":[{"href":"https:\/\/redept.com.br\/blogosfera\/wp-json\/wp\/v2\/media?parent=72829"}],"wp:term":[{"taxonomy":"category","embeddable":true,"href":"https:\/\/redept.com.br\/blogosfera\/wp-json\/wp\/v2\/categories?post=72829"},{"taxonomy":"post_tag","embeddable":true,"href":"https:\/\/redept.com.br\/blogosfera\/wp-json\/wp\/v2\/tags?post=72829"}],"curies":[{"name":"wp","href":"https:\/\/api.w.org\/{rel}","templated":true}]}}