{"id":72833,"date":"2026-02-03T07:00:19","date_gmt":"2026-02-03T10:00:19","guid":{"rendered":"https:\/\/redept.com.br\/blogosfera\/mp-militar-aciona-stm-para-retirar-patentes-de-bolsonaro-e-aliados-golpistas\/"},"modified":"2026-02-03T07:00:19","modified_gmt":"2026-02-03T10:00:19","slug":"mp-militar-aciona-stm-para-retirar-patentes-de-bolsonaro-e-aliados-golpistas","status":"publish","type":"post","link":"https:\/\/redept.com.br\/blogosfera\/mp-militar-aciona-stm-para-retirar-patentes-de-bolsonaro-e-aliados-golpistas\/","title":{"rendered":"MP Militar aciona STM para retirar patentes de Bolsonaro e aliados golpistas"},"content":{"rendered":"<p>Ideia \u00e9 depurar as For\u00e7as Armadas de vest\u00edgios do bolsonarismo extremado e refor\u00e7ar o compromisso com o Estado de Direito<\/p>\n<p>O post MP Militar aciona STM para retirar patentes de Bolsonaro e aliados golpistas apareceu primeiro em .<\/p>\n<!-- Begin Yuzo --><div class='yuzo_related_post style-1'  data-version='5.12.89'><!-- without result --><div class='yuzo_clearfixed yuzo__title yuzo__title'><h3>Related Post<\/h3><\/div>\n\t\t\t\t\t\t  <div class=\"relatedthumb \" style=\"width:125px;float:left;overflow:hidden;\">  \n\t\t\t\t\t\t\t  \n\t\t\t\t\t\t\t  <a  href=\"https:\/\/redept.com.br\/blogosfera\/pgr-denuncia-eduardo-bolsonaro-no-inquerito-sobre-coacao-em-processo-judicial\/\"  >\n\t\t\t\t\t\t\t\t\t  <div class=\"yuzo-img-wrap \" style=\"width: 125px;height:90px;\">\n\t\t\t\t\t\t\t\t\t\t\n\t\t\t\t\t\t\t\t\t\t<div class=\"yuzo-img\" style=\"background:url('https:\/\/redept.org\/blogosfera\/wp-content\/plugins\/yuzo-related-post\/assets\/images\/default.png') 50% 50% no-repeat;width: 125px;height:90px;margin-bottom: 5px;background-size: cover; \"><\/div>\n\t\t\t\t\t\t\t\t\t  <\/div>\n\t\t\t\t\t\t\t\t\t  \n\t\t\t\t\t\t\t\t   <span class=\"yuzo__text--title\" style=\"font-size:13px;\">PGR denuncia Eduardo Bolsonaro no inqu\u00e9rito sobre ...<\/span>\n\t\t\t\t\t\t\t  \n\t\t\t\t\t\t\t  \n\t\t\t\t\t\t\t  <\/a>\n\n\t\t\t\t\t\t  <\/div>\n\t\t\t\t\t\t  <div class=\"relatedthumb \" style=\"width:125px;float:left;overflow:hidden;\">  \n\t\t\t\t\t\t\t  \n\t\t\t\t\t\t\t  <a  href=\"https:\/\/redept.com.br\/blogosfera\/golpe-contra-aposentados-careca-do-inss-e-preso-em-operacao-bilionaria-da-pf\/\"  >\n\t\t\t\t\t\t\t\t\t  <div class=\"yuzo-img-wrap \" style=\"width: 125px;height:90px;\">\n\t\t\t\t\t\t\t\t\t\t\n\t\t\t\t\t\t\t\t\t\t<div class=\"yuzo-img\" style=\"background:url('https:\/\/redept.com.br\/blogosfera\/wp-content\/uploads\/2025\/09\/careca-do-inss-150x150.png') 50% 50% no-repeat;width: 125px;height:90px;margin-bottom: 5px;background-size: cover; \"><\/div>\n\t\t\t\t\t\t\t\t\t  <\/div>\n\t\t\t\t\t\t\t\t\t  \n\t\t\t\t\t\t\t\t   <span class=\"yuzo__text--title\" style=\"font-size:13px;\">Golpe contra aposentados: \u2018Careca do INSS\u2019 \u00e9 preso...<\/span>\n\t\t\t\t\t\t\t  \n\t\t\t\t\t\t\t  \n\t\t\t\t\t\t\t  <\/a>\n\n\t\t\t\t\t\t  <\/div>\n\t\t\t\t\t\t  <div class=\"relatedthumb \" style=\"width:125px;float:left;overflow:hidden;\">  \n\t\t\t\t\t\t\t  \n\t\t\t\t\t\t\t  <a  href=\"https:\/\/redept.com.br\/blogosfera\/inss-a-derrapagem-de-lula\/\"  >\n\t\t\t\t\t\t\t\t\t  <div class=\"yuzo-img-wrap \" style=\"width: 125px;height:90px;\">\n\t\t\t\t\t\t\t\t\t\t\n\t\t\t\t\t\t\t\t\t\t<div class=\"yuzo-img\" style=\"background:url('https:\/\/redept.com.br\/blogosfera\/wp-content\/uploads\/2026\/01\/filas-inss-previdecc82ncia-social-reproduccca7acc83o-12-150x150.jpeg') 50% 50% no-repeat;width: 125px;height:90px;margin-bottom: 5px;background-size: cover; \"><\/div>\n\t\t\t\t\t\t\t\t\t  <\/div>\n\t\t\t\t\t\t\t\t\t  \n\t\t\t\t\t\t\t\t   <span class=\"yuzo__text--title\" style=\"font-size:13px;\">INSS: A derrapagem de Lula<\/span>\n\t\t\t\t\t\t\t  \n\t\t\t\t\t\t\t  \n\t\t\t\t\t\t\t  <\/a>\n\n\t\t\t\t\t\t  <\/div>\n\t\t\t\t\t\t  <div class=\"relatedthumb \" style=\"width:125px;float:left;overflow:hidden;\">  \n\t\t\t\t\t\t\t  \n\t\t\t\t\t\t\t  <a  href=\"https:\/\/redept.com.br\/blogosfera\/centro-cultural-manoel-lisboa-ccml-polo-de-resistencia-e-luta-em-curitiba\/\"  >\n\t\t\t\t\t\t\t\t\t  <div class=\"yuzo-img-wrap \" style=\"width: 125px;height:90px;\">\n\t\t\t\t\t\t\t\t\t\t\n\t\t\t\t\t\t\t\t\t\t<div class=\"yuzo-img\" style=\"background:url('https:\/\/redept.com.br\/blogosfera\/wp-content\/uploads\/2025\/04\/Camarada-Jeanete-CCML-Curitiba-150x150.jpeg') 50% 50% no-repeat;width: 125px;height:90px;margin-bottom: 5px;background-size: cover; \"><\/div>\n\t\t\t\t\t\t\t\t\t  <\/div>\n\t\t\t\t\t\t\t\t\t  \n\t\t\t\t\t\t\t\t   <span class=\"yuzo__text--title\" style=\"font-size:13px;\">Centro Cultural Manoel Lisboa (CCML): polo de resi...<\/span>\n\t\t\t\t\t\t\t  \n\t\t\t\t\t\t\t  \n\t\t\t\t\t\t\t  <\/a>\n\n\t\t\t\t\t\t  <\/div>\n<\/div> <script>\n\t\t\t\t\t\t  jQuery(document).ready(function( $ ){\n\t\t\t\t\t\t\t\/\/jQuery('.yuzo_related_post').equalizer({ overflow : 'relatedthumb' });\n\t\t\t\t\t\t\tjQuery('.yuzo_related_post .yuzo_wraps').equalizer({ columns : '> div' });\n\t\t\t\t\t\t   })\n\t\t\t\t\t\t  <\/script> <!-- End Yuzo :) -->","protected":false},"excerpt":{"rendered":"<p>Ideia \u00e9 depurar as For\u00e7as Armadas de vest\u00edgios do bolsonarismo extremado e refor\u00e7ar o compromisso com o Estado de Direito<\/p>\n<p>O post <a rel=\"nofollow\" href=\"https:\/\/urbsmagna.com\/expulsao-bolsonaro-militares-golpistas-forcas-armadas-mp-militar-stm\/\">MP Militar aciona STM para retirar patentes de Bolsonaro e aliados golpistas<\/a> apareceu primeiro em <a rel=\"nofollow\" href=\"https:\/\/urbsmagna.com\/\"><\/a>.<\/p>\n","protected":false},"author":2,"featured_media":0,"comment_status":"open","ping_status":"closed","sticky":false,"template":"","format":"standard","meta":{"fifu_image_url":"","fifu_image_alt":"","footnotes":""},"categories":[34933,114,34934,45,32273,34935,288,34936,191,34937,19400,132,5471,32272,32751,26260],"tags":[],"class_list":["post-72833","post","type-post","status-publish","format-standard","hentry","category-almir-garnier-augusto-heleno","category-bolsonarismo","category-bolsonaro-expulsao-forcas-armadas","category-brasil","category-condenacao-stf-bolsonaro","category-jair-bolsonaro-generais","category-justica","category-mp-militar-stm","category-noticias","category-paulo-sergio-nogueira-walter-braga-netto","category-perda-patente-militares","category-politica","category-politica-nacional","category-superior-tribunal-militar-stm","category-tentativa-golpe-bolsonaro","category-trama-golpista-2022"],"_links":{"self":[{"href":"https:\/\/redept.com.br\/blogosfera\/wp-json\/wp\/v2\/posts\/72833","targetHints":{"allow":["GET"]}}],"collection":[{"href":"https:\/\/redept.com.br\/blogosfera\/wp-json\/wp\/v2\/posts"}],"about":[{"href":"https:\/\/redept.com.br\/blogosfera\/wp-json\/wp\/v2\/types\/post"}],"author":[{"embeddable":true,"href":"https:\/\/redept.com.br\/blogosfera\/wp-json\/wp\/v2\/users\/2"}],"replies":[{"embeddable":true,"href":"https:\/\/redept.com.br\/blogosfera\/wp-json\/wp\/v2\/comments?post=72833"}],"version-history":[{"count":0,"href":"https:\/\/redept.com.br\/blogosfera\/wp-json\/wp\/v2\/posts\/72833\/revisions"}],"wp:attachment":[{"href":"https:\/\/redept.com.br\/blogosfera\/wp-json\/wp\/v2\/media?parent=72833"}],"wp:term":[{"taxonomy":"category","embeddable":true,"href":"https:\/\/redept.com.br\/blogosfera\/wp-json\/wp\/v2\/categories?post=72833"},{"taxonomy":"post_tag","embeddable":true,"href":"https:\/\/redept.com.br\/blogosfera\/wp-json\/wp\/v2\/tags?post=72833"}],"curies":[{"name":"wp","href":"https:\/\/api.w.org\/{rel}","templated":true}]}}