{"id":72838,"date":"2026-02-03T07:40:56","date_gmt":"2026-02-03T10:40:56","guid":{"rendered":"https:\/\/redept.com.br\/blogosfera\/resultado-fuvest-confira-lista-da-segunda-chamada-da-usp\/"},"modified":"2026-02-03T07:40:56","modified_gmt":"2026-02-03T10:40:56","slug":"resultado-fuvest-confira-lista-da-segunda-chamada-da-usp","status":"publish","type":"post","link":"https:\/\/redept.com.br\/blogosfera\/resultado-fuvest-confira-lista-da-segunda-chamada-da-usp\/","title":{"rendered":"Resultado Fuvest: confira lista da segunda chamada da USP"},"content":{"rendered":"<p>Resultado <a href=\"https:\/\/tvtnews.com.br\/tag\/vestibular\/\" data-type=\"post_tag\" data-id=\"4298\">Fuvest segunda chamada<\/a> est\u00e1 <a href=\"https:\/\/tvtnews.com.br\/tag\/fuvest\/\" data-type=\"post_tag\" data-id=\"4664\">dispon\u00edvel<\/a> a partir das 11h. Acompanhe as not\u00edcias de aprovados na Fuvest com a <a href=\"http:\/\/tvtnews.com.br\/\" data-type=\"link\" data-id=\"tvtnews.com.br\" target=\"_blank\" rel=\"noopener noreferrer nofollow\">TVT News<\/a>.<\/p>\n<h2>Confira o resultado da segunda chamada da Fuvest<\/h2>\n<p>A lista de aprovados na 2\u00aa Chamada do Vestibular 2026 da FUVEST est\u00e1 dispon\u00edvel no <a href=\"https:\/\/www.fuvest.br\/\" target=\"_blank\" rel=\"noopener noreferrer nofollow\">site<\/a> da Funda\u00e7\u00e3o Universit\u00e1ria para o Vestibular a partir das 11h. Todos os convocados devem realizar a pr\u00e9-matr\u00edcula virtual entre as 8h de 4 de fevereiro e as 12h de 6 de fevereiro.<\/p>\n<p>Ser\u00e1 preciso ainda realizar outra etapa, a efetiva\u00e7\u00e3o da matr\u00edcula virtual, que estar\u00e1 aberta entre as 8h de 23 de fevereiro e as 12h de 25 de fevereiro. Caso a efetiva\u00e7\u00e3o da matr\u00edcula n\u00e3o seja realizada, o candidato perder\u00e1 a vaga na Universidade de S\u00e3o Paulo.<\/p>\n<p>Aqueles que n\u00e3o constarem nesta segunda lista devem ficar atentos \u00e0 terceira chamada, que ser\u00e1 divulgada em 10 de fevereiro. Quem tiver interesse na Lista de Espera deve fazer a manifesta\u00e7\u00e3o, na <a href=\"https:\/\/app.fuvest.br\/login\" target=\"_blank\" rel=\"noopener noreferrer nofollow\">\u00c1rea do Candidato,<\/a> nos dias 19 e 20 de fevereiro. Ser\u00e3o realizadas tr\u00eas convoca\u00e7\u00f5es a partir dessa lista para ocupar as vagas remanescentes.<\/p>\n<p>Outras informa\u00e7\u00f5es sobre a Fuvest:\u00a0<a href=\"https:\/\/www.fuvest.br\/vestibular-da-usp\" target=\"_blank\" rel=\"noopener noreferrer nofollow\">https:\/\/www.fuvest.br\/vestibular-da-usp<\/a><\/p>\n<\/p>\n<figure><img fetchpriority=\"high\" fetchpriority=\"high\" decoding=\"async\" width=\"1024\" height=\"576\"src=\"https:\/\/redept.com.br\/blogosfera\/wp-content\/uploads\/2026\/02\/nota_corte-e1764351574873.jpeg\" alt=\"notas-de-corte-da-fuvest-confira-quanto-voce-precisa-para-passar-para-a-2-fase-do-vestibular-fuvest-2026-tvt-news\" title=\"Resultado Fuvest: confira lista da segunda chamada da USP 1\" srcset=\"https:\/\/tvtnews.com.br\/wp-content\/uploads\/2025\/11\/nota_corte-e1764351574873-1024x576.jpeg 1024w, https:\/\/tvtnews.com.br\/wp-content\/uploads\/2025\/11\/nota_corte-e1764351574873-300x169.jpeg 300w, https:\/\/tvtnews.com.br\/wp-content\/uploads\/2025\/11\/nota_corte-e1764351574873-768x432.jpeg 768w, https:\/\/redept.com.br\/blogosfera\/wp-content\/uploads\/2026\/02\/nota_corte-e1764351574873.jpeg 1280w\" sizes=\"(max-width: 1024px) 100vw, 1024px\"><figcaption>Segunda e terceira chamadas ser\u00e3o dia 3 e 10 de fevereiro. Foto: Rafael Silveira \/ Fuvest<\/figcaption><\/figure>\n<h2>Quais os documentos para fazer matr\u00edcula na USP?<\/h2>\n<p>De acordo com o Guia de Jornada do Vestibular 2026, nesta etapa dever\u00e3o ser providenciados, em formato eletr\u00f4nico (.pdf, .jpg, .png, .gif), os seguintes documentos:<\/p>\n<ul>\n<li>Documento de identidade oficial;<\/li>\n<li>Uma fotografia recente;<\/li>\n<li>Comprovante de forma\u00e7\u00e3o educacional, que pode ser o<br \/>\u2022 certificado de conclus\u00e3o de curso do ensino m\u00e9dio ou equivalente a esse n\u00edvel de ensino e respectivo Hist\u00f3rico Escolar;<br \/>\u2022 diploma do ensino m\u00e9dio ou equivalente a esse n\u00edvel de ensino e respectivo hist\u00f3rico escolar;<br \/>\u2022 diploma oficial devidamente registrado de curso superior e, somente caso concorrendo \u00e0s vagas EP ou PPI, hist\u00f3rico escolar do ensino m\u00e9dio ou equivalente a esse n\u00edvel de ensino.<\/li>\n<\/ul>\n<p>The post <a rel=\"nofollow\" href=\"https:\/\/tvtnews.com.br\/resultado-fuvest-lista-da-segunda-chamada-da-usp\/\">Resultado Fuvest: confira lista da segunda chamada da USP<\/a> appeared first on <a rel=\"nofollow\" href=\"https:\/\/tvtnews.com.br\/\">TVT News<\/a>.<\/p>\n<!-- Begin Yuzo --><div class='yuzo_related_post style-1'  data-version='5.12.89'><!-- without result --><div class='yuzo_clearfixed yuzo__title yuzo__title'><h3>Related Post<\/h3><\/div>\n\t\t\t\t\t\t  <div class=\"relatedthumb \" style=\"width:125px;float:left;overflow:hidden;\">  \n\t\t\t\t\t\t\t  \n\t\t\t\t\t\t\t  <a  href=\"https:\/\/redept.com.br\/blogosfera\/bc-aperta-regras-para-bancos-e-fintechs-em-acao-contra-o-crime-organizado\/\"  >\n\t\t\t\t\t\t\t\t\t  <div class=\"yuzo-img-wrap \" style=\"width: 125px;height:90px;\">\n\t\t\t\t\t\t\t\t\t\t\n\t\t\t\t\t\t\t\t\t\t<div class=\"yuzo-img\" style=\"background:url('https:\/\/redept.com.br\/blogosfera\/wp-content\/uploads\/2025\/11\/54898847576_7cef13634b_k-150x150.jpg') 50% 50% no-repeat;width: 125px;height:90px;margin-bottom: 5px;background-size: cover; \"><\/div>\n\t\t\t\t\t\t\t\t\t  <\/div>\n\t\t\t\t\t\t\t\t\t  \n\t\t\t\t\t\t\t\t   <span class=\"yuzo__text--title\" style=\"font-size:13px;\">BC aperta regras para bancos e fintechs em a\u00e7\u00e3o co...<\/span>\n\t\t\t\t\t\t\t  \n\t\t\t\t\t\t\t  \n\t\t\t\t\t\t\t  <\/a>\n\n\t\t\t\t\t\t  <\/div>\n\t\t\t\t\t\t  <div class=\"relatedthumb \" style=\"width:125px;float:left;overflow:hidden;\">  \n\t\t\t\t\t\t\t  \n\t\t\t\t\t\t\t  <a  href=\"https:\/\/redept.com.br\/blogosfera\/ao-menos-30-morrem-em-novos-ataques-israelenses-na-faixa-de-gaza\/\"  >\n\t\t\t\t\t\t\t\t\t  <div class=\"yuzo-img-wrap \" style=\"width: 125px;height:90px;\">\n\t\t\t\t\t\t\t\t\t\t\n\t\t\t\t\t\t\t\t\t\t<div class=\"yuzo-img\" style=\"background:url('https:\/\/redept.com.br\/blogosfera\/wp-content\/uploads\/2025\/07\/ec0c80af-595d-4b1d-8c90-3b2cdb7bbcb2-150x150.png') 50% 50% no-repeat;width: 125px;height:90px;margin-bottom: 5px;background-size: cover; \"><\/div>\n\t\t\t\t\t\t\t\t\t  <\/div>\n\t\t\t\t\t\t\t\t\t  \n\t\t\t\t\t\t\t\t   <span class=\"yuzo__text--title\" style=\"font-size:13px;\">Ao menos 30 morrem em novos ataques israelenses na...<\/span>\n\t\t\t\t\t\t\t  \n\t\t\t\t\t\t\t  \n\t\t\t\t\t\t\t  <\/a>\n\n\t\t\t\t\t\t  <\/div>\n\t\t\t\t\t\t  <div class=\"relatedthumb \" style=\"width:125px;float:left;overflow:hidden;\">  \n\t\t\t\t\t\t\t  \n\t\t\t\t\t\t\t  <a  href=\"https:\/\/redept.com.br\/blogosfera\/ue-e-franca-anunciam-pacote-de-mais-de-e-500-milhoes-para-atrair-cientistas-estrangeiros\/\"  >\n\t\t\t\t\t\t\t\t\t  <div class=\"yuzo-img-wrap \" style=\"width: 125px;height:90px;\">\n\t\t\t\t\t\t\t\t\t\t\n\t\t\t\t\t\t\t\t\t\t<div class=\"yuzo-img\" style=\"background:url('https:\/\/redept.com.br\/blogosfera\/wp-content\/uploads\/2025\/05\/gqmlkvrwsae_yk8-150x150.jpg') 50% 50% no-repeat;width: 125px;height:90px;margin-bottom: 5px;background-size: cover; \"><\/div>\n\t\t\t\t\t\t\t\t\t  <\/div>\n\t\t\t\t\t\t\t\t\t  \n\t\t\t\t\t\t\t\t   <span class=\"yuzo__text--title\" style=\"font-size:13px;\">UE e Fran\u00e7a anunciam pacote de mais de \u20ac 500 milh\u00f5...<\/span>\n\t\t\t\t\t\t\t  \n\t\t\t\t\t\t\t  \n\t\t\t\t\t\t\t  <\/a>\n\n\t\t\t\t\t\t  <\/div>\n\t\t\t\t\t\t  <div class=\"relatedthumb \" style=\"width:125px;float:left;overflow:hidden;\">  \n\t\t\t\t\t\t\t  \n\t\t\t\t\t\t\t  <a  href=\"https:\/\/redept.com.br\/blogosfera\/oficina-roupa-protesto-abre-inscricoes-para-formacao-gratuita-de-moda-e-politica-no-recife\/\"  >\n\t\t\t\t\t\t\t\t\t  <div class=\"yuzo-img-wrap \" style=\"width: 125px;height:90px;\">\n\t\t\t\t\t\t\t\t\t\t\n\t\t\t\t\t\t\t\t\t\t<div class=\"yuzo-img\" style=\"background:url('https:\/\/redept.org\/blogosfera\/wp-content\/plugins\/yuzo-related-post\/assets\/images\/default.png') 50% 50% no-repeat;width: 125px;height:90px;margin-bottom: 5px;background-size: cover; \"><\/div>\n\t\t\t\t\t\t\t\t\t  <\/div>\n\t\t\t\t\t\t\t\t\t  \n\t\t\t\t\t\t\t\t   <span class=\"yuzo__text--title\" style=\"font-size:13px;\">Oficina Roupa-Protesto abre inscri\u00e7\u00f5es para forma\u00e7...<\/span>\n\t\t\t\t\t\t\t  \n\t\t\t\t\t\t\t  \n\t\t\t\t\t\t\t  <\/a>\n\n\t\t\t\t\t\t  <\/div>\n<\/div> <script>\n\t\t\t\t\t\t  jQuery(document).ready(function( $ ){\n\t\t\t\t\t\t\t\/\/jQuery('.yuzo_related_post').equalizer({ overflow : 'relatedthumb' });\n\t\t\t\t\t\t\tjQuery('.yuzo_related_post .yuzo_wraps').equalizer({ columns : '> div' });\n\t\t\t\t\t\t   })\n\t\t\t\t\t\t  <\/script> <!-- End Yuzo :) -->","protected":false},"excerpt":{"rendered":"<p>Resultado Fuvest segunda chamada est\u00e1 dispon\u00edvel a partir das 11h. Acompanhe as not\u00edcias de aprovados na Fuvest com a TVT News. Confira o resultado da segunda chamada da Fuvest A lista de aprovados na 2\u00aa Chamada do Vestibular 2026 da FUVEST est\u00e1 dispon\u00edvel no site da Funda\u00e7\u00e3o Universit\u00e1ria para o Vestibular a partir das 11h. [&hellip;]<\/p>\n","protected":false},"author":2,"featured_media":0,"comment_status":"open","ping_status":"closed","sticky":false,"template":"","format":"standard","meta":{"fifu_image_url":"","fifu_image_alt":"","footnotes":""},"categories":[473,95,1066,512,1416],"tags":[],"class_list":["post-72838","post","type-post","status-publish","format-standard","hentry","category-destaque-medio","category-educacao","category-universidade","category-usp","category-vestibular"],"_links":{"self":[{"href":"https:\/\/redept.com.br\/blogosfera\/wp-json\/wp\/v2\/posts\/72838","targetHints":{"allow":["GET"]}}],"collection":[{"href":"https:\/\/redept.com.br\/blogosfera\/wp-json\/wp\/v2\/posts"}],"about":[{"href":"https:\/\/redept.com.br\/blogosfera\/wp-json\/wp\/v2\/types\/post"}],"author":[{"embeddable":true,"href":"https:\/\/redept.com.br\/blogosfera\/wp-json\/wp\/v2\/users\/2"}],"replies":[{"embeddable":true,"href":"https:\/\/redept.com.br\/blogosfera\/wp-json\/wp\/v2\/comments?post=72838"}],"version-history":[{"count":0,"href":"https:\/\/redept.com.br\/blogosfera\/wp-json\/wp\/v2\/posts\/72838\/revisions"}],"wp:attachment":[{"href":"https:\/\/redept.com.br\/blogosfera\/wp-json\/wp\/v2\/media?parent=72838"}],"wp:term":[{"taxonomy":"category","embeddable":true,"href":"https:\/\/redept.com.br\/blogosfera\/wp-json\/wp\/v2\/categories?post=72838"},{"taxonomy":"post_tag","embeddable":true,"href":"https:\/\/redept.com.br\/blogosfera\/wp-json\/wp\/v2\/tags?post=72838"}],"curies":[{"name":"wp","href":"https:\/\/api.w.org\/{rel}","templated":true}]}}