{"id":72849,"date":"2026-02-03T10:18:03","date_gmt":"2026-02-03T13:18:03","guid":{"rendered":"https:\/\/redept.com.br\/blogosfera\/a-terceira-via-e-hipocrisia\/"},"modified":"2026-02-03T10:18:03","modified_gmt":"2026-02-03T13:18:03","slug":"a-terceira-via-e-hipocrisia","status":"publish","type":"post","link":"https:\/\/redept.com.br\/blogosfera\/a-terceira-via-e-hipocrisia\/","title":{"rendered":"A terceira via \u00e9 hipocrisia"},"content":{"rendered":"<p><strong>1.<\/strong><\/p>\n<p>A m\u00eddia corporativa segue na cruzada para achar a \u201cterceira via\u201d para o que denomina \u2013 de modo hip\u00f3crita \u2013 de \u201cpolariza\u00e7\u00e3o\u201d. Para consolidar a carreira no monop\u00f3lio de comunica\u00e7\u00f5es, jornalistas cavam argumentos sobre \u201ctoler\u00e2ncia\u201d e \u201cliberdade de express\u00e3o\u201d para rechear os editoriais. O da partidarismo \u00e9 escancarado. A narrativa \u00e9 constru\u00edda como se estivessem no s\u00e9culo XVIII, em luta contra o absolutismo de Lu\u00eds 16, \u00e0s v\u00e9speras da Revolu\u00e7\u00e3o Francesa. Mas a toada \u00e9 antijacobina. O pa\u00eds n\u00e3o presta, o povo n\u00e3o sabe votar, o governo gasta demais, as institui\u00e7\u00f5es n\u00e3o s\u00e3o confi\u00e1veis. Os chav\u00f5es cravam a demagogia nos textos rasteiros.<\/p>\n<p>Antes se completava o ros\u00e1rio de lam\u00farias com o elogio ao irm\u00e3o do Norte, como exemplo de honestidade e sabedoria. L\u00e1, as coisas funcionariam a contento. O pa\u00eds presta, o povo vota nas elites, o governo n\u00e3o interv\u00e9m no mercado, as institui\u00e7\u00f5es s\u00e3o fortes. Depois de morder a l\u00edngua, agora reina o sil\u00eancio. Pudera.<\/p>\n<p>O fato \u00e9 que vivemos em uma democracia sacrificada: sobrevivente do fracasso de um golpe contra o Estado de direito democr\u00e1tico, orquestrado pelo condenado Jair Bolsonaro <em>et caterva.<\/em> No meio do caminho havia a lideran\u00e7a de um \u201cpresidente estadista\u201d para barrar o pesadelo dist\u00f3pico. A breve lembran\u00e7a desmonta a f\u00e1bula da polariza\u00e7\u00e3o. A narrativa n\u00e3o se sustenta. O falso Messias queria instaurar o regime de exce\u00e7\u00e3o. O Silva salvou da morte a democracia, a dignidade por um fio.<\/p>\n<p>As acrobacias para apresentar os supostos polos como equivalentes, repetidas \u00e0 exaust\u00e3o, n\u00e3o passam de diversionismo. A m\u00e1scara cai quando se toma conhecimento do voto nas \u00faltimas elei\u00e7\u00f5es pelos candidatos que, ora, se arvoram em alternativas. Todos pertencem ao bloco de partidos defensores das famigeradas emendas impositivas no Congresso. Nenhum hesitou em votar no fac\u00ednora sempre que teve oportunidade (2018 e 2022). S\u00e3o capit\u00e3es-do-mato das elites do atraso. Atendem ao capital.<\/p>\n<p>Tarc\u00edsio de Freitas, Ronaldo Caiado, Ratinho Jr. e Eduardo Leite endossam o autoritarismo na pol\u00edtica, assim como na economia convergem no aprofundamento do neoliberalismo que desemprega, uberiza o trabalho, n\u00e3o defende a soberania nacional. A receita repete: privatiza\u00e7\u00e3o do patrim\u00f4nio p\u00fablico, ajustes fiscais para ferrar com os programas sociais, conten\u00e7\u00e3o dos gastos sociais, redu\u00e7\u00e3o dos servi\u00e7os p\u00fablicos, submiss\u00e3o \u00e0 l\u00f3gica da financeiriza\u00e7\u00e3o do Estado, arrocho salarial dos servidores, repress\u00e3o aos movimentos sociais. Eis a\u00ed o \u201ccentro\u201d, da m\u00eddia!<\/p>\n<p><strong>2.<\/strong><\/p>\n<p>O presidente dos Estados Unidos George W. Bush, em 2001, diante do atentado terrorista \u00e0s Torres G\u00eameas em Nova Yorque, garantiu ao mundo que: \u201cA expans\u00e3o global da democracia \u00e9 a mais importante for\u00e7a para produzir o recuo do terrorismo e da tirania\u201d. Bush evocava as vit\u00f3rias nos tr\u00eas quartos de s\u00e9culo sobre a Alemanha, Jap\u00e3o e It\u00e1lia na Segunda Guerra, e tamb\u00e9m sobre o imp\u00e9rio sovi\u00e9tico dada a inesperada desintegra\u00e7\u00e3o da Uni\u00e3o das Rep\u00fablicas Socialistas Sovi\u00e9ticas (URSS). O s\u00f3lido desmanchou.<\/p>\n<p>A democracia (representativa) sinalizava um estilo de vida e uma forma de governo para levar a prosperidade e a paz ao planeta. O triunfo ideol\u00f3gico da democracia parecia desnorteante e completo. A situa\u00e7\u00e3o \u00e9 diferente hoje. Cresce a extrema direita, a democracia \u00e9 adjetivada de \u201ciliberal\u201d. O Capit\u00f3lio \u00e9 invadido em Washington para impedir a certifica\u00e7\u00e3o do resultado da elei\u00e7\u00e3o de Joe Biden. As sedes dos poderes s\u00e3o vandalizadas em Bras\u00edlia. A democracia torna-se um valor relativo em setores da popula\u00e7\u00e3o. Vig\u00edlias clamam pela volta da ditadura militar, da tortura, da censura.<\/p>\n<p>Donald Trump retira os EUA de mais de 60 organismos multilaterais, 31 deles ligados a ONU. O Conselho de Seguran\u00e7a desta \u00e9 esvaziado. A desordem nas rela\u00e7\u00f5es internacionais se instaura. Caracas \u00e9 bombardeada em uma madrugada, e seu presidente sequestrado. Pa\u00edses vizinhos, no c\u00famulo do servilismo, aplaudem a a\u00e7\u00e3o. A \u201cdesdemocratiza\u00e7\u00e3o da democracia\u201d, na express\u00e3o criada por Wendy Brown, est\u00e1 em curso.<\/p>\n<p>A economia engole a pol\u00edtica, a cultura e o social para fixar a ordem do ego\u00edsmo e acabar com os sonhos que recendem a <em>Conjuration des \u00c9gaux<\/em> (Conjura\u00e7\u00e3o dos Iguais ou Conspira\u00e7\u00e3o pela Igualdade, 1796), o movimento precursor do anarquismo e do socialismo. Neste contexto, a luta de classes se desdobra no n\u00edvel nacional e no n\u00edvel internacional. As alian\u00e7as envolvem as classes e as na\u00e7\u00f5es. Aumenta a import\u00e2ncia da vit\u00f3ria em 2026.<\/p>\n<p>Significa fortalecer a resili\u00eancia democr\u00e1tica e popular frente a expans\u00e3o da barb\u00e1rie no mapa-m\u00fandi, e construir a utopia cidad\u00e3 \u2013 o direito a ter direitos. O presidente Lula da Silva 4.0 injeta mais democracia nas veias abertas do Brasil, da Am\u00e9rica Latina e na multipolaridade. \u00c9 a via de que precisam os trabalhadores, os estudantes, os agricultores familiares. Todos e todas, juntos!<\/p>\n<p><strong>* Luiz Marques \u00e9 docente de Ci\u00eancia Pol\u00edtica na UFRGS; ex-Secret\u00e1rio de Estado da Cultura no Rio Grande do Sul<\/strong><\/p>\n<p><em>Este \u00e9 um artigo autoral. A opini\u00e3o contida no texto \u00e9 de seu autor e n\u00e3o representa necessariamente o posicionamento da Funda\u00e7\u00e3o Perseu Abramo.<\/em><\/p>\n<p>The post <a rel=\"nofollow\" href=\"https:\/\/fpabramo.org.br\/2026\/02\/03\/a-terceira-via-e-hipocrisia\/\">A terceira via \u00e9 hipocrisia<\/a> appeared first on <a rel=\"nofollow\" href=\"https:\/\/fpabramo.org.br\/\">Funda\u00e7\u00e3o Perseu Abramo<\/a>.<\/p>\n<!-- Begin Yuzo --><div class='yuzo_related_post style-1'  data-version='5.12.89'><!-- without result --><div class='yuzo_clearfixed yuzo__title yuzo__title'><h3>Related Post<\/h3><\/div>\n\t\t\t\t\t\t  <div class=\"relatedthumb \" style=\"width:125px;float:left;overflow:hidden;\">  \n\t\t\t\t\t\t\t  \n\t\t\t\t\t\t\t  <a  href=\"https:\/\/redept.com.br\/blogosfera\/stf-julga-denuncia-contra-nucleo-3-da-tentativa-de-golpe\/\"  >\n\t\t\t\t\t\t\t\t\t  <div class=\"yuzo-img-wrap \" style=\"width: 125px;height:90px;\">\n\t\t\t\t\t\t\t\t\t\t\n\t\t\t\t\t\t\t\t\t\t<div class=\"yuzo-img\" style=\"background:url('https:\/\/redept.org\/blogosfera\/wp-content\/plugins\/yuzo-related-post\/assets\/images\/default.png') 50% 50% no-repeat;width: 125px;height:90px;margin-bottom: 5px;background-size: cover; \"><\/div>\n\t\t\t\t\t\t\t\t\t  <\/div>\n\t\t\t\t\t\t\t\t\t  \n\t\t\t\t\t\t\t\t   <span class=\"yuzo__text--title\" style=\"font-size:13px;\">STF julga den\u00fancia contra n\u00facleo 3 da tentativa de...<\/span>\n\t\t\t\t\t\t\t  \n\t\t\t\t\t\t\t  \n\t\t\t\t\t\t\t  <\/a>\n\n\t\t\t\t\t\t  <\/div>\n\t\t\t\t\t\t  <div class=\"relatedthumb \" style=\"width:125px;float:left;overflow:hidden;\">  \n\t\t\t\t\t\t\t  \n\t\t\t\t\t\t\t  <a  href=\"https:\/\/redept.com.br\/blogosfera\/comercio-eua-venezuela-cai-pela-primeira-vez-em-5-anos-e-mostra-que-sancoes-tambem-prejudicam-pais-de-trump\/\"  >\n\t\t\t\t\t\t\t\t\t  <div class=\"yuzo-img-wrap \" style=\"width: 125px;height:90px;\">\n\t\t\t\t\t\t\t\t\t\t\n\t\t\t\t\t\t\t\t\t\t<div class=\"yuzo-img\" style=\"background:url('https:\/\/redept.org\/blogosfera\/wp-content\/plugins\/yuzo-related-post\/assets\/images\/default.png') 50% 50% no-repeat;width: 125px;height:90px;margin-bottom: 5px;background-size: cover; \"><\/div>\n\t\t\t\t\t\t\t\t\t  <\/div>\n\t\t\t\t\t\t\t\t\t  \n\t\t\t\t\t\t\t\t   <span class=\"yuzo__text--title\" style=\"font-size:13px;\">Com\u00e9rcio EUA\/Venezuela cai pela primeira vez em 5 ...<\/span>\n\t\t\t\t\t\t\t  \n\t\t\t\t\t\t\t  \n\t\t\t\t\t\t\t  <\/a>\n\n\t\t\t\t\t\t  <\/div>\n\t\t\t\t\t\t  <div class=\"relatedthumb \" style=\"width:125px;float:left;overflow:hidden;\">  \n\t\t\t\t\t\t\t  \n\t\t\t\t\t\t\t  <a  href=\"https:\/\/redept.com.br\/blogosfera\/vestibular-o-que-mais-cai-na-fuvest-unesp-e-unicamp\/\"  >\n\t\t\t\t\t\t\t\t\t  <div class=\"yuzo-img-wrap \" style=\"width: 125px;height:90px;\">\n\t\t\t\t\t\t\t\t\t\t\n\t\t\t\t\t\t\t\t\t\t<div class=\"yuzo-img\" style=\"background:url('https:\/\/redept.com.br\/blogosfera\/wp-content\/uploads\/2025\/06\/Vestibular_Fuvest_2017-18-2048x1366-150x150.jpg') 50% 50% no-repeat;width: 125px;height:90px;margin-bottom: 5px;background-size: cover; \"><\/div>\n\t\t\t\t\t\t\t\t\t  <\/div>\n\t\t\t\t\t\t\t\t\t  \n\t\t\t\t\t\t\t\t   <span class=\"yuzo__text--title\" style=\"font-size:13px;\">Vestibular: o que mais cai na Fuvest, Unesp e Unic...<\/span>\n\t\t\t\t\t\t\t  \n\t\t\t\t\t\t\t  \n\t\t\t\t\t\t\t  <\/a>\n\n\t\t\t\t\t\t  <\/div>\n\t\t\t\t\t\t  <div class=\"relatedthumb \" style=\"width:125px;float:left;overflow:hidden;\">  \n\t\t\t\t\t\t\t  \n\t\t\t\t\t\t\t  <a  href=\"https:\/\/redept.com.br\/blogosfera\/trabalhistas-vencem-direita-na-australia-em-eleicao-marcada-pelo-anti-trumpismo\/\"  >\n\t\t\t\t\t\t\t\t\t  <div class=\"yuzo-img-wrap \" style=\"width: 125px;height:90px;\">\n\t\t\t\t\t\t\t\t\t\t\n\t\t\t\t\t\t\t\t\t\t<div class=\"yuzo-img\" style=\"background:url('https:\/\/redept.com.br\/blogosfera\/wp-content\/uploads\/2025\/05\/eleicao-australia-albomp-150x150.jpg') 50% 50% no-repeat;width: 125px;height:90px;margin-bottom: 5px;background-size: cover; \"><\/div>\n\t\t\t\t\t\t\t\t\t  <\/div>\n\t\t\t\t\t\t\t\t\t  \n\t\t\t\t\t\t\t\t   <span class=\"yuzo__text--title\" style=\"font-size:13px;\">Trabalhistas vencem direita na Austr\u00e1lia em elei\u00e7\u00e3...<\/span>\n\t\t\t\t\t\t\t  \n\t\t\t\t\t\t\t  \n\t\t\t\t\t\t\t  <\/a>\n\n\t\t\t\t\t\t  <\/div>\n<\/div> <script>\n\t\t\t\t\t\t  jQuery(document).ready(function( $ ){\n\t\t\t\t\t\t\t\/\/jQuery('.yuzo_related_post').equalizer({ overflow : 'relatedthumb' });\n\t\t\t\t\t\t\tjQuery('.yuzo_related_post .yuzo_wraps').equalizer({ columns : '> div' });\n\t\t\t\t\t\t   })\n\t\t\t\t\t\t  <\/script> <!-- End Yuzo :) -->","protected":false},"excerpt":{"rendered":"<p>1. A m\u00eddia corporativa segue na cruzada para achar a \u201cterceira via\u201d para o que denomina \u2013 de modo hip\u00f3crita \u2013 de \u201cpolariza\u00e7\u00e3o\u201d. Para consolidar a carreira no monop\u00f3lio de comunica\u00e7\u00f5es, jornalistas cavam argumentos sobre \u201ctoler\u00e2ncia\u201d e \u201cliberdade de express\u00e3o\u201d para rechear os editoriais. O da partidarismo \u00e9 escancarado. A narrativa \u00e9 constru\u00edda como se [&hellip;]<\/p>\n","protected":false},"author":2,"featured_media":0,"comment_status":"open","ping_status":"closed","sticky":false,"template":"","format":"standard","meta":{"fifu_image_url":"","fifu_image_alt":"","footnotes":""},"categories":[1],"tags":[],"class_list":["post-72849","post","type-post","status-publish","format-standard","hentry","category-uncategorized"],"_links":{"self":[{"href":"https:\/\/redept.com.br\/blogosfera\/wp-json\/wp\/v2\/posts\/72849","targetHints":{"allow":["GET"]}}],"collection":[{"href":"https:\/\/redept.com.br\/blogosfera\/wp-json\/wp\/v2\/posts"}],"about":[{"href":"https:\/\/redept.com.br\/blogosfera\/wp-json\/wp\/v2\/types\/post"}],"author":[{"embeddable":true,"href":"https:\/\/redept.com.br\/blogosfera\/wp-json\/wp\/v2\/users\/2"}],"replies":[{"embeddable":true,"href":"https:\/\/redept.com.br\/blogosfera\/wp-json\/wp\/v2\/comments?post=72849"}],"version-history":[{"count":0,"href":"https:\/\/redept.com.br\/blogosfera\/wp-json\/wp\/v2\/posts\/72849\/revisions"}],"wp:attachment":[{"href":"https:\/\/redept.com.br\/blogosfera\/wp-json\/wp\/v2\/media?parent=72849"}],"wp:term":[{"taxonomy":"category","embeddable":true,"href":"https:\/\/redept.com.br\/blogosfera\/wp-json\/wp\/v2\/categories?post=72849"},{"taxonomy":"post_tag","embeddable":true,"href":"https:\/\/redept.com.br\/blogosfera\/wp-json\/wp\/v2\/tags?post=72849"}],"curies":[{"name":"wp","href":"https:\/\/api.w.org\/{rel}","templated":true}]}}