{"id":72851,"date":"2026-02-03T10:33:32","date_gmt":"2026-02-03T13:33:32","guid":{"rendered":"https:\/\/redept.com.br\/blogosfera\/o-que-e-noticia-no-jornal-tvt-news-primeira-edicao-03-02-2026\/"},"modified":"2026-02-03T10:33:32","modified_gmt":"2026-02-03T13:33:32","slug":"o-que-e-noticia-no-jornal-tvt-news-primeira-edicao-03-02-2026","status":"publish","type":"post","link":"https:\/\/redept.com.br\/blogosfera\/o-que-e-noticia-no-jornal-tvt-news-primeira-edicao-03-02-2026\/","title":{"rendered":"O que \u00e9 not\u00edcia no Jornal TVT News Primeira Edi\u00e7\u00e3o | 03-02-2026"},"content":{"rendered":"<p>Veja o que \u00e9 not\u00edcia no <a href=\"https:\/\/tvtnews.com.br\/jornal-tvtnews\/\" data-type=\"page\" data-id=\"742704\">Jornal TVT News Primeira Edi\u00e7\u00e3o<\/a> desta ter\u00e7a-feira, 3 de fevereiro de 2026. Confira quais s\u00e3o as <a href=\"https:\/\/tvtnews.com.br\/ultimas-noticias\/\" data-type=\"page\" data-id=\"716104\">not\u00edcias do dia<\/a> com a equipe do Jornal <a href=\"http:\/\/tvtnews.com.br\/\" data-type=\"link\" data-id=\"tvtnews.com.br\" target=\"_blank\" rel=\"noopener noreferrer nofollow\">TVT News<\/a> Primeira Edi\u00e7\u00e3o.<\/p>\n<\/p>\n<figure>\n<div>\n<\/div>\n<\/figure>\n<h3>O que \u00e9 not\u00edcia em 3 de fevereiro de 2026 no Jornal TVT News Primeira Edi\u00e7\u00e3o<\/h3>\n<ul>\n<li>Tribunal Militar julga expuls\u00e3o de Bolsonaro<\/li>\n<li>PF abre inqu\u00e9rito para investigar BRB<\/li>\n<li>MPM pede perda de patente de Bolsonaro e militares ao STM<\/li>\n<li>C\u00e1rmen L\u00facia assume relatoria do C\u00f3digo de \u00c9tica do STF<\/li>\n<li><a href=\"https:\/\/tvtnews.com.br\/fim-da-escala-6x1-e-prioridade-do-governo-em-2026\/\">Lula defende fim da escala 6\u00d71 e regula\u00e7\u00e3o de apps<\/a><\/li>\n<li>Emendas parlamentares de R$ 62 bi geram embate no Congresso<\/li>\n<li>C\u00e2mara aprova botij\u00e3o de g\u00e1s gratuito para fam\u00edlias de baixa renda<\/li>\n<li>Brasil avan\u00e7a com acordo Mercosul-Uni\u00e3o Europeia<\/li>\n<li>EUA e \u00cdndia anunciam novo acordo comercial<\/li>\n<li>Trump imp\u00f5e c\u00e2meras corporais a agentes de imigra\u00e7\u00e3o<\/li>\n<li>Fran\u00e7a investiga rede social X por uso de algoritmos e dados<\/li>\n<li>Bill e Hillary Clinton v\u00e3o depor no caso Epstein<\/li>\n<\/ul>\n<h2>Jornal TVT News: manh\u00e3 e tarde com os trabalhadores<\/h2>\n<p>TVT News tem dois telejornais di\u00e1rios: o<a href=\"https:\/\/tvtnews.com.br\/estreia-jornal-tvt-news-primeira-edicao\/\" data-type=\"post\" data-id=\"742850\"> jornal TVT News Primeira Edi\u00e7\u00e3o<\/a>, das 10h30 \u00e0s 13h e o <a href=\"https:\/\/tvtnews.com.br\/tvt-lanca-jornal-tvt-news-segunda-edicao\/\" data-type=\"post\" data-id=\"744675\">Jornal TVT News Segunda Edi\u00e7\u00e3o<\/a>, das 16h \u00e0s 18h. Os dois notici\u00e1rios fazem parte das transforma\u00e7\u00f5es de programa\u00e7\u00e3o e na linguagem que come\u00e7aram em agosto de 2024 quando o site <a href=\"https:\/\/tvtnews.com.br\/\">TVT News<\/a> foi lan\u00e7ado.<\/p>\n<p>\u201cNossa estrat\u00e9gia de unificar a reda\u00e7\u00e3o e diversificar conte\u00fados vem se mostrando acertada. Agora nossos esfor\u00e7os est\u00e3o concentrados em aumentar a audi\u00eancia e estrear novos produtos\u201d, explica o Diretor de Conte\u00fado da TVT News, Ricardo Negr\u00e3o.<\/p>\n<\/p>\n<figure><img fetchpriority=\"high\" fetchpriority=\"high\" decoding=\"async\" width=\"1024\" height=\"575\"src=\"https:\/\/redept.com.br\/blogosfera\/wp-content\/uploads\/2026\/02\/jornal_tvt_news-1.jpeg\" alt=\"jornal-tvt-news-primeira-edicao-jornal-tvt-news-segunda-edicao-talita-galli-e-don-ernesto-apresentadores-dos-novos-telejornais-da-tvt-news-o-dia-com-os-trabalhadores-foto-vitoria-machado-tvt-news-tvt-news\" title=\"O que \u00e9 not\u00edcia no Jornal TVT News Primeira Edi\u00e7\u00e3o | 03-02-2026 1\" srcset=\"https:\/\/tvtnews.com.br\/wp-content\/uploads\/2025\/04\/jornal_tvt_news-1024x575.jpeg 1024w, https:\/\/tvtnews.com.br\/wp-content\/uploads\/2025\/04\/jornal_tvt_news-300x169.jpeg 300w, https:\/\/tvtnews.com.br\/wp-content\/uploads\/2025\/04\/jornal_tvt_news-768x432.jpeg 768w, https:\/\/tvtnews.com.br\/wp-content\/uploads\/2025\/04\/jornal_tvt_news-1536x863.jpeg 1536w, https:\/\/redept.com.br\/blogosfera\/wp-content\/uploads\/2026\/02\/jornal_tvt_news-1.jpeg 1600w\" sizes=\"(max-width: 1024px) 100vw, 1024px\"><figcaption>Talita Galli e Don Ernesto, apresentadores dos novos telejornais da TVT News: o dia com os trabalhadores. Foto: Vit\u00f3ria Machado\/TVT News<\/figcaption><\/figure>\n<\/p>\n<h3>Sobre a TVT<\/h3>\n<p>A <a href=\"https:\/\/tvtnews.com.br\/quem-somos\/\" data-type=\"page\" data-id=\"715913\">TVT<\/a> \u00e9 uma emissora educativa outorgada \u00e0 Funda\u00e7\u00e3o Sociedade Comunica\u00e7\u00e3o Cultura e Trabalho, entidade cultural sem fins lucrativos, mantida pelo <a href=\"https:\/\/smabc.org.br\/\" data-type=\"link\" data-id=\"https:\/\/smabc.org.br\/\" target=\"_blank\" rel=\"noreferrer noopener nofollow\">Sindicato dos Metal\u00fargicos do ABC<\/a> e pelo <a href=\"https:\/\/spbancarios.com.br\/\" data-type=\"link\" data-id=\"https:\/\/spbancarios.com.br\/\" target=\"_blank\" rel=\"noreferrer noopener nofollow\">Sindicato dos Banc\u00e1rios e Financi\u00e1rios de S\u00e3o Paulo, Osasco e Regi\u00e3o<\/a>.<\/p>\n<\/p>\n<h4>Veja tamb\u00e9m: as not\u00edcias mais lidas da TVT News<\/h4>\n<p>Veja quais s\u00e3o as not\u00edcias mais lidas do \u00faltimo m\u00eas na TVT News<\/p>\n<ul>\n<li><a href=\"https:\/\/tvtnews.com.br\/reajuste-piso-professores-governo-anuncia-aumento\/\">Reajuste piso professores: governo Lula anuncia aumento do piso salarial em 5,4%<\/a><\/li>\n<li><a href=\"https:\/\/tvtnews.com.br\/corinthians-x-arsenal-mundial-de-clubes-feminino\/\">Arsenal x Corinthians: Arsenal supera Corinthians feminino na final do Mundial de Clubes<\/a><\/li>\n<li><a href=\"https:\/\/tvtnews.com.br\/26-livros-para-ler-2026\/\">26 livros para ler em 2026<\/a><\/li>\n<li><a href=\"https:\/\/tvtnews.com.br\/quem-sao-os-vencedores-do-globo-de-ouro-2026\/\">Globo de Ouro 2026: Brasil conquista 2 pr\u00eamios; confira todos os vencedores<\/a><\/li>\n<li><a href=\"https:\/\/tvtnews.com.br\/will-bank-liquidado-pelo-bc-o-que-fazer-conta\/\">Will Bank \u00e9 liquidado pelo BC: o que fazer se voc\u00ea tem conta?<\/a><\/li>\n<\/ul>\n<p>The post <a rel=\"nofollow\" href=\"https:\/\/tvtnews.com.br\/tvt-news-primeira-edicao-03-02-2026\/\">O que \u00e9 not\u00edcia no Jornal TVT News Primeira Edi\u00e7\u00e3o | 03-02-2026<\/a> appeared first on <a rel=\"nofollow\" href=\"https:\/\/tvtnews.com.br\/\">TVT News<\/a>.<\/p>\n<!-- Begin Yuzo --><div class='yuzo_related_post style-1'  data-version='5.12.89'><!-- without result --><div class='yuzo_clearfixed yuzo__title yuzo__title'><h3>Related Post<\/h3><\/div>\n\t\t\t\t\t\t  <div class=\"relatedthumb \" style=\"width:125px;float:left;overflow:hidden;\">  \n\t\t\t\t\t\t\t  \n\t\t\t\t\t\t\t  <a  href=\"https:\/\/redept.com.br\/blogosfera\/tarifaco-de-trump-gera-guerra-comercial-e-ameaca-economia-global\/\"  >\n\t\t\t\t\t\t\t\t\t  <div class=\"yuzo-img-wrap \" style=\"width: 125px;height:90px;\">\n\t\t\t\t\t\t\t\t\t\t\n\t\t\t\t\t\t\t\t\t\t<div class=\"yuzo-img\" style=\"background:url('https:\/\/redept.com.br\/blogosfera\/wp-content\/uploads\/2025\/04\/Captura-de-Tela-2025-04-02-as-181548-1-150x150.png') 50% 50% no-repeat;width: 125px;height:90px;margin-bottom: 5px;background-size: cover; \"><\/div>\n\t\t\t\t\t\t\t\t\t  <\/div>\n\t\t\t\t\t\t\t\t\t  \n\t\t\t\t\t\t\t\t   <span class=\"yuzo__text--title\" style=\"font-size:13px;\">Tarifa\u00e7o de Trump gera guerra comercial e amea\u00e7a e...<\/span>\n\t\t\t\t\t\t\t  \n\t\t\t\t\t\t\t  \n\t\t\t\t\t\t\t  <\/a>\n\n\t\t\t\t\t\t  <\/div>\n\t\t\t\t\t\t  <div class=\"relatedthumb \" style=\"width:125px;float:left;overflow:hidden;\">  \n\t\t\t\t\t\t\t  \n\t\t\t\t\t\t\t  <a  href=\"https:\/\/redept.com.br\/blogosfera\/area-de-mata-atlantica-com-200-hectares-na-grande-sp-e-ameacada-por-novos-empreendimentos\/\"  >\n\t\t\t\t\t\t\t\t\t  <div class=\"yuzo-img-wrap \" style=\"width: 125px;height:90px;\">\n\t\t\t\t\t\t\t\t\t\t\n\t\t\t\t\t\t\t\t\t\t<div class=\"yuzo-img\" style=\"background:url('https:\/\/redept.org\/blogosfera\/wp-content\/plugins\/yuzo-related-post\/assets\/images\/default.png') 50% 50% no-repeat;width: 125px;height:90px;margin-bottom: 5px;background-size: cover; \"><\/div>\n\t\t\t\t\t\t\t\t\t  <\/div>\n\t\t\t\t\t\t\t\t\t  \n\t\t\t\t\t\t\t\t   <span class=\"yuzo__text--title\" style=\"font-size:13px;\">\u00c1rea de Mata Atl\u00e2ntica com 200 hectares na Grande ...<\/span>\n\t\t\t\t\t\t\t  \n\t\t\t\t\t\t\t  \n\t\t\t\t\t\t\t  <\/a>\n\n\t\t\t\t\t\t  <\/div>\n\t\t\t\t\t\t  <div class=\"relatedthumb \" style=\"width:125px;float:left;overflow:hidden;\">  \n\t\t\t\t\t\t\t  \n\t\t\t\t\t\t\t  <a  href=\"https:\/\/redept.com.br\/blogosfera\/rj-sera-o-segundo-estado-mais-afetado-pela-taxacao-dos-eua\/\"  >\n\t\t\t\t\t\t\t\t\t  <div class=\"yuzo-img-wrap \" style=\"width: 125px;height:90px;\">\n\t\t\t\t\t\t\t\t\t\t\n\t\t\t\t\t\t\t\t\t\t<div class=\"yuzo-img\" style=\"background:url('https:\/\/redept.org\/blogosfera\/wp-content\/plugins\/yuzo-related-post\/assets\/images\/default.png') 50% 50% no-repeat;width: 125px;height:90px;margin-bottom: 5px;background-size: cover; \"><\/div>\n\t\t\t\t\t\t\t\t\t  <\/div>\n\t\t\t\t\t\t\t\t\t  \n\t\t\t\t\t\t\t\t   <span class=\"yuzo__text--title\" style=\"font-size:13px;\">RJ ser\u00e1 o segundo estado mais afetado pela taxa\u00e7\u00e3o...<\/span>\n\t\t\t\t\t\t\t  \n\t\t\t\t\t\t\t  \n\t\t\t\t\t\t\t  <\/a>\n\n\t\t\t\t\t\t  <\/div>\n\t\t\t\t\t\t  <div class=\"relatedthumb \" style=\"width:125px;float:left;overflow:hidden;\">  \n\t\t\t\t\t\t\t  \n\t\t\t\t\t\t\t  <a  href=\"https:\/\/redept.com.br\/blogosfera\/general-russo-e-baleado-em-moscou\/\"  >\n\t\t\t\t\t\t\t\t\t  <div class=\"yuzo-img-wrap \" style=\"width: 125px;height:90px;\">\n\t\t\t\t\t\t\t\t\t\t\n\t\t\t\t\t\t\t\t\t\t<div class=\"yuzo-img\" style=\"background:url('https:\/\/redept.com.br\/blogosfera\/wp-content\/uploads\/2026\/02\/AFP__20260206__96DD7KE__v1__MidRes__RussiaUkraineConflictShooting-e1770378608570-150x150.jpg') 50% 50% no-repeat;width: 125px;height:90px;margin-bottom: 5px;background-size: cover; \"><\/div>\n\t\t\t\t\t\t\t\t\t  <\/div>\n\t\t\t\t\t\t\t\t\t  \n\t\t\t\t\t\t\t\t   <span class=\"yuzo__text--title\" style=\"font-size:13px;\">General russo \u00e9 baleado em Moscou<\/span>\n\t\t\t\t\t\t\t  \n\t\t\t\t\t\t\t  \n\t\t\t\t\t\t\t  <\/a>\n\n\t\t\t\t\t\t  <\/div>\n<\/div> <script>\n\t\t\t\t\t\t  jQuery(document).ready(function( $ ){\n\t\t\t\t\t\t\t\/\/jQuery('.yuzo_related_post').equalizer({ overflow : 'relatedthumb' });\n\t\t\t\t\t\t\tjQuery('.yuzo_related_post .yuzo_wraps').equalizer({ columns : '> div' });\n\t\t\t\t\t\t   })\n\t\t\t\t\t\t  <\/script> <!-- End Yuzo :) -->","protected":false},"excerpt":{"rendered":"<p>Veja o que \u00e9 not\u00edcia no Jornal TVT News Primeira Edi\u00e7\u00e3o desta ter\u00e7a-feira, 3 de fevereiro de 2026. Confira quais s\u00e3o as not\u00edcias do dia com a equipe do Jornal TVT News Primeira Edi\u00e7\u00e3o. O que \u00e9 not\u00edcia em 3 de fevereiro de 2026 no Jornal TVT News Primeira Edi\u00e7\u00e3o Tribunal Militar julga expuls\u00e3o de [&hellip;]<\/p>\n","protected":false},"author":2,"featured_media":0,"comment_status":"open","ping_status":"closed","sticky":false,"template":"","format":"standard","meta":{"fifu_image_url":"","fifu_image_alt":"","footnotes":""},"categories":[489,5013,4907,1288,2709],"tags":[],"class_list":["post-72851","post","type-post","status-publish","format-standard","hentry","category-destaque-pequeno","category-jornal-tvt-news","category-jornal-tvtnews","category-programas","category-tvt"],"_links":{"self":[{"href":"https:\/\/redept.com.br\/blogosfera\/wp-json\/wp\/v2\/posts\/72851","targetHints":{"allow":["GET"]}}],"collection":[{"href":"https:\/\/redept.com.br\/blogosfera\/wp-json\/wp\/v2\/posts"}],"about":[{"href":"https:\/\/redept.com.br\/blogosfera\/wp-json\/wp\/v2\/types\/post"}],"author":[{"embeddable":true,"href":"https:\/\/redept.com.br\/blogosfera\/wp-json\/wp\/v2\/users\/2"}],"replies":[{"embeddable":true,"href":"https:\/\/redept.com.br\/blogosfera\/wp-json\/wp\/v2\/comments?post=72851"}],"version-history":[{"count":0,"href":"https:\/\/redept.com.br\/blogosfera\/wp-json\/wp\/v2\/posts\/72851\/revisions"}],"wp:attachment":[{"href":"https:\/\/redept.com.br\/blogosfera\/wp-json\/wp\/v2\/media?parent=72851"}],"wp:term":[{"taxonomy":"category","embeddable":true,"href":"https:\/\/redept.com.br\/blogosfera\/wp-json\/wp\/v2\/categories?post=72851"},{"taxonomy":"post_tag","embeddable":true,"href":"https:\/\/redept.com.br\/blogosfera\/wp-json\/wp\/v2\/tags?post=72851"}],"curies":[{"name":"wp","href":"https:\/\/api.w.org\/{rel}","templated":true}]}}