{"id":72865,"date":"2026-02-03T11:50:33","date_gmt":"2026-02-03T14:50:33","guid":{"rendered":"https:\/\/redept.com.br\/blogosfera\/morre-frei-sergio-profeta-da-resistencia-camponesa-que-aliou-fe-e-luta-em-prol-das-causas-populares\/"},"modified":"2026-02-03T11:50:33","modified_gmt":"2026-02-03T14:50:33","slug":"morre-frei-sergio-profeta-da-resistencia-camponesa-que-aliou-fe-e-luta-em-prol-das-causas-populares","status":"publish","type":"post","link":"https:\/\/redept.com.br\/blogosfera\/morre-frei-sergio-profeta-da-resistencia-camponesa-que-aliou-fe-e-luta-em-prol-das-causas-populares\/","title":{"rendered":"Morre Frei S\u00e9rgio, \u2018profeta da resist\u00eancia camponesa\u2019 que aliou f\u00e9 e luta em prol das causas populares"},"content":{"rendered":"<figure><img fetchpriority=\"high\" fetchpriority=\"high\" decoding=\"async\" width=\"677\" height=\"383\"src=\"https:\/\/redept.com.br\/blogosfera\/wp-content\/uploads\/2026\/02\/image-12.jpg\" alt=\"\" srcset=\"https:\/\/redept.com.br\/blogosfera\/wp-content\/uploads\/2026\/02\/image-12.jpg 677w, https:\/\/mst.org.br\/wp-content\/uploads\/2026\/02\/image-12-300x170.jpg 300w\" sizes=\"(max-width: 677px) 100vw, 677px\"><figcaption><em>Frei S\u00e9rgio G\u00f6rgen | Foto: Marcos Corbari\/BdFRS<\/em><\/figcaption><\/figure>\n<p><em>Do Brasil de Fato<\/em><\/p>\n<p>Morreu nesta ter\u00e7a-feira (3), no Rio Grande do Sul, Frei S\u00e9rgio G\u00f6rgen, dirigente do Movimento dos Pequenos Agricultores (MPA) e militante hist\u00f3rico da luta camponesa, em decorr\u00eancia de um infarto. Ele havia completado 70 anos no \u00faltimo dia 29.<\/p>\n<p>\u201cFrade franciscano, escritor e intelectual org\u00e2nico das causas populares, Frei S\u00e9rgio foi mais do que um dirigente; foi um pastor que escolheu o \u2018cheiro das ovelhas\u2019 e o barro das trincheiras. Sua partida deixa um vazio imenso na luta social brasileira, mas seu legado de soberania alimentar e dignidade camponesa permanece vivo em cada semente crioula plantada neste solo\u201d, comunicou, em nota, o movimento que ajudou a fundar.<\/p>\n<p>\u201cFrei S\u00e9rgio n\u00e3o apenas pregava o Evangelho, ele o vivia nas trincheiras da luta pela terra. Sua vida foi um testemunho de que a espiritualidade e o compromisso pol\u00edtico com os pobres s\u00e3o faces da mesma moeda. Deixa-nos um legado de resist\u00eancia e de um amor profundo pelo povo simples do campo\u201d, acrescentou o MPA.<\/p>\n<p>Comprometido com a comunica\u00e7\u00e3o democr\u00e1tica, ele tamb\u00e9m esteve \u00e0 frente da funda\u00e7\u00e3o do\u00a0Brasil de Fato RS,\u00a0em 2018.\u00a0A editora-chefe da reda\u00e7\u00e3o no estado, K\u00e1tia Marko, destaca que o religioso sempre foi um comunicador popular, que \u201csabia conversar com o povo\u201d.<\/p>\n<p>\u201cEm 2018, atendeu de pronto um pedido de Jo\u00e3o Pedro Stedile para lan\u00e7ar a reda\u00e7\u00e3o do\u00a0Brasil de Fato\u00a0em nosso estado, e a partir do Instituto Cultural Padre Josimo deu todo o suporte para desenvolvermos nosso trabalho. Far\u00e1 muita falta! Suas an\u00e1lises da realidade nos nutriam e fortaleciam. Era um vision\u00e1rio, como aqueles que sabem de sua miss\u00e3o na terra! Frei S\u00e9rgio, estar\u00e1 para sempre presente em nossas vidas\u201d, diz a jornalista.<\/p>\n<figure><figcaption>Da esquerda para a direita, Jos\u00e9 Arbex, Frei S\u00e9rgio e Jo\u00e3o Pedro Stedile durante lan\u00e7amento do BdF RS\u00a0|\u00a0Cr\u00e9dito: Catiana de Medeiros<\/figcaption><\/figure>\n<p>Em seu perfil no X, Stedile lamentou a morte de seu amigo de longa data. \u201cEstou muito dolorido. Perdi um camarada de 40 anos de luta, Frei S\u00e9rgio G\u00f6rgen, franciscano. Enfrentamos juntos muitas batalhas, algumas perdemos, mas sempre vencemos com o povo organizado. Deixa um legado para toda milit\u00e2ncia camponesa do Brasil. Vamos sentir muitas saudades\u201d, escreveu.<\/p>\n<h2>\u2018Profeta da resist\u00eancia camponesa\u2019<\/h2>\n<p>Natural do Rio Grande do Sul, Frei S\u00e9rgio teve atua\u00e7\u00e3o voltada \u00e0 organiza\u00e7\u00e3o social e religiosa de popula\u00e7\u00f5es do campo. Em 1996, ele participou da funda\u00e7\u00e3o do MPA, uma iniciativa criada em um contexto de secas recorrentes e de reivindica\u00e7\u00f5es por pol\u00edticas voltadas \u00e0 agricultura familiar.<\/p>\n<p>Ao longo da trajet\u00f3ria, recorreu a formas de protesto como greves de fome em diferentes momentos, incluindo mobiliza\u00e7\u00f5es por cr\u00e9dito agr\u00edcola nos anos 1990, contra a Reforma da Previd\u00eancia em 2017 e atos em defesa da liberta\u00e7\u00e3o do presidente Lula, em 2018, realizados em Bras\u00edlia.<\/p>\n<p>Frei S\u00e9rgio tamb\u00e9m foi sobrevivente do\u00a0<a href=\"https:\/\/mst.org.br\/2018\/04\/03\/massacre-da-fazenda-santa-elmira-29-anos-de-um-marco-na-vida-do-mst\/\">massacre da Fazenda Santa Elmira<\/a>, ocorrido em 1989, epis\u00f3dio que passou a registrar e relatar em livros e textos. Na ocasi\u00e3o, no dia 11 de mar\u00e7o daquele ano, uma reintegra\u00e7\u00e3o de posse comandada pelo ent\u00e3o governador de Pedro Simon (MDB) e a brigada militar do Rio Grande do Sul culminou na morte de 19 pessoas, no munic\u00edpio de Salto do Jacu\u00ed, na regi\u00e3o centro-norte do estado ga\u00facho.<\/p>\n<p>\u201cN\u00e3o havia raz\u00e3o para tanta f\u00faria. Dezessete pessoas foram hospitalizadas, algumas em estado grave. Vinte e tr\u00eas foram presas. Dezenas com ferimentos de todos os tipos. Nenhuma morte; algo quase milagroso com tanta viol\u00eancia e tanto tiro\u201d, afirmou Frei S\u00e9rgio em entrevista ao MST anos depois.<\/p>\n<p>Em fevereiro do ano passado, ele concedeu uma entrevista ao\u00a0<strong>Brasil de Fato<\/strong>\u00a0no qual relembrou alguns dos epis\u00f3dios dos seus 50 anos de vida religiosa. \u201cA religi\u00e3o n\u00e3o come\u00e7a quando a gente bota o p\u00e9 para dentro da igreja, mas ela come\u00e7a quando a gente esteve na igreja e bota o p\u00e9 para fora\u201d, afirmou, na entrada da Igreja de Sant\u2019Ana, na comunidade de Posse de S\u00e3o Miguel, interior de N\u00e3o-Me-Toque, no Rio Grande do Sul.\u00a0<\/p>\n<p>\u201cEssa realidade sempre me acompanhou, porque o reino de Deus, a palavra, a miss\u00e3o que a gente recebe de Jesus de Nazar\u00e9, ela se vive no mundo e n\u00e3o apenas nas quatro paredes de uma igreja\u201d, disse na ocasi\u00e3o.<\/p>\n<p>Editado por:\u00a0Geisa Marques<\/p>\n<p>O post <a href=\"https:\/\/mst.org.br\/2026\/02\/03\/morre-frei-sergio-profeta-da-resistencia-camponesa-que-aliou-fe-e-luta-em-prol-das-causas-populares\/\">Morre Frei S\u00e9rgio, \u2018profeta da resist\u00eancia camponesa\u2019 que aliou f\u00e9 e luta em prol das causas populares<\/a> apareceu primeiro em <a href=\"https:\/\/mst.org.br\/\">MST<\/a>.<\/p>\n<!-- Begin Yuzo --><div class='yuzo_related_post style-1'  data-version='5.12.89'><!-- without result --><div class='yuzo_clearfixed yuzo__title yuzo__title'><h3>Related Post<\/h3><\/div>\n\t\t\t\t\t\t  <div class=\"relatedthumb \" style=\"width:125px;float:left;overflow:hidden;\">  \n\t\t\t\t\t\t\t  \n\t\t\t\t\t\t\t  <a  href=\"https:\/\/redept.com.br\/blogosfera\/russia-diz-que-ira-nao-teria-bloqueado-estreito-de-ormuz-sem-a-agressao-dos-eua\/\"  >\n\t\t\t\t\t\t\t\t\t  <div class=\"yuzo-img-wrap \" style=\"width: 125px;height:90px;\">\n\t\t\t\t\t\t\t\t\t\t\n\t\t\t\t\t\t\t\t\t\t<div class=\"yuzo-img\" style=\"background:url('https:\/\/redept.org\/blogosfera\/wp-content\/plugins\/yuzo-related-post\/assets\/images\/default.png') 50% 50% no-repeat;width: 125px;height:90px;margin-bottom: 5px;background-size: cover; \"><\/div>\n\t\t\t\t\t\t\t\t\t  <\/div>\n\t\t\t\t\t\t\t\t\t  \n\t\t\t\t\t\t\t\t   <span class=\"yuzo__text--title\" style=\"font-size:13px;\">R\u00fassia diz que Ir\u00e3 n\u00e3o teria bloqueado Estreito de...<\/span>\n\t\t\t\t\t\t\t  \n\t\t\t\t\t\t\t  \n\t\t\t\t\t\t\t  <\/a>\n\n\t\t\t\t\t\t  <\/div>\n\t\t\t\t\t\t  <div class=\"relatedthumb \" style=\"width:125px;float:left;overflow:hidden;\">  \n\t\t\t\t\t\t\t  \n\t\t\t\t\t\t\t  <a  href=\"https:\/\/redept.com.br\/blogosfera\/expectativa-de-vida-no-pais-sobe-para-766-anos-a-maior-ja-registrada\/\"  >\n\t\t\t\t\t\t\t\t\t  <div class=\"yuzo-img-wrap \" style=\"width: 125px;height:90px;\">\n\t\t\t\t\t\t\t\t\t\t\n\t\t\t\t\t\t\t\t\t\t<div class=\"yuzo-img\" style=\"background:url('https:\/\/redept.org\/blogosfera\/wp-content\/plugins\/yuzo-related-post\/assets\/images\/default.png') 50% 50% no-repeat;width: 125px;height:90px;margin-bottom: 5px;background-size: cover; \"><\/div>\n\t\t\t\t\t\t\t\t\t  <\/div>\n\t\t\t\t\t\t\t\t\t  \n\t\t\t\t\t\t\t\t   <span class=\"yuzo__text--title\" style=\"font-size:13px;\">Expectativa de vida no pa\u00eds sobe para 76,6 anos, a...<\/span>\n\t\t\t\t\t\t\t  \n\t\t\t\t\t\t\t  \n\t\t\t\t\t\t\t  <\/a>\n\n\t\t\t\t\t\t  <\/div>\n\t\t\t\t\t\t  <div class=\"relatedthumb \" style=\"width:125px;float:left;overflow:hidden;\">  \n\t\t\t\t\t\t\t  \n\t\t\t\t\t\t\t  <a  href=\"https:\/\/redept.com.br\/blogosfera\/a-quem-serve-a-pec-da-blindagem\/\"  >\n\t\t\t\t\t\t\t\t\t  <div class=\"yuzo-img-wrap \" style=\"width: 125px;height:90px;\">\n\t\t\t\t\t\t\t\t\t\t\n\t\t\t\t\t\t\t\t\t\t<div class=\"yuzo-img\" style=\"background:url('https:\/\/redept.org\/blogosfera\/wp-content\/plugins\/yuzo-related-post\/assets\/images\/default.png') 50% 50% no-repeat;width: 125px;height:90px;margin-bottom: 5px;background-size: cover; \"><\/div>\n\t\t\t\t\t\t\t\t\t  <\/div>\n\t\t\t\t\t\t\t\t\t  \n\t\t\t\t\t\t\t\t   <span class=\"yuzo__text--title\" style=\"font-size:13px;\">A quem serve a PEC da Blindagem?<\/span>\n\t\t\t\t\t\t\t  \n\t\t\t\t\t\t\t  \n\t\t\t\t\t\t\t  <\/a>\n\n\t\t\t\t\t\t  <\/div>\n\t\t\t\t\t\t  <div class=\"relatedthumb \" style=\"width:125px;float:left;overflow:hidden;\">  \n\t\t\t\t\t\t\t  \n\t\t\t\t\t\t\t  <a  href=\"https:\/\/redept.com.br\/blogosfera\/onze-anos-de-teimosia-como-o-bixiga-ensina-o-circuito-comercial\/\"  >\n\t\t\t\t\t\t\t\t\t  <div class=\"yuzo-img-wrap \" style=\"width: 125px;height:90px;\">\n\t\t\t\t\t\t\t\t\t\t\n\t\t\t\t\t\t\t\t\t\t<div class=\"yuzo-img\" style=\"background:url('https:\/\/redept.com.br\/blogosfera\/wp-content\/uploads\/2026\/02\/Banner_site_HP_900x450_2026-150x150.jpg') 50% 50% no-repeat;width: 125px;height:90px;margin-bottom: 5px;background-size: cover; \"><\/div>\n\t\t\t\t\t\t\t\t\t  <\/div>\n\t\t\t\t\t\t\t\t\t  \n\t\t\t\t\t\t\t\t   <span class=\"yuzo__text--title\" style=\"font-size:13px;\">Onze anos de teimosia: como o Bixiga ensina o circ...<\/span>\n\t\t\t\t\t\t\t  \n\t\t\t\t\t\t\t  \n\t\t\t\t\t\t\t  <\/a>\n\n\t\t\t\t\t\t  <\/div>\n<\/div> <script>\n\t\t\t\t\t\t  jQuery(document).ready(function( $ ){\n\t\t\t\t\t\t\t\/\/jQuery('.yuzo_related_post').equalizer({ overflow : 'relatedthumb' });\n\t\t\t\t\t\t\tjQuery('.yuzo_related_post .yuzo_wraps').equalizer({ columns : '> div' });\n\t\t\t\t\t\t   })\n\t\t\t\t\t\t  <\/script> <!-- End Yuzo :) -->","protected":false},"excerpt":{"rendered":"<p>Frei S\u00e9rgio G\u00f6rgen | Foto: Marcos Corbari\/BdFRS Do Brasil de Fato Morreu nesta ter\u00e7a-feira (3), no Rio Grande do Sul, Frei S\u00e9rgio G\u00f6rgen, dirigente do Movimento dos Pequenos Agricultores (MPA) e militante hist\u00f3rico da luta camponesa, em decorr\u00eancia de um infarto. Ele havia completado 70 anos no \u00faltimo dia 29. \u201cFrade franciscano, escritor e intelectual [&hellip;]<\/p>\n","protected":false},"author":2,"featured_media":72866,"comment_status":"open","ping_status":"closed","sticky":false,"template":"","format":"standard","meta":{"fifu_image_url":"","fifu_image_alt":"","footnotes":""},"categories":[793,191],"tags":[],"class_list":["post-72865","post","type-post","status-publish","format-standard","has-post-thumbnail","hentry","category-nota-de-pesar","category-noticias"],"_links":{"self":[{"href":"https:\/\/redept.com.br\/blogosfera\/wp-json\/wp\/v2\/posts\/72865","targetHints":{"allow":["GET"]}}],"collection":[{"href":"https:\/\/redept.com.br\/blogosfera\/wp-json\/wp\/v2\/posts"}],"about":[{"href":"https:\/\/redept.com.br\/blogosfera\/wp-json\/wp\/v2\/types\/post"}],"author":[{"embeddable":true,"href":"https:\/\/redept.com.br\/blogosfera\/wp-json\/wp\/v2\/users\/2"}],"replies":[{"embeddable":true,"href":"https:\/\/redept.com.br\/blogosfera\/wp-json\/wp\/v2\/comments?post=72865"}],"version-history":[{"count":0,"href":"https:\/\/redept.com.br\/blogosfera\/wp-json\/wp\/v2\/posts\/72865\/revisions"}],"wp:featuredmedia":[{"embeddable":true,"href":"https:\/\/redept.com.br\/blogosfera\/wp-json\/wp\/v2\/media\/72866"}],"wp:attachment":[{"href":"https:\/\/redept.com.br\/blogosfera\/wp-json\/wp\/v2\/media?parent=72865"}],"wp:term":[{"taxonomy":"category","embeddable":true,"href":"https:\/\/redept.com.br\/blogosfera\/wp-json\/wp\/v2\/categories?post=72865"},{"taxonomy":"post_tag","embeddable":true,"href":"https:\/\/redept.com.br\/blogosfera\/wp-json\/wp\/v2\/tags?post=72865"}],"curies":[{"name":"wp","href":"https:\/\/api.w.org\/{rel}","templated":true}]}}