{"id":72867,"date":"2026-02-03T11:38:08","date_gmt":"2026-02-03T14:38:08","guid":{"rendered":"https:\/\/redept.com.br\/blogosfera\/lula-encaminha-acordo-de-comercio-entre-mercosul-e-uniao-europeia-ao-congresso\/"},"modified":"2026-02-03T11:38:08","modified_gmt":"2026-02-03T14:38:08","slug":"lula-encaminha-acordo-de-comercio-entre-mercosul-e-uniao-europeia-ao-congresso","status":"publish","type":"post","link":"https:\/\/redept.com.br\/blogosfera\/lula-encaminha-acordo-de-comercio-entre-mercosul-e-uniao-europeia-ao-congresso\/","title":{"rendered":"Lula encaminha acordo de com\u00e9rcio entre Mercosul e Uni\u00e3o Europeia ao Congresso"},"content":{"rendered":"<p>O presidente <strong>Luiz In\u00e1cio Lula da Silva<\/strong> encaminhou ao <strong>Congresso Nacional<\/strong>, nesta segunda-feira (2), o texto do <strong>Acordo Provis\u00f3rio de Com\u00e9rcio entre o Mercosul e a Uni\u00e3o Europeia (UE)<\/strong>, considerado pelo governo o maior pacto comercial j\u00e1 firmado pelo bloco sul-americano. O despacho foi publicado em edi\u00e7\u00e3o extra do Di\u00e1rio Oficial da Uni\u00e3o e marca o in\u00edcio da tramita\u00e7\u00e3o legislativa para que o tratado passe a valer internamente no Brasil. Saiba mais na <strong><a href=\"https:\/\/tvtnews.com.br\/\">TVT News<\/a><\/strong>.<\/p>\n<p>Assinado em 17 de janeiro, em Assun\u00e7\u00e3o, no Paraguai, ap\u00f3s mais de 25 anos de negocia\u00e7\u00f5es, o acordo \u00e9 uma prioridade absoluta para o governo no come\u00e7o do ano legislativo. A expectativa do Executivo \u00e9 que a aprova\u00e7\u00e3o ocorra de forma c\u00e9lere, com vota\u00e7\u00e3o na C\u00e2mara dos Deputados ainda em fevereiro.<\/p>\n<h2>Integra\u00e7\u00e3o de dois grandes blocos econ\u00f4micos<\/h2>\n<p>O tratado integra dois dos principais blocos econ\u00f4micos do mundo, abrangendo cerca de 718 milh\u00f5es de pessoas e um Produto Interno Bruto (PIB) combinado estimado em 22,4 trilh\u00f5es de d\u00f3lares. Entre os principais pontos est\u00e3o a elimina\u00e7\u00e3o ou redu\u00e7\u00e3o gradual de tarifas em mais de 90% do com\u00e9rcio total entre os blocos e a retirada de impostos sobre aproximadamente 95% dos bens importados do Mercosul pela Uni\u00e3o Europeia.<\/p>\n<p>Para o governo brasileiro, o acordo pode ampliar o acesso de produtos nacionais ao mercado europeu e fortalecer a inser\u00e7\u00e3o do pa\u00eds em cadeias produtivas globais. A UE \u00e9 hoje o segundo maior parceiro comercial do Brasil, com corrente de com\u00e9rcio de bens que alcan\u00e7ou 100 bilh\u00f5es de d\u00f3lares em 2025.<\/p>\n<p>Al\u00e9m das tarifas, o texto estabelece regras comuns para bens industriais e agr\u00edcolas, investimentos, padr\u00f5es regulat\u00f3rios e mecanismos de coopera\u00e7\u00e3o pol\u00edtica, com o objetivo de dar mais previsibilidade \u00e0s rela\u00e7\u00f5es comerciais.<\/p>\n<h2>Tramita\u00e7\u00e3o no Congresso<\/h2>\n<p>No Brasil, o acordo precisa passar pela C\u00e2mara dos Deputados e pelo Senado antes de ser ratificado pela Presid\u00eancia. O presidente da C\u00e2mara, Hugo Motta (Republicanos-PB), afirmou que pretende priorizar a mat\u00e9ria e pautar a vota\u00e7\u00e3o antes do Carnaval, classificando o tratado como um \u201cmarco hist\u00f3rico\u201d para a integra\u00e7\u00e3o econ\u00f4mica do pa\u00eds.<\/p>\n<p>Ap\u00f3s a an\u00e1lise dos deputados, o texto segue para o Senado. Conclu\u00edda a tramita\u00e7\u00e3o, o governo poder\u00e1 formalizar a internaliza\u00e7\u00e3o do acordo.<\/p>\n<h2>Desafios na Europa<\/h2>\n<p>Apesar do avan\u00e7o no Brasil, o acordo enfrenta obst\u00e1culos no lado europeu. Parlamentares da Uni\u00e3o Europeia encaminharam o texto ao Tribunal de Justi\u00e7a do bloco, que avaliar\u00e1 sua conformidade jur\u00eddica. A an\u00e1lise pode atrasar a implementa\u00e7\u00e3o definitiva por at\u00e9 dois anos.<\/p>\n<p>Caso a Corte apresente restri\u00e7\u00f5es, o conte\u00fado poder\u00e1 precisar de ajustes antes de entrar plenamente em vigor. Ainda assim, diplomatas brasileiros apostam na aplica\u00e7\u00e3o provis\u00f3ria, que depende apenas do aval do Parlamento Europeu.<\/p>\n<p>De acordo com apura\u00e7\u00e3o da <a href=\"https:\/\/www.cnnbrasil.com.br\/politica\/lula-envia-acordo-comercial-mercosul-ue-ao-congresso\/\" target=\"_blank\" rel=\"noreferrer noopener nofollow\">CNN Brasil<\/a>, para o governo Lula, a aprova\u00e7\u00e3o r\u00e1pida no Congresso brasileiro tamb\u00e9m funciona como estrat\u00e9gia pol\u00edtica para pressionar os pa\u00edses europeus a avan\u00e7arem em seus pr\u00f3prios processos de ratifica\u00e7\u00e3o.<\/p>\n<\/p>\n<h2>Leia mais not\u00edcias na TVT News<\/h2>\n<ul>\n<li><a href=\"https:\/\/tvtnews.com.br\/fim-da-escala-6x1-e-prioridade-do-governo-em-2026\/\">Fim da escala 6\u00d71 \u00e9 prioridade do governo em 2026<\/a><\/li>\n<li><a href=\"https:\/\/tvtnews.com.br\/confira-como-fazer-a-inscricao-no-fies-2026\/\">Fies inscri\u00e7\u00e3o 2026 est\u00e1 aberta, confira como fazer<\/a><\/li>\n<li><a href=\"https:\/\/tvtnews.com.br\/resultado-prouni-2026-confira-bolsas-de-estudo\/\">Resultado Prouni 2026: confira a primeira chamada de bolsas Prouni<\/a><\/li>\n<\/ul>\n<p>The post <a rel=\"nofollow\" href=\"https:\/\/tvtnews.com.br\/lula-envia-acordo-mercosul-uniao-europeia-congresso\/\">Lula encaminha acordo de com\u00e9rcio entre Mercosul e Uni\u00e3o Europeia ao Congresso<\/a> appeared first on <a rel=\"nofollow\" href=\"https:\/\/tvtnews.com.br\/\">TVT News<\/a>.<\/p>\n<!-- Begin Yuzo --><div class='yuzo_related_post style-1'  data-version='5.12.89'><!-- without result --><div class='yuzo_clearfixed yuzo__title yuzo__title'><h3>Related Post<\/h3><\/div>\n\t\t\t\t\t\t  <div class=\"relatedthumb \" style=\"width:125px;float:left;overflow:hidden;\">  \n\t\t\t\t\t\t\t  \n\t\t\t\t\t\t\t  <a  href=\"https:\/\/redept.com.br\/blogosfera\/marco-rubio-assume-usaid-agencia-dos-eua-atacada-por-elon-musk-que-trump-ameacou-fechar\/\"  >\n\t\t\t\t\t\t\t\t\t  <div class=\"yuzo-img-wrap \" style=\"width: 125px;height:90px;\">\n\t\t\t\t\t\t\t\t\t\t\n\t\t\t\t\t\t\t\t\t\t<div class=\"yuzo-img\" style=\"background:url('https:\/\/redept.org\/blogosfera\/wp-content\/plugins\/yuzo-related-post\/assets\/images\/default.png') 50% 50% no-repeat;width: 125px;height:90px;margin-bottom: 5px;background-size: cover; \"><\/div>\n\t\t\t\t\t\t\t\t\t  <\/div>\n\t\t\t\t\t\t\t\t\t  \n\t\t\t\t\t\t\t\t   <span class=\"yuzo__text--title\" style=\"font-size:13px;\">Marco Rubio assume Usaid, ag\u00eancia dos EUA atacada ...<\/span>\n\t\t\t\t\t\t\t  \n\t\t\t\t\t\t\t  \n\t\t\t\t\t\t\t  <\/a>\n\n\t\t\t\t\t\t  <\/div>\n\t\t\t\t\t\t  <div class=\"relatedthumb \" style=\"width:125px;float:left;overflow:hidden;\">  \n\t\t\t\t\t\t\t  \n\t\t\t\t\t\t\t  <a  href=\"https:\/\/redept.com.br\/blogosfera\/cinema-um-mundo-sem-humanos\/\"  >\n\t\t\t\t\t\t\t\t\t  <div class=\"yuzo-img-wrap \" style=\"width: 125px;height:90px;\">\n\t\t\t\t\t\t\t\t\t\t\n\t\t\t\t\t\t\t\t\t\t<div class=\"yuzo-img\" style=\"background:url('https:\/\/redept.com.br\/blogosfera\/wp-content\/uploads\/2025\/03\/Screenshot-2025-03-06-at-17-10-42-flow_elleman.jpg-imagem-JPEG-1152-C397-642-pixels-1024x569-1-150x150.png') 50% 50% no-repeat;width: 125px;height:90px;margin-bottom: 5px;background-size: cover; \"><\/div>\n\t\t\t\t\t\t\t\t\t  <\/div>\n\t\t\t\t\t\t\t\t\t  \n\t\t\t\t\t\t\t\t   <span class=\"yuzo__text--title\" style=\"font-size:13px;\">Cinema: Um mundo sem humanos<\/span>\n\t\t\t\t\t\t\t  \n\t\t\t\t\t\t\t  \n\t\t\t\t\t\t\t  <\/a>\n\n\t\t\t\t\t\t  <\/div>\n\t\t\t\t\t\t  <div class=\"relatedthumb \" style=\"width:125px;float:left;overflow:hidden;\">  \n\t\t\t\t\t\t\t  \n\t\t\t\t\t\t\t  <a  href=\"https:\/\/redept.com.br\/blogosfera\/russia-eua-e-ucrania-ensaiam-dialogo-mas-fim-da-guerra-segue-distante\/\"  >\n\t\t\t\t\t\t\t\t\t  <div class=\"yuzo-img-wrap \" style=\"width: 125px;height:90px;\">\n\t\t\t\t\t\t\t\t\t\t\n\t\t\t\t\t\t\t\t\t\t<div class=\"yuzo-img\" style=\"background:url('https:\/\/redept.org\/blogosfera\/wp-content\/plugins\/yuzo-related-post\/assets\/images\/default.png') 50% 50% no-repeat;width: 125px;height:90px;margin-bottom: 5px;background-size: cover; \"><\/div>\n\t\t\t\t\t\t\t\t\t  <\/div>\n\t\t\t\t\t\t\t\t\t  \n\t\t\t\t\t\t\t\t   <span class=\"yuzo__text--title\" style=\"font-size:13px;\">R\u00fassia, EUA e Ucr\u00e2nia ensaiam di\u00e1logo, mas fim da ...<\/span>\n\t\t\t\t\t\t\t  \n\t\t\t\t\t\t\t  \n\t\t\t\t\t\t\t  <\/a>\n\n\t\t\t\t\t\t  <\/div>\n\t\t\t\t\t\t  <div class=\"relatedthumb \" style=\"width:125px;float:left;overflow:hidden;\">  \n\t\t\t\t\t\t\t  \n\t\t\t\t\t\t\t  <a  href=\"https:\/\/redept.com.br\/blogosfera\/lula-repudia-sancoes-de-trump-em-pronunciamento-interferencia-inaceitavel\/\"  >\n\t\t\t\t\t\t\t\t\t  <div class=\"yuzo-img-wrap \" style=\"width: 125px;height:90px;\">\n\t\t\t\t\t\t\t\t\t\t\n\t\t\t\t\t\t\t\t\t\t<div class=\"yuzo-img\" style=\"background:url('https:\/\/redept.org\/blogosfera\/wp-content\/plugins\/yuzo-related-post\/assets\/images\/default.png') 50% 50% no-repeat;width: 125px;height:90px;margin-bottom: 5px;background-size: cover; \"><\/div>\n\t\t\t\t\t\t\t\t\t  <\/div>\n\t\t\t\t\t\t\t\t\t  \n\t\t\t\t\t\t\t\t   <span class=\"yuzo__text--title\" style=\"font-size:13px;\">Lula repudia san\u00e7\u00f5es de Trump em pronunciamento: \u2018...<\/span>\n\t\t\t\t\t\t\t  \n\t\t\t\t\t\t\t  \n\t\t\t\t\t\t\t  <\/a>\n\n\t\t\t\t\t\t  <\/div>\n<\/div> <script>\n\t\t\t\t\t\t  jQuery(document).ready(function( $ ){\n\t\t\t\t\t\t\t\/\/jQuery('.yuzo_related_post').equalizer({ overflow : 'relatedthumb' });\n\t\t\t\t\t\t\tjQuery('.yuzo_related_post .yuzo_wraps').equalizer({ columns : '> div' });\n\t\t\t\t\t\t   })\n\t\t\t\t\t\t  <\/script> <!-- End Yuzo :) -->","protected":false},"excerpt":{"rendered":"<p>O presidente Luiz In\u00e1cio Lula da Silva encaminhou ao Congresso Nacional, nesta segunda-feira (2), o texto do Acordo Provis\u00f3rio de Com\u00e9rcio entre o Mercosul e a Uni\u00e3o Europeia (UE), considerado pelo governo o maior pacto comercial j\u00e1 firmado pelo bloco sul-americano. O despacho foi publicado em edi\u00e7\u00e3o extra do Di\u00e1rio Oficial da Uni\u00e3o e marca [&hellip;]<\/p>\n","protected":false},"author":2,"featured_media":0,"comment_status":"open","ping_status":"closed","sticky":false,"template":"","format":"standard","meta":{"fifu_image_url":"","fifu_image_alt":"","footnotes":""},"categories":[1620,489,112,552,26,132,1170],"tags":[],"class_list":["post-72867","post","type-post","status-publish","format-standard","hentry","category-congresso","category-destaque-pequeno","category-lula","category-mercosul","category-mundo","category-politica","category-uniao-europeia"],"_links":{"self":[{"href":"https:\/\/redept.com.br\/blogosfera\/wp-json\/wp\/v2\/posts\/72867","targetHints":{"allow":["GET"]}}],"collection":[{"href":"https:\/\/redept.com.br\/blogosfera\/wp-json\/wp\/v2\/posts"}],"about":[{"href":"https:\/\/redept.com.br\/blogosfera\/wp-json\/wp\/v2\/types\/post"}],"author":[{"embeddable":true,"href":"https:\/\/redept.com.br\/blogosfera\/wp-json\/wp\/v2\/users\/2"}],"replies":[{"embeddable":true,"href":"https:\/\/redept.com.br\/blogosfera\/wp-json\/wp\/v2\/comments?post=72867"}],"version-history":[{"count":0,"href":"https:\/\/redept.com.br\/blogosfera\/wp-json\/wp\/v2\/posts\/72867\/revisions"}],"wp:attachment":[{"href":"https:\/\/redept.com.br\/blogosfera\/wp-json\/wp\/v2\/media?parent=72867"}],"wp:term":[{"taxonomy":"category","embeddable":true,"href":"https:\/\/redept.com.br\/blogosfera\/wp-json\/wp\/v2\/categories?post=72867"},{"taxonomy":"post_tag","embeddable":true,"href":"https:\/\/redept.com.br\/blogosfera\/wp-json\/wp\/v2\/tags?post=72867"}],"curies":[{"name":"wp","href":"https:\/\/api.w.org\/{rel}","templated":true}]}}