{"id":72868,"date":"2026-02-03T11:55:04","date_gmt":"2026-02-03T14:55:04","guid":{"rendered":"https:\/\/redept.com.br\/blogosfera\/moraes-troca-prisao-de-militares-por-curso-de-democracia-e-trabalho-comunitario\/"},"modified":"2026-02-03T11:55:04","modified_gmt":"2026-02-03T14:55:04","slug":"moraes-troca-prisao-de-militares-por-curso-de-democracia-e-trabalho-comunitario","status":"publish","type":"post","link":"https:\/\/redept.com.br\/blogosfera\/moraes-troca-prisao-de-militares-por-curso-de-democracia-e-trabalho-comunitario\/","title":{"rendered":"Moraes troca pris\u00e3o de militares por curso de democracia e trabalho comunit\u00e1rio"},"content":{"rendered":"<p>O ministro <strong>Alexandre de Moraes<\/strong>, do <strong>Supremo Tribunal Federal (STF)<\/strong>, homologou nesta segunda-feira (2) o acordo de n\u00e3o persecu\u00e7\u00e3o penal com dois militares condenados como\u00a0integrantes do N\u00facleo 3\u00a0da tentativa de golpe que tentou manter o ex-presidente Jair Bolsonaro ilegalmente no poder.\u00a0Saiba mais na <strong><a href=\"https:\/\/tvtnews.com.br\/\">TVT News<\/a><\/strong>.<\/p>\n<p>Ambos s\u00e3o das For\u00e7as Especiais do Ex\u00e9rcito, conhecidos como \u201ckids pretos\u201d, em raz\u00e3o da boina preta que diferencia seus uniformes.\u00a0<\/p>\n<p>O coronel M\u00e1rcio Nunes de Resende J\u00fanior e o tenente-coronel Ronald Ferreira de Ara\u00fajo J\u00fanior ter\u00e3o agora suas penas substitu\u00eddas pelo pagamento de R$ 20 mil a t\u00edtulo de repara\u00e7\u00e3o de danos e \u00e0 presta\u00e7\u00e3o de 340 horas de servi\u00e7os comunit\u00e1rios.\u00a0Eles tamb\u00e9m ser\u00e3o obrigados a comparecer presencialmente ao curso Democracia, Estado de Direito e Golpe de Estado, com carga hor\u00e1ria de 12 horas.\u00a0<\/p>\n<p>Pelos termos do acordo, os benef\u00edcios podem ser revogados caso eles pratiquem novamente os mesmos delitos pelos quais foram condenados, ou se forem processados por qualquer il\u00edcito penal.\u00a0<\/p>\n<h2>Julgamento<\/h2>\n<p>Assim como os demais integrantes do n\u00facleo 3, os dois militares foram acusados pela Procuradoria-Geral da Rep\u00fablica (PGR) de participar de reuni\u00f5es e a\u00e7\u00f5es t\u00e1ticas com o intuito de executar o plano Punhal Verde e Amarelo, que previa o sequestro de assassinato de autoridades como o presidente Luiz In\u00e1cio Lula da Silva, o vice, Geraldo Alckmin, e o pr\u00f3prio Moraes.\u00a0<\/p>\n<p>Ao final do julgamento, contudo, a Primeira Turma do Supremo considerou que as condutas efetivamente comprovadas pela acusa\u00e7\u00e3o n\u00e3o foram suficientes para caracterizar crimes mais graves. Eles acabaram condenados por incita\u00e7\u00e3o de animosidade entre as For\u00e7as Armadas e associa\u00e7\u00e3o criminosa, delitos com penas mais brandas.\u00a0<\/p>\n<p>M\u00e1rcio Nunes recebeu a pena de 3 anos e 5 meses de pris\u00e3o em regime inicial aberto e Ronald Ferreira de Ara\u00fajo J\u00fanior foi sentenciado a 1 ano e 11 meses de pris\u00e3o em regime aberto.\u00a0Ambas ficam agora suspensas, ao aguardo do cumprimento das exig\u00eancias do acordo de n\u00e3o persecu\u00e7\u00e3o penal.\u00a0<\/p>\n<p><em>Com <a href=\"https:\/\/agenciabrasil.ebc.com.br\/justica\/noticia\/2026-02\/moraes-homologa-acordo-para-que-2-kids-pretos-evitem-prisao\" target=\"_blank\" rel=\"noreferrer noopener nofollow\">Ag\u00eancia Brasil<\/a><\/em><\/p>\n<\/p>\n<h2>Leia mais not\u00edcias na TVT News<\/h2>\n<ul>\n<li><a href=\"https:\/\/tvtnews.com.br\/fim-da-escala-6x1-e-prioridade-do-governo-em-2026\/\">Fim da escala 6\u00d71 \u00e9 prioridade do governo em 2026<\/a><\/li>\n<li><a href=\"https:\/\/tvtnews.com.br\/confira-como-fazer-a-inscricao-no-fies-2026\/\">Fies inscri\u00e7\u00e3o 2026 est\u00e1 aberta, confira como fazer<\/a><\/li>\n<li><a href=\"https:\/\/tvtnews.com.br\/resultado-prouni-2026-confira-bolsas-de-estudo\/\">Resultado Prouni 2026: confira a primeira chamada de bolsas Prouni<\/a><\/li>\n<\/ul>\n<p>The post <a rel=\"nofollow\" href=\"https:\/\/tvtnews.com.br\/moraes-troca-prisao-militares-por-curso-democracia\/\">Moraes troca pris\u00e3o de militares por curso de democracia e trabalho comunit\u00e1rio<\/a> appeared first on <a rel=\"nofollow\" href=\"https:\/\/tvtnews.com.br\/\">TVT News<\/a>.<\/p>\n<!-- Begin Yuzo --><div class='yuzo_related_post style-1'  data-version='5.12.89'><!-- without result --><div class='yuzo_clearfixed yuzo__title yuzo__title'><h3>Related Post<\/h3><\/div>\n\t\t\t\t\t\t  <div class=\"relatedthumb \" style=\"width:125px;float:left;overflow:hidden;\">  \n\t\t\t\t\t\t\t  \n\t\t\t\t\t\t\t  <a  href=\"https:\/\/redept.com.br\/blogosfera\/haddad-desmente-imposto-sobre-pets-e-pix-apos-video-falso-feito-com-ia\/\"  >\n\t\t\t\t\t\t\t\t\t  <div class=\"yuzo-img-wrap \" style=\"width: 125px;height:90px;\">\n\t\t\t\t\t\t\t\t\t\t\n\t\t\t\t\t\t\t\t\t\t<div class=\"yuzo-img\" style=\"background:url('https:\/\/redept.org\/blogosfera\/wp-content\/plugins\/yuzo-related-post\/assets\/images\/default.png') 50% 50% no-repeat;width: 125px;height:90px;margin-bottom: 5px;background-size: cover; \"><\/div>\n\t\t\t\t\t\t\t\t\t  <\/div>\n\t\t\t\t\t\t\t\t\t  \n\t\t\t\t\t\t\t\t   <span class=\"yuzo__text--title\" style=\"font-size:13px;\">Haddad desmente imposto sobre pets e Pix ap\u00f3s v\u00edde...<\/span>\n\t\t\t\t\t\t\t  \n\t\t\t\t\t\t\t  \n\t\t\t\t\t\t\t  <\/a>\n\n\t\t\t\t\t\t  <\/div>\n\t\t\t\t\t\t  <div class=\"relatedthumb \" style=\"width:125px;float:left;overflow:hidden;\">  \n\t\t\t\t\t\t\t  \n\t\t\t\t\t\t\t  <a  href=\"https:\/\/redept.com.br\/blogosfera\/militante-do-mst-do-assentamento-lanceiros-negros-narra-historia-de-vida-na-luta-pela-terra-no-rs\/\"  >\n\t\t\t\t\t\t\t\t\t  <div class=\"yuzo-img-wrap \" style=\"width: 125px;height:90px;\">\n\t\t\t\t\t\t\t\t\t\t\n\t\t\t\t\t\t\t\t\t\t<div class=\"yuzo-img\" style=\"background:url('https:\/\/redept.com.br\/blogosfera\/wp-content\/uploads\/2025\/01\/image_processing20250106-3981635-obohan-150x150.webp') 50% 50% no-repeat;width: 125px;height:90px;margin-bottom: 5px;background-size: cover; \"><\/div>\n\t\t\t\t\t\t\t\t\t  <\/div>\n\t\t\t\t\t\t\t\t\t  \n\t\t\t\t\t\t\t\t   <span class=\"yuzo__text--title\" style=\"font-size:13px;\">Militante do MST do assentamento Lanceiros Negros ...<\/span>\n\t\t\t\t\t\t\t  \n\t\t\t\t\t\t\t  \n\t\t\t\t\t\t\t  <\/a>\n\n\t\t\t\t\t\t  <\/div>\n\t\t\t\t\t\t  <div class=\"relatedthumb \" style=\"width:125px;float:left;overflow:hidden;\">  \n\t\t\t\t\t\t\t  \n\t\t\t\t\t\t\t  <a  href=\"https:\/\/redept.com.br\/blogosfera\/morre-issam-makhoul-dirigente-comunista-e-referencia-da-esquerda-em-israel\/\"  >\n\t\t\t\t\t\t\t\t\t  <div class=\"yuzo-img-wrap \" style=\"width: 125px;height:90px;\">\n\t\t\t\t\t\t\t\t\t\t\n\t\t\t\t\t\t\t\t\t\t<div class=\"yuzo-img\" style=\"background:url('https:\/\/redept.com.br\/blogosfera\/wp-content\/uploads\/2025\/12\/a05dcfe9-eded-43a6-9b10-87be67b40e4c-150x150.jpg') 50% 50% no-repeat;width: 125px;height:90px;margin-bottom: 5px;background-size: cover; \"><\/div>\n\t\t\t\t\t\t\t\t\t  <\/div>\n\t\t\t\t\t\t\t\t\t  \n\t\t\t\t\t\t\t\t   <span class=\"yuzo__text--title\" style=\"font-size:13px;\">Morre Issam Makhoul, dirigente comunista e refer\u00ean...<\/span>\n\t\t\t\t\t\t\t  \n\t\t\t\t\t\t\t  \n\t\t\t\t\t\t\t  <\/a>\n\n\t\t\t\t\t\t  <\/div>\n\t\t\t\t\t\t  <div class=\"relatedthumb \" style=\"width:125px;float:left;overflow:hidden;\">  \n\t\t\t\t\t\t\t  \n\t\t\t\t\t\t\t  <a  href=\"https:\/\/redept.com.br\/blogosfera\/depoimentos-a-cpi-destacam-acoes-do-governo-no-combate-ao-crime-organizado\/\"  >\n\t\t\t\t\t\t\t\t\t  <div class=\"yuzo-img-wrap \" style=\"width: 125px;height:90px;\">\n\t\t\t\t\t\t\t\t\t\t\n\t\t\t\t\t\t\t\t\t\t<div class=\"yuzo-img\" style=\"background:url('https:\/\/redept.org\/blogosfera\/wp-content\/plugins\/yuzo-related-post\/assets\/images\/default.png') 50% 50% no-repeat;width: 125px;height:90px;margin-bottom: 5px;background-size: cover; \"><\/div>\n\t\t\t\t\t\t\t\t\t  <\/div>\n\t\t\t\t\t\t\t\t\t  \n\t\t\t\t\t\t\t\t   <span class=\"yuzo__text--title\" style=\"font-size:13px;\">Depoimentos \u00e0 CPI destacam a\u00e7\u00f5es do governo no com...<\/span>\n\t\t\t\t\t\t\t  \n\t\t\t\t\t\t\t  \n\t\t\t\t\t\t\t  <\/a>\n\n\t\t\t\t\t\t  <\/div>\n<\/div> <script>\n\t\t\t\t\t\t  jQuery(document).ready(function( $ ){\n\t\t\t\t\t\t\t\/\/jQuery('.yuzo_related_post').equalizer({ overflow : 'relatedthumb' });\n\t\t\t\t\t\t\tjQuery('.yuzo_related_post .yuzo_wraps').equalizer({ columns : '> div' });\n\t\t\t\t\t\t   })\n\t\t\t\t\t\t  <\/script> <!-- End Yuzo :) -->","protected":false},"excerpt":{"rendered":"<p>O ministro Alexandre de Moraes, do Supremo Tribunal Federal (STF), homologou nesta segunda-feira (2) o acordo de n\u00e3o persecu\u00e7\u00e3o penal com dois militares condenados como\u00a0integrantes do N\u00facleo 3\u00a0da tentativa de golpe que tentou manter o ex-presidente Jair Bolsonaro ilegalmente no poder.\u00a0Saiba mais na TVT News. Ambos s\u00e3o das For\u00e7as Especiais do Ex\u00e9rcito, conhecidos como \u201ckids [&hellip;]<\/p>\n","protected":false},"author":2,"featured_media":0,"comment_status":"open","ping_status":"closed","sticky":false,"template":"","format":"standard","meta":{"fifu_image_url":"","fifu_image_alt":"","footnotes":""},"categories":[536,489,1797,132,260],"tags":[],"class_list":["post-72868","post","type-post","status-publish","format-standard","hentry","category-democracia","category-destaque-pequeno","category-golpe","category-politica","category-stf"],"_links":{"self":[{"href":"https:\/\/redept.com.br\/blogosfera\/wp-json\/wp\/v2\/posts\/72868","targetHints":{"allow":["GET"]}}],"collection":[{"href":"https:\/\/redept.com.br\/blogosfera\/wp-json\/wp\/v2\/posts"}],"about":[{"href":"https:\/\/redept.com.br\/blogosfera\/wp-json\/wp\/v2\/types\/post"}],"author":[{"embeddable":true,"href":"https:\/\/redept.com.br\/blogosfera\/wp-json\/wp\/v2\/users\/2"}],"replies":[{"embeddable":true,"href":"https:\/\/redept.com.br\/blogosfera\/wp-json\/wp\/v2\/comments?post=72868"}],"version-history":[{"count":0,"href":"https:\/\/redept.com.br\/blogosfera\/wp-json\/wp\/v2\/posts\/72868\/revisions"}],"wp:attachment":[{"href":"https:\/\/redept.com.br\/blogosfera\/wp-json\/wp\/v2\/media?parent=72868"}],"wp:term":[{"taxonomy":"category","embeddable":true,"href":"https:\/\/redept.com.br\/blogosfera\/wp-json\/wp\/v2\/categories?post=72868"},{"taxonomy":"post_tag","embeddable":true,"href":"https:\/\/redept.com.br\/blogosfera\/wp-json\/wp\/v2\/tags?post=72868"}],"curies":[{"name":"wp","href":"https:\/\/api.w.org\/{rel}","templated":true}]}}