{"id":72869,"date":"2026-02-03T11:11:53","date_gmt":"2026-02-03T14:11:53","guid":{"rendered":"https:\/\/redept.com.br\/blogosfera\/lula-envia-texto-do-acordo-mercosul-ue-ao-congresso-nacional\/"},"modified":"2026-02-03T11:11:53","modified_gmt":"2026-02-03T14:11:53","slug":"lula-envia-texto-do-acordo-mercosul-ue-ao-congresso-nacional","status":"publish","type":"post","link":"https:\/\/redept.com.br\/blogosfera\/lula-envia-texto-do-acordo-mercosul-ue-ao-congresso-nacional\/","title":{"rendered":"Lula envia texto do acordo Mercosul-UE ao Congresso Nacional"},"content":{"rendered":"<p><img loading=\"lazy\" width=\"799\" height=\"533\"src=\"https:\/\/redept.com.br\/blogosfera\/wp-content\/uploads\/2026\/02\/55044661791_14f9550519_c.jpg\" alt=\"\" decoding=\"async\" loading=\"lazy\" srcset=\"https:\/\/redept.com.br\/blogosfera\/wp-content\/uploads\/2026\/02\/55044661791_14f9550519_c.jpg 799w, https:\/\/vermelho.org.br\/wp-content\/uploads\/2026\/02\/55044661791_14f9550519_c-300x200.jpg 300w, https:\/\/vermelho.org.br\/wp-content\/uploads\/2026\/02\/55044661791_14f9550519_c-768x512.jpg 768w, https:\/\/vermelho.org.br\/wp-content\/uploads\/2026\/02\/55044661791_14f9550519_c-272x182.jpg 272w\" sizes=\"auto, (max-width: 799px) 100vw, 799px\"><\/p>\n<p>O processo de integra\u00e7\u00e3o comercial entre o Mercosul e a Uni\u00e3o Europeia ingressou em uma nova fase institucional no Brasil. Nesta segunda-feira (2), o presidente Luiz In\u00e1cio Lula da Silva submeteu o texto do acordo ao Congresso Nacional, formalizando o in\u00edcio da tramita\u00e7\u00e3o legislativa. A iniciativa sinaliza a inten\u00e7\u00e3o do Executivo em consolidar o pacto, que prev\u00ea a redu\u00e7\u00e3o ou elimina\u00e7\u00e3o de tarifas para cerca de 90% das trocas comerciais entre os dois blocos, abrangendo um mercado potencial de 700 milh\u00f5es de consumidores.<\/p>\n<p>No Legislativo, o texto foi recebido com um alinhamento entre as presid\u00eancias das Casas e as comiss\u00f5es tem\u00e1ticas. O presidente da C\u00e2mara, Hugo Motta (PP-PB), indicou que a mat\u00e9ria deve ser analisada pela Representa\u00e7\u00e3o Brasileira no Parlamento do Mercosul j\u00e1 na pr\u00f3xima semana, com perspectiva de vota\u00e7\u00e3o em Plen\u00e1rio ainda no final de fevereiro. O objetivo \u00e9 conferir agilidade ao debate, tratando o tema como prioridade da agenda de Estado para o ano de 2026.<\/p>\n<p>No Senado, a articula\u00e7\u00e3o tamb\u00e9m avan\u00e7a. O senador Nelsinho Trad (PSD-MS), \u00e0 frente da Comiss\u00e3o de Rela\u00e7\u00f5es Exteriores, planeja a cria\u00e7\u00e3o de uma subcomiss\u00e3o dedicada exclusivamente ao tratado para subsidiar o parecer t\u00e9cnico. Parlamentares de diferentes espectros pol\u00edticos destacam o impacto positivo esperado para a ind\u00fastria e o agroneg\u00f3cio, com proje\u00e7\u00f5es que apontam para um crescimento de 0,3% no PIB brasileiro no longo prazo e um aumento expressivo nas exporta\u00e7\u00f5es de commodities e produtos manufaturados.<\/p>\n<p>A robustez dos dados econ\u00f4micos refor\u00e7a o interesse nacional: em 2024, as exporta\u00e7\u00f5es da Uni\u00e3o Europeia para o Mercosul atingiram \u20ac 57 bilh\u00f5es, enquanto o bloco sul-americano exportou \u20ac 29 bilh\u00f5es em servi\u00e7os para o continente europeu no ano anterior. A desonera\u00e7\u00e3o tarif\u00e1ria deve gerar uma economia anual de \u20ac 4 bilh\u00f5es para os exportadores, beneficiando setores sens\u00edveis como o automotivo e o de latic\u00ednios, al\u00e9m de ampliar as cotas para o a\u00e7\u00facar, arroz e etanol produzidos no Brasil.<\/p>\n<p>Contudo, a efetiva\u00e7\u00e3o do acordo permanece condicionada ao cen\u00e1rio pol\u00edtico e jur\u00eddico no exterior. Enquanto o Brasil acelera o rito interno, o processo na Europa enfrenta um impasse institucional. Em janeiro, o Parlamento Europeu aprovou o envio do texto ao Tribunal de Justi\u00e7a da Uni\u00e3o Europeia (TJUE) para verificar sua compatibilidade com as normas de sustentabilidade e prote\u00e7\u00e3o ao consumidor. Essa consulta jur\u00eddica pode paralisar a ratifica\u00e7\u00e3o europeia por at\u00e9 dois anos, refletindo a resist\u00eancia de setores agr\u00edcolas da Fran\u00e7a e da Pol\u00f4nia diante da concorr\u00eancia sul-americana.<\/p>\n<p>Apesar do rev\u00e9s jur\u00eddico em solo europeu, o governo brasileiro e as lideran\u00e7as do Congresso mant\u00eam o foco na ratifica\u00e7\u00e3o interna. O entendimento \u00e9 de que a aprova\u00e7\u00e3o c\u00e9lere pelo Brasil e pelos demais parceiros do Mercosul \u2014 Argentina, Paraguai e Uruguai \u2014 fortalece a posi\u00e7\u00e3o do bloco e pressiona as inst\u00e2ncias europeias pela conclus\u00e3o do tratado.<\/p>\n<p>O post <a href=\"https:\/\/vermelho.org.br\/2026\/02\/03\/lula-envia-texto-do-acordo-mercosul-ue-ao-congresso-nacional\/\">Lula envia texto do acordo Mercosul-UE ao Congresso Nacional<\/a> apareceu primeiro em <a href=\"https:\/\/vermelho.org.br\/\">Vermelho<\/a>.<\/p>\n<!-- Begin Yuzo --><div class='yuzo_related_post style-1'  data-version='5.12.89'><!-- without result --><div class='yuzo_clearfixed yuzo__title yuzo__title'><h3>Related Post<\/h3><\/div>\n\t\t\t\t\t\t  <div class=\"relatedthumb \" style=\"width:125px;float:left;overflow:hidden;\">  \n\t\t\t\t\t\t\t  \n\t\t\t\t\t\t\t  <a  href=\"https:\/\/redept.com.br\/blogosfera\/setor-produtivo-entrega-ao-congresso-agenda-com-135-projetos-prioritarios\/\"  >\n\t\t\t\t\t\t\t\t\t  <div class=\"yuzo-img-wrap \" style=\"width: 125px;height:90px;\">\n\t\t\t\t\t\t\t\t\t\t\n\t\t\t\t\t\t\t\t\t\t<div class=\"yuzo-img\" style=\"background:url('https:\/\/redept.com.br\/blogosfera\/wp-content\/uploads\/2025\/03\/Agenda-Legislativa-150x150.jpg') 50% 50% no-repeat;width: 125px;height:90px;margin-bottom: 5px;background-size: cover; \"><\/div>\n\t\t\t\t\t\t\t\t\t  <\/div>\n\t\t\t\t\t\t\t\t\t  \n\t\t\t\t\t\t\t\t   <span class=\"yuzo__text--title\" style=\"font-size:13px;\">Setor produtivo entrega ao Congresso agenda com 13...<\/span>\n\t\t\t\t\t\t\t  \n\t\t\t\t\t\t\t  \n\t\t\t\t\t\t\t  <\/a>\n\n\t\t\t\t\t\t  <\/div>\n\t\t\t\t\t\t  <div class=\"relatedthumb \" style=\"width:125px;float:left;overflow:hidden;\">  \n\t\t\t\t\t\t\t  \n\t\t\t\t\t\t\t  <a  href=\"https:\/\/redept.com.br\/blogosfera\/senadores-do-pt-celebram-premios-conquistados-pelo-brasil-em-cannes\/\"  >\n\t\t\t\t\t\t\t\t\t  <div class=\"yuzo-img-wrap \" style=\"width: 125px;height:90px;\">\n\t\t\t\t\t\t\t\t\t\t\n\t\t\t\t\t\t\t\t\t\t<div class=\"yuzo-img\" style=\"background:url('https:\/\/redept.org\/blogosfera\/wp-content\/plugins\/yuzo-related-post\/assets\/images\/default.png') 50% 50% no-repeat;width: 125px;height:90px;margin-bottom: 5px;background-size: cover; \"><\/div>\n\t\t\t\t\t\t\t\t\t  <\/div>\n\t\t\t\t\t\t\t\t\t  \n\t\t\t\t\t\t\t\t   <span class=\"yuzo__text--title\" style=\"font-size:13px;\">Senadores do PT celebram pr\u00eamios conquistados pelo...<\/span>\n\t\t\t\t\t\t\t  \n\t\t\t\t\t\t\t  \n\t\t\t\t\t\t\t  <\/a>\n\n\t\t\t\t\t\t  <\/div>\n\t\t\t\t\t\t  <div class=\"relatedthumb \" style=\"width:125px;float:left;overflow:hidden;\">  \n\t\t\t\t\t\t\t  \n\t\t\t\t\t\t\t  <a  href=\"https:\/\/redept.com.br\/blogosfera\/jeieli-reis-do-mpa-esse-encontro-demonstra-que-sem-as-mulheres-organizadas-a-gente-nao-tem-conquista\/\"  >\n\t\t\t\t\t\t\t\t\t  <div class=\"yuzo-img-wrap \" style=\"width: 125px;height:90px;\">\n\t\t\t\t\t\t\t\t\t\t\n\t\t\t\t\t\t\t\t\t\t<div class=\"yuzo-img\" style=\"background:url('https:\/\/redept.org\/blogosfera\/wp-content\/plugins\/yuzo-related-post\/assets\/images\/default.png') 50% 50% no-repeat;width: 125px;height:90px;margin-bottom: 5px;background-size: cover; \"><\/div>\n\t\t\t\t\t\t\t\t\t  <\/div>\n\t\t\t\t\t\t\t\t\t  \n\t\t\t\t\t\t\t\t   <span class=\"yuzo__text--title\" style=\"font-size:13px;\">Jei\u00e9li Reis, do MPA: \u2018esse encontro demonstr...<\/span>\n\t\t\t\t\t\t\t  \n\t\t\t\t\t\t\t  \n\t\t\t\t\t\t\t  <\/a>\n\n\t\t\t\t\t\t  <\/div>\n\t\t\t\t\t\t  <div class=\"relatedthumb \" style=\"width:125px;float:left;overflow:hidden;\">  \n\t\t\t\t\t\t\t  \n\t\t\t\t\t\t\t  <a  href=\"https:\/\/redept.com.br\/blogosfera\/acidente-com-balao-em-sc-o-que-se-sabe\/\"  >\n\t\t\t\t\t\t\t\t\t  <div class=\"yuzo-img-wrap \" style=\"width: 125px;height:90px;\">\n\t\t\t\t\t\t\t\t\t\t\n\t\t\t\t\t\t\t\t\t\t<div class=\"yuzo-img\" style=\"background:url('https:\/\/redept.org\/blogosfera\/wp-content\/plugins\/yuzo-related-post\/assets\/images\/default.png') 50% 50% no-repeat;width: 125px;height:90px;margin-bottom: 5px;background-size: cover; \"><\/div>\n\t\t\t\t\t\t\t\t\t  <\/div>\n\t\t\t\t\t\t\t\t\t  \n\t\t\t\t\t\t\t\t   <span class=\"yuzo__text--title\" style=\"font-size:13px;\">Acidente com Bal\u00e3o em SC: o que se sabe<\/span>\n\t\t\t\t\t\t\t  \n\t\t\t\t\t\t\t  \n\t\t\t\t\t\t\t  <\/a>\n\n\t\t\t\t\t\t  <\/div>\n<\/div> <script>\n\t\t\t\t\t\t  jQuery(document).ready(function( $ ){\n\t\t\t\t\t\t\t\/\/jQuery('.yuzo_related_post').equalizer({ overflow : 'relatedthumb' });\n\t\t\t\t\t\t\tjQuery('.yuzo_related_post .yuzo_wraps').equalizer({ columns : '> div' });\n\t\t\t\t\t\t   })\n\t\t\t\t\t\t  <\/script> <!-- End Yuzo :) -->","protected":false},"excerpt":{"rendered":"<p>O processo de integra\u00e7\u00e3o comercial entre o Mercosul e a Uni\u00e3o Europeia ingressou em uma nova fase institucional no Brasil. Nesta segunda-feira (2), o presidente Luiz In\u00e1cio Lula da Silva submeteu o texto do acordo ao Congresso Nacional, formalizando o in\u00edcio da tramita\u00e7\u00e3o legislativa. A iniciativa sinaliza a inten\u00e7\u00e3o do Executivo em consolidar o pacto, [&hellip;]<\/p>\n","protected":false},"author":2,"featured_media":0,"comment_status":"open","ping_status":"closed","sticky":false,"template":"","format":"standard","meta":{"fifu_image_url":"","fifu_image_alt":"","footnotes":""},"categories":[388,221,3945,33547],"tags":[],"class_list":["post-72869","post","type-post","status-publish","format-standard","hentry","category-congresso-nacional","category-economia","category-mercosul-ue","category-tratado"],"_links":{"self":[{"href":"https:\/\/redept.com.br\/blogosfera\/wp-json\/wp\/v2\/posts\/72869","targetHints":{"allow":["GET"]}}],"collection":[{"href":"https:\/\/redept.com.br\/blogosfera\/wp-json\/wp\/v2\/posts"}],"about":[{"href":"https:\/\/redept.com.br\/blogosfera\/wp-json\/wp\/v2\/types\/post"}],"author":[{"embeddable":true,"href":"https:\/\/redept.com.br\/blogosfera\/wp-json\/wp\/v2\/users\/2"}],"replies":[{"embeddable":true,"href":"https:\/\/redept.com.br\/blogosfera\/wp-json\/wp\/v2\/comments?post=72869"}],"version-history":[{"count":0,"href":"https:\/\/redept.com.br\/blogosfera\/wp-json\/wp\/v2\/posts\/72869\/revisions"}],"wp:attachment":[{"href":"https:\/\/redept.com.br\/blogosfera\/wp-json\/wp\/v2\/media?parent=72869"}],"wp:term":[{"taxonomy":"category","embeddable":true,"href":"https:\/\/redept.com.br\/blogosfera\/wp-json\/wp\/v2\/categories?post=72869"},{"taxonomy":"post_tag","embeddable":true,"href":"https:\/\/redept.com.br\/blogosfera\/wp-json\/wp\/v2\/tags?post=72869"}],"curies":[{"name":"wp","href":"https:\/\/api.w.org\/{rel}","templated":true}]}}