{"id":72875,"date":"2026-02-03T12:49:09","date_gmt":"2026-02-03T15:49:09","guid":{"rendered":"https:\/\/redept.com.br\/blogosfera\/morre-frei-sergio-gorgen-historico-militante-da-luta-camponesa\/"},"modified":"2026-02-03T12:49:09","modified_gmt":"2026-02-03T15:49:09","slug":"morre-frei-sergio-gorgen-historico-militante-da-luta-camponesa","status":"publish","type":"post","link":"https:\/\/redept.com.br\/blogosfera\/morre-frei-sergio-gorgen-historico-militante-da-luta-camponesa\/","title":{"rendered":"Morre Frei S\u00e9rgio G\u00f6rgen, hist\u00f3rico militante da luta camponesa"},"content":{"rendered":"<p>Morre Frei S\u00e9rgio G\u00f6rgen, imporante nome da luta pela reforma agr\u00e1ria na Am\u00e9rica Latina. <a href=\"https:\/\/tvtnews.com.br\/tag\/lula\/\" data-type=\"post_tag\" data-id=\"4337\">Presidente Lula<\/a> divulgou nota lamentando a morte do amigo. Leia em <a href=\"http:\/\/tvtnews.com.br\/\" data-type=\"link\" data-id=\"tvtnews.com.br\" target=\"_blank\" rel=\"noopener noreferrer nofollow\">TVT News<\/a>.<\/p>\n<h2>Morre Frei S\u00e9rgio G\u00f6rgen, o \u201cprofeta da resist\u00eancia camponesa\u201d<\/h2>\n<p>O Movimento dos Pequenos Agricultores (<a href=\"https:\/\/mpabrasil.org.br\/noticias\/nota-de-falecimento-de-frei-sergio-gorgen-o-profeta-da-resistencia-camponesa\/\" data-type=\"link\" data-id=\"https:\/\/mpabrasil.org.br\/noticias\/nota-de-falecimento-de-frei-sergio-gorgen-o-profeta-da-resistencia-camponesa\/\" target=\"_blank\" rel=\"noopener noreferrer nofollow\">MPA<\/a>) comunica o falecimento de seu dirigente hist\u00f3rico, Frei S\u00e9rgio G\u00f6rgen.<\/p>\n<p>Frade franciscano, escritor e intelectual org\u00e2nico das causas populares, Frei S\u00e9rgio foi mais do que dirigente de movimentos populares; foi um pastor que escolheu o \u201ccheiro das ovelhas\u201d e o barro das trincheiras. \u201cSua partida deixa um vazio imenso na luta social brasileira, mas seu legado de soberania alimentar e dignidade camponesa permanece vivo em cada semente crioula plantada neste solo\u201d, afirma, em nota, o MPA.<\/p>\n<h3><strong>Quem foi Frei S\u00e9rgio G\u00f6rgen<\/strong><\/h3>\n<p>Natural do Rio Grande do Sul, Frei S\u00e9rgio  dedicou sua exist\u00eancia \u00e0 <a href=\"https:\/\/tvtnews.com.br\/11-de-outubro-inicio-concilio-vaticano-ii-base-da-teologia-da-libertacao\/\" data-type=\"post\" data-id=\"728285\">articula\u00e7\u00e3o pol\u00edtica e espiritual dos exclu\u00eddos<\/a>. Foi pe\u00e7a fundamental na funda\u00e7\u00e3o do MPA em 1996, nascido da urg\u00eancia das secas e da necessidade de voz para o pequeno agricultor.<\/p>\n<p>Sua trajet\u00f3ria foi marcada pelo sacrif\u00edcio pessoal em prol do coletivo. Frei S\u00e9rgio utilizou seu pr\u00f3prio corpo como ferramenta de den\u00fancia atrav\u00e9s de cinco greves de fome, destacando-se \u00c0s lutas por cr\u00e9dito agr\u00edcola nos anos 90, a resist\u00eancia contra a Reforma da Previd\u00eancia em 2017 e a jornada pela democracia em 2018, em frente ao STF.<\/p>\n<h3><strong>Por que Frei S\u00e9rgio \u00e9 chmada de profeta da resist\u00eancia campones<\/strong>a<\/h3>\n<p>Como sobrevivente e cronista do Massacre da Fazenda Santa Elmira (1989), ele assumiu a miss\u00e3o de n\u00e3o deixar a hist\u00f3ria ser escrita apenas pelos vencedores. Atrav\u00e9s de obras como \u201cTrincheiras da Resist\u00eancia Camponesa\u201d e \u201cA Gente N\u00e3o Quer S\u00f3 Comida\u201d, ele teorizou e defendeu a agricultura camponesa como um verdadeiro projeto de vida.<\/p>\n<p>\u201c<strong>Frei S\u00e9rgio G\u00f6rgen<\/strong> n\u00e3o apenas pregava o Evangelho, ele o vivia nas trincheiras da luta pela terra. Sua vida foi um testemunho de que a espiritualidade e o compromisso pol\u00edtico com os pobres s\u00e3o faces da mesma moeda. Deixa-nos um legado de resist\u00eancia e de um amor profundo pelo povo simples do campo\u201d, diz a nota do MPA.<\/p>\n<p>\u201cNeste momento de despedida, reafirmamos o compromisso inabal\u00e1vel com as bandeiras que Frei S\u00e9rgio carregou com coragem at\u00e9 o fim. O MPA se despede de uma de suas maiores refer\u00eancias, o semeador que espalhou a resist\u00eancia e esperan\u00e7a em cada rinc\u00e3o do campesinato brasileiro.  Que sua mem\u00f3ria seja agora luz e for\u00e7a para as m\u00e3os que cultivam a terra. Frei S\u00e9rgio n\u00e3o morre; ele se encanta na luta. Ele segue vivo na M\u00edstica do nosso Movimento e no pulsar de cada cora\u00e7\u00e3o que resiste. Frei S\u00e9rgio vive na luta do povo!\u201d, conclui a nota do MPA.<\/p>\n<\/p>\n<h2>Presidente Lula lamenta a morte de Frei S\u00e9rgio G\u00f6rgen<\/h2>\n<p>Leia a \u00edntegra da nota do presidente Lula sobre a morte do amigo Frei S\u00e9rgio Ant\u00f4nio G\u00f6rgen<\/p>\n<\/p>\n<figure><img fetchpriority=\"high\" fetchpriority=\"high\" decoding=\"async\" width=\"768\" height=\"432\"src=\"https:\/\/redept.com.br\/blogosfera\/wp-content\/uploads\/2026\/02\/Lula-frei_sergio.webp\" alt=\"morre-frei-sergio-gorgen-historico-militante-da-luta-camponesa-tvt-news\" title=\"Morre Frei S\u00e9rgio G\u00f6rgen, hist\u00f3rico militante da luta camponesa 1\" srcset=\"https:\/\/redept.com.br\/blogosfera\/wp-content\/uploads\/2026\/02\/Lula-frei_sergio.webp 768w, https:\/\/tvtnews.com.br\/wp-content\/uploads\/2026\/02\/Lula-frei_sergio-300x169.webp 300w\" sizes=\"(max-width: 768px) 100vw, 768px\"><figcaption>Lula lamenta a morte do amigo Frei S\u00e9rgio G\u00f6rgen: \u201d Lutou pela alimenta\u00e7\u00e3o do corpo e da alma\u201d. Foto: Ricardo Suckert \/ MPA<\/figcaption><\/figure>\n<\/p>\n<blockquote>\n<blockquote>\n<p>\u201cEstou muito triste com a partida de meu grande amigo, Frei S\u00e9rgio Ant\u00f4nio G\u00f6rgen, que faleceu aos seus 70 anos.<\/p>\n<p>A f\u00e9 e as s\u00e1bias palavras de Frei S\u00e9rgio durante suas visitas em Curitiba me ajudaram a atravessar com for\u00e7a e esperan\u00e7a os momentos dif\u00edceis da pris\u00e3o injusta a que fui submetido. Ele carregava consigo uma hist\u00f3ria de vida exemplar. De luta e de sacrif\u00edcios pessoais \u2013 incluindo greves de fome \u2013 para garantir os direitos daqueles que vivem da agricultura familiar.<\/p>\n<p>Frei S\u00e9rgio dedicou sua vida a cumprir o ensinamento de Cristo: \u201cDai de comer a quem tem fome\u201d. Lutou pela alimenta\u00e7\u00e3o do corpo e da alma. E deixa esta vida com sua miss\u00e3o cumprida, que seguir\u00e1 servindo de exemplo e inspira\u00e7\u00e3o a todos n\u00f3s. Descanse em paz, companheiro\u201d.<\/p>\n<\/blockquote>\n<\/blockquote>\n<p><em>LUIZ IN\u00c1CIO LULA DA SILVA<br \/><\/em><em>Presidente da Rep\u00fablica<\/em><\/p>\n<\/p>\n<p>The post <a rel=\"nofollow\" href=\"https:\/\/tvtnews.com.br\/morre-frei-sergio-gorgen\/\">Morre Frei S\u00e9rgio G\u00f6rgen, hist\u00f3rico militante da luta camponesa<\/a> appeared first on <a rel=\"nofollow\" href=\"https:\/\/tvtnews.com.br\/\">TVT News<\/a>.<\/p>\n<!-- Begin Yuzo --><div class='yuzo_related_post style-1'  data-version='5.12.89'><!-- without result --><div class='yuzo_clearfixed yuzo__title yuzo__title'><h3>Related Post<\/h3><\/div>\n\t\t\t\t\t\t  <div class=\"relatedthumb \" style=\"width:125px;float:left;overflow:hidden;\">  \n\t\t\t\t\t\t\t  \n\t\t\t\t\t\t\t  <a  href=\"https:\/\/redept.com.br\/blogosfera\/comissao-da-camara-aprova-aumento-de-pena-para-crimes-ambientais-por-pulverizacao-aerea\/\"  >\n\t\t\t\t\t\t\t\t\t  <div class=\"yuzo-img-wrap \" style=\"width: 125px;height:90px;\">\n\t\t\t\t\t\t\t\t\t\t\n\t\t\t\t\t\t\t\t\t\t<div class=\"yuzo-img\" style=\"background:url('https:\/\/redept.org\/blogosfera\/wp-content\/plugins\/yuzo-related-post\/assets\/images\/default.png') 50% 50% no-repeat;width: 125px;height:90px;margin-bottom: 5px;background-size: cover; \"><\/div>\n\t\t\t\t\t\t\t\t\t  <\/div>\n\t\t\t\t\t\t\t\t\t  \n\t\t\t\t\t\t\t\t   <span class=\"yuzo__text--title\" style=\"font-size:13px;\">Comiss\u00e3o da C\u00e2mara aprova aumento de pena para cri...<\/span>\n\t\t\t\t\t\t\t  \n\t\t\t\t\t\t\t  \n\t\t\t\t\t\t\t  <\/a>\n\n\t\t\t\t\t\t  <\/div>\n\t\t\t\t\t\t  <div class=\"relatedthumb \" style=\"width:125px;float:left;overflow:hidden;\">  \n\t\t\t\t\t\t\t  \n\t\t\t\t\t\t\t  <a  href=\"https:\/\/redept.com.br\/blogosfera\/reborn-por-que-as-pessoas-se-apegam-ao-boneco-bebe\/\"  >\n\t\t\t\t\t\t\t\t\t  <div class=\"yuzo-img-wrap \" style=\"width: 125px;height:90px;\">\n\t\t\t\t\t\t\t\t\t\t\n\t\t\t\t\t\t\t\t\t\t<div class=\"yuzo-img\" style=\"background:url('https:\/\/redept.com.br\/blogosfera\/wp-content\/uploads\/2025\/05\/Bebe_reborn_menina-150x150.jpg') 50% 50% no-repeat;width: 125px;height:90px;margin-bottom: 5px;background-size: cover; \"><\/div>\n\t\t\t\t\t\t\t\t\t  <\/div>\n\t\t\t\t\t\t\t\t\t  \n\t\t\t\t\t\t\t\t   <span class=\"yuzo__text--title\" style=\"font-size:13px;\">Reborn: por que as pessoas se apegam ao boneco beb...<\/span>\n\t\t\t\t\t\t\t  \n\t\t\t\t\t\t\t  \n\t\t\t\t\t\t\t  <\/a>\n\n\t\t\t\t\t\t  <\/div>\n\t\t\t\t\t\t  <div class=\"relatedthumb \" style=\"width:125px;float:left;overflow:hidden;\">  \n\t\t\t\t\t\t\t  \n\t\t\t\t\t\t\t  <a  href=\"https:\/\/redept.com.br\/blogosfera\/ministerio-publico-cobra-explicacoes-da-prefeitura-de-sao-paulo-sobre-afastamento-de-diretores-de-escolas-gestao-nunes-e-acusada-de-driblar-rito-legal\/\"  >\n\t\t\t\t\t\t\t\t\t  <div class=\"yuzo-img-wrap \" style=\"width: 125px;height:90px;\">\n\t\t\t\t\t\t\t\t\t\t\n\t\t\t\t\t\t\t\t\t\t<div class=\"yuzo-img\" style=\"background:url('https:\/\/redept.org\/blogosfera\/wp-content\/plugins\/yuzo-related-post\/assets\/images\/default.png') 50% 50% no-repeat;width: 125px;height:90px;margin-bottom: 5px;background-size: cover; \"><\/div>\n\t\t\t\t\t\t\t\t\t  <\/div>\n\t\t\t\t\t\t\t\t\t  \n\t\t\t\t\t\t\t\t   <span class=\"yuzo__text--title\" style=\"font-size:13px;\">Minist\u00e9rio P\u00fablico cobra explica\u00e7\u00f5es da prefeitura...<\/span>\n\t\t\t\t\t\t\t  \n\t\t\t\t\t\t\t  \n\t\t\t\t\t\t\t  <\/a>\n\n\t\t\t\t\t\t  <\/div>\n\t\t\t\t\t\t  <div class=\"relatedthumb \" style=\"width:125px;float:left;overflow:hidden;\">  \n\t\t\t\t\t\t\t  \n\t\t\t\t\t\t\t  <a  href=\"https:\/\/redept.com.br\/blogosfera\/o-que-nao-te-contaram-sobre-o-governo-de-maduro-e-a-economia-venezuelana\/\"  >\n\t\t\t\t\t\t\t\t\t  <div class=\"yuzo-img-wrap \" style=\"width: 125px;height:90px;\">\n\t\t\t\t\t\t\t\t\t\t\n\t\t\t\t\t\t\t\t\t\t<div class=\"yuzo-img\" style=\"background:url('https:\/\/redept.org\/blogosfera\/wp-content\/plugins\/yuzo-related-post\/assets\/images\/default.png') 50% 50% no-repeat;width: 125px;height:90px;margin-bottom: 5px;background-size: cover; \"><\/div>\n\t\t\t\t\t\t\t\t\t  <\/div>\n\t\t\t\t\t\t\t\t\t  \n\t\t\t\t\t\t\t\t   <span class=\"yuzo__text--title\" style=\"font-size:13px;\">O que n\u00e3o te contaram sobre o governo de Maduro e ...<\/span>\n\t\t\t\t\t\t\t  \n\t\t\t\t\t\t\t  \n\t\t\t\t\t\t\t  <\/a>\n\n\t\t\t\t\t\t  <\/div>\n<\/div> <script>\n\t\t\t\t\t\t  jQuery(document).ready(function( $ ){\n\t\t\t\t\t\t\t\/\/jQuery('.yuzo_related_post').equalizer({ overflow : 'relatedthumb' });\n\t\t\t\t\t\t\tjQuery('.yuzo_related_post .yuzo_wraps').equalizer({ columns : '> div' });\n\t\t\t\t\t\t   })\n\t\t\t\t\t\t  <\/script> <!-- End Yuzo :) -->","protected":false},"excerpt":{"rendered":"<p>Morre Frei S\u00e9rgio G\u00f6rgen, imporante nome da luta pela reforma agr\u00e1ria na Am\u00e9rica Latina. Presidente Lula divulgou nota lamentando a morte do amigo. Leia em TVT News. Morre Frei S\u00e9rgio G\u00f6rgen, o \u201cprofeta da resist\u00eancia camponesa\u201d O Movimento dos Pequenos Agricultores (MPA) comunica o falecimento de seu dirigente hist\u00f3rico, Frei S\u00e9rgio G\u00f6rgen. Frade franciscano, escritor [&hellip;]<\/p>\n","protected":false},"author":2,"featured_media":0,"comment_status":"open","ping_status":"closed","sticky":false,"template":"","format":"standard","meta":{"fifu_image_url":"","fifu_image_alt":"","footnotes":""},"categories":[489,1576,112,195,61],"tags":[],"class_list":["post-72875","post","type-post","status-publish","format-standard","hentry","category-destaque-pequeno","category-hoje-na-historia","category-lula","category-reforma-agraria","category-sociedade"],"_links":{"self":[{"href":"https:\/\/redept.com.br\/blogosfera\/wp-json\/wp\/v2\/posts\/72875","targetHints":{"allow":["GET"]}}],"collection":[{"href":"https:\/\/redept.com.br\/blogosfera\/wp-json\/wp\/v2\/posts"}],"about":[{"href":"https:\/\/redept.com.br\/blogosfera\/wp-json\/wp\/v2\/types\/post"}],"author":[{"embeddable":true,"href":"https:\/\/redept.com.br\/blogosfera\/wp-json\/wp\/v2\/users\/2"}],"replies":[{"embeddable":true,"href":"https:\/\/redept.com.br\/blogosfera\/wp-json\/wp\/v2\/comments?post=72875"}],"version-history":[{"count":0,"href":"https:\/\/redept.com.br\/blogosfera\/wp-json\/wp\/v2\/posts\/72875\/revisions"}],"wp:attachment":[{"href":"https:\/\/redept.com.br\/blogosfera\/wp-json\/wp\/v2\/media?parent=72875"}],"wp:term":[{"taxonomy":"category","embeddable":true,"href":"https:\/\/redept.com.br\/blogosfera\/wp-json\/wp\/v2\/categories?post=72875"},{"taxonomy":"post_tag","embeddable":true,"href":"https:\/\/redept.com.br\/blogosfera\/wp-json\/wp\/v2\/tags?post=72875"}],"curies":[{"name":"wp","href":"https:\/\/api.w.org\/{rel}","templated":true}]}}