{"id":72884,"date":"2026-02-03T13:27:37","date_gmt":"2026-02-03T16:27:37","guid":{"rendered":"https:\/\/redept.com.br\/blogosfera\/direita-transforma-crise-da-violencia-em-agenda-de-poder-na-america-latina\/"},"modified":"2026-02-03T13:27:37","modified_gmt":"2026-02-03T16:27:37","slug":"direita-transforma-crise-da-violencia-em-agenda-de-poder-na-america-latina","status":"publish","type":"post","link":"https:\/\/redept.com.br\/blogosfera\/direita-transforma-crise-da-violencia-em-agenda-de-poder-na-america-latina\/","title":{"rendered":"Direita transforma crise da viol\u00eancia em agenda de poder na Am\u00e9rica Latina"},"content":{"rendered":"<p><img loading=\"lazy\" width=\"1024\" height=\"448\"src=\"https:\/\/redept.com.br\/blogosfera\/wp-content\/uploads\/2026\/02\/438415d1-c346-427e-bcfe-f83395e7cd73.jpeg\" alt=\"\" decoding=\"async\" loading=\"lazy\" srcset=\"https:\/\/vermelho.org.br\/wp-content\/uploads\/2026\/02\/438415d1-c346-427e-bcfe-f83395e7cd73-1024x448.jpeg 1024w, https:\/\/vermelho.org.br\/wp-content\/uploads\/2026\/02\/438415d1-c346-427e-bcfe-f83395e7cd73-300x131.jpeg 300w, https:\/\/vermelho.org.br\/wp-content\/uploads\/2026\/02\/438415d1-c346-427e-bcfe-f83395e7cd73-768x336.jpeg 768w, https:\/\/vermelho.org.br\/wp-content\/uploads\/2026\/02\/438415d1-c346-427e-bcfe-f83395e7cd73-1536x672.jpeg 1536w, https:\/\/redept.com.br\/blogosfera\/wp-content\/uploads\/2026\/02\/438415d1-c346-427e-bcfe-f83395e7cd73.jpeg 1600w\" sizes=\"auto, (max-width: 1024px) 100vw, 1024px\"><\/p>\n<p>Em uma regi\u00e3o marcada pela desigualdade, por crises institucionais e pelo avan\u00e7o do narcotr\u00e1fico, a seguran\u00e7a p\u00fablica consolidou-se como o principal discurso eleitoral da direita na Am\u00e9rica Latina.<\/p>\n<p>\u00c9 o que aponta a elei\u00e7\u00e3o, neste domingo (1), de Laura Fern\u00e1ndez na Costa Rica, cuja campanha foi centrada no combate ao narcotr\u00e1fico e no endurecimento penal diante do aumento dos homic\u00eddios no pa\u00eds.<\/p>\n<p>\u201cO anseio que tenho \u00e9 ter uma ampla maioria na Assembleia Legislativa para que possamos colocar esses desgra\u00e7ados na cadeia\u201d, disse a ent\u00e3o candidata conservadora e liberal da Costa Rica, Laura Fern\u00e1ndez.<br \/>O movimento tem sido acompanhado, em pa\u00edses como El Salvador e Equador, de concentra\u00e7\u00e3o de poder e amplia\u00e7\u00e3o das prerrogativas do Executivo.<\/p>\n<p>Na Costa Rica, a centralidade do tema da seguran\u00e7a se traduziu nas urnas. Laura Fern\u00e1ndez venceu a elei\u00e7\u00e3o em primeiro turno, neste domingo (1\u00ba), ao obter 48,3% dos votos, superando o candidato do Partido da Liberta\u00e7\u00e3o Nacional (PLN), \u00c1lvaro Ramos, que ficou com cerca de 34%.<\/p>\n<p>No Legislativo, o Partido Pueblo Soberano (PPSO), da presidente eleita, saltou de 8 para 31 das 57 cadeiras na Assembleia Legislativa, formando a maior bancada desde 1982. A maioria absoluta n\u00e3o qualificada permite ao governo aprovar leis ordin\u00e1rias e definir o ritmo da agenda parlamentar.<\/p>\n<p>Durante a campanha, Fern\u00e1ndez manifestou admira\u00e7\u00e3o pelo modelo de seguran\u00e7a implementado por Nayib Bukele em El Salvador e defendeu mudan\u00e7as institucionais para \u201cdestravar\u201d o sistema de Justi\u00e7a, argumento recorrente tamb\u00e9m no discurso do atual presidente, Rodrigo Chaves.<\/p>\n<p>A presidente eleita Fern\u00e1ndez afirma que o objetivo \u00e9 \u201ctirar de circula\u00e7\u00e3o criminosos que est\u00e3o identificados, em que bairro vivem e como se movem\u201d.<\/p>\n<p>O avan\u00e7o dessa agenda ocorre em meio \u00e0 deteriora\u00e7\u00e3o dos indicadores de viol\u00eancia. Nos \u00faltimos anos, a Costa Rica registrou recordes de homic\u00eddios ligados ao narcotr\u00e1fico, impulsionados pela consolida\u00e7\u00e3o do pa\u00eds como rota estrat\u00e9gica entre a Am\u00e9rica do Sul, os Estados Unidos e a Europa.<\/p>\n<p>A expans\u00e3o de grupos criminosos com atua\u00e7\u00e3o transnacional alterou o cen\u00e1rio de seguran\u00e7a de um pa\u00eds historicamente visto como exce\u00e7\u00e3o pac\u00edfica na Am\u00e9rica Central.<\/p>\n<p>O recrudescimento da viol\u00eancia tornou-se o eixo estruturante da disputa pol\u00edtica e abriu espa\u00e7o para propostas que extrapolam o campo penal. Ao defender o levantamento de garantias e mudan\u00e7as nas regras institucionais, Fern\u00e1ndez insere o debate costarriquenho em uma agenda que associa combate ao crime \u00e0 amplia\u00e7\u00e3o de poderes do Executivo e \u00e0 revis\u00e3o dos mecanismos de controle sobre o Estado.<\/p>\n<p>Esse deslocamento n\u00e3o ocorre no vazio. A combina\u00e7\u00e3o entre discurso de \u201cm\u00e3o dura\u201d, maioria legislativa e promessa de reformas profundas aproxima a experi\u00eancia costarriquenha de um modelo j\u00e1 consolidado na regi\u00e3o, no qual a excepcionalidade jur\u00eddica deixa de ser medida transit\u00f3ria e passa a integrar o funcionamento regular do governo.<\/p>\n<p>\u00c9 nesse ponto que o espelho deixa de ser apenas ret\u00f3rico. O referencial expl\u00edcito \u00e9 o de El Salvador sob a lideran\u00e7a de Nayib Bukele, onde o combate \u00e0s gangues foi acompanhado pela suspens\u00e3o prolongada de garantias constitucionais, reconfigura\u00e7\u00e3o do Judici\u00e1rio e concentra\u00e7\u00e3o de poder no Executivo.<\/p>\n<p>Em El Salvador, um espelho<\/p>\n<p>Em El Salvador, o chamado \u201cmodelo Bukele\u201d foi estruturado a partir da decreta\u00e7\u00e3o de um regime de exce\u00e7\u00e3o em 2022, renovado sucessivas vezes e transformado em instrumento permanente de pol\u00edtica de seguran\u00e7a.<\/p>\n<p>A medida suspendeu garantias constitucionais, ampliou o prazo de deten\u00e7\u00f5es sem ordem judicial e permitiu pris\u00f5es em massa sob a justificativa de combate \u00e0s gangues.<\/p>\n<p>Desde ent\u00e3o, mais de 70 mil pessoas foram detidas, segundo dados oficiais, em uma ofensiva que reduziu drasticamente os homic\u00eddios, mas alterou de forma significativa o equil\u00edbrio entre os poderes.<br \/>Organiza\u00e7\u00f5es de direitos humanos nacionais e internacionais, como a Human Rights Watch e a Anistia Internacional, documentaram den\u00fancias de deten\u00e7\u00f5es arbitr\u00e1rias, falta de acesso \u00e0 defesa, mortes sob cust\u00f3dia e maus-tratos em pres\u00eddios superlotados.<br \/>O governo salvadorenho rejeita as acusa\u00e7\u00f5es e sustenta que as medidas foram necess\u00e1rias para recuperar o controle territorial e garantir a seguran\u00e7a da popula\u00e7\u00e3o.<br \/>Paralelamente, o Executivo consolidou influ\u00eancia sobre outras institui\u00e7\u00f5es. A substitui\u00e7\u00e3o de magistrados da Suprema Corte, a destitui\u00e7\u00e3o do procurador-geral e a reinterpreta\u00e7\u00e3o constitucional que permitiu a reelei\u00e7\u00e3o imediata de Nayib Bukele foram apontadas por cr\u00edticos como parte de um processo de concentra\u00e7\u00e3o de poder.<br \/>\u00c9 esse arranjo \u2014 combina\u00e7\u00e3o entre queda da viol\u00eancia, excepcionalidade jur\u00eddica prolongada e fortalecimento do Executivo \u2014 que passou a servir de refer\u00eancia para setores da direita em outros pa\u00edses da regi\u00e3o.<br \/>No Equador, a seguran\u00e7a como eixo de reorganiza\u00e7\u00e3o do poder<\/p>\n<p>O caso do Equador apresenta uma din\u00e2mica parecida. A escalada da viol\u00eancia nos \u00faltimos anos \u2014 com explos\u00e3o das taxas de homic\u00eddio e sucessivas crises no sistema penitenci\u00e1rio \u2014 transformou o pa\u00eds em um dos epicentros regionais do narcotr\u00e1fico.<\/p>\n<p>A deteriora\u00e7\u00e3o do cen\u00e1rio de seguran\u00e7a abriu espa\u00e7o para uma agenda centrada na militariza\u00e7\u00e3o e no discurso de \u201cguerra interna\u201d.<\/p>\n<p>Sob o governo de Daniel Noboa, foi declarado \u201cconflito armado interno\u201d, classificando organiza\u00e7\u00f5es criminosas como grupos terroristas e autorizando o emprego das For\u00e7as Armadas em opera\u00e7\u00f5es de seguran\u00e7a p\u00fablica.<\/p>\n<p>A medida ampliou o papel militar em fun\u00e7\u00f5es tradicionalmente civis e refor\u00e7ou os poderes emergenciais do Executivo diante do Congresso.<\/p>\n<p>Embora o contexto equatoriano seja marcado por crise aguda e fragmenta\u00e7\u00e3o pol\u00edtica, analistas apontam que a incorpora\u00e7\u00e3o de instrumentos excepcionais ao cotidiano institucional altera o equil\u00edbrio entre os poderes.<\/p>\n<p>A justificativa do combate ao crime passa a sustentar mudan\u00e7as estruturais na arquitetura do Estado, aproximando o pa\u00eds de uma tend\u00eancia regional em que a seguran\u00e7a p\u00fablica deixa de ser apenas pol\u00edtica setorial e se converte em eixo organizador do poder.<\/p>\n<p>Honduras e a centralidade do discurso securit\u00e1rio<\/p>\n<p>Em Honduras, sob a presid\u00eancia de Nasry Asfura, da direita conservadora, a ret\u00f3rica de endurecimento tamb\u00e9m ganhou centralidade no cen\u00e1rio pol\u00edtico.<\/p>\n<p>Diante da persist\u00eancia do crime organizado e das redes de narcotr\u00e1fico, governos recentes recorreram \u00e0 militariza\u00e7\u00e3o da seguran\u00e7a interna e \u00e0 amplia\u00e7\u00e3o de estados de exce\u00e7\u00e3o localizados.<\/p>\n<p>Embora o arranjo institucional hondurenho n\u00e3o tenha alcan\u00e7ado o grau de reorganiza\u00e7\u00e3o observado em El Salvador, a incorpora\u00e7\u00e3o de instrumentos extraordin\u00e1rios ao cotidiano da pol\u00edtica refor\u00e7a a tend\u00eancia regional de associar estabilidade \u00e0 amplia\u00e7\u00e3o da autoridade executiva.<\/p>\n<p>O post <a href=\"https:\/\/vermelho.org.br\/2026\/02\/03\/direita-transforma-crise-da-violencia-em-agenda-de-poder-na-america-latina\/\">Direita transforma crise da viol\u00eancia em agenda de poder na Am\u00e9rica Latina<\/a> apareceu primeiro em <a href=\"https:\/\/vermelho.org.br\/\">Vermelho<\/a>.<\/p>\n<!-- Begin Yuzo --><div class='yuzo_related_post style-1'  data-version='5.12.89'><!-- without result --><div class='yuzo_clearfixed yuzo__title yuzo__title'><h3>Related Post<\/h3><\/div>\n\t\t\t\t\t\t  <div class=\"relatedthumb \" style=\"width:125px;float:left;overflow:hidden;\">  \n\t\t\t\t\t\t\t  \n\t\t\t\t\t\t\t  <a  href=\"https:\/\/redept.com.br\/blogosfera\/mulheres-protagonizam-atos-pelo-brasil-para-defender-projeto-que-criminaliza-misoginia\/\"  >\n\t\t\t\t\t\t\t\t\t  <div class=\"yuzo-img-wrap \" style=\"width: 125px;height:90px;\">\n\t\t\t\t\t\t\t\t\t\t\n\t\t\t\t\t\t\t\t\t\t<div class=\"yuzo-img\" style=\"background:url('https:\/\/redept.com.br\/blogosfera\/wp-content\/uploads\/2026\/04\/misoginia-150x150.jpg') 50% 50% no-repeat;width: 125px;height:90px;margin-bottom: 5px;background-size: cover; \"><\/div>\n\t\t\t\t\t\t\t\t\t  <\/div>\n\t\t\t\t\t\t\t\t\t  \n\t\t\t\t\t\t\t\t   <span class=\"yuzo__text--title\" style=\"font-size:13px;\">Mulheres protagonizam atos pelo Brasil para defend...<\/span>\n\t\t\t\t\t\t\t  \n\t\t\t\t\t\t\t  \n\t\t\t\t\t\t\t  <\/a>\n\n\t\t\t\t\t\t  <\/div>\n\t\t\t\t\t\t  <div class=\"relatedthumb \" style=\"width:125px;float:left;overflow:hidden;\">  \n\t\t\t\t\t\t\t  \n\t\t\t\t\t\t\t  <a  href=\"https:\/\/redept.com.br\/blogosfera\/pgr-denuncia-silvio-almeida-por-importunacao-sexual-contra-anielle-franco\/\"  >\n\t\t\t\t\t\t\t\t\t  <div class=\"yuzo-img-wrap \" style=\"width: 125px;height:90px;\">\n\t\t\t\t\t\t\t\t\t\t\n\t\t\t\t\t\t\t\t\t\t<div class=\"yuzo-img\" style=\"background:url('https:\/\/redept.org\/blogosfera\/wp-content\/plugins\/yuzo-related-post\/assets\/images\/default.png') 50% 50% no-repeat;width: 125px;height:90px;margin-bottom: 5px;background-size: cover; \"><\/div>\n\t\t\t\t\t\t\t\t\t  <\/div>\n\t\t\t\t\t\t\t\t\t  \n\t\t\t\t\t\t\t\t   <span class=\"yuzo__text--title\" style=\"font-size:13px;\">PGR denuncia Silvio Almeida por importuna\u00e7\u00e3o sexua...<\/span>\n\t\t\t\t\t\t\t  \n\t\t\t\t\t\t\t  \n\t\t\t\t\t\t\t  <\/a>\n\n\t\t\t\t\t\t  <\/div>\n\t\t\t\t\t\t  <div class=\"relatedthumb \" style=\"width:125px;float:left;overflow:hidden;\">  \n\t\t\t\t\t\t\t  \n\t\t\t\t\t\t\t  <a  href=\"https:\/\/redept.com.br\/blogosfera\/prefeitura-de-sp-censura-banda-por-mensagens-pro-palestina-e-corta-show-no-centro-da-capital\/\"  >\n\t\t\t\t\t\t\t\t\t  <div class=\"yuzo-img-wrap \" style=\"width: 125px;height:90px;\">\n\t\t\t\t\t\t\t\t\t\t\n\t\t\t\t\t\t\t\t\t\t<div class=\"yuzo-img\" style=\"background:url('https:\/\/redept.org\/blogosfera\/wp-content\/plugins\/yuzo-related-post\/assets\/images\/default.png') 50% 50% no-repeat;width: 125px;height:90px;margin-bottom: 5px;background-size: cover; \"><\/div>\n\t\t\t\t\t\t\t\t\t  <\/div>\n\t\t\t\t\t\t\t\t\t  \n\t\t\t\t\t\t\t\t   <span class=\"yuzo__text--title\" style=\"font-size:13px;\">Prefeitura de SP censura banda por mensagens pr\u00f3-P...<\/span>\n\t\t\t\t\t\t\t  \n\t\t\t\t\t\t\t  \n\t\t\t\t\t\t\t  <\/a>\n\n\t\t\t\t\t\t  <\/div>\n\t\t\t\t\t\t  <div class=\"relatedthumb \" style=\"width:125px;float:left;overflow:hidden;\">  \n\t\t\t\t\t\t\t  \n\t\t\t\t\t\t\t  <a  href=\"https:\/\/redept.com.br\/blogosfera\/mineracao-de-recursos-estrategicos-para-transicao-energetica-impoe-novos-desafios\/\"  >\n\t\t\t\t\t\t\t\t\t  <div class=\"yuzo-img-wrap \" style=\"width: 125px;height:90px;\">\n\t\t\t\t\t\t\t\t\t\t\n\t\t\t\t\t\t\t\t\t\t<div class=\"yuzo-img\" style=\"background:url('https:\/\/redept.com.br\/blogosfera\/wp-content\/uploads\/2025\/08\/Divulgacao-do-Encontro-2-150x150.jpeg') 50% 50% no-repeat;width: 125px;height:90px;margin-bottom: 5px;background-size: cover; \"><\/div>\n\t\t\t\t\t\t\t\t\t  <\/div>\n\t\t\t\t\t\t\t\t\t  \n\t\t\t\t\t\t\t\t   <span class=\"yuzo__text--title\" style=\"font-size:13px;\">Minera\u00e7\u00e3o de recursos estrat\u00e9gicos para transi\u00e7\u00e3o ...<\/span>\n\t\t\t\t\t\t\t  \n\t\t\t\t\t\t\t  \n\t\t\t\t\t\t\t  <\/a>\n\n\t\t\t\t\t\t  <\/div>\n<\/div> <script>\n\t\t\t\t\t\t  jQuery(document).ready(function( $ ){\n\t\t\t\t\t\t\t\/\/jQuery('.yuzo_related_post').equalizer({ overflow : 'relatedthumb' });\n\t\t\t\t\t\t\tjQuery('.yuzo_related_post .yuzo_wraps').equalizer({ columns : '> div' });\n\t\t\t\t\t\t   })\n\t\t\t\t\t\t  <\/script> <!-- End Yuzo :) -->","protected":false},"excerpt":{"rendered":"<p>Em uma regi\u00e3o marcada pela desigualdade, por crises institucionais e pelo avan\u00e7o do narcotr\u00e1fico, a seguran\u00e7a p\u00fablica consolidou-se como o principal discurso eleitoral da direita na Am\u00e9rica Latina. \u00c9 o que aponta a elei\u00e7\u00e3o, neste domingo (1), de Laura Fern\u00e1ndez na Costa Rica, cuja campanha foi centrada no combate ao narcotr\u00e1fico e no endurecimento penal [&hellip;]<\/p>\n","protected":false},"author":2,"featured_media":0,"comment_status":"open","ping_status":"closed","sticky":false,"template":"","format":"standard","meta":{"fifu_image_url":"","fifu_image_alt":"","footnotes":""},"categories":[50],"tags":[],"class_list":["post-72884","post","type-post","status-publish","format-standard","hentry","category-internacional"],"_links":{"self":[{"href":"https:\/\/redept.com.br\/blogosfera\/wp-json\/wp\/v2\/posts\/72884","targetHints":{"allow":["GET"]}}],"collection":[{"href":"https:\/\/redept.com.br\/blogosfera\/wp-json\/wp\/v2\/posts"}],"about":[{"href":"https:\/\/redept.com.br\/blogosfera\/wp-json\/wp\/v2\/types\/post"}],"author":[{"embeddable":true,"href":"https:\/\/redept.com.br\/blogosfera\/wp-json\/wp\/v2\/users\/2"}],"replies":[{"embeddable":true,"href":"https:\/\/redept.com.br\/blogosfera\/wp-json\/wp\/v2\/comments?post=72884"}],"version-history":[{"count":0,"href":"https:\/\/redept.com.br\/blogosfera\/wp-json\/wp\/v2\/posts\/72884\/revisions"}],"wp:attachment":[{"href":"https:\/\/redept.com.br\/blogosfera\/wp-json\/wp\/v2\/media?parent=72884"}],"wp:term":[{"taxonomy":"category","embeddable":true,"href":"https:\/\/redept.com.br\/blogosfera\/wp-json\/wp\/v2\/categories?post=72884"},{"taxonomy":"post_tag","embeddable":true,"href":"https:\/\/redept.com.br\/blogosfera\/wp-json\/wp\/v2\/tags?post=72884"}],"curies":[{"name":"wp","href":"https:\/\/api.w.org\/{rel}","templated":true}]}}