{"id":72896,"date":"2026-02-03T14:07:25","date_gmt":"2026-02-03T17:07:25","guid":{"rendered":"https:\/\/redept.com.br\/blogosfera\/fora-ice-cresce-a-oposicao-a-donald-trump-nos-eua\/"},"modified":"2026-02-03T14:07:25","modified_gmt":"2026-02-03T17:07:25","slug":"fora-ice-cresce-a-oposicao-a-donald-trump-nos-eua","status":"publish","type":"post","link":"https:\/\/redept.com.br\/blogosfera\/fora-ice-cresce-a-oposicao-a-donald-trump-nos-eua\/","title":{"rendered":"\u2018Fora, ICE\u2019: cresce a oposi\u00e7\u00e3o a Donald Trump nos EUA"},"content":{"rendered":"<p>Dezenas de milhares de moradores do estado de Minnesota marcharam pacificamente pela capital Minneapolis na sexta-feira, 30 de janeiro, sob temperaturas abaixo de zero, para protestar contra o assassinato de Alex Pretti na semana passada \u2013 <span>a segunda pessoa morta por agentes do Servi\u00e7o de Imigra\u00e7\u00e3o e Alf\u00e2ndega (ICE) em dezessete dias.<\/span><\/p>\n<p>A morte de Pretti provocou divis\u00f5es dentro do Partido Republicano e minou o apoio de muitos eleitores independentes e mesmo os de Trump, que se desiludiram com as pris\u00f5es arbitr\u00e1rias e violentas de trabalhadores indocumentados, imigrantes com direito legal de estarem no pa\u00eds e at\u00e9 mesmo cidad\u00e3os americanos que foram detidos nas opera\u00e7\u00f5es.<\/p>\n<p>Pretti, um enfermeiro de trinta e sete anos que trabalhava na Unidade de Terapia Intensiva de um hospital da Administra\u00e7\u00e3o de Veteranos, juntou-se a milhares de ativistas locais para acompanhar e filmar as pris\u00f5es violentas e muitas vezes ilegais de supostos imigrantes indocumentados por agentes mascarados e n\u00e3o identificados do ICE.<\/p>\n<p>V\u00e1rias grava\u00e7\u00f5es de v\u00eddeo documentam que, quando agentes do ICE empurraram violentamente uma manifestante para um monte de neve, Pretti, que estava registrando o incidente com seu celular, interveio para proteg\u00ea-la. <span>Os agentes ent\u00e3o borrifaram spray de pimenta diretamente no rosto de Pretti, o empurraram para o ch\u00e3o, imobilizaram seus bra\u00e7os e atiraram nele dez vezes pelas costas.<\/span><\/p>\n<p>Imediatamente antes do tiroteio, um agente removeu uma pistola que Pretti portava legalmente e a afastou do local. Com Pretti ca\u00eddo sem vida no ch\u00e3o, de bru\u00e7os, agentes vestidos com uniformes de combate, coletes \u00e0 prova de balas e armamento pesado parecem ter rasgado sua camisa para contar o n\u00famero de balas que perfuraram seu corpo, em vez de tentar reanim\u00e1-lo com primeiros socorros.<\/p>\n<p>Horas depois, Kristi Noem, a Diretora de Seguran\u00e7a Interna, anunciou \u00e0 imprensa que, assim como Renne Nicole Good, que havia sido morta a sangue frio em 7 de janeiro, Pretti era um perigoso terrorista dom\u00e9stico. <span>Embora grava\u00e7\u00f5es de v\u00eddeo circulando na internet mostrassem que Pretti n\u00e3o havia sacado sua arma, Noem anunciou falsamente que ele havia exibido uma arma de fogo, atacado agentes do ICE e amea\u00e7ado cometer um massacre.<\/span> Trump e membros de sua administra\u00e7\u00e3o repetiram essas e outras acusa\u00e7\u00f5es falsas para desacreditar Pretti e outros que protestavam contra as a\u00e7\u00f5es do ICE.<\/p>\n<p>Na coletiva de imprensa, antes mesmo de qualquer investiga\u00e7\u00e3o sobre a morte de Pretti, Noem tamb\u00e9m comentou: \u201cN\u00e3o conhe\u00e7o nenhum manifestante pac\u00edfico que apare\u00e7a com uma arma e muni\u00e7\u00e3o em vez de uma placa\u201d. V\u00e1rios dias depois, Trump repetiu o argumento, alegando que as pessoas deveriam levar armas para os protestos.\u00a0<\/p>\n<p><span>Ambos parecem ter esquecido o fato de que milhares de apoiadores de Trump, muitos deles armados, invadiram o Capit\u00f3lio dos EUA em 6 de janeiro de 2021 para tentar derrubar o resultado das elei\u00e7\u00f5es presidenciais de 2020.<\/span> Centenas de policiais ficaram feridos durante a insurrei\u00e7\u00e3o fracassada, mas Trump n\u00e3o teve problemas em perdoar todos aqueles que foram condenados por agress\u00e3o e invas\u00e3o de um pr\u00e9dio federal.<\/p>\n<p>A declara\u00e7\u00e3o de Noem e os coment\u00e1rios do presidente, no entanto, provocaram ativistas conservadores defensores do direito ao porte de armas a contestar as cr\u00edticas do governo sobre o direito de portar armas em p\u00fablico. Dudley Brown, presidente da National Association for Gun Rights, por exemplo, discordou veementemente dos coment\u00e1rios de Trump.<\/p>\n<p>O vice-presidente s\u00eanior da Gun Owners of America, Erich Pratt, disse \u00e0 CNN: \u201cVoc\u00ea pode, sim, andar por a\u00ed com armas e pode, sim, protestar pacificamente enquanto estiver armado\u2026 Temos a Primeira e a Segunda Emendas [da Constitui\u00e7\u00e3o dos EUA] para proteger o direito de protestar armado \u2014 uma tradi\u00e7\u00e3o hist\u00f3rica americana que remonta \u00e0 Festa do Ch\u00e1 de Boston\u201d, quando, em 1773, colonos americanos protestaram contra um imposto brit\u00e2nico sobre o ch\u00e1 importado.<\/p>\n<p>Pedindo ao p\u00fablico que ignorasse o que via com os pr\u00f3prios olhos e acreditasse na narrativa do governo, o Departamento de Justi\u00e7a anunciou que n\u00e3o abriria uma investiga\u00e7\u00e3o de direitos civis sobre a morte de Pretti, um desvio sem precedentes dos procedimentos normais nesses casos.<\/p>\n<h2><strong>Narrativa de Trump incendia manifesta\u00e7\u00f5es<\/strong><\/h2>\n<p>As tentativas do governo Trump de culpar a v\u00edtima, no entanto, sa\u00edram pela culatra, j\u00e1 que amigos de Pretti relataram sua dedica\u00e7\u00e3o aos pacientes e sua natureza gentil e am\u00e1vel. Alguns analistas pol\u00edticos acreditam que sua morte pode marcar um momento decisivo na oposi\u00e7\u00e3o \u00e0 presid\u00eancia de Trump.<\/p>\n<p>Gregory Bovino, um alto funcion\u00e1rio da Patrulha da Fronteira dos EUA que supervisionava as a\u00e7\u00f5es em Minnesota, alegou que o ICE estava realizando pris\u00f5es direcionadas aos criminosos, membros de gangues e outros acusados \u200b\u200bde crimes violentos. Na verdade, nos \u00faltimos meses, agentes mascarados t\u00eam percorrido os bairros de Minneapolis, prendendo arbitrariamente pessoas n\u00e3o brancas que suspeitavam serem indocumentadas. Esse procedimento ilegal \u00e9 conhecido como perfilamento racial. Obrigados a cumprir cotas di\u00e1rias de pris\u00f5es em todo o pa\u00eds, os agentes do ICE t\u00eam prendido qualquer pessoa que possam alegar, de forma plaus\u00edvel, n\u00e3o ter o direito legal de estar nos Estados Unidos.<\/p>\n<p><span>As mentiras do governo Trump foram t\u00e3o flagrantes e as imagens documentadas pelas redes comunit\u00e1rias de \u201cseguidores do ICE\u201d t\u00e3o perturbadoras que at\u00e9 mesmo alguns republicanos come\u00e7aram a denunciar o ataque \u00e0 cidade.<\/span> A deputada republicana cubano-americana Maria Salazar, da Fl\u00f3rida, comentou na semana passada sobre as deporta\u00e7\u00f5es em massa: \u201cUma coisa s\u00e3o os jardineiros, outra coisa s\u00e3o os g\u00e2ngsteres. Uma coisa s\u00e3o os cozinheiros, outra coisa s\u00e3o os coiotes\u201d, referindo-se aos traficantes de pessoas que atuam na fronteira entre os EUA e o M\u00e9xico.<\/p>\n<p>As pesquisas de opini\u00e3o a apoiam. A recente pesquisa do Times\/Siena University, realizada ap\u00f3s a morte de Good, mas antes da de Pretti, constatou que, embora 36% dos eleitores aprovassem a maneira como o ICE estava lidando com seu trabalho, a maioria, 63%, desaprovava \u2013 com 70% dos entrevistados que se consideram independentes tamb\u00e9m se opondo \u00e0s a\u00e7\u00f5es do governo. <span>Al\u00e9m disso, 61% consideram que o ICE \u201cfoi longe demais\u201d em suas t\u00e1ticas.<\/span> Questionados sobre como o presidente Trump estava lidando com a imigra\u00e7\u00e3o, 40% dos entrevistados aprovaram, enquanto 58% foram cr\u00edticos.<\/p>\n<p>Diante da crescente oposi\u00e7\u00e3o \u00e0s a\u00e7\u00f5es do governo, os republicanos inicialmente se esquivaram da responsabilidade e culparam o prefeito de Minneapolis, Jacob Frey, e o governador de Minnesota, Tim Walz, que foi o companheiro de chapa de Kamala Harris nas elei\u00e7\u00f5es presidenciais de 2024. A fervorosa defensora de Trump e porta-voz da Casa Branca, Karoline Leavitt, alegou que os dois pol\u00edticos democratas haviam \u201cbloqueado vergonhosamente a coopera\u00e7\u00e3o da pol\u00edcia local e estadual com o ICE, inibindo ativamente os esfor\u00e7os para prender criminosos violentos\u201d.<\/p>\n<p>No entanto, as verdadeiras inten\u00e7\u00f5es do governo Trump foram reveladas em uma carta enviada por Pam Bondi, chefe do Departamento de Justi\u00e7a, apenas algumas horas depois da morte de Pretti. A Procuradora-Geral exigiu que o governo federal tivesse acesso aos registros eleitorais \u201cpara confirmar que as pr\u00e1ticas de registro de eleitores de Minnesota est\u00e3o em conformidade com a lei federal\u2026 Atender a esse pedido de bom senso garantir\u00e1 elei\u00e7\u00f5es livres e justas e aumentar\u00e1 a confian\u00e7a no Estado de Direito\u201d. Bondi indicou que o governo federal suspenderia as a\u00e7\u00f5es do ICE se o estado atendesse ao pedido do Departamento de Justi\u00e7a.<\/p>\n<p>Embora as elei\u00e7\u00f5es sejam administradas e controladas pelos governos dos cinquenta estados dos EUA, parece que Trump esperava ter acesso aos registros eleitorais em todo o pa\u00eds para alegar fraude e argumentar que o governo federal \u201cprecisava\u201d intervir para garantir \u201celei\u00e7\u00f5es honestas\u201d. Se um governador se recusasse, a Procuradora-Geral poderia, teoricamente, intervir, apreender as urnas e anular os resultados eleitorais desfavor\u00e1veis \u200b\u200baos republicanos.<\/p>\n<p>Mas, no final da semana, a opini\u00e3o p\u00fablica em todo o pa\u00eds se voltou contra as pol\u00edticas de Trump. Percebendo essa onda de oposi\u00e7\u00e3o \u00e0s suas pol\u00edticas de imigra\u00e7\u00e3o, Trump convocou uma reuni\u00e3o especial de duas horas na Casa Branca para tentar reverter a situa\u00e7\u00e3o. Ele removeu Bovino, que havia supervisionado a opera\u00e7\u00e3o em Minnesota, sinalizou que haveria uma investiga\u00e7\u00e3o sobre a morte de Pretti e enviou Tom Homan, o \u201cczar da fronteira\u201d de Trump, ao estado para mudar a imagem negativa das opera\u00e7\u00f5es do ICE.<\/p>\n<p>Embora Homan tenha se reunido com o governador e o prefeito de Minneapolis e prometido um esfor\u00e7o de deporta\u00e7\u00e3o mais razo\u00e1vel, ele foi o respons\u00e1vel pela pol\u00edtica de separa\u00e7\u00e3o de crian\u00e7as durante o primeiro governo Trump. Essa tentativa de separar crian\u00e7as de seus pais imigrantes que cruzaram a fronteira ilegalmente ou entraram no pa\u00eds legalmente solicitando asilo pol\u00edtico tamb\u00e9m encontrou forte oposi\u00e7\u00e3o, e Trump foi for\u00e7ado a abandonar a pol\u00edtica.<\/p>\n<p>A crise em Minnesota ocorre precisamente quando o Congresso tenta aprovar seis diferentes aloca\u00e7\u00f5es or\u00e7ament\u00e1rias para financiar as opera\u00e7\u00f5es governamentais em andamento e evitar uma paralisa\u00e7\u00e3o do governo. Os democratas prometeram bloquear quaisquer fundos para o ICE, a menos que o governo imponha restri\u00e7\u00f5es severas \u00e0s opera\u00e7\u00f5es do \u00f3rg\u00e3o.<\/p>\n<p>Em outubro de 2025, Trump recusou-se a ceder \u00e0s exig\u00eancias democratas de estender os subs\u00eddios governamentais de sa\u00fade para muitos americanos, causando a paralisa\u00e7\u00e3o do governo por quarenta e cinco dias. O Congresso finalmente aprovou um projeto de lei de gastos para financiar o governo at\u00e9 o final de janeiro de 2026.<\/p>\n<p>Desta vez, o presidente estava ansioso por um acordo. Ele entrou em contato com Chuck Schumer, o l\u00edder democrata no Senado, que anunciou que, se o Congresso concordasse em separar cinco outros projetos de lei de gastos daquele que aloca dinheiro para o ICE, os democratas votariam a favor da libera\u00e7\u00e3o desses fundos. Os democratas solicitaram um per\u00edodo de duas semanas para negociar novas disposi\u00e7\u00f5es no projeto de lei que autoriza o financiamento do ICE.<\/p>\n<p>Para obter apoio ao projeto de lei de gastos, os democratas exigiram tr\u00eas grandes mudan\u00e7as nas opera\u00e7\u00f5es do ICE. A primeira seria a elimina\u00e7\u00e3o das patrulhas itinerantes que buscam aleatoriamente trabalhadores indocumentados, em vez de focar naqueles que foram condenados por crimes violentos. Em segundo lugar, os democratas insistem em um c\u00f3digo de conduta claro e em responsabiliza\u00e7\u00e3o pelas a\u00e7\u00f5es dos agentes do ICE. Finalmente, Schumer declarou: \u201cSem m\u00e1scaras. C\u00e2meras corporais ligadas. Identifica\u00e7\u00e3o adequada. Isso n\u00e3o \u00e9 pol\u00edtica; trata-se de transpar\u00eancia b\u00e1sica.\u201d<\/p>\n<p>S\u00f3 o tempo dir\u00e1 se os democratas ser\u00e3o bem-sucedidos nessas negocia\u00e7\u00f5es, mas as mobiliza\u00e7\u00f5es cont\u00ednuas em Minnesota e em todo o pa\u00eds contra o ICE deram aos democratas moderados o \u00edmpeto para se opor \u00e0s pol\u00edticas de Trump. Por sua vez, Trump parece entender que suas atuais pol\u00edticas de imigra\u00e7\u00e3o podem prejudic\u00e1-lo nas elei\u00e7\u00f5es para o Congresso em novembro de 2026.<\/p>\n<figure><figcaption>50 mil pessoas marcharam por Minneapolis. Os manifestantes exigem que os respons\u00e1veis \u200b\u200bpela morte de Renee Good sejam responsabilizados e que os agentes federais sejam retirados do cotidiano de Minnesota<\/figcaption><\/figure>\n<h2><strong>Trump mira a liberdade de imprensa<\/strong><\/h2>\n<p>No entanto, Trump n\u00e3o consegue se controlar. No mesmo momento em que parecia estar recuando, o presidente lan\u00e7ou outra campanha de retalia\u00e7\u00e3o contra uma pessoa em sua lista de inimigos.<\/p>\n<p>Em 30 de janeiro, o Departamento de Justi\u00e7a anunciou que estava acusando o ex-apresentador da CNN, Don Lemon, de participar de uma conspira\u00e7\u00e3o para negar a liberdade religiosa aos frequentadores de uma igreja em Minneapolis. Lemon estava cobrindo uma a\u00e7\u00e3o de ativistas que entraram em uma igreja para criticar um pastor que supostamente trabalhava para o ICE.<\/p>\n<p>Transmitindo sua reportagem ao vivo, Lemon fez quest\u00e3o de afirmar que n\u00e3o fazia parte dos protestos. Al\u00e9m disso, seguindo as regras jornal\u00edsticas, ele noticiou ambos os lados do confronto, entrevistando membros da igreja e manifestantes. Depois que dois ju\u00edzes se recusaram a aceitar o caso, o Departamento de Justi\u00e7a obteve uma acusa\u00e7\u00e3o por meio de um grande j\u00fari. Lemon agora enfrenta acusa\u00e7\u00f5es criminais e pode pegar at\u00e9 um ano de pris\u00e3o.<\/p>\n<p>Lemon argumenta que estava exercendo seus direitos garantidos pela Primeira Emenda da Constitui\u00e7\u00e3o dos EUA, que assegura a liberdade de imprensa. <span>Caso seja condenado, isso significaria que qualquer jornalista cobrindo um protesto violento, tumulto, rebeli\u00e3o ou quaisquer atividades criminosas alegadas poderia ser acusado da mesma forma.<\/span> Mas a insist\u00eancia de Trump em processar Lemon, que era um cr\u00edtico de longa data do presidente, \u00e9 apenas parte de um plano maior para usar o Departamento de Justi\u00e7a para silenciar seus oponentes.<\/p>\n<p>N\u00e3o h\u00e1 ind\u00edcios de que a Casa Branca pretenda abandonar seu objetivo de tentar deportar um milh\u00e3o de imigrantes indocumentados por ano. No entanto, se os agentes do ICE continuarem a usar os m\u00e9todos atuais ao entrar em comunidades para prender qualquer pessoa que suspeitem n\u00e3o ter o direito legal de estar no pa\u00eds, provavelmente enfrentar\u00e3o forte resist\u00eancia de governos locais e cidad\u00e3os indignados.<\/p>\n<p>A resist\u00eancia de Minneapolis evoca outros momentos da hist\u00f3ria dos EUA, quando pessoas comuns se manifestaram contra abusos flagrantes. A repulsa ao tratamento brutal dispensado aos ativistas negros dos direitos civis na d\u00e9cada de 1960 por racistas do Sul fortaleceu o movimento para eliminar a segrega\u00e7\u00e3o racial nos Estados Unidos. Hoje o pa\u00eds pode estar vivendo um ponto de virada semelhante.<\/p>\n<!-- Begin Yuzo --><div class='yuzo_related_post style-1'  data-version='5.12.89'><!-- without result --><div class='yuzo_clearfixed yuzo__title yuzo__title'><h3>Related Post<\/h3><\/div>\n\t\t\t\t\t\t  <div class=\"relatedthumb \" style=\"width:125px;float:left;overflow:hidden;\">  \n\t\t\t\t\t\t\t  \n\t\t\t\t\t\t\t  <a  href=\"https:\/\/redept.com.br\/blogosfera\/rozana-naves-toma-posse-como-reitora-da-universidade-de-brasilia\/\"  >\n\t\t\t\t\t\t\t\t\t  <div class=\"yuzo-img-wrap \" style=\"width: 125px;height:90px;\">\n\t\t\t\t\t\t\t\t\t\t\n\t\t\t\t\t\t\t\t\t\t<div class=\"yuzo-img\" style=\"background:url('https:\/\/redept.org\/blogosfera\/wp-content\/plugins\/yuzo-related-post\/assets\/images\/default.png') 50% 50% no-repeat;width: 125px;height:90px;margin-bottom: 5px;background-size: cover; \"><\/div>\n\t\t\t\t\t\t\t\t\t  <\/div>\n\t\t\t\t\t\t\t\t\t  \n\t\t\t\t\t\t\t\t   <span class=\"yuzo__text--title\" style=\"font-size:13px;\">Rozana Naves toma posse como reitora da Universida...<\/span>\n\t\t\t\t\t\t\t  \n\t\t\t\t\t\t\t  \n\t\t\t\t\t\t\t  <\/a>\n\n\t\t\t\t\t\t  <\/div>\n\t\t\t\t\t\t  <div class=\"relatedthumb \" style=\"width:125px;float:left;overflow:hidden;\">  \n\t\t\t\t\t\t\t  \n\t\t\t\t\t\t\t  <a  href=\"https:\/\/sul21.com.br\/noticias\/geral\/2025\/09\/entidades-pedem-suspensao-de-forum-da-camara-que-ira-debater-a-revisao-do-plano-diretor\/\"  >\n\t\t\t\t\t\t\t\t\t  <div class=\"yuzo-img-wrap \" style=\"width: 125px;height:90px;\">\n\t\t\t\t\t\t\t\t\t\t\n\t\t\t\t\t\t\t\t\t\t<div class=\"yuzo-img\" style=\"background:url('https:\/\/redept.org\/blogosfera\/wp-content\/plugins\/yuzo-related-post\/assets\/images\/default.png') 50% 50% no-repeat;width: 125px;height:90px;margin-bottom: 5px;background-size: cover; \"><\/div>\n\t\t\t\t\t\t\t\t\t  <\/div>\n\t\t\t\t\t\t\t\t\t  \n\t\t\t\t\t\t\t\t   <span class=\"yuzo__text--title\" style=\"font-size:13px;\">Entidades pedem suspens\u00e3o de f\u00f3rum da C\u00e2mara que i...<\/span>\n\t\t\t\t\t\t\t  \n\t\t\t\t\t\t\t  \n\t\t\t\t\t\t\t  <\/a>\n\n\t\t\t\t\t\t  <\/div>\n\t\t\t\t\t\t  <div class=\"relatedthumb \" style=\"width:125px;float:left;overflow:hidden;\">  \n\t\t\t\t\t\t\t  \n\t\t\t\t\t\t\t  <a  href=\"https:\/\/redept.com.br\/blogosfera\/ramagem-pode-ser-deportado-para-cumprir-pena-no-brasil\/\"  >\n\t\t\t\t\t\t\t\t\t  <div class=\"yuzo-img-wrap \" style=\"width: 125px;height:90px;\">\n\t\t\t\t\t\t\t\t\t\t\n\t\t\t\t\t\t\t\t\t\t<div class=\"yuzo-img\" style=\"background:url('https:\/\/redept.com.br\/blogosfera\/wp-content\/uploads\/2026\/04\/ramagem_Foto-Fernando-Frazao-Agencia-Brasil-150x150.jpg') 50% 50% no-repeat;width: 125px;height:90px;margin-bottom: 5px;background-size: cover; \"><\/div>\n\t\t\t\t\t\t\t\t\t  <\/div>\n\t\t\t\t\t\t\t\t\t  \n\t\t\t\t\t\t\t\t   <span class=\"yuzo__text--title\" style=\"font-size:13px;\">Ramagem pode ser deportado para cumprir pena no Br...<\/span>\n\t\t\t\t\t\t\t  \n\t\t\t\t\t\t\t  \n\t\t\t\t\t\t\t  <\/a>\n\n\t\t\t\t\t\t  <\/div>\n\t\t\t\t\t\t  <div class=\"relatedthumb \" style=\"width:125px;float:left;overflow:hidden;\">  \n\t\t\t\t\t\t\t  \n\t\t\t\t\t\t\t  <a  href=\"https:\/\/redept.com.br\/blogosfera\/josenildo-antonio-temos-uma-grande-oportunidade-de-fazer-uma-greve-geral\/\"  >\n\t\t\t\t\t\t\t\t\t  <div class=\"yuzo-img-wrap \" style=\"width: 125px;height:90px;\">\n\t\t\t\t\t\t\t\t\t\t\n\t\t\t\t\t\t\t\t\t\t<div class=\"yuzo-img\" style=\"background:url('https:\/\/redept.com.br\/blogosfera\/wp-content\/uploads\/2025\/05\/P6-_-Josenildo-_-Stilasp-150x150.jpg') 50% 50% no-repeat;width: 125px;height:90px;margin-bottom: 5px;background-size: cover; \"><\/div>\n\t\t\t\t\t\t\t\t\t  <\/div>\n\t\t\t\t\t\t\t\t\t  \n\t\t\t\t\t\t\t\t   <span class=\"yuzo__text--title\" style=\"font-size:13px;\">Josenildo Ant\u00f4nio: \u201cTemos uma grande oportunidade ...<\/span>\n\t\t\t\t\t\t\t  \n\t\t\t\t\t\t\t  \n\t\t\t\t\t\t\t  <\/a>\n\n\t\t\t\t\t\t  <\/div>\n<\/div> <script>\n\t\t\t\t\t\t  jQuery(document).ready(function( $ ){\n\t\t\t\t\t\t\t\/\/jQuery('.yuzo_related_post').equalizer({ overflow : 'relatedthumb' });\n\t\t\t\t\t\t\tjQuery('.yuzo_related_post .yuzo_wraps').equalizer({ columns : '> div' });\n\t\t\t\t\t\t   })\n\t\t\t\t\t\t  <\/script> <!-- End Yuzo :) -->","protected":false},"excerpt":{"rendered":"<p>Deporta\u00e7\u00f5es em massa de imigrantes e o segundo assassinato de um manifestante geraram indigna\u00e7\u00e3o no pa\u00eds<\/p>\n","protected":false},"author":2,"featured_media":0,"comment_status":"open","ping_status":"closed","sticky":false,"template":"","format":"standard","meta":{"fifu_image_url":"","fifu_image_alt":"","footnotes":""},"categories":[1023,394,2418,5557,77],"tags":[],"class_list":["post-72896","post","type-post","status-publish","format-standard","hentry","category-donald-trump","category-estados-unidos","category-imigracao","category-portugues","category-violencia"],"_links":{"self":[{"href":"https:\/\/redept.com.br\/blogosfera\/wp-json\/wp\/v2\/posts\/72896","targetHints":{"allow":["GET"]}}],"collection":[{"href":"https:\/\/redept.com.br\/blogosfera\/wp-json\/wp\/v2\/posts"}],"about":[{"href":"https:\/\/redept.com.br\/blogosfera\/wp-json\/wp\/v2\/types\/post"}],"author":[{"embeddable":true,"href":"https:\/\/redept.com.br\/blogosfera\/wp-json\/wp\/v2\/users\/2"}],"replies":[{"embeddable":true,"href":"https:\/\/redept.com.br\/blogosfera\/wp-json\/wp\/v2\/comments?post=72896"}],"version-history":[{"count":0,"href":"https:\/\/redept.com.br\/blogosfera\/wp-json\/wp\/v2\/posts\/72896\/revisions"}],"wp:attachment":[{"href":"https:\/\/redept.com.br\/blogosfera\/wp-json\/wp\/v2\/media?parent=72896"}],"wp:term":[{"taxonomy":"category","embeddable":true,"href":"https:\/\/redept.com.br\/blogosfera\/wp-json\/wp\/v2\/categories?post=72896"},{"taxonomy":"post_tag","embeddable":true,"href":"https:\/\/redept.com.br\/blogosfera\/wp-json\/wp\/v2\/tags?post=72896"}],"curies":[{"name":"wp","href":"https:\/\/api.w.org\/{rel}","templated":true}]}}