{"id":72921,"date":"2026-02-03T17:08:34","date_gmt":"2026-02-03T20:08:34","guid":{"rendered":"https:\/\/redept.com.br\/blogosfera\/lula-celebra-impacto-da-isencao-do-imposto-de-renda-para-o-trabalhador\/"},"modified":"2026-02-03T17:08:34","modified_gmt":"2026-02-03T20:08:34","slug":"lula-celebra-impacto-da-isencao-do-imposto-de-renda-para-o-trabalhador","status":"publish","type":"post","link":"https:\/\/redept.com.br\/blogosfera\/lula-celebra-impacto-da-isencao-do-imposto-de-renda-para-o-trabalhador\/","title":{"rendered":"Lula celebra impacto da isen\u00e7\u00e3o do Imposto de Renda para o trabalhador"},"content":{"rendered":"<p>A partir deste m\u00eas, cerca de 16 milh\u00f5es de brasileiros passam a ser beneficiados diretamente com a <a href=\"https:\/\/tvtnews.com.br\/isencao-imposto-de-renda-vitoria-dos-trabalhadores\/\">isen\u00e7\u00e3o total do Imposto de Renda (IR) para quem ganha at\u00e9 R$ 5 mil por m\u00eas<\/a> e com a redu\u00e7\u00e3o do imposto para trabalhadores com renda mensal entre R$ 5 mil e R$ 7.350. A medida, sancionada em novembro pelo presidente Luiz In\u00e1cio Lula da Silva, faz parte da pol\u00edtica do Governo do Brasil de corrigir distor\u00e7\u00f5es do sistema tribut\u00e1rio, fortalecer o poder de compra da popula\u00e7\u00e3o e estimular a economia. Leia em <strong><a href=\"https:\/\/tvtnews.com.br\/\">TVT News<\/a><\/strong>. <\/p>\n<figure><img fetchpriority=\"high\" decoding=\"async\" width=\"400\" height=\"225\"src=\"https:\/\/redept.com.br\/blogosfera\/wp-content\/uploads\/2026\/02\/55075517963_df2c83d8fe_w.jpg\" alt=\"Lula benefici\u00e1rios isen\u00e7\u00e3o Imposto de Renda\" title=\"Lula celebra impacto da isen\u00e7\u00e3o do Imposto de Renda para o trabalhador 2\" srcset=\"https:\/\/redept.com.br\/blogosfera\/wp-content\/uploads\/2026\/02\/55075517963_df2c83d8fe_w.jpg 400w, https:\/\/tvtnews.com.br\/wp-content\/uploads\/2026\/02\/55075517963_df2c83d8fe_w-300x169.jpg 300w\" sizes=\"(max-width: 400px) 100vw, 400px\"><\/figure>\n<p>Em v\u00eddeo publicado nas redes sociais, Lula destacou que a mudan\u00e7a j\u00e1 come\u00e7a a ser sentida diretamente no contracheque dos trabalhadores, e representa um ganho significativo ao longo do ano. \u201cVoc\u00ea vai economizar o equivalente a quase R$ 4.800 por ano. Significa quase um d\u00e9cimo quarto sal\u00e1rio para voc\u00ea. Ent\u00e3o vai sobrar mais dinheiro no final do m\u00eas\u201d, disse.<\/p>\n<p>Ao conversar com trabalhadores no v\u00eddeo, Lula refor\u00e7ou o impacto da medida na vida cotidiana das fam\u00edlias. \u201cIsso \u00e9 comida na mesa, mais tranquilidade dentro de casa e dignidade\u201d, afirmou. Em outro momento, destacou que a pol\u00edtica \u00e9 resultado de uma decis\u00e3o clara de governo. \u201c\u00c9 o primeiro passo que a gente est\u00e1 dando, porque n\u00e3o \u00e9 correto pagar Imposto de Renda pelo sal\u00e1rio que a pessoa ganha\u201d, completou.<\/p>\n<blockquote data-instgrm-captioned data-instgrm-permalink=\"https:\/\/www.instagram.com\/reel\/DURna9pjlxr\/?utm_source=ig_embed&amp;utm_campaign=loading\" data-instgrm-version=\"14\">\n<div> <a href=\"https:\/\/www.instagram.com\/reel\/DURna9pjlxr\/?utm_source=ig_embed&amp;utm_campaign=loading\" target=\"_blank\" rel=\"noopener noreferrer nofollow\"> <\/p>\n<div>\n<div><\/div>\n<div>\n<div><\/div>\n<div><\/div>\n<\/div>\n<\/div>\n<div><\/div>\n<div><svg width=\"50px\" height=\"50px\" viewbox=\"0 0 60 60\" version=\"1.1\" xmlns=\"https:\/\/www.w3.org\/2000\/svg\" xmlns:xlink=\"https:\/\/www.w3.org\/1999\/xlink\"><g stroke=\"none\" stroke-width=\"1\" fill=\"none\" fill-rule=\"evenodd\"><g transform=\"translate(-511.000000, -20.000000)\" fill=\"#000000\"><g><path d=\"M556.869,30.41 C554.814,30.41 553.148,32.076 553.148,34.131 C553.148,36.186 554.814,37.852 556.869,37.852 C558.924,37.852 560.59,36.186 560.59,34.131 C560.59,32.076 558.924,30.41 556.869,30.41 M541,60.657 C535.114,60.657 530.342,55.887 530.342,50 C530.342,44.114 535.114,39.342 541,39.342 C546.887,39.342 551.658,44.114 551.658,50 C551.658,55.887 546.887,60.657 541,60.657 M541,33.886 C532.1,33.886 524.886,41.1 524.886,50 C524.886,58.899 532.1,66.113 541,66.113 C549.9,66.113 557.115,58.899 557.115,50 C557.115,41.1 549.9,33.886 541,33.886 M565.378,62.101 C565.244,65.022 564.756,66.606 564.346,67.663 C563.803,69.06 563.154,70.057 562.106,71.106 C561.058,72.155 560.06,72.803 558.662,73.347 C557.607,73.757 556.021,74.244 553.102,74.378 C549.944,74.521 548.997,74.552 541,74.552 C533.003,74.552 532.056,74.521 528.898,74.378 C525.979,74.244 524.393,73.757 523.338,73.347 C521.94,72.803 520.942,72.155 519.894,71.106 C518.846,70.057 518.197,69.06 517.654,67.663 C517.244,66.606 516.755,65.022 516.623,62.101 C516.479,58.943 516.448,57.996 516.448,50 C516.448,42.003 516.479,41.056 516.623,37.899 C516.755,34.978 517.244,33.391 517.654,32.338 C518.197,30.938 518.846,29.942 519.894,28.894 C520.942,27.846 521.94,27.196 523.338,26.654 C524.393,26.244 525.979,25.756 528.898,25.623 C532.057,25.479 533.004,25.448 541,25.448 C548.997,25.448 549.943,25.479 553.102,25.623 C556.021,25.756 557.607,26.244 558.662,26.654 C560.06,27.196 561.058,27.846 562.106,28.894 C563.154,29.942 563.803,30.938 564.346,32.338 C564.756,33.391 565.244,34.978 565.378,37.899 C565.522,41.056 565.552,42.003 565.552,50 C565.552,57.996 565.522,58.943 565.378,62.101 M570.82,37.631 C570.674,34.438 570.167,32.258 569.425,30.349 C568.659,28.377 567.633,26.702 565.965,25.035 C564.297,23.368 562.623,22.342 560.652,21.575 C558.743,20.834 556.562,20.326 553.369,20.18 C550.169,20.033 549.148,20 541,20 C532.853,20 531.831,20.033 528.631,20.18 C525.438,20.326 523.257,20.834 521.349,21.575 C519.376,22.342 517.703,23.368 516.035,25.035 C514.368,26.702 513.342,28.377 512.574,30.349 C511.834,32.258 511.326,34.438 511.181,37.631 C511.035,40.831 511,41.851 511,50 C511,58.147 511.035,59.17 511.181,62.369 C511.326,65.562 511.834,67.743 512.574,69.651 C513.342,71.625 514.368,73.296 516.035,74.965 C517.703,76.634 519.376,77.658 521.349,78.425 C523.257,79.167 525.438,79.673 528.631,79.82 C531.831,79.965 532.853,80.001 541,80.001 C549.148,80.001 550.169,79.965 553.369,79.82 C556.562,79.673 558.743,79.167 560.652,78.425 C562.623,77.658 564.297,76.634 565.965,74.965 C567.633,73.296 568.659,71.625 569.425,69.651 C570.167,67.743 570.674,65.562 570.82,62.369 C570.966,59.17 571,58.147 571,50 C571,41.851 570.966,40.831 570.82,37.631\"><\/path><\/g><\/g><\/g><\/svg><\/div>\n<div>\n<div>Ver essa foto no Instagram<\/div>\n<\/div>\n<div><\/div>\n<div>\n<div>\n<div><\/div>\n<div><\/div>\n<div><\/div>\n<\/div>\n<div>\n<div><\/div>\n<div><\/div>\n<\/div>\n<div>\n<div><\/div>\n<div><\/div>\n<div><\/div>\n<\/div>\n<\/div>\n<div>\n<div><\/div>\n<div><\/div>\n<\/div>\n<p><\/a><\/p>\n<p><a href=\"https:\/\/www.instagram.com\/reel\/DURna9pjlxr\/?utm_source=ig_embed&amp;utm_campaign=loading\" target=\"_blank\" rel=\"noopener noreferrer nofollow\">Um post compartilhado por Luiz Ina\u0301cio Lula da Silva (@lulaoficial)<\/a><\/p>\n<\/div>\n<\/blockquote>\n<p><strong>COMPENSA\u00c7\u00c3O<\/strong>\u00a0\u2013 O ministro da Fazenda, Fernando Haddad, destacou que a amplia\u00e7\u00e3o da isen\u00e7\u00e3o do Imposto de Renda representa o cumprimento de um compromisso do governo e um al\u00edvio concreto no or\u00e7amento das fam\u00edlias.\u00a0<\/p>\n<p>Haddad lembrou que, por muitos anos, tanto o sal\u00e1rio m\u00ednimo quanto a tabela do Imposto de Renda permaneceram congelados, o que penalizou especialmente a popula\u00e7\u00e3o de renda mais baixa. \u201cA cada ano em que a tabela ficou congelada, mais brasileiros passaram a pagar imposto de renda. Desde a volta do presidente Lula, a tabela \u00e9 reajustada. E agora, promessa cumprida de chegar nos R$ 5 mil\u201d, destacou.<\/p>\n<blockquote data-instgrm-captioned data-instgrm-permalink=\"https:\/\/www.instagram.com\/reel\/DURLq1YkY59\/?utm_source=ig_embed&amp;utm_campaign=loading\" data-instgrm-version=\"14\">\n<div> <a href=\"https:\/\/www.instagram.com\/reel\/DURLq1YkY59\/?utm_source=ig_embed&amp;utm_campaign=loading\" target=\"_blank\" rel=\"noopener noreferrer nofollow\"> <\/p>\n<div>\n<div><\/div>\n<div>\n<div><\/div>\n<div><\/div>\n<\/div>\n<\/div>\n<div><\/div>\n<div><svg width=\"50px\" height=\"50px\" viewbox=\"0 0 60 60\" version=\"1.1\" xmlns=\"https:\/\/www.w3.org\/2000\/svg\" xmlns:xlink=\"https:\/\/www.w3.org\/1999\/xlink\"><g stroke=\"none\" stroke-width=\"1\" fill=\"none\" fill-rule=\"evenodd\"><g transform=\"translate(-511.000000, -20.000000)\" fill=\"#000000\"><g><path d=\"M556.869,30.41 C554.814,30.41 553.148,32.076 553.148,34.131 C553.148,36.186 554.814,37.852 556.869,37.852 C558.924,37.852 560.59,36.186 560.59,34.131 C560.59,32.076 558.924,30.41 556.869,30.41 M541,60.657 C535.114,60.657 530.342,55.887 530.342,50 C530.342,44.114 535.114,39.342 541,39.342 C546.887,39.342 551.658,44.114 551.658,50 C551.658,55.887 546.887,60.657 541,60.657 M541,33.886 C532.1,33.886 524.886,41.1 524.886,50 C524.886,58.899 532.1,66.113 541,66.113 C549.9,66.113 557.115,58.899 557.115,50 C557.115,41.1 549.9,33.886 541,33.886 M565.378,62.101 C565.244,65.022 564.756,66.606 564.346,67.663 C563.803,69.06 563.154,70.057 562.106,71.106 C561.058,72.155 560.06,72.803 558.662,73.347 C557.607,73.757 556.021,74.244 553.102,74.378 C549.944,74.521 548.997,74.552 541,74.552 C533.003,74.552 532.056,74.521 528.898,74.378 C525.979,74.244 524.393,73.757 523.338,73.347 C521.94,72.803 520.942,72.155 519.894,71.106 C518.846,70.057 518.197,69.06 517.654,67.663 C517.244,66.606 516.755,65.022 516.623,62.101 C516.479,58.943 516.448,57.996 516.448,50 C516.448,42.003 516.479,41.056 516.623,37.899 C516.755,34.978 517.244,33.391 517.654,32.338 C518.197,30.938 518.846,29.942 519.894,28.894 C520.942,27.846 521.94,27.196 523.338,26.654 C524.393,26.244 525.979,25.756 528.898,25.623 C532.057,25.479 533.004,25.448 541,25.448 C548.997,25.448 549.943,25.479 553.102,25.623 C556.021,25.756 557.607,26.244 558.662,26.654 C560.06,27.196 561.058,27.846 562.106,28.894 C563.154,29.942 563.803,30.938 564.346,32.338 C564.756,33.391 565.244,34.978 565.378,37.899 C565.522,41.056 565.552,42.003 565.552,50 C565.552,57.996 565.522,58.943 565.378,62.101 M570.82,37.631 C570.674,34.438 570.167,32.258 569.425,30.349 C568.659,28.377 567.633,26.702 565.965,25.035 C564.297,23.368 562.623,22.342 560.652,21.575 C558.743,20.834 556.562,20.326 553.369,20.18 C550.169,20.033 549.148,20 541,20 C532.853,20 531.831,20.033 528.631,20.18 C525.438,20.326 523.257,20.834 521.349,21.575 C519.376,22.342 517.703,23.368 516.035,25.035 C514.368,26.702 513.342,28.377 512.574,30.349 C511.834,32.258 511.326,34.438 511.181,37.631 C511.035,40.831 511,41.851 511,50 C511,58.147 511.035,59.17 511.181,62.369 C511.326,65.562 511.834,67.743 512.574,69.651 C513.342,71.625 514.368,73.296 516.035,74.965 C517.703,76.634 519.376,77.658 521.349,78.425 C523.257,79.167 525.438,79.673 528.631,79.82 C531.831,79.965 532.853,80.001 541,80.001 C549.148,80.001 550.169,79.965 553.369,79.82 C556.562,79.673 558.743,79.167 560.652,78.425 C562.623,77.658 564.297,76.634 565.965,74.965 C567.633,73.296 568.659,71.625 569.425,69.651 C570.167,67.743 570.674,65.562 570.82,62.369 C570.966,59.17 571,58.147 571,50 C571,41.851 570.966,40.831 570.82,37.631\"><\/path><\/g><\/g><\/g><\/svg><\/div>\n<div>\n<div>Ver essa foto no Instagram<\/div>\n<\/div>\n<div><\/div>\n<div>\n<div>\n<div><\/div>\n<div><\/div>\n<div><\/div>\n<\/div>\n<div>\n<div><\/div>\n<div><\/div>\n<\/div>\n<div>\n<div><\/div>\n<div><\/div>\n<div><\/div>\n<\/div>\n<\/div>\n<div>\n<div><\/div>\n<div><\/div>\n<\/div>\n<p><\/a><\/p>\n<p><a href=\"https:\/\/www.instagram.com\/reel\/DURLq1YkY59\/?utm_source=ig_embed&amp;utm_campaign=loading\" target=\"_blank\" rel=\"noopener noreferrer nofollow\">Um post compartilhado por Fernando Haddad (@fernandohaddadoficial)<\/a><\/p>\n<\/div>\n<\/blockquote>\n<p>O ministro ressaltou ainda que a amplia\u00e7\u00e3o da isen\u00e7\u00e3o n\u00e3o recai sobre os trabalhadores, pois h\u00e1 mecanismos de compensa\u00e7\u00e3o. \u201cIsso n\u00e3o vai cair sobre o ombro do trabalhador. Quem ganha mais de R$ 1 milh\u00e3o por ano e n\u00e3o pagava imposto vai passar a pagar um imposto m\u00ednimo. \u00c9 uma contribui\u00e7\u00e3o para compensar os 10 milh\u00f5es de trabalhadores que deixaram de pagar e os 5 milh\u00f5es que v\u00e3o pagar um pouco menos\u201d, afirmou.\u00a0<\/p>\n<p>De acordo com Haddad, cerca de 140 mil brasileiros que recebem mais de R$ 1 milh\u00e3o por ano ser\u00e3o impactados pelo imposto m\u00ednimo, enquanto aproximadamente 15 milh\u00f5es de pessoas ter\u00e3o algum al\u00edvio financeiro no fim do m\u00eas. \u201c\u00c9 uma folga para pagar uma d\u00edvida, comprar alguma coisa, passear um pouquinho ou se planejar melhor, porque a gente sabe como \u00e9 duro chegar ao fim do m\u00eas com as contas em ordem\u201d, disse.<\/p>\n<p>Para o ministro, a medida faz parte de um conjunto mais amplo de a\u00e7\u00f5es do Governo do Brasil. \u201c\u00c9 uma pequena ajuda, entre muitas coisas que estamos fazendo para melhorar o bem-estar da popula\u00e7\u00e3o brasileira\u201d, concluiu.\u00a0<\/p>\n<figure><img loading=\"lazy\" loading=\"lazy\" decoding=\"async\" width=\"400\" height=\"267\"src=\"https:\/\/redept.com.br\/blogosfera\/wp-content\/uploads\/2026\/02\/55074413962_c262ecfba4_w.jpg\" alt=\"Lula benefici\u00e1rios isen\u00e7\u00e3o Imposto de Renda\" title=\"Lula celebra impacto da isen\u00e7\u00e3o do Imposto de Renda para o trabalhador 3\" srcset=\"https:\/\/redept.com.br\/blogosfera\/wp-content\/uploads\/2026\/02\/55074413962_c262ecfba4_w.jpg 400w, https:\/\/tvtnews.com.br\/wp-content\/uploads\/2026\/02\/55074413962_c262ecfba4_w-300x200.jpg 300w\" sizes=\"auto, (max-width: 400px) 100vw, 400px\"><\/figure>\n<p><strong>SALTO DE QUALIDADE<\/strong>\u00a0\u2013 A amplia\u00e7\u00e3o da faixa de isen\u00e7\u00e3o do Imposto de Renda integra um conjunto de a\u00e7\u00f5es do Governo do Brasil voltadas \u00e0 valoriza\u00e7\u00e3o do trabalho e \u00e0 redu\u00e7\u00e3o das desigualdades. Em declara\u00e7\u00e3o anterior sobre o tema, o presidente Lula destacou que o pa\u00eds re\u00fane as condi\u00e7\u00f5es necess\u00e1rias para avan\u00e7ar. \u201cTemos todas as condi\u00e7\u00f5es de dar um salto de qualidade na economia brasileira, cuidando das pessoas e promovendo desenvolvimento com inclus\u00e3o\u201d, afirmou.<\/p>\n<p>Com a nova regra, milh\u00f5es de brasileiros deixam de pagar Imposto de Renda ou passam a contribuir menos, o que representa mais renda dispon\u00edvel para consumo, investimento familiar e melhoria da qualidade de vida. A medida refor\u00e7a o compromisso do Governo do Brasil com um modelo de crescimento que coloca as pessoas no centro das decis\u00f5es.<\/p>\n<p><em>Via <a href=\"https:\/\/www.gov.br\/planalto\/pt-br\/acompanhe-o-planalto\/noticias\/2026\/02\/lula-celebra-impacto-da-isencao-do-ir-para-o-trabalhador-201cisso-e-comida-na-mesa-mais-tranquilidade-dentro-de-casa-e-dignidade201d\" target=\"_blank\" rel=\"noopener noreferrer nofollow\">Secom<\/a><\/em><\/p>\n<p>The post <a rel=\"nofollow\" href=\"https:\/\/tvtnews.com.br\/lula-celebra-impacto-da-isencao-do-imposto-de-renda-para-o-trabalhador\/\">Lula celebra impacto da isen\u00e7\u00e3o do Imposto de Renda para o trabalhador<\/a> appeared first on <a rel=\"nofollow\" href=\"https:\/\/tvtnews.com.br\/\">TVT News<\/a>.<\/p>\n<!-- Begin Yuzo --><div class='yuzo_related_post style-1'  data-version='5.12.89'><!-- without result --><div class='yuzo_clearfixed yuzo__title yuzo__title'><h3>Related Post<\/h3><\/div>\n\t\t\t\t\t\t  <div class=\"relatedthumb \" style=\"width:125px;float:left;overflow:hidden;\">  \n\t\t\t\t\t\t\t  \n\t\t\t\t\t\t\t  <a  href=\"https:\/\/redept.com.br\/blogosfera\/oposicao-aciona-a-justica-para-barrar-eleicao-de-douglas-ruas-para-a-presidencia-da-alerj\/\"  >\n\t\t\t\t\t\t\t\t\t  <div class=\"yuzo-img-wrap \" style=\"width: 125px;height:90px;\">\n\t\t\t\t\t\t\t\t\t\t\n\t\t\t\t\t\t\t\t\t\t<div class=\"yuzo-img\" style=\"background:url('https:\/\/redept.org\/blogosfera\/wp-content\/plugins\/yuzo-related-post\/assets\/images\/default.png') 50% 50% no-repeat;width: 125px;height:90px;margin-bottom: 5px;background-size: cover; \"><\/div>\n\t\t\t\t\t\t\t\t\t  <\/div>\n\t\t\t\t\t\t\t\t\t  \n\t\t\t\t\t\t\t\t   <span class=\"yuzo__text--title\" style=\"font-size:13px;\">Oposi\u00e7\u00e3o aciona a Justi\u00e7a para barrar elei\u00e7\u00e3o de D...<\/span>\n\t\t\t\t\t\t\t  \n\t\t\t\t\t\t\t  \n\t\t\t\t\t\t\t  <\/a>\n\n\t\t\t\t\t\t  <\/div>\n\t\t\t\t\t\t  <div class=\"relatedthumb \" style=\"width:125px;float:left;overflow:hidden;\">  \n\t\t\t\t\t\t\t  \n\t\t\t\t\t\t\t  <a  href=\"https:\/\/redept.com.br\/blogosfera\/filipe-martins-ex-assessor-de-bolsonaro-e-preso-por-descumprir-medida-cautelar\/\"  >\n\t\t\t\t\t\t\t\t\t  <div class=\"yuzo-img-wrap \" style=\"width: 125px;height:90px;\">\n\t\t\t\t\t\t\t\t\t\t\n\t\t\t\t\t\t\t\t\t\t<div class=\"yuzo-img\" style=\"background:url('https:\/\/redept.org\/blogosfera\/wp-content\/plugins\/yuzo-related-post\/assets\/images\/default.png') 50% 50% no-repeat;width: 125px;height:90px;margin-bottom: 5px;background-size: cover; \"><\/div>\n\t\t\t\t\t\t\t\t\t  <\/div>\n\t\t\t\t\t\t\t\t\t  \n\t\t\t\t\t\t\t\t   <span class=\"yuzo__text--title\" style=\"font-size:13px;\">Filipe Martins, ex-assessor de Bolsonaro, \u00e9 preso ...<\/span>\n\t\t\t\t\t\t\t  \n\t\t\t\t\t\t\t  \n\t\t\t\t\t\t\t  <\/a>\n\n\t\t\t\t\t\t  <\/div>\n\t\t\t\t\t\t  <div class=\"relatedthumb \" style=\"width:125px;float:left;overflow:hidden;\">  \n\t\t\t\t\t\t\t  \n\t\t\t\t\t\t\t  <a  href=\"https:\/\/redept.com.br\/blogosfera\/marretadas-na-historia-politica-memoria-e-educacao\/\"  >\n\t\t\t\t\t\t\t\t\t  <div class=\"yuzo-img-wrap \" style=\"width: 125px;height:90px;\">\n\t\t\t\t\t\t\t\t\t\t\n\t\t\t\t\t\t\t\t\t\t<div class=\"yuzo-img\" style=\"background:url('https:\/\/redept.org\/blogosfera\/wp-content\/plugins\/yuzo-related-post\/assets\/images\/default.png') 50% 50% no-repeat;width: 125px;height:90px;margin-bottom: 5px;background-size: cover; \"><\/div>\n\t\t\t\t\t\t\t\t\t  <\/div>\n\t\t\t\t\t\t\t\t\t  \n\t\t\t\t\t\t\t\t   <span class=\"yuzo__text--title\" style=\"font-size:13px;\">Marretadas na hist\u00f3ria: pol\u00edtica, mem\u00f3ria e educa\u00e7...<\/span>\n\t\t\t\t\t\t\t  \n\t\t\t\t\t\t\t  \n\t\t\t\t\t\t\t  <\/a>\n\n\t\t\t\t\t\t  <\/div>\n\t\t\t\t\t\t  <div class=\"relatedthumb \" style=\"width:125px;float:left;overflow:hidden;\">  \n\t\t\t\t\t\t\t  \n\t\t\t\t\t\t\t  <a  href=\"https:\/\/redept.com.br\/blogosfera\/apos-dez-dias-bloqueando-br-163-contra-marco-temporal-indigenas-munduruku-entregam-carta-a-caminhoneiros\/\"  >\n\t\t\t\t\t\t\t\t\t  <div class=\"yuzo-img-wrap \" style=\"width: 125px;height:90px;\">\n\t\t\t\t\t\t\t\t\t\t\n\t\t\t\t\t\t\t\t\t\t<div class=\"yuzo-img\" style=\"background:url('https:\/\/redept.com.br\/blogosfera\/wp-content\/uploads\/2025\/04\/WhatsApp-Image-2025-04-03-at-222555-2048x1536-1-150x150.jpeg') 50% 50% no-repeat;width: 125px;height:90px;margin-bottom: 5px;background-size: cover; \"><\/div>\n\t\t\t\t\t\t\t\t\t  <\/div>\n\t\t\t\t\t\t\t\t\t  \n\t\t\t\t\t\t\t\t   <span class=\"yuzo__text--title\" style=\"font-size:13px;\">Ap\u00f3s dez dias bloqueando BR-163 contra marco tempo...<\/span>\n\t\t\t\t\t\t\t  \n\t\t\t\t\t\t\t  \n\t\t\t\t\t\t\t  <\/a>\n\n\t\t\t\t\t\t  <\/div>\n<\/div> <script>\n\t\t\t\t\t\t  jQuery(document).ready(function( $ ){\n\t\t\t\t\t\t\t\/\/jQuery('.yuzo_related_post').equalizer({ overflow : 'relatedthumb' });\n\t\t\t\t\t\t\tjQuery('.yuzo_related_post .yuzo_wraps').equalizer({ columns : '> div' });\n\t\t\t\t\t\t   })\n\t\t\t\t\t\t  <\/script> <!-- End Yuzo :) -->","protected":false},"excerpt":{"rendered":"<p>A partir deste m\u00eas, cerca de 16 milh\u00f5es de brasileiros passam a ser beneficiados diretamente com a isen\u00e7\u00e3o total do Imposto de Renda (IR) para quem ganha at\u00e9 R$ 5 mil por m\u00eas e com a redu\u00e7\u00e3o do imposto para trabalhadores com renda mensal entre R$ 5 mil e R$ 7.350. A medida, sancionada em [&hellip;]<\/p>\n","protected":false},"author":2,"featured_media":0,"comment_status":"open","ping_status":"closed","sticky":false,"template":"","format":"standard","meta":{"fifu_image_url":"","fifu_image_alt":"","footnotes":""},"categories":[472,221,17,33963],"tags":[],"class_list":["post-72921","post","type-post","status-publish","format-standard","hentry","category-destaque-ahome","category-economia","category-governo-lula","category-imposto-de-renda-zero"],"_links":{"self":[{"href":"https:\/\/redept.com.br\/blogosfera\/wp-json\/wp\/v2\/posts\/72921","targetHints":{"allow":["GET"]}}],"collection":[{"href":"https:\/\/redept.com.br\/blogosfera\/wp-json\/wp\/v2\/posts"}],"about":[{"href":"https:\/\/redept.com.br\/blogosfera\/wp-json\/wp\/v2\/types\/post"}],"author":[{"embeddable":true,"href":"https:\/\/redept.com.br\/blogosfera\/wp-json\/wp\/v2\/users\/2"}],"replies":[{"embeddable":true,"href":"https:\/\/redept.com.br\/blogosfera\/wp-json\/wp\/v2\/comments?post=72921"}],"version-history":[{"count":0,"href":"https:\/\/redept.com.br\/blogosfera\/wp-json\/wp\/v2\/posts\/72921\/revisions"}],"wp:attachment":[{"href":"https:\/\/redept.com.br\/blogosfera\/wp-json\/wp\/v2\/media?parent=72921"}],"wp:term":[{"taxonomy":"category","embeddable":true,"href":"https:\/\/redept.com.br\/blogosfera\/wp-json\/wp\/v2\/categories?post=72921"},{"taxonomy":"post_tag","embeddable":true,"href":"https:\/\/redept.com.br\/blogosfera\/wp-json\/wp\/v2\/tags?post=72921"}],"curies":[{"name":"wp","href":"https:\/\/api.w.org\/{rel}","templated":true}]}}